{"id":105049,"date":"2020-10-28T08:30:54","date_gmt":"2020-10-28T07:30:54","guid":{"rendered":"https:\/\/batijournal.com\/?p=105049"},"modified":"2020-10-28T08:30:54","modified_gmt":"2020-10-28T07:30:54","slug":"le-portail-polychrome-de-la-cathedrale-dangers-protege-par-une-galerie-signee-kengo-kuma","status":"publish","type":"post","link":"https:\/\/batijournal.com\/index.php\/le-portail-polychrome-de-la-cathedrale-dangers-protege-par-une-galerie-signee-kengo-kuma\/105049\/","title":{"rendered":"Le portail polychrome de la cath\u00e9drale d&rsquo;Angers prot\u00e9g\u00e9 par une galerie sign\u00e9e Kengo Kuma"},"content":{"rendered":"<p>La cath\u00e9drale Saint-Maurice d\u2019Angers dispose d\u2019un portail occidental sculpt\u00e9 datant du XIIe si\u00e8cle, qui \u00e9tait prot\u00e9g\u00e9 par une galerie construite dans le premier tiers du XIIIe si\u00e8cle, d\u00e9molie en 1807. En 2009, des travaux de nettoyage du portail ont r\u00e9v\u00e9l\u00e9 des vestiges de polychromies m\u00e9di\u00e9vales et modernes qui ont fait l\u2019objet d\u2019une ambitieuse campagne d\u2019\u00e9tudes puis d\u2019une restauration exemplaire conduites par la direction r\u00e9gionale des affaires culturelles (DRAC) des Pays de la Loire. Ce portail appara\u00eet d\u00e9sormais comme un des rares t\u00e9moignages de la polychromie des cath\u00e9drales au Moyen Age.<\/p>\n<p>Seule la construction d\u2019une nouvelle protection p\u00e9renne permettrait de pr\u00e9server durablement cet ensemble exceptionnel. Apr\u00e8s plusieurs \u00e9tudes historiques et arch\u00e9ologiques, les donn\u00e9es recueillies n\u2019ont pas \u00e9t\u00e9 jug\u00e9es suffisantes pour envisager une reconstitution \u00e0 l\u2019identique de la galerie ancienne. C\u2019est pourquoi la Commission nationale du patrimoine et de l\u2019architecture du minist\u00e8re de la Culture a valid\u00e9, le 4 juillet 2019, un projet in\u00e9dit de cr\u00e9ation d\u2019une galerie contemporaine prot\u00e9geant le portail sur la fa\u00e7ade occidentale de la cath\u00e9drale m\u00e9di\u00e9vale.<\/p>\n<p>Le 13 octobre 2020, le jury compos\u00e9 du pr\u00e9fet du Maine-et-Loire, du maire d\u2019Angers, de l\u2019\u00e9v\u00eaque d\u2019Angers, du directeur r\u00e9gional des affaires culturelles des Pays de la Loire, de la directrice de l\u2019Op\u00e9rateur du patrimoine et des projets immobiliers de la culture (OPPIC), d\u2019un repr\u00e9sentant de la direction g\u00e9n\u00e9rale des patrimoines du minist\u00e8re de la Culture et de personnalit\u00e9s qualifi\u00e9es, architectes et historienne de l\u2019art m\u00e9di\u00e9val, a analys\u00e9 les projets des cinq \u00e9quipes d\u2019architectes qui avaient \u00e9t\u00e9 s\u00e9lectionn\u00e9es.<\/p>\n<p>Le projet pr\u00e9sent\u00e9 par Kengo Kuma, architecte japonais de renomm\u00e9e internationale, a \u00e9t\u00e9 class\u00e9 premier. La construction contemporaine qu\u2019il a imagin\u00e9e r\u00e9pond parfaitement aux attendus du concours : elle s\u2019int\u00e8gre harmonieusement \u00e0 un b\u00e2timent patrimonial majeur et plus largement \u00e0 son contexte urbain, tout en assurant la protection du portail de la cath\u00e9drale et de ses polychromies anciennes.<\/p>\n<p>Kengo Kuma, n\u00e9 en 1954, est un architecte japonais dont l\u2019agence dispose de deux antennes, \u00e0 Tokyo et Paris. Il a r\u00e9cemment men\u00e9 la construction du stade olympique de Tokyo (inaugur\u00e9 en d\u00e9cembre 2019). Sensible au dialogue entre l\u2019architecture et le patrimoine historique ou naturel, il est charg\u00e9 notamment, en France, de l\u2019extension du mus\u00e9e Albert Kahn (Boulogne-Billancourt) et de la restauration de ses jardins (en cours de chantier).<\/p>\n<p>Les \u00e9quipes d\u2019architectes non retenues \u00e0 l\u2019issue de ce concours sur esquisse ont chacune propos\u00e9 des projets de grande qualit\u00e9, s&rsquo;appuyant tant sur le contexte urbain que sur les grands enjeux li\u00e9s \u00e0 un \u00e9difice patrimonial tel qu&rsquo;une cath\u00e9drale. Il s\u2019agit des projets de :<br \/>\n&#8211; Rudy Ricciotti, Grand prix national de l\u2019architecture 2006 ;<br \/>\n&#8211; Philippe Prost, architecte et urbaniste ;<br \/>\n&#8211; Pierre-Louis Faloci, Equerre d\u2019argent 1996, Grand prix national de l\u2019architecture 2018 ;<br \/>\n&#8211; Bernard Desmoulin, Equerre d\u2019argent 2009.<\/p>\n<p>Roselyne Bachelot-Narquin, ministre de la culture, a f\u00e9licit\u00e9 Kengo Kuma et son \u00e9quipe pour la qualit\u00e9 de leur travail et salue cette d\u00e9marche in\u00e9dite, s\u2019agissant d\u2019une cath\u00e9drale, qui d\u00e9montre une nouvelle fois la f\u00e9condit\u00e9 du dialogue entre cr\u00e9ation contemporaine et patrimoine.<\/p>\n<p>Visuel : \u00a9Kengo Kuma &amp; Associates\/Lautreimage<\/p>\n","protected":false},"excerpt":{"rendered":"<p>La cath\u00e9drale Saint-Maurice d\u2019Angers dispose d\u2019un portail occidental sculpt\u00e9 datant du XIIe si\u00e8cle, qui \u00e9tait prot\u00e9g\u00e9 par une galerie construite dans le premier tiers du XIIIe si\u00e8cle, d\u00e9molie en 1807. En 2009, des travaux de nettoyage du portail ont r\u00e9v\u00e9l\u00e9 des vestiges de polychromies m\u00e9di\u00e9vales et modernes qui ont fait l\u2019objet d\u2019une ambitieuse campagne d\u2019\u00e9tudes [&hellip;]<\/p>\n","protected":false},"author":17,"featured_media":105050,"comment_status":"closed","ping_status":"closed","sticky":false,"template":"","format":"standard","meta":{"_et_pb_use_builder":"","_et_pb_old_content":"","_et_gb_content_width":"","footnotes":""},"categories":[10530,6340,10789,10785],"tags":[6758],"class_list":["post-105049","post","type-post","status-publish","format-standard","has-post-thumbnail","hentry","category-actualites","category-architecture-conception","category-publications-atrium","category-atrium","tag-cathedrale"],"yoast_head":"<!-- This site is optimized with the Yoast SEO plugin v27.4 - https:\/\/yoast.com\/product\/yoast-seo-wordpress\/ -->\n<title>Le portail polychrome de la cath\u00e9drale d&#039;Angers prot\u00e9g\u00e9 par une galerie sign\u00e9e Kengo Kuma<\/title>\n<meta name=\"robots\" content=\"index, follow, max-snippet:-1, max-image-preview:large, max-video-preview:-1\" \/>\n<link rel=\"canonical\" href=\"https:\/\/batijournal.com\/index.php\/le-portail-polychrome-de-la-cathedrale-dangers-protege-par-une-galerie-signee-kengo-kuma\/105049\/\" \/>\n<meta property=\"og:locale\" content=\"fr_FR\" \/>\n<meta property=\"og:type\" content=\"article\" \/>\n<meta property=\"og:title\" content=\"Le portail polychrome de la cath\u00e9drale d&#039;Angers prot\u00e9g\u00e9 par une galerie sign\u00e9e Kengo Kuma\" \/>\n<meta property=\"og:description\" content=\"La cath\u00e9drale Saint-Maurice d\u2019Angers dispose d\u2019un portail occidental sculpt\u00e9 datant du XIIe si\u00e8cle, qui \u00e9tait prot\u00e9g\u00e9 par une galerie construite dans le premier tiers du XIIIe si\u00e8cle, d\u00e9molie en 1807. En 2009, des travaux de nettoyage du portail ont r\u00e9v\u00e9l\u00e9 des vestiges de polychromies m\u00e9di\u00e9vales et modernes qui ont fait l\u2019objet d\u2019une ambitieuse campagne d\u2019\u00e9tudes [&hellip;]\" \/>\n<meta property=\"og:url\" content=\"https:\/\/batijournal.com\/index.php\/le-portail-polychrome-de-la-cathedrale-dangers-protege-par-une-galerie-signee-kengo-kuma\/105049\/\" \/>\n<meta property=\"og:site_name\" content=\"Batijournal\" \/>\n<meta property=\"article:published_time\" content=\"2020-10-28T07:30:54+00:00\" \/>\n<meta property=\"og:image\" content=\"https:\/\/batijournal.com\/wp-content\/uploads\/2020\/10\/Kengo-Kuma-portail-galerie-cathedrale-angers.jpg\" \/>\n\t<meta property=\"og:image:width\" content=\"900\" \/>\n\t<meta property=\"og:image:height\" content=\"506\" \/>\n\t<meta property=\"og:image:type\" content=\"image\/jpeg\" \/>\n<meta name=\"author\" content=\"St\u00e9phane Miget\" \/>\n<meta name=\"twitter:card\" content=\"summary_large_image\" \/>\n<meta name=\"twitter:creator\" content=\"@bati_journal\" \/>\n<meta name=\"twitter:site\" content=\"@bati_journal\" \/>\n<meta name=\"twitter:label1\" content=\"\u00c9crit par\" \/>\n\t<meta name=\"twitter:data1\" content=\"St\u00e9phane Miget\" \/>\n\t<meta name=\"twitter:label2\" content=\"Dur\u00e9e de lecture estim\u00e9e\" \/>\n\t<meta name=\"twitter:data2\" content=\"3 minutes\" \/>\n<script type=\"application\/ld+json\" class=\"yoast-schema-graph\">{\"@context\":\"https:\\\/\\\/schema.org\",\"@graph\":[{\"@type\":\"Article\",\"@id\":\"https:\\\/\\\/batijournal.com\\\/index.php\\\/le-portail-polychrome-de-la-cathedrale-dangers-protege-par-une-galerie-signee-kengo-kuma\\\/105049\\\/#article\",\"isPartOf\":{\"@id\":\"https:\\\/\\\/batijournal.com\\\/index.php\\\/le-portail-polychrome-de-la-cathedrale-dangers-protege-par-une-galerie-signee-kengo-kuma\\\/105049\\\/\"},\"author\":{\"name\":\"St\u00e9phane Miget\",\"@id\":\"https:\\\/\\\/batijournal.com\\\/#\\\/schema\\\/person\\\/1dc96ec6957aa1ccb25ebe78bb19f100\"},\"headline\":\"Le portail polychrome de la cath\u00e9drale d&rsquo;Angers prot\u00e9g\u00e9 par une galerie sign\u00e9e Kengo Kuma\",\"datePublished\":\"2020-10-28T07:30:54+00:00\",\"mainEntityOfPage\":{\"@id\":\"https:\\\/\\\/batijournal.com\\\/index.php\\\/le-portail-polychrome-de-la-cathedrale-dangers-protege-par-une-galerie-signee-kengo-kuma\\\/105049\\\/\"},\"wordCount\":592,\"image\":{\"@id\":\"https:\\\/\\\/batijournal.com\\\/index.php\\\/le-portail-polychrome-de-la-cathedrale-dangers-protege-par-une-galerie-signee-kengo-kuma\\\/105049\\\/#primaryimage\"},\"thumbnailUrl\":\"https:\\\/\\\/batijournal.com\\\/wp-content\\\/uploads\\\/2020\\\/10\\\/Kengo-Kuma-portail-galerie-cathedrale-angers.jpg\",\"keywords\":[\"cathedrale\"],\"articleSection\":[\"Actualit\u00e9s\",\"Architecture &amp; Conception\",\"zz_Actualit\u00e9s - Atrium\",\"zz_Atrium Patrimoine\"],\"inLanguage\":\"fr-FR\"},{\"@type\":\"WebPage\",\"@id\":\"https:\\\/\\\/batijournal.com\\\/index.php\\\/le-portail-polychrome-de-la-cathedrale-dangers-protege-par-une-galerie-signee-kengo-kuma\\\/105049\\\/\",\"url\":\"https:\\\/\\\/batijournal.com\\\/index.php\\\/le-portail-polychrome-de-la-cathedrale-dangers-protege-par-une-galerie-signee-kengo-kuma\\\/105049\\\/\",\"name\":\"Le portail polychrome de la cath\u00e9drale d'Angers prot\u00e9g\u00e9 par une galerie sign\u00e9e Kengo Kuma\",\"isPartOf\":{\"@id\":\"https:\\\/\\\/batijournal.com\\\/#website\"},\"primaryImageOfPage\":{\"@id\":\"https:\\\/\\\/batijournal.com\\\/index.php\\\/le-portail-polychrome-de-la-cathedrale-dangers-protege-par-une-galerie-signee-kengo-kuma\\\/105049\\\/#primaryimage\"},\"image\":{\"@id\":\"https:\\\/\\\/batijournal.com\\\/index.php\\\/le-portail-polychrome-de-la-cathedrale-dangers-protege-par-une-galerie-signee-kengo-kuma\\\/105049\\\/#primaryimage\"},\"thumbnailUrl\":\"https:\\\/\\\/batijournal.com\\\/wp-content\\\/uploads\\\/2020\\\/10\\\/Kengo-Kuma-portail-galerie-cathedrale-angers.jpg\",\"datePublished\":\"2020-10-28T07:30:54+00:00\",\"author\":{\"@id\":\"https:\\\/\\\/batijournal.com\\\/#\\\/schema\\\/person\\\/1dc96ec6957aa1ccb25ebe78bb19f100\"},\"breadcrumb\":{\"@id\":\"https:\\\/\\\/batijournal.com\\\/index.php\\\/le-portail-polychrome-de-la-cathedrale-dangers-protege-par-une-galerie-signee-kengo-kuma\\\/105049\\\/#breadcrumb\"},\"inLanguage\":\"fr-FR\",\"potentialAction\":[{\"@type\":\"ReadAction\",\"target\":[\"https:\\\/\\\/batijournal.com\\\/index.php\\\/le-portail-polychrome-de-la-cathedrale-dangers-protege-par-une-galerie-signee-kengo-kuma\\\/105049\\\/\"]}]},{\"@type\":\"ImageObject\",\"inLanguage\":\"fr-FR\",\"@id\":\"https:\\\/\\\/batijournal.com\\\/index.php\\\/le-portail-polychrome-de-la-cathedrale-dangers-protege-par-une-galerie-signee-kengo-kuma\\\/105049\\\/#primaryimage\",\"url\":\"https:\\\/\\\/batijournal.com\\\/wp-content\\\/uploads\\\/2020\\\/10\\\/Kengo-Kuma-portail-galerie-cathedrale-angers.jpg\",\"contentUrl\":\"https:\\\/\\\/batijournal.com\\\/wp-content\\\/uploads\\\/2020\\\/10\\\/Kengo-Kuma-portail-galerie-cathedrale-angers.jpg\",\"width\":900,\"height\":506},{\"@type\":\"BreadcrumbList\",\"@id\":\"https:\\\/\\\/batijournal.com\\\/index.php\\\/le-portail-polychrome-de-la-cathedrale-dangers-protege-par-une-galerie-signee-kengo-kuma\\\/105049\\\/#breadcrumb\",\"itemListElement\":[{\"@type\":\"ListItem\",\"position\":1,\"name\":\"Accueil\",\"item\":\"https:\\\/\\\/batijournal.com\\\/\"},{\"@type\":\"ListItem\",\"position\":2,\"name\":\"Actualit\u00e9s\",\"item\":\"https:\\\/\\\/batijournal.com\\\/index.php\\\/category\\\/actualites\\\/\"},{\"@type\":\"ListItem\",\"position\":3,\"name\":\"Architecture &amp; Conception\",\"item\":\"https:\\\/\\\/batijournal.com\\\/index.php\\\/category\\\/actualites\\\/architecture-conception\\\/\"},{\"@type\":\"ListItem\",\"position\":4,\"name\":\"Le portail polychrome de la cath\u00e9drale d&rsquo;Angers prot\u00e9g\u00e9 par une galerie sign\u00e9e Kengo Kuma\"}]},{\"@type\":\"WebSite\",\"@id\":\"https:\\\/\\\/batijournal.com\\\/#website\",\"url\":\"https:\\\/\\\/batijournal.com\\\/\",\"name\":\"Batijournal\",\"description\":\"L&#039;actualit\u00e9 du b\u00e2timent\",\"potentialAction\":[{\"@type\":\"SearchAction\",\"target\":{\"@type\":\"EntryPoint\",\"urlTemplate\":\"https:\\\/\\\/batijournal.com\\\/?s={search_term_string}\"},\"query-input\":{\"@type\":\"PropertyValueSpecification\",\"valueRequired\":true,\"valueName\":\"search_term_string\"}}],\"inLanguage\":\"fr-FR\"},{\"@type\":\"Person\",\"@id\":\"https:\\\/\\\/batijournal.com\\\/#\\\/schema\\\/person\\\/1dc96ec6957aa1ccb25ebe78bb19f100\",\"name\":\"St\u00e9phane Miget\",\"image\":{\"@type\":\"ImageObject\",\"inLanguage\":\"fr-FR\",\"@id\":\"https:\\\/\\\/secure.gravatar.com\\\/avatar\\\/89915563d925342126b8ef0281b93d9d7fc337043e8df017f780908eb9644451?s=96&d=mm&r=g\",\"url\":\"https:\\\/\\\/secure.gravatar.com\\\/avatar\\\/89915563d925342126b8ef0281b93d9d7fc337043e8df017f780908eb9644451?s=96&d=mm&r=g\",\"contentUrl\":\"https:\\\/\\\/secure.gravatar.com\\\/avatar\\\/89915563d925342126b8ef0281b93d9d7fc337043e8df017f780908eb9644451?s=96&d=mm&r=g\",\"caption\":\"St\u00e9phane Miget\"},\"url\":\"https:\\\/\\\/batijournal.com\\\/index.php\\\/author\\\/stephane\\\/\"}]}<\/script>\n<!-- \/ Yoast SEO plugin. -->","yoast_head_json":{"title":"Le portail polychrome de la cath\u00e9drale d'Angers prot\u00e9g\u00e9 par une galerie sign\u00e9e Kengo Kuma","robots":{"index":"index","follow":"follow","max-snippet":"max-snippet:-1","max-image-preview":"max-image-preview:large","max-video-preview":"max-video-preview:-1"},"canonical":"https:\/\/batijournal.com\/index.php\/le-portail-polychrome-de-la-cathedrale-dangers-protege-par-une-galerie-signee-kengo-kuma\/105049\/","og_locale":"fr_FR","og_type":"article","og_title":"Le portail polychrome de la cath\u00e9drale d'Angers prot\u00e9g\u00e9 par une galerie sign\u00e9e Kengo Kuma","og_description":"La cath\u00e9drale Saint-Maurice d\u2019Angers dispose d\u2019un portail occidental sculpt\u00e9 datant du XIIe si\u00e8cle, qui \u00e9tait prot\u00e9g\u00e9 par une galerie construite dans le premier tiers du XIIIe si\u00e8cle, d\u00e9molie en 1807. En 2009, des travaux de nettoyage du portail ont r\u00e9v\u00e9l\u00e9 des vestiges de polychromies m\u00e9di\u00e9vales et modernes qui ont fait l\u2019objet d\u2019une ambitieuse campagne d\u2019\u00e9tudes [&hellip;]","og_url":"https:\/\/batijournal.com\/index.php\/le-portail-polychrome-de-la-cathedrale-dangers-protege-par-une-galerie-signee-kengo-kuma\/105049\/","og_site_name":"Batijournal","article_published_time":"2020-10-28T07:30:54+00:00","og_image":[{"width":900,"height":506,"url":"https:\/\/batijournal.com\/wp-content\/uploads\/2020\/10\/Kengo-Kuma-portail-galerie-cathedrale-angers.jpg","type":"image\/jpeg"}],"author":"St\u00e9phane Miget","twitter_card":"summary_large_image","twitter_creator":"@bati_journal","twitter_site":"@bati_journal","twitter_misc":{"\u00c9crit par":"St\u00e9phane Miget","Dur\u00e9e de lecture estim\u00e9e":"3 minutes"},"schema":{"@context":"https:\/\/schema.org","@graph":[{"@type":"Article","@id":"https:\/\/batijournal.com\/index.php\/le-portail-polychrome-de-la-cathedrale-dangers-protege-par-une-galerie-signee-kengo-kuma\/105049\/#article","isPartOf":{"@id":"https:\/\/batijournal.com\/index.php\/le-portail-polychrome-de-la-cathedrale-dangers-protege-par-une-galerie-signee-kengo-kuma\/105049\/"},"author":{"name":"St\u00e9phane Miget","@id":"https:\/\/batijournal.com\/#\/schema\/person\/1dc96ec6957aa1ccb25ebe78bb19f100"},"headline":"Le portail polychrome de la cath\u00e9drale d&rsquo;Angers prot\u00e9g\u00e9 par une galerie sign\u00e9e Kengo Kuma","datePublished":"2020-10-28T07:30:54+00:00","mainEntityOfPage":{"@id":"https:\/\/batijournal.com\/index.php\/le-portail-polychrome-de-la-cathedrale-dangers-protege-par-une-galerie-signee-kengo-kuma\/105049\/"},"wordCount":592,"image":{"@id":"https:\/\/batijournal.com\/index.php\/le-portail-polychrome-de-la-cathedrale-dangers-protege-par-une-galerie-signee-kengo-kuma\/105049\/#primaryimage"},"thumbnailUrl":"https:\/\/batijournal.com\/wp-content\/uploads\/2020\/10\/Kengo-Kuma-portail-galerie-cathedrale-angers.jpg","keywords":["cathedrale"],"articleSection":["Actualit\u00e9s","Architecture &amp; Conception","zz_Actualit\u00e9s - Atrium","zz_Atrium Patrimoine"],"inLanguage":"fr-FR"},{"@type":"WebPage","@id":"https:\/\/batijournal.com\/index.php\/le-portail-polychrome-de-la-cathedrale-dangers-protege-par-une-galerie-signee-kengo-kuma\/105049\/","url":"https:\/\/batijournal.com\/index.php\/le-portail-polychrome-de-la-cathedrale-dangers-protege-par-une-galerie-signee-kengo-kuma\/105049\/","name":"Le portail polychrome de la cath\u00e9drale d'Angers prot\u00e9g\u00e9 par une galerie sign\u00e9e Kengo Kuma","isPartOf":{"@id":"https:\/\/batijournal.com\/#website"},"primaryImageOfPage":{"@id":"https:\/\/batijournal.com\/index.php\/le-portail-polychrome-de-la-cathedrale-dangers-protege-par-une-galerie-signee-kengo-kuma\/105049\/#primaryimage"},"image":{"@id":"https:\/\/batijournal.com\/index.php\/le-portail-polychrome-de-la-cathedrale-dangers-protege-par-une-galerie-signee-kengo-kuma\/105049\/#primaryimage"},"thumbnailUrl":"https:\/\/batijournal.com\/wp-content\/uploads\/2020\/10\/Kengo-Kuma-portail-galerie-cathedrale-angers.jpg","datePublished":"2020-10-28T07:30:54+00:00","author":{"@id":"https:\/\/batijournal.com\/#\/schema\/person\/1dc96ec6957aa1ccb25ebe78bb19f100"},"breadcrumb":{"@id":"https:\/\/batijournal.com\/index.php\/le-portail-polychrome-de-la-cathedrale-dangers-protege-par-une-galerie-signee-kengo-kuma\/105049\/#breadcrumb"},"inLanguage":"fr-FR","potentialAction":[{"@type":"ReadAction","target":["https:\/\/batijournal.com\/index.php\/le-portail-polychrome-de-la-cathedrale-dangers-protege-par-une-galerie-signee-kengo-kuma\/105049\/"]}]},{"@type":"ImageObject","inLanguage":"fr-FR","@id":"https:\/\/batijournal.com\/index.php\/le-portail-polychrome-de-la-cathedrale-dangers-protege-par-une-galerie-signee-kengo-kuma\/105049\/#primaryimage","url":"https:\/\/batijournal.com\/wp-content\/uploads\/2020\/10\/Kengo-Kuma-portail-galerie-cathedrale-angers.jpg","contentUrl":"https:\/\/batijournal.com\/wp-content\/uploads\/2020\/10\/Kengo-Kuma-portail-galerie-cathedrale-angers.jpg","width":900,"height":506},{"@type":"BreadcrumbList","@id":"https:\/\/batijournal.com\/index.php\/le-portail-polychrome-de-la-cathedrale-dangers-protege-par-une-galerie-signee-kengo-kuma\/105049\/#breadcrumb","itemListElement":[{"@type":"ListItem","position":1,"name":"Accueil","item":"https:\/\/batijournal.com\/"},{"@type":"ListItem","position":2,"name":"Actualit\u00e9s","item":"https:\/\/batijournal.com\/index.php\/category\/actualites\/"},{"@type":"ListItem","position":3,"name":"Architecture &amp; Conception","item":"https:\/\/batijournal.com\/index.php\/category\/actualites\/architecture-conception\/"},{"@type":"ListItem","position":4,"name":"Le portail polychrome de la cath\u00e9drale d&rsquo;Angers prot\u00e9g\u00e9 par une galerie sign\u00e9e Kengo Kuma"}]},{"@type":"WebSite","@id":"https:\/\/batijournal.com\/#website","url":"https:\/\/batijournal.com\/","name":"Batijournal","description":"L&#039;actualit\u00e9 du b\u00e2timent","potentialAction":[{"@type":"SearchAction","target":{"@type":"EntryPoint","urlTemplate":"https:\/\/batijournal.com\/?s={search_term_string}"},"query-input":{"@type":"PropertyValueSpecification","valueRequired":true,"valueName":"search_term_string"}}],"inLanguage":"fr-FR"},{"@type":"Person","@id":"https:\/\/batijournal.com\/#\/schema\/person\/1dc96ec6957aa1ccb25ebe78bb19f100","name":"St\u00e9phane Miget","image":{"@type":"ImageObject","inLanguage":"fr-FR","@id":"https:\/\/secure.gravatar.com\/avatar\/89915563d925342126b8ef0281b93d9d7fc337043e8df017f780908eb9644451?s=96&d=mm&r=g","url":"https:\/\/secure.gravatar.com\/avatar\/89915563d925342126b8ef0281b93d9d7fc337043e8df017f780908eb9644451?s=96&d=mm&r=g","contentUrl":"https:\/\/secure.gravatar.com\/avatar\/89915563d925342126b8ef0281b93d9d7fc337043e8df017f780908eb9644451?s=96&d=mm&r=g","caption":"St\u00e9phane Miget"},"url":"https:\/\/batijournal.com\/index.php\/author\/stephane\/"}]}},"_links":{"self":[{"href":"https:\/\/batijournal.com\/index.php\/wp-json\/wp\/v2\/posts\/105049","targetHints":{"allow":["GET"]}}],"collection":[{"href":"https:\/\/batijournal.com\/index.php\/wp-json\/wp\/v2\/posts"}],"about":[{"href":"https:\/\/batijournal.com\/index.php\/wp-json\/wp\/v2\/types\/post"}],"author":[{"embeddable":true,"href":"https:\/\/batijournal.com\/index.php\/wp-json\/wp\/v2\/users\/17"}],"replies":[{"embeddable":true,"href":"https:\/\/batijournal.com\/index.php\/wp-json\/wp\/v2\/comments?post=105049"}],"version-history":[{"count":0,"href":"https:\/\/batijournal.com\/index.php\/wp-json\/wp\/v2\/posts\/105049\/revisions"}],"wp:featuredmedia":[{"embeddable":true,"href":"https:\/\/batijournal.com\/index.php\/wp-json\/wp\/v2\/media\/105050"}],"wp:attachment":[{"href":"https:\/\/batijournal.com\/index.php\/wp-json\/wp\/v2\/media?parent=105049"}],"wp:term":[{"taxonomy":"category","embeddable":true,"href":"https:\/\/batijournal.com\/index.php\/wp-json\/wp\/v2\/categories?post=105049"},{"taxonomy":"post_tag","embeddable":true,"href":"https:\/\/batijournal.com\/index.php\/wp-json\/wp\/v2\/tags?post=105049"}],"curies":[{"name":"wp","href":"https:\/\/api.w.org\/{rel}","templated":true}]}}