{"id":105062,"date":"2020-11-02T10:49:15","date_gmt":"2020-11-02T09:49:15","guid":{"rendered":"https:\/\/batijournal.com\/?p=105062"},"modified":"2020-11-02T10:49:15","modified_gmt":"2020-11-02T09:49:15","slug":"lancement-de-la-17e-edition-du-concours-les-genies-de-la-construction","status":"publish","type":"post","link":"https:\/\/batijournal.com\/index.php\/lancement-de-la-17e-edition-du-concours-les-genies-de-la-construction\/105062\/","title":{"rendered":"Lancement de la 17e \u00e9dition du concours Les G\u00e9nies de la Construction\u00a0!"},"content":{"rendered":"<p>Malgr\u00e9 le contexte de crise sanitaire, 26 acad\u00e9mies (171 \u00e9quipes engag\u00e9es et 29 projets finalistes) avaient particip\u00e9 \u00e0 l\u2019\u00e9dition pr\u00e9c\u00e9dente du concours \u00ab\u00a0Les G\u00e9nies de la Construction\u00a0!\u00a0\u00bb, gr\u00e2ce \u00e0 la mise en place d\u2019un dispositif exceptionnel. Des vid\u00e9os de pr\u00e9sentation des projets avaient \u00e9t\u00e9 r\u00e9alis\u00e9es, afin de permettre aux jurys d\u2019\u00e9valuer les travaux \u00e0 distance et s\u00e9lectionner les laur\u00e9ats. La 17e \u00e9dition du concours vient d&rsquo;\u00eatre lanc\u00e9e. Pour sa 17e \u00e9dition, le concours s\u2019adaptera \u00e0 nouveau avec agilit\u00e9 au contexte toujours perturb\u00e9, pour permettre aux \u00e9tablissements scolaires de participer et de s\u2019investir pleinement dans leurs projets. C&rsquo;est une belle opportunit\u00e9 de valoriser aupr\u00e8s des jeunes la richesse et la diversit\u00e9 des m\u00e9tiers techniques et innovants du b\u00e2timent et de travaux publics, ainsi que leur transversalit\u00e9 et leur capacit\u00e9 \u00e0 s\u2019adapter pour accompagner les mutations environnementales, technologiques et num\u00e9riques. La date de cl\u00f4ture des inscriptions est fix\u00e9e au 25 janvier 2021.<\/p>\n<p><a href=\"https:\/\/lesgeniesdelaconstruction.fr\">https:\/\/lesgeniesdelaconstruction.fr<\/a><\/p>\n<p>&nbsp;<\/p>\n","protected":false},"excerpt":{"rendered":"<p>Malgr\u00e9 le contexte de crise sanitaire, 26 acad\u00e9mies (171 \u00e9quipes engag\u00e9es et 29 projets finalistes) avaient particip\u00e9 \u00e0 l\u2019\u00e9dition pr\u00e9c\u00e9dente du concours \u00ab\u00a0Les G\u00e9nies de la Construction\u00a0!\u00a0\u00bb, gr\u00e2ce \u00e0 la mise en place d\u2019un dispositif exceptionnel. Des vid\u00e9os de pr\u00e9sentation des projets avaient \u00e9t\u00e9 r\u00e9alis\u00e9es, afin de permettre aux jurys d\u2019\u00e9valuer les travaux \u00e0 distance [&hellip;]<\/p>\n","protected":false},"author":17,"featured_media":105063,"comment_status":"closed","ping_status":"closed","sticky":false,"template":"","format":"standard","meta":{"_et_pb_use_builder":"","_et_pb_old_content":"","_et_gb_content_width":"","footnotes":""},"categories":[10530,6362],"tags":[11005],"class_list":["post-105062","post","type-post","status-publish","format-standard","has-post-thumbnail","hentry","category-actualites","category-services-equipements","tag-concours"],"yoast_head":"<!-- This site is optimized with the Yoast SEO plugin v27.4 - https:\/\/yoast.com\/product\/yoast-seo-wordpress\/ -->\n<title>Lancement de la 17e \u00e9dition du concours Les G\u00e9nies de la Construction\u00a0!<\/title>\n<meta name=\"robots\" content=\"index, follow, max-snippet:-1, max-image-preview:large, max-video-preview:-1\" \/>\n<link rel=\"canonical\" href=\"https:\/\/batijournal.com\/index.php\/lancement-de-la-17e-edition-du-concours-les-genies-de-la-construction\/105062\/\" \/>\n<meta property=\"og:locale\" content=\"fr_FR\" \/>\n<meta property=\"og:type\" content=\"article\" \/>\n<meta property=\"og:title\" content=\"Lancement de la 17e \u00e9dition du concours Les G\u00e9nies de la Construction\u00a0!\" \/>\n<meta property=\"og:description\" content=\"Malgr\u00e9 le contexte de crise sanitaire, 26 acad\u00e9mies (171 \u00e9quipes engag\u00e9es et 29 projets finalistes) avaient particip\u00e9 \u00e0 l\u2019\u00e9dition pr\u00e9c\u00e9dente du concours \u00ab\u00a0Les G\u00e9nies de la Construction\u00a0!\u00a0\u00bb, gr\u00e2ce \u00e0 la mise en place d\u2019un dispositif exceptionnel. Des vid\u00e9os de pr\u00e9sentation des projets avaient \u00e9t\u00e9 r\u00e9alis\u00e9es, afin de permettre aux jurys d\u2019\u00e9valuer les travaux \u00e0 distance [&hellip;]\" \/>\n<meta property=\"og:url\" content=\"https:\/\/batijournal.com\/index.php\/lancement-de-la-17e-edition-du-concours-les-genies-de-la-construction\/105062\/\" \/>\n<meta property=\"og:site_name\" content=\"Batijournal\" \/>\n<meta property=\"article:published_time\" content=\"2020-11-02T09:49:15+00:00\" \/>\n<meta property=\"og:image\" content=\"https:\/\/batijournal.com\/wp-content\/uploads\/2020\/11\/genies-de-la-construction.jpg\" \/>\n\t<meta property=\"og:image:width\" content=\"1680\" \/>\n\t<meta property=\"og:image:height\" content=\"942\" \/>\n\t<meta property=\"og:image:type\" content=\"image\/jpeg\" \/>\n<meta name=\"author\" content=\"St\u00e9phane Miget\" \/>\n<meta name=\"twitter:card\" content=\"summary_large_image\" \/>\n<meta name=\"twitter:creator\" content=\"@bati_journal\" \/>\n<meta name=\"twitter:site\" content=\"@bati_journal\" \/>\n<meta name=\"twitter:label1\" content=\"\u00c9crit par\" \/>\n\t<meta name=\"twitter:data1\" content=\"St\u00e9phane Miget\" \/>\n\t<meta name=\"twitter:label2\" content=\"Dur\u00e9e de lecture estim\u00e9e\" \/>\n\t<meta name=\"twitter:data2\" content=\"1 minute\" \/>\n<script type=\"application\/ld+json\" class=\"yoast-schema-graph\">{\"@context\":\"https:\\\/\\\/schema.org\",\"@graph\":[{\"@type\":\"Article\",\"@id\":\"https:\\\/\\\/batijournal.com\\\/index.php\\\/lancement-de-la-17e-edition-du-concours-les-genies-de-la-construction\\\/105062\\\/#article\",\"isPartOf\":{\"@id\":\"https:\\\/\\\/batijournal.com\\\/index.php\\\/lancement-de-la-17e-edition-du-concours-les-genies-de-la-construction\\\/105062\\\/\"},\"author\":{\"name\":\"St\u00e9phane Miget\",\"@id\":\"https:\\\/\\\/batijournal.com\\\/#\\\/schema\\\/person\\\/1dc96ec6957aa1ccb25ebe78bb19f100\"},\"headline\":\"Lancement de la 17e \u00e9dition du concours Les G\u00e9nies de la Construction\u00a0!\",\"datePublished\":\"2020-11-02T09:49:15+00:00\",\"mainEntityOfPage\":{\"@id\":\"https:\\\/\\\/batijournal.com\\\/index.php\\\/lancement-de-la-17e-edition-du-concours-les-genies-de-la-construction\\\/105062\\\/\"},\"wordCount\":184,\"image\":{\"@id\":\"https:\\\/\\\/batijournal.com\\\/index.php\\\/lancement-de-la-17e-edition-du-concours-les-genies-de-la-construction\\\/105062\\\/#primaryimage\"},\"thumbnailUrl\":\"https:\\\/\\\/batijournal.com\\\/wp-content\\\/uploads\\\/2020\\\/11\\\/genies-de-la-construction.jpg\",\"keywords\":[\"concours\"],\"articleSection\":[\"Actualit\u00e9s\",\"Divers\"],\"inLanguage\":\"fr-FR\"},{\"@type\":\"WebPage\",\"@id\":\"https:\\\/\\\/batijournal.com\\\/index.php\\\/lancement-de-la-17e-edition-du-concours-les-genies-de-la-construction\\\/105062\\\/\",\"url\":\"https:\\\/\\\/batijournal.com\\\/index.php\\\/lancement-de-la-17e-edition-du-concours-les-genies-de-la-construction\\\/105062\\\/\",\"name\":\"Lancement de la 17e \u00e9dition du concours Les G\u00e9nies de la Construction\u00a0!\",\"isPartOf\":{\"@id\":\"https:\\\/\\\/batijournal.com\\\/#website\"},\"primaryImageOfPage\":{\"@id\":\"https:\\\/\\\/batijournal.com\\\/index.php\\\/lancement-de-la-17e-edition-du-concours-les-genies-de-la-construction\\\/105062\\\/#primaryimage\"},\"image\":{\"@id\":\"https:\\\/\\\/batijournal.com\\\/index.php\\\/lancement-de-la-17e-edition-du-concours-les-genies-de-la-construction\\\/105062\\\/#primaryimage\"},\"thumbnailUrl\":\"https:\\\/\\\/batijournal.com\\\/wp-content\\\/uploads\\\/2020\\\/11\\\/genies-de-la-construction.jpg\",\"datePublished\":\"2020-11-02T09:49:15+00:00\",\"author\":{\"@id\":\"https:\\\/\\\/batijournal.com\\\/#\\\/schema\\\/person\\\/1dc96ec6957aa1ccb25ebe78bb19f100\"},\"breadcrumb\":{\"@id\":\"https:\\\/\\\/batijournal.com\\\/index.php\\\/lancement-de-la-17e-edition-du-concours-les-genies-de-la-construction\\\/105062\\\/#breadcrumb\"},\"inLanguage\":\"fr-FR\",\"potentialAction\":[{\"@type\":\"ReadAction\",\"target\":[\"https:\\\/\\\/batijournal.com\\\/index.php\\\/lancement-de-la-17e-edition-du-concours-les-genies-de-la-construction\\\/105062\\\/\"]}]},{\"@type\":\"ImageObject\",\"inLanguage\":\"fr-FR\",\"@id\":\"https:\\\/\\\/batijournal.com\\\/index.php\\\/lancement-de-la-17e-edition-du-concours-les-genies-de-la-construction\\\/105062\\\/#primaryimage\",\"url\":\"https:\\\/\\\/batijournal.com\\\/wp-content\\\/uploads\\\/2020\\\/11\\\/genies-de-la-construction.jpg\",\"contentUrl\":\"https:\\\/\\\/batijournal.com\\\/wp-content\\\/uploads\\\/2020\\\/11\\\/genies-de-la-construction.jpg\",\"width\":1680,\"height\":942},{\"@type\":\"BreadcrumbList\",\"@id\":\"https:\\\/\\\/batijournal.com\\\/index.php\\\/lancement-de-la-17e-edition-du-concours-les-genies-de-la-construction\\\/105062\\\/#breadcrumb\",\"itemListElement\":[{\"@type\":\"ListItem\",\"position\":1,\"name\":\"Accueil\",\"item\":\"https:\\\/\\\/batijournal.com\\\/\"},{\"@type\":\"ListItem\",\"position\":2,\"name\":\"Actualit\u00e9s\",\"item\":\"https:\\\/\\\/batijournal.com\\\/index.php\\\/category\\\/actualites\\\/\"},{\"@type\":\"ListItem\",\"position\":3,\"name\":\"Divers\",\"item\":\"https:\\\/\\\/batijournal.com\\\/index.php\\\/category\\\/actualites\\\/services-equipements\\\/\"},{\"@type\":\"ListItem\",\"position\":4,\"name\":\"Lancement de la 17e \u00e9dition du concours Les G\u00e9nies de la Construction\u00a0!\"}]},{\"@type\":\"WebSite\",\"@id\":\"https:\\\/\\\/batijournal.com\\\/#website\",\"url\":\"https:\\\/\\\/batijournal.com\\\/\",\"name\":\"Batijournal\",\"description\":\"L&#039;actualit\u00e9 du b\u00e2timent\",\"potentialAction\":[{\"@type\":\"SearchAction\",\"target\":{\"@type\":\"EntryPoint\",\"urlTemplate\":\"https:\\\/\\\/batijournal.com\\\/?s={search_term_string}\"},\"query-input\":{\"@type\":\"PropertyValueSpecification\",\"valueRequired\":true,\"valueName\":\"search_term_string\"}}],\"inLanguage\":\"fr-FR\"},{\"@type\":\"Person\",\"@id\":\"https:\\\/\\\/batijournal.com\\\/#\\\/schema\\\/person\\\/1dc96ec6957aa1ccb25ebe78bb19f100\",\"name\":\"St\u00e9phane Miget\",\"image\":{\"@type\":\"ImageObject\",\"inLanguage\":\"fr-FR\",\"@id\":\"https:\\\/\\\/secure.gravatar.com\\\/avatar\\\/89915563d925342126b8ef0281b93d9d7fc337043e8df017f780908eb9644451?s=96&d=mm&r=g\",\"url\":\"https:\\\/\\\/secure.gravatar.com\\\/avatar\\\/89915563d925342126b8ef0281b93d9d7fc337043e8df017f780908eb9644451?s=96&d=mm&r=g\",\"contentUrl\":\"https:\\\/\\\/secure.gravatar.com\\\/avatar\\\/89915563d925342126b8ef0281b93d9d7fc337043e8df017f780908eb9644451?s=96&d=mm&r=g\",\"caption\":\"St\u00e9phane Miget\"},\"url\":\"https:\\\/\\\/batijournal.com\\\/index.php\\\/author\\\/stephane\\\/\"}]}<\/script>\n<!-- \/ Yoast SEO plugin. -->","yoast_head_json":{"title":"Lancement de la 17e \u00e9dition du concours Les G\u00e9nies de la Construction\u00a0!","robots":{"index":"index","follow":"follow","max-snippet":"max-snippet:-1","max-image-preview":"max-image-preview:large","max-video-preview":"max-video-preview:-1"},"canonical":"https:\/\/batijournal.com\/index.php\/lancement-de-la-17e-edition-du-concours-les-genies-de-la-construction\/105062\/","og_locale":"fr_FR","og_type":"article","og_title":"Lancement de la 17e \u00e9dition du concours Les G\u00e9nies de la Construction\u00a0!","og_description":"Malgr\u00e9 le contexte de crise sanitaire, 26 acad\u00e9mies (171 \u00e9quipes engag\u00e9es et 29 projets finalistes) avaient particip\u00e9 \u00e0 l\u2019\u00e9dition pr\u00e9c\u00e9dente du concours \u00ab\u00a0Les G\u00e9nies de la Construction\u00a0!\u00a0\u00bb, gr\u00e2ce \u00e0 la mise en place d\u2019un dispositif exceptionnel. Des vid\u00e9os de pr\u00e9sentation des projets avaient \u00e9t\u00e9 r\u00e9alis\u00e9es, afin de permettre aux jurys d\u2019\u00e9valuer les travaux \u00e0 distance [&hellip;]","og_url":"https:\/\/batijournal.com\/index.php\/lancement-de-la-17e-edition-du-concours-les-genies-de-la-construction\/105062\/","og_site_name":"Batijournal","article_published_time":"2020-11-02T09:49:15+00:00","og_image":[{"width":1680,"height":942,"url":"https:\/\/batijournal.com\/wp-content\/uploads\/2020\/11\/genies-de-la-construction.jpg","type":"image\/jpeg"}],"author":"St\u00e9phane Miget","twitter_card":"summary_large_image","twitter_creator":"@bati_journal","twitter_site":"@bati_journal","twitter_misc":{"\u00c9crit par":"St\u00e9phane Miget","Dur\u00e9e de lecture estim\u00e9e":"1 minute"},"schema":{"@context":"https:\/\/schema.org","@graph":[{"@type":"Article","@id":"https:\/\/batijournal.com\/index.php\/lancement-de-la-17e-edition-du-concours-les-genies-de-la-construction\/105062\/#article","isPartOf":{"@id":"https:\/\/batijournal.com\/index.php\/lancement-de-la-17e-edition-du-concours-les-genies-de-la-construction\/105062\/"},"author":{"name":"St\u00e9phane Miget","@id":"https:\/\/batijournal.com\/#\/schema\/person\/1dc96ec6957aa1ccb25ebe78bb19f100"},"headline":"Lancement de la 17e \u00e9dition du concours Les G\u00e9nies de la Construction\u00a0!","datePublished":"2020-11-02T09:49:15+00:00","mainEntityOfPage":{"@id":"https:\/\/batijournal.com\/index.php\/lancement-de-la-17e-edition-du-concours-les-genies-de-la-construction\/105062\/"},"wordCount":184,"image":{"@id":"https:\/\/batijournal.com\/index.php\/lancement-de-la-17e-edition-du-concours-les-genies-de-la-construction\/105062\/#primaryimage"},"thumbnailUrl":"https:\/\/batijournal.com\/wp-content\/uploads\/2020\/11\/genies-de-la-construction.jpg","keywords":["concours"],"articleSection":["Actualit\u00e9s","Divers"],"inLanguage":"fr-FR"},{"@type":"WebPage","@id":"https:\/\/batijournal.com\/index.php\/lancement-de-la-17e-edition-du-concours-les-genies-de-la-construction\/105062\/","url":"https:\/\/batijournal.com\/index.php\/lancement-de-la-17e-edition-du-concours-les-genies-de-la-construction\/105062\/","name":"Lancement de la 17e \u00e9dition du concours Les G\u00e9nies de la Construction\u00a0!","isPartOf":{"@id":"https:\/\/batijournal.com\/#website"},"primaryImageOfPage":{"@id":"https:\/\/batijournal.com\/index.php\/lancement-de-la-17e-edition-du-concours-les-genies-de-la-construction\/105062\/#primaryimage"},"image":{"@id":"https:\/\/batijournal.com\/index.php\/lancement-de-la-17e-edition-du-concours-les-genies-de-la-construction\/105062\/#primaryimage"},"thumbnailUrl":"https:\/\/batijournal.com\/wp-content\/uploads\/2020\/11\/genies-de-la-construction.jpg","datePublished":"2020-11-02T09:49:15+00:00","author":{"@id":"https:\/\/batijournal.com\/#\/schema\/person\/1dc96ec6957aa1ccb25ebe78bb19f100"},"breadcrumb":{"@id":"https:\/\/batijournal.com\/index.php\/lancement-de-la-17e-edition-du-concours-les-genies-de-la-construction\/105062\/#breadcrumb"},"inLanguage":"fr-FR","potentialAction":[{"@type":"ReadAction","target":["https:\/\/batijournal.com\/index.php\/lancement-de-la-17e-edition-du-concours-les-genies-de-la-construction\/105062\/"]}]},{"@type":"ImageObject","inLanguage":"fr-FR","@id":"https:\/\/batijournal.com\/index.php\/lancement-de-la-17e-edition-du-concours-les-genies-de-la-construction\/105062\/#primaryimage","url":"https:\/\/batijournal.com\/wp-content\/uploads\/2020\/11\/genies-de-la-construction.jpg","contentUrl":"https:\/\/batijournal.com\/wp-content\/uploads\/2020\/11\/genies-de-la-construction.jpg","width":1680,"height":942},{"@type":"BreadcrumbList","@id":"https:\/\/batijournal.com\/index.php\/lancement-de-la-17e-edition-du-concours-les-genies-de-la-construction\/105062\/#breadcrumb","itemListElement":[{"@type":"ListItem","position":1,"name":"Accueil","item":"https:\/\/batijournal.com\/"},{"@type":"ListItem","position":2,"name":"Actualit\u00e9s","item":"https:\/\/batijournal.com\/index.php\/category\/actualites\/"},{"@type":"ListItem","position":3,"name":"Divers","item":"https:\/\/batijournal.com\/index.php\/category\/actualites\/services-equipements\/"},{"@type":"ListItem","position":4,"name":"Lancement de la 17e \u00e9dition du concours Les G\u00e9nies de la Construction\u00a0!"}]},{"@type":"WebSite","@id":"https:\/\/batijournal.com\/#website","url":"https:\/\/batijournal.com\/","name":"Batijournal","description":"L&#039;actualit\u00e9 du b\u00e2timent","potentialAction":[{"@type":"SearchAction","target":{"@type":"EntryPoint","urlTemplate":"https:\/\/batijournal.com\/?s={search_term_string}"},"query-input":{"@type":"PropertyValueSpecification","valueRequired":true,"valueName":"search_term_string"}}],"inLanguage":"fr-FR"},{"@type":"Person","@id":"https:\/\/batijournal.com\/#\/schema\/person\/1dc96ec6957aa1ccb25ebe78bb19f100","name":"St\u00e9phane Miget","image":{"@type":"ImageObject","inLanguage":"fr-FR","@id":"https:\/\/secure.gravatar.com\/avatar\/89915563d925342126b8ef0281b93d9d7fc337043e8df017f780908eb9644451?s=96&d=mm&r=g","url":"https:\/\/secure.gravatar.com\/avatar\/89915563d925342126b8ef0281b93d9d7fc337043e8df017f780908eb9644451?s=96&d=mm&r=g","contentUrl":"https:\/\/secure.gravatar.com\/avatar\/89915563d925342126b8ef0281b93d9d7fc337043e8df017f780908eb9644451?s=96&d=mm&r=g","caption":"St\u00e9phane Miget"},"url":"https:\/\/batijournal.com\/index.php\/author\/stephane\/"}]}},"_links":{"self":[{"href":"https:\/\/batijournal.com\/index.php\/wp-json\/wp\/v2\/posts\/105062","targetHints":{"allow":["GET"]}}],"collection":[{"href":"https:\/\/batijournal.com\/index.php\/wp-json\/wp\/v2\/posts"}],"about":[{"href":"https:\/\/batijournal.com\/index.php\/wp-json\/wp\/v2\/types\/post"}],"author":[{"embeddable":true,"href":"https:\/\/batijournal.com\/index.php\/wp-json\/wp\/v2\/users\/17"}],"replies":[{"embeddable":true,"href":"https:\/\/batijournal.com\/index.php\/wp-json\/wp\/v2\/comments?post=105062"}],"version-history":[{"count":0,"href":"https:\/\/batijournal.com\/index.php\/wp-json\/wp\/v2\/posts\/105062\/revisions"}],"wp:featuredmedia":[{"embeddable":true,"href":"https:\/\/batijournal.com\/index.php\/wp-json\/wp\/v2\/media\/105063"}],"wp:attachment":[{"href":"https:\/\/batijournal.com\/index.php\/wp-json\/wp\/v2\/media?parent=105062"}],"wp:term":[{"taxonomy":"category","embeddable":true,"href":"https:\/\/batijournal.com\/index.php\/wp-json\/wp\/v2\/categories?post=105062"},{"taxonomy":"post_tag","embeddable":true,"href":"https:\/\/batijournal.com\/index.php\/wp-json\/wp\/v2\/tags?post=105062"}],"curies":[{"name":"wp","href":"https:\/\/api.w.org\/{rel}","templated":true}]}}