{"id":105064,"date":"2020-11-02T10:51:19","date_gmt":"2020-11-02T09:51:19","guid":{"rendered":"https:\/\/batijournal.com\/?p=105064"},"modified":"2020-11-02T10:51:19","modified_gmt":"2020-11-02T09:51:19","slug":"les-entreprises-artisanales-du-batiment-mobilisees-pour-le-maintien-de-lactivite","status":"publish","type":"post","link":"https:\/\/batijournal.com\/index.php\/les-entreprises-artisanales-du-batiment-mobilisees-pour-le-maintien-de-lactivite\/105064\/","title":{"rendered":"Les entreprises artisanales du b\u00e2timent mobilis\u00e9es pour le maintien de l\u2019activit\u00e9"},"content":{"rendered":"<p>Suite au reconfinement, la CAPEB se met en ordre de bataille pour aider les entreprises et les artisans du b\u00e2timent dans l\u2019application des consignes et veillera \u00e0 la bonne mise en \u0153uvre des mesures de soutien d\u00e9ploy\u00e9es par le Gouvernement. pour Jean-Christophe Repon, Pr\u00e9sident de la CAPEB : <em>\u00ab Nous ne pouvons envisager davantage de perte de chiffre d\u2019affaires, alors que les particuliers manifestent d\u00e9j\u00e0 des craintes \u00e0 faire venir les artisans chez eux et que l\u2019activit\u00e9 de certains chantiers est \u00e0 l\u2019arr\u00eat pour cause de cas contact au sein des entreprises. La s\u00e9curit\u00e9 sanitaire reste bien \u00e9videmment le mot d\u2019ordre sur les chantiers, conform\u00e9ment au protocole inscrit dans le guide de l\u2019OPPBTP. \u00bb \u00ab Nous demandons n\u00e9anmoins que nos entreprises, qui subiraient une perte de chiffres d\u2019affaire (du fait d\u2019un refus des clients d\u2019intervenir ou en cas de fermeture de l\u2019entreprise du fait de cas contact), puissent b\u00e9n\u00e9ficier du ch\u00f4mage partiel et nos chefs d\u2019entreprises, des aides du fonds de solidarit\u00e9. Nous demandons \u00e9galement un d\u00e9calage des charges et un allongement des d\u00e9lais pour les march\u00e9s publics et des d\u00e9lais de d\u00e9p\u00f4t des dossiers de qualification. \u00bb<\/em><\/p>\n","protected":false},"excerpt":{"rendered":"<p>Suite au reconfinement, la CAPEB se met en ordre de bataille pour aider les entreprises et les artisans du b\u00e2timent dans l\u2019application des consignes et veillera \u00e0 la bonne mise en \u0153uvre des mesures de soutien d\u00e9ploy\u00e9es par le Gouvernement. pour Jean-Christophe Repon, Pr\u00e9sident de la CAPEB : \u00ab Nous ne pouvons envisager davantage de [&hellip;]<\/p>\n","protected":false},"author":17,"featured_media":104198,"comment_status":"closed","ping_status":"closed","sticky":false,"template":"","format":"standard","meta":{"_et_pb_use_builder":"","_et_pb_old_content":"","_et_gb_content_width":"","footnotes":""},"categories":[10530,6345],"tags":[647],"class_list":["post-105064","post","type-post","status-publish","format-standard","has-post-thumbnail","hentry","category-actualites","category-economie-marches","tag-capeb"],"yoast_head":"<!-- This site is optimized with the Yoast SEO plugin v27.4 - https:\/\/yoast.com\/product\/yoast-seo-wordpress\/ -->\n<title>Les entreprises artisanales du b\u00e2timent mobilis\u00e9es pour le maintien de l\u2019activit\u00e9<\/title>\n<meta name=\"robots\" content=\"index, follow, max-snippet:-1, max-image-preview:large, max-video-preview:-1\" \/>\n<link rel=\"canonical\" href=\"https:\/\/batijournal.com\/index.php\/les-entreprises-artisanales-du-batiment-mobilisees-pour-le-maintien-de-lactivite\/105064\/\" \/>\n<meta property=\"og:locale\" content=\"fr_FR\" \/>\n<meta property=\"og:type\" content=\"article\" \/>\n<meta property=\"og:title\" content=\"Les entreprises artisanales du b\u00e2timent mobilis\u00e9es pour le maintien de l\u2019activit\u00e9\" \/>\n<meta property=\"og:description\" content=\"Suite au reconfinement, la CAPEB se met en ordre de bataille pour aider les entreprises et les artisans du b\u00e2timent dans l\u2019application des consignes et veillera \u00e0 la bonne mise en \u0153uvre des mesures de soutien d\u00e9ploy\u00e9es par le Gouvernement. pour Jean-Christophe Repon, Pr\u00e9sident de la CAPEB : \u00ab Nous ne pouvons envisager davantage de [&hellip;]\" \/>\n<meta property=\"og:url\" content=\"https:\/\/batijournal.com\/index.php\/les-entreprises-artisanales-du-batiment-mobilisees-pour-le-maintien-de-lactivite\/105064\/\" \/>\n<meta property=\"og:site_name\" content=\"Batijournal\" \/>\n<meta property=\"article:published_time\" content=\"2020-11-02T09:51:19+00:00\" \/>\n<meta property=\"og:image\" content=\"https:\/\/batijournal.com\/wp-content\/uploads\/2020\/05\/chantier.jpg\" \/>\n\t<meta property=\"og:image:width\" content=\"1200\" \/>\n\t<meta property=\"og:image:height\" content=\"681\" \/>\n\t<meta property=\"og:image:type\" content=\"image\/jpeg\" \/>\n<meta name=\"author\" content=\"St\u00e9phane Miget\" \/>\n<meta name=\"twitter:card\" content=\"summary_large_image\" \/>\n<meta name=\"twitter:creator\" content=\"@bati_journal\" \/>\n<meta name=\"twitter:site\" content=\"@bati_journal\" \/>\n<meta name=\"twitter:label1\" content=\"\u00c9crit par\" \/>\n\t<meta name=\"twitter:data1\" content=\"St\u00e9phane Miget\" \/>\n\t<meta name=\"twitter:label2\" content=\"Dur\u00e9e de lecture estim\u00e9e\" \/>\n\t<meta name=\"twitter:data2\" content=\"1 minute\" \/>\n<script type=\"application\/ld+json\" class=\"yoast-schema-graph\">{\"@context\":\"https:\\\/\\\/schema.org\",\"@graph\":[{\"@type\":\"Article\",\"@id\":\"https:\\\/\\\/batijournal.com\\\/index.php\\\/les-entreprises-artisanales-du-batiment-mobilisees-pour-le-maintien-de-lactivite\\\/105064\\\/#article\",\"isPartOf\":{\"@id\":\"https:\\\/\\\/batijournal.com\\\/index.php\\\/les-entreprises-artisanales-du-batiment-mobilisees-pour-le-maintien-de-lactivite\\\/105064\\\/\"},\"author\":{\"name\":\"St\u00e9phane Miget\",\"@id\":\"https:\\\/\\\/batijournal.com\\\/#\\\/schema\\\/person\\\/1dc96ec6957aa1ccb25ebe78bb19f100\"},\"headline\":\"Les entreprises artisanales du b\u00e2timent mobilis\u00e9es pour le maintien de l\u2019activit\u00e9\",\"datePublished\":\"2020-11-02T09:51:19+00:00\",\"mainEntityOfPage\":{\"@id\":\"https:\\\/\\\/batijournal.com\\\/index.php\\\/les-entreprises-artisanales-du-batiment-mobilisees-pour-le-maintien-de-lactivite\\\/105064\\\/\"},\"wordCount\":223,\"image\":{\"@id\":\"https:\\\/\\\/batijournal.com\\\/index.php\\\/les-entreprises-artisanales-du-batiment-mobilisees-pour-le-maintien-de-lactivite\\\/105064\\\/#primaryimage\"},\"thumbnailUrl\":\"https:\\\/\\\/batijournal.com\\\/wp-content\\\/uploads\\\/2020\\\/05\\\/chantier.jpg\",\"keywords\":[\"CAPEB\"],\"articleSection\":[\"Actualit\u00e9s\",\"\u00c9conomie &amp; March\u00e9s\"],\"inLanguage\":\"fr-FR\"},{\"@type\":\"WebPage\",\"@id\":\"https:\\\/\\\/batijournal.com\\\/index.php\\\/les-entreprises-artisanales-du-batiment-mobilisees-pour-le-maintien-de-lactivite\\\/105064\\\/\",\"url\":\"https:\\\/\\\/batijournal.com\\\/index.php\\\/les-entreprises-artisanales-du-batiment-mobilisees-pour-le-maintien-de-lactivite\\\/105064\\\/\",\"name\":\"Les entreprises artisanales du b\u00e2timent mobilis\u00e9es pour le maintien de l\u2019activit\u00e9\",\"isPartOf\":{\"@id\":\"https:\\\/\\\/batijournal.com\\\/#website\"},\"primaryImageOfPage\":{\"@id\":\"https:\\\/\\\/batijournal.com\\\/index.php\\\/les-entreprises-artisanales-du-batiment-mobilisees-pour-le-maintien-de-lactivite\\\/105064\\\/#primaryimage\"},\"image\":{\"@id\":\"https:\\\/\\\/batijournal.com\\\/index.php\\\/les-entreprises-artisanales-du-batiment-mobilisees-pour-le-maintien-de-lactivite\\\/105064\\\/#primaryimage\"},\"thumbnailUrl\":\"https:\\\/\\\/batijournal.com\\\/wp-content\\\/uploads\\\/2020\\\/05\\\/chantier.jpg\",\"datePublished\":\"2020-11-02T09:51:19+00:00\",\"author\":{\"@id\":\"https:\\\/\\\/batijournal.com\\\/#\\\/schema\\\/person\\\/1dc96ec6957aa1ccb25ebe78bb19f100\"},\"breadcrumb\":{\"@id\":\"https:\\\/\\\/batijournal.com\\\/index.php\\\/les-entreprises-artisanales-du-batiment-mobilisees-pour-le-maintien-de-lactivite\\\/105064\\\/#breadcrumb\"},\"inLanguage\":\"fr-FR\",\"potentialAction\":[{\"@type\":\"ReadAction\",\"target\":[\"https:\\\/\\\/batijournal.com\\\/index.php\\\/les-entreprises-artisanales-du-batiment-mobilisees-pour-le-maintien-de-lactivite\\\/105064\\\/\"]}]},{\"@type\":\"ImageObject\",\"inLanguage\":\"fr-FR\",\"@id\":\"https:\\\/\\\/batijournal.com\\\/index.php\\\/les-entreprises-artisanales-du-batiment-mobilisees-pour-le-maintien-de-lactivite\\\/105064\\\/#primaryimage\",\"url\":\"https:\\\/\\\/batijournal.com\\\/wp-content\\\/uploads\\\/2020\\\/05\\\/chantier.jpg\",\"contentUrl\":\"https:\\\/\\\/batijournal.com\\\/wp-content\\\/uploads\\\/2020\\\/05\\\/chantier.jpg\",\"width\":1200,\"height\":681},{\"@type\":\"BreadcrumbList\",\"@id\":\"https:\\\/\\\/batijournal.com\\\/index.php\\\/les-entreprises-artisanales-du-batiment-mobilisees-pour-le-maintien-de-lactivite\\\/105064\\\/#breadcrumb\",\"itemListElement\":[{\"@type\":\"ListItem\",\"position\":1,\"name\":\"Accueil\",\"item\":\"https:\\\/\\\/batijournal.com\\\/\"},{\"@type\":\"ListItem\",\"position\":2,\"name\":\"Actualit\u00e9s\",\"item\":\"https:\\\/\\\/batijournal.com\\\/index.php\\\/category\\\/actualites\\\/\"},{\"@type\":\"ListItem\",\"position\":3,\"name\":\"\u00c9conomie &amp; March\u00e9s\",\"item\":\"https:\\\/\\\/batijournal.com\\\/index.php\\\/category\\\/actualites\\\/economie-marches\\\/\"},{\"@type\":\"ListItem\",\"position\":4,\"name\":\"Les entreprises artisanales du b\u00e2timent mobilis\u00e9es pour le maintien de l\u2019activit\u00e9\"}]},{\"@type\":\"WebSite\",\"@id\":\"https:\\\/\\\/batijournal.com\\\/#website\",\"url\":\"https:\\\/\\\/batijournal.com\\\/\",\"name\":\"Batijournal\",\"description\":\"L&#039;actualit\u00e9 du b\u00e2timent\",\"potentialAction\":[{\"@type\":\"SearchAction\",\"target\":{\"@type\":\"EntryPoint\",\"urlTemplate\":\"https:\\\/\\\/batijournal.com\\\/?s={search_term_string}\"},\"query-input\":{\"@type\":\"PropertyValueSpecification\",\"valueRequired\":true,\"valueName\":\"search_term_string\"}}],\"inLanguage\":\"fr-FR\"},{\"@type\":\"Person\",\"@id\":\"https:\\\/\\\/batijournal.com\\\/#\\\/schema\\\/person\\\/1dc96ec6957aa1ccb25ebe78bb19f100\",\"name\":\"St\u00e9phane Miget\",\"image\":{\"@type\":\"ImageObject\",\"inLanguage\":\"fr-FR\",\"@id\":\"https:\\\/\\\/secure.gravatar.com\\\/avatar\\\/89915563d925342126b8ef0281b93d9d7fc337043e8df017f780908eb9644451?s=96&d=mm&r=g\",\"url\":\"https:\\\/\\\/secure.gravatar.com\\\/avatar\\\/89915563d925342126b8ef0281b93d9d7fc337043e8df017f780908eb9644451?s=96&d=mm&r=g\",\"contentUrl\":\"https:\\\/\\\/secure.gravatar.com\\\/avatar\\\/89915563d925342126b8ef0281b93d9d7fc337043e8df017f780908eb9644451?s=96&d=mm&r=g\",\"caption\":\"St\u00e9phane Miget\"},\"url\":\"https:\\\/\\\/batijournal.com\\\/index.php\\\/author\\\/stephane\\\/\"}]}<\/script>\n<!-- \/ Yoast SEO plugin. -->","yoast_head_json":{"title":"Les entreprises artisanales du b\u00e2timent mobilis\u00e9es pour le maintien de l\u2019activit\u00e9","robots":{"index":"index","follow":"follow","max-snippet":"max-snippet:-1","max-image-preview":"max-image-preview:large","max-video-preview":"max-video-preview:-1"},"canonical":"https:\/\/batijournal.com\/index.php\/les-entreprises-artisanales-du-batiment-mobilisees-pour-le-maintien-de-lactivite\/105064\/","og_locale":"fr_FR","og_type":"article","og_title":"Les entreprises artisanales du b\u00e2timent mobilis\u00e9es pour le maintien de l\u2019activit\u00e9","og_description":"Suite au reconfinement, la CAPEB se met en ordre de bataille pour aider les entreprises et les artisans du b\u00e2timent dans l\u2019application des consignes et veillera \u00e0 la bonne mise en \u0153uvre des mesures de soutien d\u00e9ploy\u00e9es par le Gouvernement. pour Jean-Christophe Repon, Pr\u00e9sident de la CAPEB : \u00ab Nous ne pouvons envisager davantage de [&hellip;]","og_url":"https:\/\/batijournal.com\/index.php\/les-entreprises-artisanales-du-batiment-mobilisees-pour-le-maintien-de-lactivite\/105064\/","og_site_name":"Batijournal","article_published_time":"2020-11-02T09:51:19+00:00","og_image":[{"width":1200,"height":681,"url":"https:\/\/batijournal.com\/wp-content\/uploads\/2020\/05\/chantier.jpg","type":"image\/jpeg"}],"author":"St\u00e9phane Miget","twitter_card":"summary_large_image","twitter_creator":"@bati_journal","twitter_site":"@bati_journal","twitter_misc":{"\u00c9crit par":"St\u00e9phane Miget","Dur\u00e9e de lecture estim\u00e9e":"1 minute"},"schema":{"@context":"https:\/\/schema.org","@graph":[{"@type":"Article","@id":"https:\/\/batijournal.com\/index.php\/les-entreprises-artisanales-du-batiment-mobilisees-pour-le-maintien-de-lactivite\/105064\/#article","isPartOf":{"@id":"https:\/\/batijournal.com\/index.php\/les-entreprises-artisanales-du-batiment-mobilisees-pour-le-maintien-de-lactivite\/105064\/"},"author":{"name":"St\u00e9phane Miget","@id":"https:\/\/batijournal.com\/#\/schema\/person\/1dc96ec6957aa1ccb25ebe78bb19f100"},"headline":"Les entreprises artisanales du b\u00e2timent mobilis\u00e9es pour le maintien de l\u2019activit\u00e9","datePublished":"2020-11-02T09:51:19+00:00","mainEntityOfPage":{"@id":"https:\/\/batijournal.com\/index.php\/les-entreprises-artisanales-du-batiment-mobilisees-pour-le-maintien-de-lactivite\/105064\/"},"wordCount":223,"image":{"@id":"https:\/\/batijournal.com\/index.php\/les-entreprises-artisanales-du-batiment-mobilisees-pour-le-maintien-de-lactivite\/105064\/#primaryimage"},"thumbnailUrl":"https:\/\/batijournal.com\/wp-content\/uploads\/2020\/05\/chantier.jpg","keywords":["CAPEB"],"articleSection":["Actualit\u00e9s","\u00c9conomie &amp; March\u00e9s"],"inLanguage":"fr-FR"},{"@type":"WebPage","@id":"https:\/\/batijournal.com\/index.php\/les-entreprises-artisanales-du-batiment-mobilisees-pour-le-maintien-de-lactivite\/105064\/","url":"https:\/\/batijournal.com\/index.php\/les-entreprises-artisanales-du-batiment-mobilisees-pour-le-maintien-de-lactivite\/105064\/","name":"Les entreprises artisanales du b\u00e2timent mobilis\u00e9es pour le maintien de l\u2019activit\u00e9","isPartOf":{"@id":"https:\/\/batijournal.com\/#website"},"primaryImageOfPage":{"@id":"https:\/\/batijournal.com\/index.php\/les-entreprises-artisanales-du-batiment-mobilisees-pour-le-maintien-de-lactivite\/105064\/#primaryimage"},"image":{"@id":"https:\/\/batijournal.com\/index.php\/les-entreprises-artisanales-du-batiment-mobilisees-pour-le-maintien-de-lactivite\/105064\/#primaryimage"},"thumbnailUrl":"https:\/\/batijournal.com\/wp-content\/uploads\/2020\/05\/chantier.jpg","datePublished":"2020-11-02T09:51:19+00:00","author":{"@id":"https:\/\/batijournal.com\/#\/schema\/person\/1dc96ec6957aa1ccb25ebe78bb19f100"},"breadcrumb":{"@id":"https:\/\/batijournal.com\/index.php\/les-entreprises-artisanales-du-batiment-mobilisees-pour-le-maintien-de-lactivite\/105064\/#breadcrumb"},"inLanguage":"fr-FR","potentialAction":[{"@type":"ReadAction","target":["https:\/\/batijournal.com\/index.php\/les-entreprises-artisanales-du-batiment-mobilisees-pour-le-maintien-de-lactivite\/105064\/"]}]},{"@type":"ImageObject","inLanguage":"fr-FR","@id":"https:\/\/batijournal.com\/index.php\/les-entreprises-artisanales-du-batiment-mobilisees-pour-le-maintien-de-lactivite\/105064\/#primaryimage","url":"https:\/\/batijournal.com\/wp-content\/uploads\/2020\/05\/chantier.jpg","contentUrl":"https:\/\/batijournal.com\/wp-content\/uploads\/2020\/05\/chantier.jpg","width":1200,"height":681},{"@type":"BreadcrumbList","@id":"https:\/\/batijournal.com\/index.php\/les-entreprises-artisanales-du-batiment-mobilisees-pour-le-maintien-de-lactivite\/105064\/#breadcrumb","itemListElement":[{"@type":"ListItem","position":1,"name":"Accueil","item":"https:\/\/batijournal.com\/"},{"@type":"ListItem","position":2,"name":"Actualit\u00e9s","item":"https:\/\/batijournal.com\/index.php\/category\/actualites\/"},{"@type":"ListItem","position":3,"name":"\u00c9conomie &amp; March\u00e9s","item":"https:\/\/batijournal.com\/index.php\/category\/actualites\/economie-marches\/"},{"@type":"ListItem","position":4,"name":"Les entreprises artisanales du b\u00e2timent mobilis\u00e9es pour le maintien de l\u2019activit\u00e9"}]},{"@type":"WebSite","@id":"https:\/\/batijournal.com\/#website","url":"https:\/\/batijournal.com\/","name":"Batijournal","description":"L&#039;actualit\u00e9 du b\u00e2timent","potentialAction":[{"@type":"SearchAction","target":{"@type":"EntryPoint","urlTemplate":"https:\/\/batijournal.com\/?s={search_term_string}"},"query-input":{"@type":"PropertyValueSpecification","valueRequired":true,"valueName":"search_term_string"}}],"inLanguage":"fr-FR"},{"@type":"Person","@id":"https:\/\/batijournal.com\/#\/schema\/person\/1dc96ec6957aa1ccb25ebe78bb19f100","name":"St\u00e9phane Miget","image":{"@type":"ImageObject","inLanguage":"fr-FR","@id":"https:\/\/secure.gravatar.com\/avatar\/89915563d925342126b8ef0281b93d9d7fc337043e8df017f780908eb9644451?s=96&d=mm&r=g","url":"https:\/\/secure.gravatar.com\/avatar\/89915563d925342126b8ef0281b93d9d7fc337043e8df017f780908eb9644451?s=96&d=mm&r=g","contentUrl":"https:\/\/secure.gravatar.com\/avatar\/89915563d925342126b8ef0281b93d9d7fc337043e8df017f780908eb9644451?s=96&d=mm&r=g","caption":"St\u00e9phane Miget"},"url":"https:\/\/batijournal.com\/index.php\/author\/stephane\/"}]}},"_links":{"self":[{"href":"https:\/\/batijournal.com\/index.php\/wp-json\/wp\/v2\/posts\/105064","targetHints":{"allow":["GET"]}}],"collection":[{"href":"https:\/\/batijournal.com\/index.php\/wp-json\/wp\/v2\/posts"}],"about":[{"href":"https:\/\/batijournal.com\/index.php\/wp-json\/wp\/v2\/types\/post"}],"author":[{"embeddable":true,"href":"https:\/\/batijournal.com\/index.php\/wp-json\/wp\/v2\/users\/17"}],"replies":[{"embeddable":true,"href":"https:\/\/batijournal.com\/index.php\/wp-json\/wp\/v2\/comments?post=105064"}],"version-history":[{"count":0,"href":"https:\/\/batijournal.com\/index.php\/wp-json\/wp\/v2\/posts\/105064\/revisions"}],"wp:featuredmedia":[{"embeddable":true,"href":"https:\/\/batijournal.com\/index.php\/wp-json\/wp\/v2\/media\/104198"}],"wp:attachment":[{"href":"https:\/\/batijournal.com\/index.php\/wp-json\/wp\/v2\/media?parent=105064"}],"wp:term":[{"taxonomy":"category","embeddable":true,"href":"https:\/\/batijournal.com\/index.php\/wp-json\/wp\/v2\/categories?post=105064"},{"taxonomy":"post_tag","embeddable":true,"href":"https:\/\/batijournal.com\/index.php\/wp-json\/wp\/v2\/tags?post=105064"}],"curies":[{"name":"wp","href":"https:\/\/api.w.org\/{rel}","templated":true}]}}