{"id":105069,"date":"2020-11-03T07:27:49","date_gmt":"2020-11-03T06:27:49","guid":{"rendered":"https:\/\/batijournal.com\/?p=105069"},"modified":"2020-11-03T07:27:49","modified_gmt":"2020-11-03T06:27:49","slug":"solaire-photovoltaique-les-francais-desapprouvent-la-marche-arriere-du-gouvernement","status":"publish","type":"post","link":"https:\/\/batijournal.com\/index.php\/solaire-photovoltaique-les-francais-desapprouvent-la-marche-arriere-du-gouvernement\/105069\/","title":{"rendered":"Solaire photovolta\u00efque : les Fran\u00e7ais d\u00e9sapprouvent la marche arri\u00e8re du Gouvernement"},"content":{"rendered":"<p>Le SER r\u00e9v\u00e8le les r\u00e9sultats d\u2019un sondage exclusif qui met en \u00e9vidence la large d\u00e9sapprobation par les Fran\u00e7ais de la mesure que le Gouvernement s\u2019appr\u00eate \u00e0 prendre en revenant de mani\u00e8re r\u00e9troactive sur ses engagements de soutien au d\u00e9veloppement de l\u2019\u00e9nergie solaire en France. Une mesure qui g\u00e9n\u00e8re une crise de confiance majeure pour les entreprises et la transition \u00e9nerg\u00e9tique \u00e0 l\u2019heure m\u00eame o\u00f9 le reconfinement exige d\u2019apporter de la visibilit\u00e9 aux acteurs \u00e9conomiques. Le sondage r\u00e9alis\u00e9 par Harris Interactive montre que 58% des Fran\u00e7ais consid\u00e8rent que les pouvoirs publics doivent respecter les engagements pris avant 2011 avec les producteurs, tandis que 89% d\u2019entre eux consid\u00e8rent que les pouvoirs publics devraient davantage encourager le d\u00e9veloppement de l\u2019\u00e9nergie solaire en France.<\/p>\n","protected":false},"excerpt":{"rendered":"<p>Le SER r\u00e9v\u00e8le les r\u00e9sultats d\u2019un sondage exclusif qui met en \u00e9vidence la large d\u00e9sapprobation par les Fran\u00e7ais de la mesure que le Gouvernement s\u2019appr\u00eate \u00e0 prendre en revenant de mani\u00e8re r\u00e9troactive sur ses engagements de soutien au d\u00e9veloppement de l\u2019\u00e9nergie solaire en France. Une mesure qui g\u00e9n\u00e8re une crise de confiance majeure pour les [&hellip;]<\/p>\n","protected":false},"author":17,"featured_media":105070,"comment_status":"closed","ping_status":"closed","sticky":false,"template":"","format":"standard","meta":{"_et_pb_use_builder":"","_et_pb_old_content":"","_et_gb_content_width":"","footnotes":""},"categories":[10530,6351,10781,10778],"tags":[464],"class_list":["post-105069","post","type-post","status-publish","format-standard","has-post-thumbnail","hentry","category-actualites","category-energie-environnement","category-publications-planete","category-planete","tag-photovoltaique"],"yoast_head":"<!-- This site is optimized with the Yoast SEO plugin v27.4 - https:\/\/yoast.com\/product\/yoast-seo-wordpress\/ -->\n<title>Solaire photovolta\u00efque : les Fran\u00e7ais d\u00e9sapprouvent la marche arri\u00e8re du Gouvernement<\/title>\n<meta name=\"robots\" content=\"index, follow, max-snippet:-1, max-image-preview:large, max-video-preview:-1\" \/>\n<link rel=\"canonical\" href=\"https:\/\/batijournal.com\/index.php\/solaire-photovoltaique-les-francais-desapprouvent-la-marche-arriere-du-gouvernement\/105069\/\" \/>\n<meta property=\"og:locale\" content=\"fr_FR\" \/>\n<meta property=\"og:type\" content=\"article\" \/>\n<meta property=\"og:title\" content=\"Solaire photovolta\u00efque : les Fran\u00e7ais d\u00e9sapprouvent la marche arri\u00e8re du Gouvernement\" \/>\n<meta property=\"og:description\" content=\"Le SER r\u00e9v\u00e8le les r\u00e9sultats d\u2019un sondage exclusif qui met en \u00e9vidence la large d\u00e9sapprobation par les Fran\u00e7ais de la mesure que le Gouvernement s\u2019appr\u00eate \u00e0 prendre en revenant de mani\u00e8re r\u00e9troactive sur ses engagements de soutien au d\u00e9veloppement de l\u2019\u00e9nergie solaire en France. Une mesure qui g\u00e9n\u00e8re une crise de confiance majeure pour les [&hellip;]\" \/>\n<meta property=\"og:url\" content=\"https:\/\/batijournal.com\/index.php\/solaire-photovoltaique-les-francais-desapprouvent-la-marche-arriere-du-gouvernement\/105069\/\" \/>\n<meta property=\"og:site_name\" content=\"Batijournal\" \/>\n<meta property=\"article:published_time\" content=\"2020-11-03T06:27:49+00:00\" \/>\n<meta property=\"og:image\" content=\"https:\/\/batijournal.com\/wp-content\/uploads\/2020\/11\/solaire-photovoltaique-retroactivite.png\" \/>\n\t<meta property=\"og:image:width\" content=\"1304\" \/>\n\t<meta property=\"og:image:height\" content=\"566\" \/>\n\t<meta property=\"og:image:type\" content=\"image\/png\" \/>\n<meta name=\"author\" content=\"St\u00e9phane Miget\" \/>\n<meta name=\"twitter:card\" content=\"summary_large_image\" \/>\n<meta name=\"twitter:creator\" content=\"@bati_journal\" \/>\n<meta name=\"twitter:site\" content=\"@bati_journal\" \/>\n<meta name=\"twitter:label1\" content=\"\u00c9crit par\" \/>\n\t<meta name=\"twitter:data1\" content=\"St\u00e9phane Miget\" \/>\n\t<meta name=\"twitter:label2\" content=\"Dur\u00e9e de lecture estim\u00e9e\" \/>\n\t<meta name=\"twitter:data2\" content=\"1 minute\" \/>\n<script type=\"application\/ld+json\" class=\"yoast-schema-graph\">{\"@context\":\"https:\\\/\\\/schema.org\",\"@graph\":[{\"@type\":\"Article\",\"@id\":\"https:\\\/\\\/batijournal.com\\\/index.php\\\/solaire-photovoltaique-les-francais-desapprouvent-la-marche-arriere-du-gouvernement\\\/105069\\\/#article\",\"isPartOf\":{\"@id\":\"https:\\\/\\\/batijournal.com\\\/index.php\\\/solaire-photovoltaique-les-francais-desapprouvent-la-marche-arriere-du-gouvernement\\\/105069\\\/\"},\"author\":{\"name\":\"St\u00e9phane Miget\",\"@id\":\"https:\\\/\\\/batijournal.com\\\/#\\\/schema\\\/person\\\/1dc96ec6957aa1ccb25ebe78bb19f100\"},\"headline\":\"Solaire photovolta\u00efque : les Fran\u00e7ais d\u00e9sapprouvent la marche arri\u00e8re du Gouvernement\",\"datePublished\":\"2020-11-03T06:27:49+00:00\",\"mainEntityOfPage\":{\"@id\":\"https:\\\/\\\/batijournal.com\\\/index.php\\\/solaire-photovoltaique-les-francais-desapprouvent-la-marche-arriere-du-gouvernement\\\/105069\\\/\"},\"wordCount\":154,\"image\":{\"@id\":\"https:\\\/\\\/batijournal.com\\\/index.php\\\/solaire-photovoltaique-les-francais-desapprouvent-la-marche-arriere-du-gouvernement\\\/105069\\\/#primaryimage\"},\"thumbnailUrl\":\"https:\\\/\\\/batijournal.com\\\/wp-content\\\/uploads\\\/2020\\\/11\\\/solaire-photovoltaique-retroactivite.png\",\"keywords\":[\"photovolta\u00efque\"],\"articleSection\":[\"Actualit\u00e9s\",\"\u00c9nergie &amp; Environnement\",\"zz_Actualit\u00e9s - Plan\u00e8te\",\"zz_Plan\u00e8te B\u00e2timent\"],\"inLanguage\":\"fr-FR\"},{\"@type\":\"WebPage\",\"@id\":\"https:\\\/\\\/batijournal.com\\\/index.php\\\/solaire-photovoltaique-les-francais-desapprouvent-la-marche-arriere-du-gouvernement\\\/105069\\\/\",\"url\":\"https:\\\/\\\/batijournal.com\\\/index.php\\\/solaire-photovoltaique-les-francais-desapprouvent-la-marche-arriere-du-gouvernement\\\/105069\\\/\",\"name\":\"Solaire photovolta\u00efque : les Fran\u00e7ais d\u00e9sapprouvent la marche arri\u00e8re du Gouvernement\",\"isPartOf\":{\"@id\":\"https:\\\/\\\/batijournal.com\\\/#website\"},\"primaryImageOfPage\":{\"@id\":\"https:\\\/\\\/batijournal.com\\\/index.php\\\/solaire-photovoltaique-les-francais-desapprouvent-la-marche-arriere-du-gouvernement\\\/105069\\\/#primaryimage\"},\"image\":{\"@id\":\"https:\\\/\\\/batijournal.com\\\/index.php\\\/solaire-photovoltaique-les-francais-desapprouvent-la-marche-arriere-du-gouvernement\\\/105069\\\/#primaryimage\"},\"thumbnailUrl\":\"https:\\\/\\\/batijournal.com\\\/wp-content\\\/uploads\\\/2020\\\/11\\\/solaire-photovoltaique-retroactivite.png\",\"datePublished\":\"2020-11-03T06:27:49+00:00\",\"author\":{\"@id\":\"https:\\\/\\\/batijournal.com\\\/#\\\/schema\\\/person\\\/1dc96ec6957aa1ccb25ebe78bb19f100\"},\"breadcrumb\":{\"@id\":\"https:\\\/\\\/batijournal.com\\\/index.php\\\/solaire-photovoltaique-les-francais-desapprouvent-la-marche-arriere-du-gouvernement\\\/105069\\\/#breadcrumb\"},\"inLanguage\":\"fr-FR\",\"potentialAction\":[{\"@type\":\"ReadAction\",\"target\":[\"https:\\\/\\\/batijournal.com\\\/index.php\\\/solaire-photovoltaique-les-francais-desapprouvent-la-marche-arriere-du-gouvernement\\\/105069\\\/\"]}]},{\"@type\":\"ImageObject\",\"inLanguage\":\"fr-FR\",\"@id\":\"https:\\\/\\\/batijournal.com\\\/index.php\\\/solaire-photovoltaique-les-francais-desapprouvent-la-marche-arriere-du-gouvernement\\\/105069\\\/#primaryimage\",\"url\":\"https:\\\/\\\/batijournal.com\\\/wp-content\\\/uploads\\\/2020\\\/11\\\/solaire-photovoltaique-retroactivite.png\",\"contentUrl\":\"https:\\\/\\\/batijournal.com\\\/wp-content\\\/uploads\\\/2020\\\/11\\\/solaire-photovoltaique-retroactivite.png\",\"width\":1304,\"height\":566},{\"@type\":\"BreadcrumbList\",\"@id\":\"https:\\\/\\\/batijournal.com\\\/index.php\\\/solaire-photovoltaique-les-francais-desapprouvent-la-marche-arriere-du-gouvernement\\\/105069\\\/#breadcrumb\",\"itemListElement\":[{\"@type\":\"ListItem\",\"position\":1,\"name\":\"Accueil\",\"item\":\"https:\\\/\\\/batijournal.com\\\/\"},{\"@type\":\"ListItem\",\"position\":2,\"name\":\"Actualit\u00e9s\",\"item\":\"https:\\\/\\\/batijournal.com\\\/index.php\\\/category\\\/actualites\\\/\"},{\"@type\":\"ListItem\",\"position\":3,\"name\":\"\u00c9nergie &amp; Environnement\",\"item\":\"https:\\\/\\\/batijournal.com\\\/index.php\\\/category\\\/actualites\\\/energie-environnement\\\/\"},{\"@type\":\"ListItem\",\"position\":4,\"name\":\"Solaire photovolta\u00efque : les Fran\u00e7ais d\u00e9sapprouvent la marche arri\u00e8re du Gouvernement\"}]},{\"@type\":\"WebSite\",\"@id\":\"https:\\\/\\\/batijournal.com\\\/#website\",\"url\":\"https:\\\/\\\/batijournal.com\\\/\",\"name\":\"Batijournal\",\"description\":\"L&#039;actualit\u00e9 du b\u00e2timent\",\"potentialAction\":[{\"@type\":\"SearchAction\",\"target\":{\"@type\":\"EntryPoint\",\"urlTemplate\":\"https:\\\/\\\/batijournal.com\\\/?s={search_term_string}\"},\"query-input\":{\"@type\":\"PropertyValueSpecification\",\"valueRequired\":true,\"valueName\":\"search_term_string\"}}],\"inLanguage\":\"fr-FR\"},{\"@type\":\"Person\",\"@id\":\"https:\\\/\\\/batijournal.com\\\/#\\\/schema\\\/person\\\/1dc96ec6957aa1ccb25ebe78bb19f100\",\"name\":\"St\u00e9phane Miget\",\"image\":{\"@type\":\"ImageObject\",\"inLanguage\":\"fr-FR\",\"@id\":\"https:\\\/\\\/secure.gravatar.com\\\/avatar\\\/89915563d925342126b8ef0281b93d9d7fc337043e8df017f780908eb9644451?s=96&d=mm&r=g\",\"url\":\"https:\\\/\\\/secure.gravatar.com\\\/avatar\\\/89915563d925342126b8ef0281b93d9d7fc337043e8df017f780908eb9644451?s=96&d=mm&r=g\",\"contentUrl\":\"https:\\\/\\\/secure.gravatar.com\\\/avatar\\\/89915563d925342126b8ef0281b93d9d7fc337043e8df017f780908eb9644451?s=96&d=mm&r=g\",\"caption\":\"St\u00e9phane Miget\"},\"url\":\"https:\\\/\\\/batijournal.com\\\/index.php\\\/author\\\/stephane\\\/\"}]}<\/script>\n<!-- \/ Yoast SEO plugin. -->","yoast_head_json":{"title":"Solaire photovolta\u00efque : les Fran\u00e7ais d\u00e9sapprouvent la marche arri\u00e8re du Gouvernement","robots":{"index":"index","follow":"follow","max-snippet":"max-snippet:-1","max-image-preview":"max-image-preview:large","max-video-preview":"max-video-preview:-1"},"canonical":"https:\/\/batijournal.com\/index.php\/solaire-photovoltaique-les-francais-desapprouvent-la-marche-arriere-du-gouvernement\/105069\/","og_locale":"fr_FR","og_type":"article","og_title":"Solaire photovolta\u00efque : les Fran\u00e7ais d\u00e9sapprouvent la marche arri\u00e8re du Gouvernement","og_description":"Le SER r\u00e9v\u00e8le les r\u00e9sultats d\u2019un sondage exclusif qui met en \u00e9vidence la large d\u00e9sapprobation par les Fran\u00e7ais de la mesure que le Gouvernement s\u2019appr\u00eate \u00e0 prendre en revenant de mani\u00e8re r\u00e9troactive sur ses engagements de soutien au d\u00e9veloppement de l\u2019\u00e9nergie solaire en France. Une mesure qui g\u00e9n\u00e8re une crise de confiance majeure pour les [&hellip;]","og_url":"https:\/\/batijournal.com\/index.php\/solaire-photovoltaique-les-francais-desapprouvent-la-marche-arriere-du-gouvernement\/105069\/","og_site_name":"Batijournal","article_published_time":"2020-11-03T06:27:49+00:00","og_image":[{"width":1304,"height":566,"url":"https:\/\/batijournal.com\/wp-content\/uploads\/2020\/11\/solaire-photovoltaique-retroactivite.png","type":"image\/png"}],"author":"St\u00e9phane Miget","twitter_card":"summary_large_image","twitter_creator":"@bati_journal","twitter_site":"@bati_journal","twitter_misc":{"\u00c9crit par":"St\u00e9phane Miget","Dur\u00e9e de lecture estim\u00e9e":"1 minute"},"schema":{"@context":"https:\/\/schema.org","@graph":[{"@type":"Article","@id":"https:\/\/batijournal.com\/index.php\/solaire-photovoltaique-les-francais-desapprouvent-la-marche-arriere-du-gouvernement\/105069\/#article","isPartOf":{"@id":"https:\/\/batijournal.com\/index.php\/solaire-photovoltaique-les-francais-desapprouvent-la-marche-arriere-du-gouvernement\/105069\/"},"author":{"name":"St\u00e9phane Miget","@id":"https:\/\/batijournal.com\/#\/schema\/person\/1dc96ec6957aa1ccb25ebe78bb19f100"},"headline":"Solaire photovolta\u00efque : les Fran\u00e7ais d\u00e9sapprouvent la marche arri\u00e8re du Gouvernement","datePublished":"2020-11-03T06:27:49+00:00","mainEntityOfPage":{"@id":"https:\/\/batijournal.com\/index.php\/solaire-photovoltaique-les-francais-desapprouvent-la-marche-arriere-du-gouvernement\/105069\/"},"wordCount":154,"image":{"@id":"https:\/\/batijournal.com\/index.php\/solaire-photovoltaique-les-francais-desapprouvent-la-marche-arriere-du-gouvernement\/105069\/#primaryimage"},"thumbnailUrl":"https:\/\/batijournal.com\/wp-content\/uploads\/2020\/11\/solaire-photovoltaique-retroactivite.png","keywords":["photovolta\u00efque"],"articleSection":["Actualit\u00e9s","\u00c9nergie &amp; Environnement","zz_Actualit\u00e9s - Plan\u00e8te","zz_Plan\u00e8te B\u00e2timent"],"inLanguage":"fr-FR"},{"@type":"WebPage","@id":"https:\/\/batijournal.com\/index.php\/solaire-photovoltaique-les-francais-desapprouvent-la-marche-arriere-du-gouvernement\/105069\/","url":"https:\/\/batijournal.com\/index.php\/solaire-photovoltaique-les-francais-desapprouvent-la-marche-arriere-du-gouvernement\/105069\/","name":"Solaire photovolta\u00efque : les Fran\u00e7ais d\u00e9sapprouvent la marche arri\u00e8re du Gouvernement","isPartOf":{"@id":"https:\/\/batijournal.com\/#website"},"primaryImageOfPage":{"@id":"https:\/\/batijournal.com\/index.php\/solaire-photovoltaique-les-francais-desapprouvent-la-marche-arriere-du-gouvernement\/105069\/#primaryimage"},"image":{"@id":"https:\/\/batijournal.com\/index.php\/solaire-photovoltaique-les-francais-desapprouvent-la-marche-arriere-du-gouvernement\/105069\/#primaryimage"},"thumbnailUrl":"https:\/\/batijournal.com\/wp-content\/uploads\/2020\/11\/solaire-photovoltaique-retroactivite.png","datePublished":"2020-11-03T06:27:49+00:00","author":{"@id":"https:\/\/batijournal.com\/#\/schema\/person\/1dc96ec6957aa1ccb25ebe78bb19f100"},"breadcrumb":{"@id":"https:\/\/batijournal.com\/index.php\/solaire-photovoltaique-les-francais-desapprouvent-la-marche-arriere-du-gouvernement\/105069\/#breadcrumb"},"inLanguage":"fr-FR","potentialAction":[{"@type":"ReadAction","target":["https:\/\/batijournal.com\/index.php\/solaire-photovoltaique-les-francais-desapprouvent-la-marche-arriere-du-gouvernement\/105069\/"]}]},{"@type":"ImageObject","inLanguage":"fr-FR","@id":"https:\/\/batijournal.com\/index.php\/solaire-photovoltaique-les-francais-desapprouvent-la-marche-arriere-du-gouvernement\/105069\/#primaryimage","url":"https:\/\/batijournal.com\/wp-content\/uploads\/2020\/11\/solaire-photovoltaique-retroactivite.png","contentUrl":"https:\/\/batijournal.com\/wp-content\/uploads\/2020\/11\/solaire-photovoltaique-retroactivite.png","width":1304,"height":566},{"@type":"BreadcrumbList","@id":"https:\/\/batijournal.com\/index.php\/solaire-photovoltaique-les-francais-desapprouvent-la-marche-arriere-du-gouvernement\/105069\/#breadcrumb","itemListElement":[{"@type":"ListItem","position":1,"name":"Accueil","item":"https:\/\/batijournal.com\/"},{"@type":"ListItem","position":2,"name":"Actualit\u00e9s","item":"https:\/\/batijournal.com\/index.php\/category\/actualites\/"},{"@type":"ListItem","position":3,"name":"\u00c9nergie &amp; Environnement","item":"https:\/\/batijournal.com\/index.php\/category\/actualites\/energie-environnement\/"},{"@type":"ListItem","position":4,"name":"Solaire photovolta\u00efque : les Fran\u00e7ais d\u00e9sapprouvent la marche arri\u00e8re du Gouvernement"}]},{"@type":"WebSite","@id":"https:\/\/batijournal.com\/#website","url":"https:\/\/batijournal.com\/","name":"Batijournal","description":"L&#039;actualit\u00e9 du b\u00e2timent","potentialAction":[{"@type":"SearchAction","target":{"@type":"EntryPoint","urlTemplate":"https:\/\/batijournal.com\/?s={search_term_string}"},"query-input":{"@type":"PropertyValueSpecification","valueRequired":true,"valueName":"search_term_string"}}],"inLanguage":"fr-FR"},{"@type":"Person","@id":"https:\/\/batijournal.com\/#\/schema\/person\/1dc96ec6957aa1ccb25ebe78bb19f100","name":"St\u00e9phane Miget","image":{"@type":"ImageObject","inLanguage":"fr-FR","@id":"https:\/\/secure.gravatar.com\/avatar\/89915563d925342126b8ef0281b93d9d7fc337043e8df017f780908eb9644451?s=96&d=mm&r=g","url":"https:\/\/secure.gravatar.com\/avatar\/89915563d925342126b8ef0281b93d9d7fc337043e8df017f780908eb9644451?s=96&d=mm&r=g","contentUrl":"https:\/\/secure.gravatar.com\/avatar\/89915563d925342126b8ef0281b93d9d7fc337043e8df017f780908eb9644451?s=96&d=mm&r=g","caption":"St\u00e9phane Miget"},"url":"https:\/\/batijournal.com\/index.php\/author\/stephane\/"}]}},"_links":{"self":[{"href":"https:\/\/batijournal.com\/index.php\/wp-json\/wp\/v2\/posts\/105069","targetHints":{"allow":["GET"]}}],"collection":[{"href":"https:\/\/batijournal.com\/index.php\/wp-json\/wp\/v2\/posts"}],"about":[{"href":"https:\/\/batijournal.com\/index.php\/wp-json\/wp\/v2\/types\/post"}],"author":[{"embeddable":true,"href":"https:\/\/batijournal.com\/index.php\/wp-json\/wp\/v2\/users\/17"}],"replies":[{"embeddable":true,"href":"https:\/\/batijournal.com\/index.php\/wp-json\/wp\/v2\/comments?post=105069"}],"version-history":[{"count":0,"href":"https:\/\/batijournal.com\/index.php\/wp-json\/wp\/v2\/posts\/105069\/revisions"}],"wp:featuredmedia":[{"embeddable":true,"href":"https:\/\/batijournal.com\/index.php\/wp-json\/wp\/v2\/media\/105070"}],"wp:attachment":[{"href":"https:\/\/batijournal.com\/index.php\/wp-json\/wp\/v2\/media?parent=105069"}],"wp:term":[{"taxonomy":"category","embeddable":true,"href":"https:\/\/batijournal.com\/index.php\/wp-json\/wp\/v2\/categories?post=105069"},{"taxonomy":"post_tag","embeddable":true,"href":"https:\/\/batijournal.com\/index.php\/wp-json\/wp\/v2\/tags?post=105069"}],"curies":[{"name":"wp","href":"https:\/\/api.w.org\/{rel}","templated":true}]}}