{"id":105071,"date":"2020-11-03T07:56:13","date_gmt":"2020-11-03T06:56:13","guid":{"rendered":"https:\/\/batijournal.com\/?p=105071"},"modified":"2020-11-03T07:56:13","modified_gmt":"2020-11-03T06:56:13","slug":"siniat-veut-diminuer-son-empreinte-carbone-tout-en-augmentant-sa-production","status":"publish","type":"post","link":"https:\/\/batijournal.com\/index.php\/siniat-veut-diminuer-son-empreinte-carbone-tout-en-augmentant-sa-production\/105071\/","title":{"rendered":"Siniat veut diminuer son empreinte carbone tout en augmentant sa production"},"content":{"rendered":"<p>Siniat annonce des investissements cons\u00e9quents, de plusieurs millions d\u2019euros sur 5 ans, pour augmenter ses capacit\u00e9s de production et r\u00e9duire son empreinte environnementale, afin de r\u00e9pondre \u00e0 la croissance continue de la demande. Le principal projet de ce programme d\u2019investissements est la r\u00e9novation compl\u00e8te du site industriel de Carpentras dont la taille va doubler. Afin de conforter sa position dominante sur le march\u00e9 du Sud de la France, Siniat a mis en place d\u00e8s 2018 une \u00e9quipe projet et a acquis les terrains n\u00e9cessaires \u00e0 l\u2019agrandissement du site en 2019. La production passera ainsi de 30 \u00e0 60 millions de m2. L\u2019ambition de Siniat est de faire de ce site historique une usine mod\u00e8le parmi les plus performantes et les plus comp\u00e9titives d\u2019Europe.<\/p>\n<p>Par ailleurs, l&rsquo;entreprise investit pour r\u00e9duire significativement son empreinte environnementale, notamment son empreinte carbone. D\u00e9j\u00e0 engag\u00e9 depuis plus de 10 ans dans le recyclage et l\u2019\u00e9conomie circulaire en France, Siniat va encore plus loin en concentrant ses efforts autour de trois axes :<br \/>\n&#8211; r\u00e9duire de 20 \u00e0 30% l\u2019\u00e9nergie n\u00e9cessaire \u00e0 la fabrication d\u2019une plaque de pl\u00e2tre gr\u00e2ce \u00e0 l\u2019utilisation d\u2019\u00e9quipements moins \u00e9nergivores favorisant la r\u00e9cup\u00e9ration d\u2019\u00e9nergie (projets de cog\u00e9n\u00e9ration, acquisition de s\u00e9choirs modernes\u2026),<br \/>\n&#8211; augmenter la collecte des d\u00e9chets de chantiers via son programme Eco Pl\u00e2tre et int\u00e9grer toujours plus de pl\u00e2tre recycl\u00e9 dans sa production,<br \/>\n&#8211; diminuer l\u2019empreinte carbone en limitant drastiquement les transferts de produits d\u2019un site \u00e0 l\u2019autre.<\/p>\n","protected":false},"excerpt":{"rendered":"<p>Siniat annonce des investissements cons\u00e9quents, de plusieurs millions d\u2019euros sur 5 ans, pour augmenter ses capacit\u00e9s de production et r\u00e9duire son empreinte environnementale, afin de r\u00e9pondre \u00e0 la croissance continue de la demande. Le principal projet de ce programme d\u2019investissements est la r\u00e9novation compl\u00e8te du site industriel de Carpentras dont la taille va doubler. Afin [&hellip;]<\/p>\n","protected":false},"author":17,"featured_media":105072,"comment_status":"closed","ping_status":"closed","sticky":false,"template":"","format":"standard","meta":{"_et_pb_use_builder":"","_et_pb_old_content":"","_et_gb_content_width":"","footnotes":""},"categories":[10530,6345,10781,10778],"tags":[7976,7582],"class_list":["post-105071","post","type-post","status-publish","format-standard","has-post-thumbnail","hentry","category-actualites","category-economie-marches","category-publications-planete","category-planete","tag-empreinte-carbone","tag-plaques-de-platre"],"yoast_head":"<!-- This site is optimized with the Yoast SEO plugin v27.4 - https:\/\/yoast.com\/product\/yoast-seo-wordpress\/ -->\n<title>Siniat veut diminuer son empreinte carbone tout en augmentant sa production<\/title>\n<meta name=\"robots\" content=\"index, follow, max-snippet:-1, max-image-preview:large, max-video-preview:-1\" \/>\n<link rel=\"canonical\" href=\"https:\/\/batijournal.com\/index.php\/siniat-veut-diminuer-son-empreinte-carbone-tout-en-augmentant-sa-production\/105071\/\" \/>\n<meta property=\"og:locale\" content=\"fr_FR\" \/>\n<meta property=\"og:type\" content=\"article\" \/>\n<meta property=\"og:title\" content=\"Siniat veut diminuer son empreinte carbone tout en augmentant sa production\" \/>\n<meta property=\"og:description\" content=\"Siniat annonce des investissements cons\u00e9quents, de plusieurs millions d\u2019euros sur 5 ans, pour augmenter ses capacit\u00e9s de production et r\u00e9duire son empreinte environnementale, afin de r\u00e9pondre \u00e0 la croissance continue de la demande. Le principal projet de ce programme d\u2019investissements est la r\u00e9novation compl\u00e8te du site industriel de Carpentras dont la taille va doubler. Afin [&hellip;]\" \/>\n<meta property=\"og:url\" content=\"https:\/\/batijournal.com\/index.php\/siniat-veut-diminuer-son-empreinte-carbone-tout-en-augmentant-sa-production\/105071\/\" \/>\n<meta property=\"og:site_name\" content=\"Batijournal\" \/>\n<meta property=\"article:published_time\" content=\"2020-11-03T06:56:13+00:00\" \/>\n<meta property=\"og:image\" content=\"https:\/\/batijournal.com\/wp-content\/uploads\/2020\/11\/Carpentras.jpg\" \/>\n\t<meta property=\"og:image:width\" content=\"1420\" \/>\n\t<meta property=\"og:image:height\" content=\"946\" \/>\n\t<meta property=\"og:image:type\" content=\"image\/jpeg\" \/>\n<meta name=\"author\" content=\"St\u00e9phane Miget\" \/>\n<meta name=\"twitter:card\" content=\"summary_large_image\" \/>\n<meta name=\"twitter:creator\" content=\"@bati_journal\" \/>\n<meta name=\"twitter:site\" content=\"@bati_journal\" \/>\n<meta name=\"twitter:label1\" content=\"\u00c9crit par\" \/>\n\t<meta name=\"twitter:data1\" content=\"St\u00e9phane Miget\" \/>\n\t<meta name=\"twitter:label2\" content=\"Dur\u00e9e de lecture estim\u00e9e\" \/>\n\t<meta name=\"twitter:data2\" content=\"1 minute\" \/>\n<script type=\"application\/ld+json\" class=\"yoast-schema-graph\">{\"@context\":\"https:\\\/\\\/schema.org\",\"@graph\":[{\"@type\":\"Article\",\"@id\":\"https:\\\/\\\/batijournal.com\\\/index.php\\\/siniat-veut-diminuer-son-empreinte-carbone-tout-en-augmentant-sa-production\\\/105071\\\/#article\",\"isPartOf\":{\"@id\":\"https:\\\/\\\/batijournal.com\\\/index.php\\\/siniat-veut-diminuer-son-empreinte-carbone-tout-en-augmentant-sa-production\\\/105071\\\/\"},\"author\":{\"name\":\"St\u00e9phane Miget\",\"@id\":\"https:\\\/\\\/batijournal.com\\\/#\\\/schema\\\/person\\\/1dc96ec6957aa1ccb25ebe78bb19f100\"},\"headline\":\"Siniat veut diminuer son empreinte carbone tout en augmentant sa production\",\"datePublished\":\"2020-11-03T06:56:13+00:00\",\"mainEntityOfPage\":{\"@id\":\"https:\\\/\\\/batijournal.com\\\/index.php\\\/siniat-veut-diminuer-son-empreinte-carbone-tout-en-augmentant-sa-production\\\/105071\\\/\"},\"wordCount\":271,\"image\":{\"@id\":\"https:\\\/\\\/batijournal.com\\\/index.php\\\/siniat-veut-diminuer-son-empreinte-carbone-tout-en-augmentant-sa-production\\\/105071\\\/#primaryimage\"},\"thumbnailUrl\":\"https:\\\/\\\/batijournal.com\\\/wp-content\\\/uploads\\\/2020\\\/11\\\/Carpentras.jpg\",\"keywords\":[\"empreinte carbone\",\"plaques de platre\"],\"articleSection\":[\"Actualit\u00e9s\",\"\u00c9conomie &amp; March\u00e9s\",\"zz_Actualit\u00e9s - Plan\u00e8te\",\"zz_Plan\u00e8te B\u00e2timent\"],\"inLanguage\":\"fr-FR\"},{\"@type\":\"WebPage\",\"@id\":\"https:\\\/\\\/batijournal.com\\\/index.php\\\/siniat-veut-diminuer-son-empreinte-carbone-tout-en-augmentant-sa-production\\\/105071\\\/\",\"url\":\"https:\\\/\\\/batijournal.com\\\/index.php\\\/siniat-veut-diminuer-son-empreinte-carbone-tout-en-augmentant-sa-production\\\/105071\\\/\",\"name\":\"Siniat veut diminuer son empreinte carbone tout en augmentant sa production\",\"isPartOf\":{\"@id\":\"https:\\\/\\\/batijournal.com\\\/#website\"},\"primaryImageOfPage\":{\"@id\":\"https:\\\/\\\/batijournal.com\\\/index.php\\\/siniat-veut-diminuer-son-empreinte-carbone-tout-en-augmentant-sa-production\\\/105071\\\/#primaryimage\"},\"image\":{\"@id\":\"https:\\\/\\\/batijournal.com\\\/index.php\\\/siniat-veut-diminuer-son-empreinte-carbone-tout-en-augmentant-sa-production\\\/105071\\\/#primaryimage\"},\"thumbnailUrl\":\"https:\\\/\\\/batijournal.com\\\/wp-content\\\/uploads\\\/2020\\\/11\\\/Carpentras.jpg\",\"datePublished\":\"2020-11-03T06:56:13+00:00\",\"author\":{\"@id\":\"https:\\\/\\\/batijournal.com\\\/#\\\/schema\\\/person\\\/1dc96ec6957aa1ccb25ebe78bb19f100\"},\"breadcrumb\":{\"@id\":\"https:\\\/\\\/batijournal.com\\\/index.php\\\/siniat-veut-diminuer-son-empreinte-carbone-tout-en-augmentant-sa-production\\\/105071\\\/#breadcrumb\"},\"inLanguage\":\"fr-FR\",\"potentialAction\":[{\"@type\":\"ReadAction\",\"target\":[\"https:\\\/\\\/batijournal.com\\\/index.php\\\/siniat-veut-diminuer-son-empreinte-carbone-tout-en-augmentant-sa-production\\\/105071\\\/\"]}]},{\"@type\":\"ImageObject\",\"inLanguage\":\"fr-FR\",\"@id\":\"https:\\\/\\\/batijournal.com\\\/index.php\\\/siniat-veut-diminuer-son-empreinte-carbone-tout-en-augmentant-sa-production\\\/105071\\\/#primaryimage\",\"url\":\"https:\\\/\\\/batijournal.com\\\/wp-content\\\/uploads\\\/2020\\\/11\\\/Carpentras.jpg\",\"contentUrl\":\"https:\\\/\\\/batijournal.com\\\/wp-content\\\/uploads\\\/2020\\\/11\\\/Carpentras.jpg\",\"width\":1420,\"height\":946},{\"@type\":\"BreadcrumbList\",\"@id\":\"https:\\\/\\\/batijournal.com\\\/index.php\\\/siniat-veut-diminuer-son-empreinte-carbone-tout-en-augmentant-sa-production\\\/105071\\\/#breadcrumb\",\"itemListElement\":[{\"@type\":\"ListItem\",\"position\":1,\"name\":\"Accueil\",\"item\":\"https:\\\/\\\/batijournal.com\\\/\"},{\"@type\":\"ListItem\",\"position\":2,\"name\":\"Actualit\u00e9s\",\"item\":\"https:\\\/\\\/batijournal.com\\\/index.php\\\/category\\\/actualites\\\/\"},{\"@type\":\"ListItem\",\"position\":3,\"name\":\"\u00c9conomie &amp; March\u00e9s\",\"item\":\"https:\\\/\\\/batijournal.com\\\/index.php\\\/category\\\/actualites\\\/economie-marches\\\/\"},{\"@type\":\"ListItem\",\"position\":4,\"name\":\"Siniat veut diminuer son empreinte carbone tout en augmentant sa production\"}]},{\"@type\":\"WebSite\",\"@id\":\"https:\\\/\\\/batijournal.com\\\/#website\",\"url\":\"https:\\\/\\\/batijournal.com\\\/\",\"name\":\"Batijournal\",\"description\":\"L&#039;actualit\u00e9 du b\u00e2timent\",\"potentialAction\":[{\"@type\":\"SearchAction\",\"target\":{\"@type\":\"EntryPoint\",\"urlTemplate\":\"https:\\\/\\\/batijournal.com\\\/?s={search_term_string}\"},\"query-input\":{\"@type\":\"PropertyValueSpecification\",\"valueRequired\":true,\"valueName\":\"search_term_string\"}}],\"inLanguage\":\"fr-FR\"},{\"@type\":\"Person\",\"@id\":\"https:\\\/\\\/batijournal.com\\\/#\\\/schema\\\/person\\\/1dc96ec6957aa1ccb25ebe78bb19f100\",\"name\":\"St\u00e9phane Miget\",\"image\":{\"@type\":\"ImageObject\",\"inLanguage\":\"fr-FR\",\"@id\":\"https:\\\/\\\/secure.gravatar.com\\\/avatar\\\/89915563d925342126b8ef0281b93d9d7fc337043e8df017f780908eb9644451?s=96&d=mm&r=g\",\"url\":\"https:\\\/\\\/secure.gravatar.com\\\/avatar\\\/89915563d925342126b8ef0281b93d9d7fc337043e8df017f780908eb9644451?s=96&d=mm&r=g\",\"contentUrl\":\"https:\\\/\\\/secure.gravatar.com\\\/avatar\\\/89915563d925342126b8ef0281b93d9d7fc337043e8df017f780908eb9644451?s=96&d=mm&r=g\",\"caption\":\"St\u00e9phane Miget\"},\"url\":\"https:\\\/\\\/batijournal.com\\\/index.php\\\/author\\\/stephane\\\/\"}]}<\/script>\n<!-- \/ Yoast SEO plugin. -->","yoast_head_json":{"title":"Siniat veut diminuer son empreinte carbone tout en augmentant sa production","robots":{"index":"index","follow":"follow","max-snippet":"max-snippet:-1","max-image-preview":"max-image-preview:large","max-video-preview":"max-video-preview:-1"},"canonical":"https:\/\/batijournal.com\/index.php\/siniat-veut-diminuer-son-empreinte-carbone-tout-en-augmentant-sa-production\/105071\/","og_locale":"fr_FR","og_type":"article","og_title":"Siniat veut diminuer son empreinte carbone tout en augmentant sa production","og_description":"Siniat annonce des investissements cons\u00e9quents, de plusieurs millions d\u2019euros sur 5 ans, pour augmenter ses capacit\u00e9s de production et r\u00e9duire son empreinte environnementale, afin de r\u00e9pondre \u00e0 la croissance continue de la demande. Le principal projet de ce programme d\u2019investissements est la r\u00e9novation compl\u00e8te du site industriel de Carpentras dont la taille va doubler. Afin [&hellip;]","og_url":"https:\/\/batijournal.com\/index.php\/siniat-veut-diminuer-son-empreinte-carbone-tout-en-augmentant-sa-production\/105071\/","og_site_name":"Batijournal","article_published_time":"2020-11-03T06:56:13+00:00","og_image":[{"width":1420,"height":946,"url":"https:\/\/batijournal.com\/wp-content\/uploads\/2020\/11\/Carpentras.jpg","type":"image\/jpeg"}],"author":"St\u00e9phane Miget","twitter_card":"summary_large_image","twitter_creator":"@bati_journal","twitter_site":"@bati_journal","twitter_misc":{"\u00c9crit par":"St\u00e9phane Miget","Dur\u00e9e de lecture estim\u00e9e":"1 minute"},"schema":{"@context":"https:\/\/schema.org","@graph":[{"@type":"Article","@id":"https:\/\/batijournal.com\/index.php\/siniat-veut-diminuer-son-empreinte-carbone-tout-en-augmentant-sa-production\/105071\/#article","isPartOf":{"@id":"https:\/\/batijournal.com\/index.php\/siniat-veut-diminuer-son-empreinte-carbone-tout-en-augmentant-sa-production\/105071\/"},"author":{"name":"St\u00e9phane Miget","@id":"https:\/\/batijournal.com\/#\/schema\/person\/1dc96ec6957aa1ccb25ebe78bb19f100"},"headline":"Siniat veut diminuer son empreinte carbone tout en augmentant sa production","datePublished":"2020-11-03T06:56:13+00:00","mainEntityOfPage":{"@id":"https:\/\/batijournal.com\/index.php\/siniat-veut-diminuer-son-empreinte-carbone-tout-en-augmentant-sa-production\/105071\/"},"wordCount":271,"image":{"@id":"https:\/\/batijournal.com\/index.php\/siniat-veut-diminuer-son-empreinte-carbone-tout-en-augmentant-sa-production\/105071\/#primaryimage"},"thumbnailUrl":"https:\/\/batijournal.com\/wp-content\/uploads\/2020\/11\/Carpentras.jpg","keywords":["empreinte carbone","plaques de platre"],"articleSection":["Actualit\u00e9s","\u00c9conomie &amp; March\u00e9s","zz_Actualit\u00e9s - Plan\u00e8te","zz_Plan\u00e8te B\u00e2timent"],"inLanguage":"fr-FR"},{"@type":"WebPage","@id":"https:\/\/batijournal.com\/index.php\/siniat-veut-diminuer-son-empreinte-carbone-tout-en-augmentant-sa-production\/105071\/","url":"https:\/\/batijournal.com\/index.php\/siniat-veut-diminuer-son-empreinte-carbone-tout-en-augmentant-sa-production\/105071\/","name":"Siniat veut diminuer son empreinte carbone tout en augmentant sa production","isPartOf":{"@id":"https:\/\/batijournal.com\/#website"},"primaryImageOfPage":{"@id":"https:\/\/batijournal.com\/index.php\/siniat-veut-diminuer-son-empreinte-carbone-tout-en-augmentant-sa-production\/105071\/#primaryimage"},"image":{"@id":"https:\/\/batijournal.com\/index.php\/siniat-veut-diminuer-son-empreinte-carbone-tout-en-augmentant-sa-production\/105071\/#primaryimage"},"thumbnailUrl":"https:\/\/batijournal.com\/wp-content\/uploads\/2020\/11\/Carpentras.jpg","datePublished":"2020-11-03T06:56:13+00:00","author":{"@id":"https:\/\/batijournal.com\/#\/schema\/person\/1dc96ec6957aa1ccb25ebe78bb19f100"},"breadcrumb":{"@id":"https:\/\/batijournal.com\/index.php\/siniat-veut-diminuer-son-empreinte-carbone-tout-en-augmentant-sa-production\/105071\/#breadcrumb"},"inLanguage":"fr-FR","potentialAction":[{"@type":"ReadAction","target":["https:\/\/batijournal.com\/index.php\/siniat-veut-diminuer-son-empreinte-carbone-tout-en-augmentant-sa-production\/105071\/"]}]},{"@type":"ImageObject","inLanguage":"fr-FR","@id":"https:\/\/batijournal.com\/index.php\/siniat-veut-diminuer-son-empreinte-carbone-tout-en-augmentant-sa-production\/105071\/#primaryimage","url":"https:\/\/batijournal.com\/wp-content\/uploads\/2020\/11\/Carpentras.jpg","contentUrl":"https:\/\/batijournal.com\/wp-content\/uploads\/2020\/11\/Carpentras.jpg","width":1420,"height":946},{"@type":"BreadcrumbList","@id":"https:\/\/batijournal.com\/index.php\/siniat-veut-diminuer-son-empreinte-carbone-tout-en-augmentant-sa-production\/105071\/#breadcrumb","itemListElement":[{"@type":"ListItem","position":1,"name":"Accueil","item":"https:\/\/batijournal.com\/"},{"@type":"ListItem","position":2,"name":"Actualit\u00e9s","item":"https:\/\/batijournal.com\/index.php\/category\/actualites\/"},{"@type":"ListItem","position":3,"name":"\u00c9conomie &amp; March\u00e9s","item":"https:\/\/batijournal.com\/index.php\/category\/actualites\/economie-marches\/"},{"@type":"ListItem","position":4,"name":"Siniat veut diminuer son empreinte carbone tout en augmentant sa production"}]},{"@type":"WebSite","@id":"https:\/\/batijournal.com\/#website","url":"https:\/\/batijournal.com\/","name":"Batijournal","description":"L&#039;actualit\u00e9 du b\u00e2timent","potentialAction":[{"@type":"SearchAction","target":{"@type":"EntryPoint","urlTemplate":"https:\/\/batijournal.com\/?s={search_term_string}"},"query-input":{"@type":"PropertyValueSpecification","valueRequired":true,"valueName":"search_term_string"}}],"inLanguage":"fr-FR"},{"@type":"Person","@id":"https:\/\/batijournal.com\/#\/schema\/person\/1dc96ec6957aa1ccb25ebe78bb19f100","name":"St\u00e9phane Miget","image":{"@type":"ImageObject","inLanguage":"fr-FR","@id":"https:\/\/secure.gravatar.com\/avatar\/89915563d925342126b8ef0281b93d9d7fc337043e8df017f780908eb9644451?s=96&d=mm&r=g","url":"https:\/\/secure.gravatar.com\/avatar\/89915563d925342126b8ef0281b93d9d7fc337043e8df017f780908eb9644451?s=96&d=mm&r=g","contentUrl":"https:\/\/secure.gravatar.com\/avatar\/89915563d925342126b8ef0281b93d9d7fc337043e8df017f780908eb9644451?s=96&d=mm&r=g","caption":"St\u00e9phane Miget"},"url":"https:\/\/batijournal.com\/index.php\/author\/stephane\/"}]}},"_links":{"self":[{"href":"https:\/\/batijournal.com\/index.php\/wp-json\/wp\/v2\/posts\/105071","targetHints":{"allow":["GET"]}}],"collection":[{"href":"https:\/\/batijournal.com\/index.php\/wp-json\/wp\/v2\/posts"}],"about":[{"href":"https:\/\/batijournal.com\/index.php\/wp-json\/wp\/v2\/types\/post"}],"author":[{"embeddable":true,"href":"https:\/\/batijournal.com\/index.php\/wp-json\/wp\/v2\/users\/17"}],"replies":[{"embeddable":true,"href":"https:\/\/batijournal.com\/index.php\/wp-json\/wp\/v2\/comments?post=105071"}],"version-history":[{"count":0,"href":"https:\/\/batijournal.com\/index.php\/wp-json\/wp\/v2\/posts\/105071\/revisions"}],"wp:featuredmedia":[{"embeddable":true,"href":"https:\/\/batijournal.com\/index.php\/wp-json\/wp\/v2\/media\/105072"}],"wp:attachment":[{"href":"https:\/\/batijournal.com\/index.php\/wp-json\/wp\/v2\/media?parent=105071"}],"wp:term":[{"taxonomy":"category","embeddable":true,"href":"https:\/\/batijournal.com\/index.php\/wp-json\/wp\/v2\/categories?post=105071"},{"taxonomy":"post_tag","embeddable":true,"href":"https:\/\/batijournal.com\/index.php\/wp-json\/wp\/v2\/tags?post=105071"}],"curies":[{"name":"wp","href":"https:\/\/api.w.org\/{rel}","templated":true}]}}