{"id":105077,"date":"2020-11-03T14:10:10","date_gmt":"2020-11-03T13:10:10","guid":{"rendered":"https:\/\/batijournal.com\/?p=105077"},"modified":"2020-11-03T12:59:40","modified_gmt":"2020-11-03T11:59:40","slug":"batimat-ideobain-et-interclima-se-reinventent-en-2022","status":"publish","type":"post","link":"https:\/\/batijournal.com\/index.php\/batimat-ideobain-et-interclima-se-reinventent-en-2022\/105077\/","title":{"rendered":"Batimat, Id\u00e9obain et Interclima se r\u00e9inventent en 2022 !"},"content":{"rendered":"<p><b>Pour r\u00e9pondre aux demandes des professionnels du B\u00e2timent, de la Construction et de l\u2019Architecture, Reed Expositions, l\u2019Afisb<\/b><b><sup>1<\/sup> <\/b><b>et Uniclima<\/b><b><sup>2<\/sup> <\/b><b>r\u00e9inventent les salons <\/b><b>BATIMAT, ID\u00c9OBAIN <\/b><b>et <\/b><b>INTERCLIMA <\/b><b>dont la prochaine \u00e9dition se tiendra pendant 4 jours, du 3 au 6 octobre 2022, \u00e0 Paris Expo Porte de Versailles.<span class=\"Apple-converted-space\">\u00a0<\/span><\/b><\/p>\n<p><b>Ce retour \u00e0 Paris et ce nouveau calendrier biennal, en ann\u00e9e paire, s\u2019accompagnent d\u2019une profonde transformation de l\u2019\u00e9v\u00e8nement, avec un concept d\u2019exposition totalement repens\u00e9 et une offre digitale enrichie.<span class=\"Apple-converted-space\">\u00a0<\/span><\/b><\/p>\n<p>_______________________<br \/>\n<em><sup>1<\/sup> Afisb, Association Fran\u00e7aise des Industries de la Salle de Bains, propri\u00e9taire du salon ID\u00c9OBAIN.<span class=\"Apple-converted-space\"><br \/>\n<\/span><\/em><em><sup>2<\/sup>Uniclima, Syndicat des industries Thermiques, A\u00e9rauliques et Frigorifiques, propri\u00e9taire du salon INTERCLIMA.<\/em><span class=\"Apple-converted-space\">\u00a0<\/span><\/p>\n<p><b>LE VOEU DES PROFESSIONNELS EXAUC\u00c9<span class=\"Apple-converted-space\">\u00a0<\/span><\/b><\/p>\n<p>Gr\u00e2ce \u00e0 un travail en collaboration avec Viparis, propri\u00e9taire de Paris Expo Porte de Versailles, les organisateurs du Mondial du B\u00e2timent ont pu saisir l\u2019opportunit\u00e9 de revenir sur le site historique des salons BATIMAT, ID\u00c9OBAIN et INTERCLIMA. Ce retour permet de r\u00e9pondre aux souhaits des professionnels du B\u00e2timent, de la Construction et de l\u2019Architecture d\u2019un \u00e9v\u00e8nement plus convivial et \u00e0 proximit\u00e9 du centre de Paris et de son offre de tourisme d\u2019affaires.<span class=\"Apple-converted-space\">\u00a0<\/span><\/p>\n<p>Parmi les conditions pour ce retour \u00e0 Paris Expo Porte de Versailles, figurait une modification de la date de l\u2019\u00e9v\u00e8nement. L\u2019\u00e9dition 2021 est ainsi report\u00e9e \u00e0 l\u2019automne 2022, ce qui devrait \u00e9galement minimiser les risques de d\u00e9calages successifs en cas de prolongation de la pand\u00e9mie actuelle, et faciliter la pr\u00e9sence des exposants et visiteurs internationaux. Les trois salons se tiendront dor\u00e9navant tous les deux ans au mois d\u2019octobre en ann\u00e9e paire, en alternance avec \u00c9QUIPBAIE-M\u00c9TALEXPO, les ann\u00e9es impaires.<span class=\"Apple-converted-space\">\u00a0<\/span><\/p>\n<p><b>UN \u00c9V\u00c8NEMENT PLUS EFFICACE ET PLUS SOBRE<span class=\"Apple-converted-space\">\u00a0<\/span><\/b><\/p>\n<p>En 2022, les salons BATIMAT, ID\u00c9OBAIN et INTERCLIMA occuperont les espaces du Hall 1 au Hall 6, repr\u00e9sentant une surface d\u2019exposition de plus de 136 000 m\u00b2. Cette surface \u00e9tant inf\u00e9rieure \u00e0 celle disponible au Parc de Paris Nord Villepinte, ce retour s\u2019accompagnera par cons\u00e9quent d\u2019un chantier d\u2019am\u00e9nagement de l\u2019offre et de la logistique de l\u2019\u00e9v\u00e8nement.<span class=\"Apple-converted-space\">\u00a0<\/span><\/p>\n<p>Ainsi, les exposants se verront proposer une nouvelle offre d\u2019exposition, organis\u00e9e autour de modules standards et de tailles de stand limit\u00e9es. De plus, un projet logistique d\u2019envergure aura pour objectif de r\u00e9duire les temps de montage\/d\u00e9montage et de fluidifier les flux autour de la Porte de Versailles.<span class=\"Apple-converted-space\">\u00a0<\/span><\/p>\n<p>Cette refonte de l\u2019offre et de la logistique \u00e9v\u00e8nementielle apportera de multiples avantages aux exposants : choix de l\u2019emplacement d\u00e8s l\u2019inscription, augmentation significative du retour sur investissement (ROI) par une r\u00e9duction des co\u00fbts d\u2019exposition et du passage \u00e0 4 jours pour tous les salons.<span class=\"Apple-converted-space\">\u00a0<\/span><\/p>\n<p>L\u2019autre enjeu est celui de l\u2019\u00e9v\u00e8nement lui-m\u00eame qui va devenir plus sobre et s\u2019inscrire dans une d\u00e9marche RSE, dans le cadre de la feuille de route que s\u2019est donn\u00e9 Reed Expositions France. Le Mondial du B\u00e2timent sera le premier grand salon du secteur \u00e0 mettre en oeuvre une politique et des actions d\u2019envergure pour la r\u00e9duction de ses impacts : r\u00e9duction et revalorisation des d\u00e9chets, politique d\u2019achats responsables, \u00e9coconception, restauration responsable\u2026.<span class=\"Apple-converted-space\">\u00a0<\/span><\/p>\n<p><b>UNE OFFRE DIGITALE DE RUPTURE \u00ab 365 jours\/365 jours \u00bb<span class=\"Apple-converted-space\">\u00a0<\/span><\/b><\/p>\n<p>Pour d\u00e9velopper la visibilit\u00e9 des exposants entre deux \u00e9ditions du Mondial du B\u00e2timent et leur permettre de pr\u00e9parer une rencontre conviviale et qualitative pendant les 4 jours de salon physique, les organisateurs de BATIMAT, ID\u00c9OBAIN et INTERCLIMA ont \u00e9galement con\u00e7u une offre nouvelle d\u2019outils digitaux. Elle a pour ambition d\u2019augmenter le nombre de contacts et la notori\u00e9t\u00e9 des marques des exposants sur une p\u00e9riode \u00e9largie : la mise en relation et la visibilit\u00e9, coeur de m\u00e9tier des salons, sont maintenant \u00e9tendues entre deux \u00e9ditions gr\u00e2ce au digital.<span class=\"Apple-converted-space\">\u00a0<\/span><\/p>\n<p>Disponible d\u00e8s la signature de participation au salon physique, cette offre en rupture avec les pratiques du m\u00e9tier s\u2019articule autour d\u2019un mix de solutions digitales : des contenus multiformes disponibles sur les blogs &#8211; livres blancs, articles, nouveaut\u00e9s produits\u2026 &#8211; des tables rondes en live et en replay, des \u00e9missions et podcasts sur Batiradio, des moments interactifs avec des webinars et des conversations en ligne.<span class=\"Apple-converted-space\">\u00a0<\/span><\/p>\n<p>Bien plus qu\u2019un simple come-back \u00e0 la Porte de Versailles, c\u2019est la f\u00e9d\u00e9ration du plus grand nombre d\u2019acteurs du b\u00e2timent que nous promettent la r\u00e9invention de l\u2019\u00e9v\u00e8nement et son dispositif digital. Rendez-vous d\u00e9but 2021 pour la feuille de route d\u00e9taill\u00e9e !<span class=\"Apple-converted-space\">\u00a0<\/span><\/p>\n<p>Pour Guillaume Loizeaud, Directeur de BATIMAT : <i>\u00ab Quel plaisir et quelle belle perspective de pouvoir \u00e9crire avec la fili\u00e8re cette nouvelle histoire ! Le retour de BATIMAT, ID\u00c9OBAIN et INTERCLIMA \u00e0 Paris en 2022 s\u2019annonce comme un grand moment de convivialit\u00e9 pour tous les professionnels. Compl\u00e8tement repens\u00e9 sur le format d\u2019exposition, en phase avec les grands enjeux, augment\u00e9 dans le temps gr\u00e2ce au digital, le Mondial du B\u00e2timent r\u00e9unira le meilleur du salon et du virtuel. \u00bb<span class=\"Apple-converted-space\">\u00a0<\/span><\/i><\/p>\n<p>Pour Yves Danielou, Pr\u00e9sident de l\u2019Afisb : <i>\u00ab L\u2019Afisb, ses adh\u00e9rents et tous les acteurs de la salle de bains ne peuvent que s\u2019enthousiasmer \u00e0 l\u2019id\u00e9e du futur Mondial du B\u00e2timent. Les conditions sont r\u00e9unies pour en faire un vrai succ\u00e8s. Nous ressentons tous le besoin de moments de convivialit\u00e9 dans notre travail et nos relations professionnelles et Paris expo Porte de Versailles, en grande partie r\u00e9nov\u00e9e, les offre dor\u00e9navant aux visiteurs comme aux exposants. R\u00e9 enchanter ce grand rendez-vous du b\u00e2timent suppose un v\u00e9ritable travail de renouvellement que le nouveau calendrier va permettre de mener. A la demande de nombreux exposants, nous allons ainsi am\u00e9liorer l\u2019offre commerciale, pour atteindre un meilleur co\u00fbt\/contact. \u00bb<span class=\"Apple-converted-space\">\u00a0<\/span><\/i><\/p>\n<p>Pour Fran\u00e7ois Frisquet, Pr\u00e9sident d\u2019Uniclima : \u00ab <i>Notre Profession se r\u00e9jouit de cette nouvelle dimension que prendra la prochaine \u00e9dition d\u2019INTERCLIMA en 2022 avec un retour au coeur de Paris, en collaboration avec nos partenaires du Mondial : BATIMAT et ID\u00c9OBAIN. Nous donnons donc rendez-vous \u00e0 tous les acteurs du confort et de l\u2019efficacit\u00e9 \u00e9nerg\u00e9tique pour d\u00e9couvrir le dynamisme croissant de notre fili\u00e8re. \u00bb<span class=\"Apple-converted-space\">\u00a0<\/span><\/i><\/p>\n<p>&nbsp;<\/p>\n<p>Plus d&rsquo;informations sur :<\/p>\n<p><a href=\"http:\/\/www.batimat.com\" target=\"_blank\" rel=\"noopener noreferrer\">www.batimat.com<\/a><span class=\"Apple-converted-space\"><br \/>\n<\/span><a href=\"http:\/\/www.ideobain.com\" target=\"_blank\" rel=\"noopener noreferrer\">www.ideobain.com<span class=\"Apple-converted-space\"><br \/>\n<\/span><\/a><a href=\"http:\/\/www.interclima.com\" target=\"_blank\" rel=\"noopener noreferrer\">www.interclima.com<span class=\"Apple-converted-space\">\u00a0<\/span><\/a><\/p>\n<p>&nbsp;<\/p>\n","protected":false},"excerpt":{"rendered":"<p>Pour r\u00e9pondre aux demandes des professionnels du B\u00e2timent, de la Construction et de l\u2019Architecture, Reed Expositions, l\u2019Afisb1 et Uniclima2 r\u00e9inventent les salons BATIMAT, ID\u00c9OBAIN et INTERCLIMA dont la prochaine \u00e9dition se tiendra pendant 4 jours, du 3 au 6 octobre 2022, \u00e0 Paris Expo Porte de Versailles.\u00a0 Ce retour \u00e0 Paris et ce nouveau calendrier [&hellip;]<\/p>\n","protected":false},"author":1,"featured_media":105078,"comment_status":"closed","ping_status":"closed","sticky":false,"template":"","format":"standard","meta":{"_et_pb_use_builder":"","_et_pb_old_content":"","_et_gb_content_width":"","footnotes":""},"categories":[10530,6340,9192,10771,10775],"tags":[],"class_list":["post-105077","post","type-post","status-publish","format-standard","has-post-thumbnail","hentry","category-actualites","category-architecture-conception","category-evenements","category-5facades","category-actualites-5facades"],"yoast_head":"<!-- This site is optimized with the Yoast SEO plugin v27.4 - https:\/\/yoast.com\/product\/yoast-seo-wordpress\/ -->\n<title>Batimat, Id\u00e9obain et Interclima se r\u00e9inventent en 2022 !<\/title>\n<meta name=\"robots\" content=\"index, follow, max-snippet:-1, max-image-preview:large, max-video-preview:-1\" \/>\n<link rel=\"canonical\" href=\"https:\/\/batijournal.com\/index.php\/batimat-ideobain-et-interclima-se-reinventent-en-2022\/105077\/\" \/>\n<meta property=\"og:locale\" content=\"fr_FR\" \/>\n<meta property=\"og:type\" content=\"article\" \/>\n<meta property=\"og:title\" content=\"Batimat, Id\u00e9obain et Interclima se r\u00e9inventent en 2022 !\" \/>\n<meta property=\"og:description\" content=\"Pour r\u00e9pondre aux demandes des professionnels du B\u00e2timent, de la Construction et de l\u2019Architecture, Reed Expositions, l\u2019Afisb1 et Uniclima2 r\u00e9inventent les salons BATIMAT, ID\u00c9OBAIN et INTERCLIMA dont la prochaine \u00e9dition se tiendra pendant 4 jours, du 3 au 6 octobre 2022, \u00e0 Paris Expo Porte de Versailles.\u00a0 Ce retour \u00e0 Paris et ce nouveau calendrier [&hellip;]\" \/>\n<meta property=\"og:url\" content=\"https:\/\/batijournal.com\/index.php\/batimat-ideobain-et-interclima-se-reinventent-en-2022\/105077\/\" \/>\n<meta property=\"og:site_name\" content=\"Batijournal\" \/>\n<meta property=\"article:published_time\" content=\"2020-11-03T13:10:10+00:00\" \/>\n<meta property=\"og:image\" content=\"https:\/\/batijournal.com\/wp-content\/uploads\/2020\/11\/logo-le-mondial-du-batiment-.jpg\" \/>\n\t<meta property=\"og:image:width\" content=\"600\" \/>\n\t<meta property=\"og:image:height\" content=\"167\" \/>\n\t<meta property=\"og:image:type\" content=\"image\/jpeg\" \/>\n<meta name=\"author\" content=\"Bati-journal\" \/>\n<meta name=\"twitter:card\" content=\"summary_large_image\" \/>\n<meta name=\"twitter:creator\" content=\"@bati_journal\" \/>\n<meta name=\"twitter:site\" content=\"@bati_journal\" \/>\n<meta name=\"twitter:label1\" content=\"\u00c9crit par\" \/>\n\t<meta name=\"twitter:data1\" content=\"Bati-journal\" \/>\n\t<meta name=\"twitter:label2\" content=\"Dur\u00e9e de lecture estim\u00e9e\" \/>\n\t<meta name=\"twitter:data2\" content=\"5 minutes\" \/>\n<script type=\"application\/ld+json\" class=\"yoast-schema-graph\">{\"@context\":\"https:\\\/\\\/schema.org\",\"@graph\":[{\"@type\":\"Article\",\"@id\":\"https:\\\/\\\/batijournal.com\\\/index.php\\\/batimat-ideobain-et-interclima-se-reinventent-en-2022\\\/105077\\\/#article\",\"isPartOf\":{\"@id\":\"https:\\\/\\\/batijournal.com\\\/index.php\\\/batimat-ideobain-et-interclima-se-reinventent-en-2022\\\/105077\\\/\"},\"author\":{\"name\":\"Bati-journal\",\"@id\":\"https:\\\/\\\/batijournal.com\\\/#\\\/schema\\\/person\\\/6a657e8967569e1b299972574848aa76\"},\"headline\":\"Batimat, Id\u00e9obain et Interclima se r\u00e9inventent en 2022 !\",\"datePublished\":\"2020-11-03T13:10:10+00:00\",\"mainEntityOfPage\":{\"@id\":\"https:\\\/\\\/batijournal.com\\\/index.php\\\/batimat-ideobain-et-interclima-se-reinventent-en-2022\\\/105077\\\/\"},\"wordCount\":1064,\"image\":{\"@id\":\"https:\\\/\\\/batijournal.com\\\/index.php\\\/batimat-ideobain-et-interclima-se-reinventent-en-2022\\\/105077\\\/#primaryimage\"},\"thumbnailUrl\":\"https:\\\/\\\/batijournal.com\\\/wp-content\\\/uploads\\\/2020\\\/11\\\/logo-le-mondial-du-batiment-.jpg\",\"articleSection\":[\"Actualit\u00e9s\",\"Architecture &amp; Conception\",\"\u00c9v\u00e9nements\",\"zz_5fa\u00e7ades\",\"zz_Actualit\u00e9s - 5fa\u00e7ades\"],\"inLanguage\":\"fr-FR\"},{\"@type\":\"WebPage\",\"@id\":\"https:\\\/\\\/batijournal.com\\\/index.php\\\/batimat-ideobain-et-interclima-se-reinventent-en-2022\\\/105077\\\/\",\"url\":\"https:\\\/\\\/batijournal.com\\\/index.php\\\/batimat-ideobain-et-interclima-se-reinventent-en-2022\\\/105077\\\/\",\"name\":\"Batimat, Id\u00e9obain et Interclima se r\u00e9inventent en 2022 !\",\"isPartOf\":{\"@id\":\"https:\\\/\\\/batijournal.com\\\/#website\"},\"primaryImageOfPage\":{\"@id\":\"https:\\\/\\\/batijournal.com\\\/index.php\\\/batimat-ideobain-et-interclima-se-reinventent-en-2022\\\/105077\\\/#primaryimage\"},\"image\":{\"@id\":\"https:\\\/\\\/batijournal.com\\\/index.php\\\/batimat-ideobain-et-interclima-se-reinventent-en-2022\\\/105077\\\/#primaryimage\"},\"thumbnailUrl\":\"https:\\\/\\\/batijournal.com\\\/wp-content\\\/uploads\\\/2020\\\/11\\\/logo-le-mondial-du-batiment-.jpg\",\"datePublished\":\"2020-11-03T13:10:10+00:00\",\"author\":{\"@id\":\"https:\\\/\\\/batijournal.com\\\/#\\\/schema\\\/person\\\/6a657e8967569e1b299972574848aa76\"},\"breadcrumb\":{\"@id\":\"https:\\\/\\\/batijournal.com\\\/index.php\\\/batimat-ideobain-et-interclima-se-reinventent-en-2022\\\/105077\\\/#breadcrumb\"},\"inLanguage\":\"fr-FR\",\"potentialAction\":[{\"@type\":\"ReadAction\",\"target\":[\"https:\\\/\\\/batijournal.com\\\/index.php\\\/batimat-ideobain-et-interclima-se-reinventent-en-2022\\\/105077\\\/\"]}]},{\"@type\":\"ImageObject\",\"inLanguage\":\"fr-FR\",\"@id\":\"https:\\\/\\\/batijournal.com\\\/index.php\\\/batimat-ideobain-et-interclima-se-reinventent-en-2022\\\/105077\\\/#primaryimage\",\"url\":\"https:\\\/\\\/batijournal.com\\\/wp-content\\\/uploads\\\/2020\\\/11\\\/logo-le-mondial-du-batiment-.jpg\",\"contentUrl\":\"https:\\\/\\\/batijournal.com\\\/wp-content\\\/uploads\\\/2020\\\/11\\\/logo-le-mondial-du-batiment-.jpg\",\"width\":600,\"height\":167},{\"@type\":\"BreadcrumbList\",\"@id\":\"https:\\\/\\\/batijournal.com\\\/index.php\\\/batimat-ideobain-et-interclima-se-reinventent-en-2022\\\/105077\\\/#breadcrumb\",\"itemListElement\":[{\"@type\":\"ListItem\",\"position\":1,\"name\":\"Accueil\",\"item\":\"https:\\\/\\\/batijournal.com\\\/\"},{\"@type\":\"ListItem\",\"position\":2,\"name\":\"Actualit\u00e9s\",\"item\":\"https:\\\/\\\/batijournal.com\\\/index.php\\\/category\\\/actualites\\\/\"},{\"@type\":\"ListItem\",\"position\":3,\"name\":\"Architecture &amp; Conception\",\"item\":\"https:\\\/\\\/batijournal.com\\\/index.php\\\/category\\\/actualites\\\/architecture-conception\\\/\"},{\"@type\":\"ListItem\",\"position\":4,\"name\":\"Batimat, Id\u00e9obain et Interclima se r\u00e9inventent en 2022 !\"}]},{\"@type\":\"WebSite\",\"@id\":\"https:\\\/\\\/batijournal.com\\\/#website\",\"url\":\"https:\\\/\\\/batijournal.com\\\/\",\"name\":\"Batijournal\",\"description\":\"L&#039;actualit\u00e9 du b\u00e2timent\",\"potentialAction\":[{\"@type\":\"SearchAction\",\"target\":{\"@type\":\"EntryPoint\",\"urlTemplate\":\"https:\\\/\\\/batijournal.com\\\/?s={search_term_string}\"},\"query-input\":{\"@type\":\"PropertyValueSpecification\",\"valueRequired\":true,\"valueName\":\"search_term_string\"}}],\"inLanguage\":\"fr-FR\"},{\"@type\":\"Person\",\"@id\":\"https:\\\/\\\/batijournal.com\\\/#\\\/schema\\\/person\\\/6a657e8967569e1b299972574848aa76\",\"name\":\"Bati-journal\",\"image\":{\"@type\":\"ImageObject\",\"inLanguage\":\"fr-FR\",\"@id\":\"https:\\\/\\\/secure.gravatar.com\\\/avatar\\\/a64364ea26392f9b4dd47e017ddaec74ff03aefc073b49e492e847201258f777?s=96&d=mm&r=g\",\"url\":\"https:\\\/\\\/secure.gravatar.com\\\/avatar\\\/a64364ea26392f9b4dd47e017ddaec74ff03aefc073b49e492e847201258f777?s=96&d=mm&r=g\",\"contentUrl\":\"https:\\\/\\\/secure.gravatar.com\\\/avatar\\\/a64364ea26392f9b4dd47e017ddaec74ff03aefc073b49e492e847201258f777?s=96&d=mm&r=g\",\"caption\":\"Bati-journal\"},\"url\":\"https:\\\/\\\/batijournal.com\\\/index.php\\\/author\\\/elodie\\\/\"}]}<\/script>\n<!-- \/ Yoast SEO plugin. -->","yoast_head_json":{"title":"Batimat, Id\u00e9obain et Interclima se r\u00e9inventent en 2022 !","robots":{"index":"index","follow":"follow","max-snippet":"max-snippet:-1","max-image-preview":"max-image-preview:large","max-video-preview":"max-video-preview:-1"},"canonical":"https:\/\/batijournal.com\/index.php\/batimat-ideobain-et-interclima-se-reinventent-en-2022\/105077\/","og_locale":"fr_FR","og_type":"article","og_title":"Batimat, Id\u00e9obain et Interclima se r\u00e9inventent en 2022 !","og_description":"Pour r\u00e9pondre aux demandes des professionnels du B\u00e2timent, de la Construction et de l\u2019Architecture, Reed Expositions, l\u2019Afisb1 et Uniclima2 r\u00e9inventent les salons BATIMAT, ID\u00c9OBAIN et INTERCLIMA dont la prochaine \u00e9dition se tiendra pendant 4 jours, du 3 au 6 octobre 2022, \u00e0 Paris Expo Porte de Versailles.\u00a0 Ce retour \u00e0 Paris et ce nouveau calendrier [&hellip;]","og_url":"https:\/\/batijournal.com\/index.php\/batimat-ideobain-et-interclima-se-reinventent-en-2022\/105077\/","og_site_name":"Batijournal","article_published_time":"2020-11-03T13:10:10+00:00","og_image":[{"width":600,"height":167,"url":"https:\/\/batijournal.com\/wp-content\/uploads\/2020\/11\/logo-le-mondial-du-batiment-.jpg","type":"image\/jpeg"}],"author":"Bati-journal","twitter_card":"summary_large_image","twitter_creator":"@bati_journal","twitter_site":"@bati_journal","twitter_misc":{"\u00c9crit par":"Bati-journal","Dur\u00e9e de lecture estim\u00e9e":"5 minutes"},"schema":{"@context":"https:\/\/schema.org","@graph":[{"@type":"Article","@id":"https:\/\/batijournal.com\/index.php\/batimat-ideobain-et-interclima-se-reinventent-en-2022\/105077\/#article","isPartOf":{"@id":"https:\/\/batijournal.com\/index.php\/batimat-ideobain-et-interclima-se-reinventent-en-2022\/105077\/"},"author":{"name":"Bati-journal","@id":"https:\/\/batijournal.com\/#\/schema\/person\/6a657e8967569e1b299972574848aa76"},"headline":"Batimat, Id\u00e9obain et Interclima se r\u00e9inventent en 2022 !","datePublished":"2020-11-03T13:10:10+00:00","mainEntityOfPage":{"@id":"https:\/\/batijournal.com\/index.php\/batimat-ideobain-et-interclima-se-reinventent-en-2022\/105077\/"},"wordCount":1064,"image":{"@id":"https:\/\/batijournal.com\/index.php\/batimat-ideobain-et-interclima-se-reinventent-en-2022\/105077\/#primaryimage"},"thumbnailUrl":"https:\/\/batijournal.com\/wp-content\/uploads\/2020\/11\/logo-le-mondial-du-batiment-.jpg","articleSection":["Actualit\u00e9s","Architecture &amp; Conception","\u00c9v\u00e9nements","zz_5fa\u00e7ades","zz_Actualit\u00e9s - 5fa\u00e7ades"],"inLanguage":"fr-FR"},{"@type":"WebPage","@id":"https:\/\/batijournal.com\/index.php\/batimat-ideobain-et-interclima-se-reinventent-en-2022\/105077\/","url":"https:\/\/batijournal.com\/index.php\/batimat-ideobain-et-interclima-se-reinventent-en-2022\/105077\/","name":"Batimat, Id\u00e9obain et Interclima se r\u00e9inventent en 2022 !","isPartOf":{"@id":"https:\/\/batijournal.com\/#website"},"primaryImageOfPage":{"@id":"https:\/\/batijournal.com\/index.php\/batimat-ideobain-et-interclima-se-reinventent-en-2022\/105077\/#primaryimage"},"image":{"@id":"https:\/\/batijournal.com\/index.php\/batimat-ideobain-et-interclima-se-reinventent-en-2022\/105077\/#primaryimage"},"thumbnailUrl":"https:\/\/batijournal.com\/wp-content\/uploads\/2020\/11\/logo-le-mondial-du-batiment-.jpg","datePublished":"2020-11-03T13:10:10+00:00","author":{"@id":"https:\/\/batijournal.com\/#\/schema\/person\/6a657e8967569e1b299972574848aa76"},"breadcrumb":{"@id":"https:\/\/batijournal.com\/index.php\/batimat-ideobain-et-interclima-se-reinventent-en-2022\/105077\/#breadcrumb"},"inLanguage":"fr-FR","potentialAction":[{"@type":"ReadAction","target":["https:\/\/batijournal.com\/index.php\/batimat-ideobain-et-interclima-se-reinventent-en-2022\/105077\/"]}]},{"@type":"ImageObject","inLanguage":"fr-FR","@id":"https:\/\/batijournal.com\/index.php\/batimat-ideobain-et-interclima-se-reinventent-en-2022\/105077\/#primaryimage","url":"https:\/\/batijournal.com\/wp-content\/uploads\/2020\/11\/logo-le-mondial-du-batiment-.jpg","contentUrl":"https:\/\/batijournal.com\/wp-content\/uploads\/2020\/11\/logo-le-mondial-du-batiment-.jpg","width":600,"height":167},{"@type":"BreadcrumbList","@id":"https:\/\/batijournal.com\/index.php\/batimat-ideobain-et-interclima-se-reinventent-en-2022\/105077\/#breadcrumb","itemListElement":[{"@type":"ListItem","position":1,"name":"Accueil","item":"https:\/\/batijournal.com\/"},{"@type":"ListItem","position":2,"name":"Actualit\u00e9s","item":"https:\/\/batijournal.com\/index.php\/category\/actualites\/"},{"@type":"ListItem","position":3,"name":"Architecture &amp; Conception","item":"https:\/\/batijournal.com\/index.php\/category\/actualites\/architecture-conception\/"},{"@type":"ListItem","position":4,"name":"Batimat, Id\u00e9obain et Interclima se r\u00e9inventent en 2022 !"}]},{"@type":"WebSite","@id":"https:\/\/batijournal.com\/#website","url":"https:\/\/batijournal.com\/","name":"Batijournal","description":"L&#039;actualit\u00e9 du b\u00e2timent","potentialAction":[{"@type":"SearchAction","target":{"@type":"EntryPoint","urlTemplate":"https:\/\/batijournal.com\/?s={search_term_string}"},"query-input":{"@type":"PropertyValueSpecification","valueRequired":true,"valueName":"search_term_string"}}],"inLanguage":"fr-FR"},{"@type":"Person","@id":"https:\/\/batijournal.com\/#\/schema\/person\/6a657e8967569e1b299972574848aa76","name":"Bati-journal","image":{"@type":"ImageObject","inLanguage":"fr-FR","@id":"https:\/\/secure.gravatar.com\/avatar\/a64364ea26392f9b4dd47e017ddaec74ff03aefc073b49e492e847201258f777?s=96&d=mm&r=g","url":"https:\/\/secure.gravatar.com\/avatar\/a64364ea26392f9b4dd47e017ddaec74ff03aefc073b49e492e847201258f777?s=96&d=mm&r=g","contentUrl":"https:\/\/secure.gravatar.com\/avatar\/a64364ea26392f9b4dd47e017ddaec74ff03aefc073b49e492e847201258f777?s=96&d=mm&r=g","caption":"Bati-journal"},"url":"https:\/\/batijournal.com\/index.php\/author\/elodie\/"}]}},"_links":{"self":[{"href":"https:\/\/batijournal.com\/index.php\/wp-json\/wp\/v2\/posts\/105077","targetHints":{"allow":["GET"]}}],"collection":[{"href":"https:\/\/batijournal.com\/index.php\/wp-json\/wp\/v2\/posts"}],"about":[{"href":"https:\/\/batijournal.com\/index.php\/wp-json\/wp\/v2\/types\/post"}],"author":[{"embeddable":true,"href":"https:\/\/batijournal.com\/index.php\/wp-json\/wp\/v2\/users\/1"}],"replies":[{"embeddable":true,"href":"https:\/\/batijournal.com\/index.php\/wp-json\/wp\/v2\/comments?post=105077"}],"version-history":[{"count":0,"href":"https:\/\/batijournal.com\/index.php\/wp-json\/wp\/v2\/posts\/105077\/revisions"}],"wp:featuredmedia":[{"embeddable":true,"href":"https:\/\/batijournal.com\/index.php\/wp-json\/wp\/v2\/media\/105078"}],"wp:attachment":[{"href":"https:\/\/batijournal.com\/index.php\/wp-json\/wp\/v2\/media?parent=105077"}],"wp:term":[{"taxonomy":"category","embeddable":true,"href":"https:\/\/batijournal.com\/index.php\/wp-json\/wp\/v2\/categories?post=105077"},{"taxonomy":"post_tag","embeddable":true,"href":"https:\/\/batijournal.com\/index.php\/wp-json\/wp\/v2\/tags?post=105077"}],"curies":[{"name":"wp","href":"https:\/\/api.w.org\/{rel}","templated":true}]}}