{"id":105080,"date":"2020-11-03T14:11:45","date_gmt":"2020-11-03T13:11:45","guid":{"rendered":"https:\/\/batijournal.com\/?p=105080"},"modified":"2020-11-03T13:00:53","modified_gmt":"2020-11-03T12:00:53","slug":"la-prochaine-edition-dequipbaie-metalexpo-se-tiendra-du-21-au-24-septembre-2021","status":"publish","type":"post","link":"https:\/\/batijournal.com\/index.php\/la-prochaine-edition-dequipbaie-metalexpo-se-tiendra-du-21-au-24-septembre-2021\/105080\/","title":{"rendered":"La prochaine \u00e9dition d&rsquo;\u00c9quipbaie-M\u00e9talexpo se tiendra du 21 au 24 septembre 2021"},"content":{"rendered":"<p><span class=\"Apple-converted-space\">\u00a0<\/span><b>D\u00e9cal\u00e9 en raison de la pand\u00e9mie de la COVID-19, le salon \u00c9QUIPBAIE-M\u00c9TALEXPO, organis\u00e9 par Reed Expositions, tiendra sa prochaine \u00e9dition du 21 au 24 septembre 2021 \u00e0 Paris Porte de Versailles \u2013 Hall 1. Fruit du dialogue constant avec les 6 syndicats partenaires (Groupement ACTIBAIE, FFPV, SNFA, UFME, UMB et Union des M\u00e9talliers), cette date a \u00e9t\u00e9 choisie collectivement afin de r\u00e9pondre plus que jamais \u00e0 l\u2019objectif d\u2019\u00eatre le rendez-vous incontournable des professionnels de la menuiserie et de la m\u00e9tallerie. Elle en fera \u00e9galement le 1<\/b><b>er <\/b><b>salon de la reprise pour le secteur de la menuiserie.<span class=\"Apple-converted-space\">\u00a0<\/span><\/b><\/p>\n<p><span class=\"Apple-converted-space\">\u00a0<\/span><b>De nouvelles dates et une ambition renforc\u00e9e<span class=\"Apple-converted-space\">\u00a0<\/span><\/b><\/p>\n<p>Pr\u00e9vu en novembre 2020, le salon <b>\u00c9QUIPBAIE-M\u00c9TALEXPO <\/b>a \u00e9t\u00e9 report\u00e9 en raison de la pand\u00e9mie de la COVID-19 et de ses cons\u00e9quences sur l\u2019activit\u00e9 \u00e9conomique \u00e0 la fois des fabricants, des installateurs menuisiers et des m\u00e9talliers. Il sera d\u00e9sormais programm\u00e9 en octobre tous les deux ans, les ann\u00e9es impaires, en alternance avec le Mondial du B\u00e2timent, d\u00e9plac\u00e9 en octobre les ann\u00e9es paires.<span class=\"Apple-converted-space\">\u00a0<\/span><\/p>\n<p>Initialement plac\u00e9e sous la th\u00e9matique de \u00ab La r\u00e9volution positive du digital \u00bb, la prochaine \u00e9dition d\u2019<b>\u00c9QUIPBAIE-M\u00c9TALEXPO <\/b>(du 21 au 24 septembre 2021) sera d\u2019autant plus tourn\u00e9e vers l\u2019avenir qu\u2019elle incarnera la digitalisation du secteur en proposant aux visiteurs une exp\u00e9rience unique et in\u00e9dite sur le salon et une offre digitale renforc\u00e9e.<span class=\"Apple-converted-space\">\u00a0<\/span><\/p>\n<p><b>Une plateforme digitale en amont du salon<span class=\"Apple-converted-space\">\u00a0<\/span><\/b><\/p>\n<p>Les organisateurs du salon cr\u00e9ent <b>\u00c9QUIPBAIE-M\u00c9TALEXPO DIGITAL<\/b>, une plateforme d\u2019information et d\u2019\u00e9changes lanc\u00e9e d\u00e8s novembre 2020. Accessible en continu, rythm\u00e9e par des rendez-vous mensuels, elle a pour objectif de fid\u00e9liser et d\u2019amener la communaut\u00e9 des menuisiers et m\u00e9talliers \u00e0 se retrouver sur le salon <b>\u00c9QUIPBAIE-M\u00c9TALEXPO <\/b>en septembre 2021. Elle propose aux professionnels, en avant-premi\u00e8re et en digital, de d\u00e9couvrir des vid\u00e9os de d\u00e9monstration produits, des vid\u00e9os d\u2019experts, des nouveaux produits et services, et des webinars propos\u00e9s par les exposants du salon, dont une trentaine sont d\u2019ores et d\u00e9j\u00e0 engag\u00e9s sur ce nouvel outil. Autre initiative digitale, les exposants du salon sont \u00e9galement pr\u00e9sents dans le tout nouvel annuaire des fournisseurs du Blog, qui vient compl\u00e9ter le site internet du salon.<span class=\"Apple-converted-space\">\u00a0<\/span><\/p>\n<p>&nbsp;<\/p>\n<p>&gt; <a href=\"https:\/\/batijournal.com\/batimat-ideobain-et-interclima-se-reinventent-en-2022\/105077\"><em>BATIMAT, ID\u00c9OBAIN et INTERCLIMA auront d\u00e9sormais lieu en ann\u00e9e paire.<span class=\"Apple-converted-space\">\u00a0\u00a0<\/span>La prochaine \u00e9dition aura lieu du 3 au 6 octobre 2022<span class=\"Apple-converted-space\">\u00a0\u00a0<\/span>\u00e0 Paris Expo Porte de Versailles.<span class=\"Apple-converted-space\">\u00a0<\/span><\/em><\/a><\/p>\n","protected":false},"excerpt":{"rendered":"<p>\u00a0D\u00e9cal\u00e9 en raison de la pand\u00e9mie de la COVID-19, le salon \u00c9QUIPBAIE-M\u00c9TALEXPO, organis\u00e9 par Reed Expositions, tiendra sa prochaine \u00e9dition du 21 au 24 septembre 2021 \u00e0 Paris Porte de Versailles \u2013 Hall 1. Fruit du dialogue constant avec les 6 syndicats partenaires (Groupement ACTIBAIE, FFPV, SNFA, UFME, UMB et Union des M\u00e9talliers), cette date [&hellip;]<\/p>\n","protected":false},"author":1,"featured_media":105081,"comment_status":"closed","ping_status":"closed","sticky":false,"template":"","format":"standard","meta":{"_et_pb_use_builder":"","_et_pb_old_content":"","_et_gb_content_width":"","footnotes":""},"categories":[10530,6340,9192,10771,10775],"tags":[],"class_list":["post-105080","post","type-post","status-publish","format-standard","has-post-thumbnail","hentry","category-actualites","category-architecture-conception","category-evenements","category-5facades","category-actualites-5facades"],"yoast_head":"<!-- This site is optimized with the Yoast SEO plugin v27.4 - https:\/\/yoast.com\/product\/yoast-seo-wordpress\/ -->\n<title>La prochaine \u00e9dition d&#039;\u00c9quipbaie-M\u00e9talexpo se tiendra du 21 au 24 septembre 2021<\/title>\n<meta name=\"robots\" content=\"index, follow, max-snippet:-1, max-image-preview:large, max-video-preview:-1\" \/>\n<link rel=\"canonical\" href=\"https:\/\/batijournal.com\/index.php\/la-prochaine-edition-dequipbaie-metalexpo-se-tiendra-du-21-au-24-septembre-2021\/105080\/\" \/>\n<meta property=\"og:locale\" content=\"fr_FR\" \/>\n<meta property=\"og:type\" content=\"article\" \/>\n<meta property=\"og:title\" content=\"La prochaine \u00e9dition d&#039;\u00c9quipbaie-M\u00e9talexpo se tiendra du 21 au 24 septembre 2021\" \/>\n<meta property=\"og:description\" content=\"\u00a0D\u00e9cal\u00e9 en raison de la pand\u00e9mie de la COVID-19, le salon \u00c9QUIPBAIE-M\u00c9TALEXPO, organis\u00e9 par Reed Expositions, tiendra sa prochaine \u00e9dition du 21 au 24 septembre 2021 \u00e0 Paris Porte de Versailles \u2013 Hall 1. Fruit du dialogue constant avec les 6 syndicats partenaires (Groupement ACTIBAIE, FFPV, SNFA, UFME, UMB et Union des M\u00e9talliers), cette date [&hellip;]\" \/>\n<meta property=\"og:url\" content=\"https:\/\/batijournal.com\/index.php\/la-prochaine-edition-dequipbaie-metalexpo-se-tiendra-du-21-au-24-septembre-2021\/105080\/\" \/>\n<meta property=\"og:site_name\" content=\"Batijournal\" \/>\n<meta property=\"article:published_time\" content=\"2020-11-03T13:11:45+00:00\" \/>\n<meta property=\"og:image\" content=\"https:\/\/batijournal.com\/wp-content\/uploads\/2020\/11\/Equipbaie-MCtalexpo-2021.png\" \/>\n\t<meta property=\"og:image:width\" content=\"600\" \/>\n\t<meta property=\"og:image:height\" content=\"600\" \/>\n\t<meta property=\"og:image:type\" content=\"image\/png\" \/>\n<meta name=\"author\" content=\"Bati-journal\" \/>\n<meta name=\"twitter:card\" content=\"summary_large_image\" \/>\n<meta name=\"twitter:creator\" content=\"@bati_journal\" \/>\n<meta name=\"twitter:site\" content=\"@bati_journal\" \/>\n<meta name=\"twitter:label1\" content=\"\u00c9crit par\" \/>\n\t<meta name=\"twitter:data1\" content=\"Bati-journal\" \/>\n\t<meta name=\"twitter:label2\" content=\"Dur\u00e9e de lecture estim\u00e9e\" \/>\n\t<meta name=\"twitter:data2\" content=\"2 minutes\" \/>\n<script type=\"application\/ld+json\" class=\"yoast-schema-graph\">{\"@context\":\"https:\\\/\\\/schema.org\",\"@graph\":[{\"@type\":\"Article\",\"@id\":\"https:\\\/\\\/batijournal.com\\\/index.php\\\/la-prochaine-edition-dequipbaie-metalexpo-se-tiendra-du-21-au-24-septembre-2021\\\/105080\\\/#article\",\"isPartOf\":{\"@id\":\"https:\\\/\\\/batijournal.com\\\/index.php\\\/la-prochaine-edition-dequipbaie-metalexpo-se-tiendra-du-21-au-24-septembre-2021\\\/105080\\\/\"},\"author\":{\"name\":\"Bati-journal\",\"@id\":\"https:\\\/\\\/batijournal.com\\\/#\\\/schema\\\/person\\\/6a657e8967569e1b299972574848aa76\"},\"headline\":\"La prochaine \u00e9dition d&rsquo;\u00c9quipbaie-M\u00e9talexpo se tiendra du 21 au 24 septembre 2021\",\"datePublished\":\"2020-11-03T13:11:45+00:00\",\"mainEntityOfPage\":{\"@id\":\"https:\\\/\\\/batijournal.com\\\/index.php\\\/la-prochaine-edition-dequipbaie-metalexpo-se-tiendra-du-21-au-24-septembre-2021\\\/105080\\\/\"},\"wordCount\":420,\"image\":{\"@id\":\"https:\\\/\\\/batijournal.com\\\/index.php\\\/la-prochaine-edition-dequipbaie-metalexpo-se-tiendra-du-21-au-24-septembre-2021\\\/105080\\\/#primaryimage\"},\"thumbnailUrl\":\"https:\\\/\\\/batijournal.com\\\/wp-content\\\/uploads\\\/2020\\\/11\\\/Equipbaie-MCtalexpo-2021.png\",\"articleSection\":[\"Actualit\u00e9s\",\"Architecture &amp; Conception\",\"\u00c9v\u00e9nements\",\"zz_5fa\u00e7ades\",\"zz_Actualit\u00e9s - 5fa\u00e7ades\"],\"inLanguage\":\"fr-FR\"},{\"@type\":\"WebPage\",\"@id\":\"https:\\\/\\\/batijournal.com\\\/index.php\\\/la-prochaine-edition-dequipbaie-metalexpo-se-tiendra-du-21-au-24-septembre-2021\\\/105080\\\/\",\"url\":\"https:\\\/\\\/batijournal.com\\\/index.php\\\/la-prochaine-edition-dequipbaie-metalexpo-se-tiendra-du-21-au-24-septembre-2021\\\/105080\\\/\",\"name\":\"La prochaine \u00e9dition d'\u00c9quipbaie-M\u00e9talexpo se tiendra du 21 au 24 septembre 2021\",\"isPartOf\":{\"@id\":\"https:\\\/\\\/batijournal.com\\\/#website\"},\"primaryImageOfPage\":{\"@id\":\"https:\\\/\\\/batijournal.com\\\/index.php\\\/la-prochaine-edition-dequipbaie-metalexpo-se-tiendra-du-21-au-24-septembre-2021\\\/105080\\\/#primaryimage\"},\"image\":{\"@id\":\"https:\\\/\\\/batijournal.com\\\/index.php\\\/la-prochaine-edition-dequipbaie-metalexpo-se-tiendra-du-21-au-24-septembre-2021\\\/105080\\\/#primaryimage\"},\"thumbnailUrl\":\"https:\\\/\\\/batijournal.com\\\/wp-content\\\/uploads\\\/2020\\\/11\\\/Equipbaie-MCtalexpo-2021.png\",\"datePublished\":\"2020-11-03T13:11:45+00:00\",\"author\":{\"@id\":\"https:\\\/\\\/batijournal.com\\\/#\\\/schema\\\/person\\\/6a657e8967569e1b299972574848aa76\"},\"breadcrumb\":{\"@id\":\"https:\\\/\\\/batijournal.com\\\/index.php\\\/la-prochaine-edition-dequipbaie-metalexpo-se-tiendra-du-21-au-24-septembre-2021\\\/105080\\\/#breadcrumb\"},\"inLanguage\":\"fr-FR\",\"potentialAction\":[{\"@type\":\"ReadAction\",\"target\":[\"https:\\\/\\\/batijournal.com\\\/index.php\\\/la-prochaine-edition-dequipbaie-metalexpo-se-tiendra-du-21-au-24-septembre-2021\\\/105080\\\/\"]}]},{\"@type\":\"ImageObject\",\"inLanguage\":\"fr-FR\",\"@id\":\"https:\\\/\\\/batijournal.com\\\/index.php\\\/la-prochaine-edition-dequipbaie-metalexpo-se-tiendra-du-21-au-24-septembre-2021\\\/105080\\\/#primaryimage\",\"url\":\"https:\\\/\\\/batijournal.com\\\/wp-content\\\/uploads\\\/2020\\\/11\\\/Equipbaie-MCtalexpo-2021.png\",\"contentUrl\":\"https:\\\/\\\/batijournal.com\\\/wp-content\\\/uploads\\\/2020\\\/11\\\/Equipbaie-MCtalexpo-2021.png\",\"width\":600,\"height\":600},{\"@type\":\"BreadcrumbList\",\"@id\":\"https:\\\/\\\/batijournal.com\\\/index.php\\\/la-prochaine-edition-dequipbaie-metalexpo-se-tiendra-du-21-au-24-septembre-2021\\\/105080\\\/#breadcrumb\",\"itemListElement\":[{\"@type\":\"ListItem\",\"position\":1,\"name\":\"Accueil\",\"item\":\"https:\\\/\\\/batijournal.com\\\/\"},{\"@type\":\"ListItem\",\"position\":2,\"name\":\"Actualit\u00e9s\",\"item\":\"https:\\\/\\\/batijournal.com\\\/index.php\\\/category\\\/actualites\\\/\"},{\"@type\":\"ListItem\",\"position\":3,\"name\":\"Architecture &amp; Conception\",\"item\":\"https:\\\/\\\/batijournal.com\\\/index.php\\\/category\\\/actualites\\\/architecture-conception\\\/\"},{\"@type\":\"ListItem\",\"position\":4,\"name\":\"La prochaine \u00e9dition d&rsquo;\u00c9quipbaie-M\u00e9talexpo se tiendra du 21 au 24 septembre 2021\"}]},{\"@type\":\"WebSite\",\"@id\":\"https:\\\/\\\/batijournal.com\\\/#website\",\"url\":\"https:\\\/\\\/batijournal.com\\\/\",\"name\":\"Batijournal\",\"description\":\"L&#039;actualit\u00e9 du b\u00e2timent\",\"potentialAction\":[{\"@type\":\"SearchAction\",\"target\":{\"@type\":\"EntryPoint\",\"urlTemplate\":\"https:\\\/\\\/batijournal.com\\\/?s={search_term_string}\"},\"query-input\":{\"@type\":\"PropertyValueSpecification\",\"valueRequired\":true,\"valueName\":\"search_term_string\"}}],\"inLanguage\":\"fr-FR\"},{\"@type\":\"Person\",\"@id\":\"https:\\\/\\\/batijournal.com\\\/#\\\/schema\\\/person\\\/6a657e8967569e1b299972574848aa76\",\"name\":\"Bati-journal\",\"image\":{\"@type\":\"ImageObject\",\"inLanguage\":\"fr-FR\",\"@id\":\"https:\\\/\\\/secure.gravatar.com\\\/avatar\\\/a64364ea26392f9b4dd47e017ddaec74ff03aefc073b49e492e847201258f777?s=96&d=mm&r=g\",\"url\":\"https:\\\/\\\/secure.gravatar.com\\\/avatar\\\/a64364ea26392f9b4dd47e017ddaec74ff03aefc073b49e492e847201258f777?s=96&d=mm&r=g\",\"contentUrl\":\"https:\\\/\\\/secure.gravatar.com\\\/avatar\\\/a64364ea26392f9b4dd47e017ddaec74ff03aefc073b49e492e847201258f777?s=96&d=mm&r=g\",\"caption\":\"Bati-journal\"},\"url\":\"https:\\\/\\\/batijournal.com\\\/index.php\\\/author\\\/elodie\\\/\"}]}<\/script>\n<!-- \/ Yoast SEO plugin. -->","yoast_head_json":{"title":"La prochaine \u00e9dition d'\u00c9quipbaie-M\u00e9talexpo se tiendra du 21 au 24 septembre 2021","robots":{"index":"index","follow":"follow","max-snippet":"max-snippet:-1","max-image-preview":"max-image-preview:large","max-video-preview":"max-video-preview:-1"},"canonical":"https:\/\/batijournal.com\/index.php\/la-prochaine-edition-dequipbaie-metalexpo-se-tiendra-du-21-au-24-septembre-2021\/105080\/","og_locale":"fr_FR","og_type":"article","og_title":"La prochaine \u00e9dition d'\u00c9quipbaie-M\u00e9talexpo se tiendra du 21 au 24 septembre 2021","og_description":"\u00a0D\u00e9cal\u00e9 en raison de la pand\u00e9mie de la COVID-19, le salon \u00c9QUIPBAIE-M\u00c9TALEXPO, organis\u00e9 par Reed Expositions, tiendra sa prochaine \u00e9dition du 21 au 24 septembre 2021 \u00e0 Paris Porte de Versailles \u2013 Hall 1. Fruit du dialogue constant avec les 6 syndicats partenaires (Groupement ACTIBAIE, FFPV, SNFA, UFME, UMB et Union des M\u00e9talliers), cette date [&hellip;]","og_url":"https:\/\/batijournal.com\/index.php\/la-prochaine-edition-dequipbaie-metalexpo-se-tiendra-du-21-au-24-septembre-2021\/105080\/","og_site_name":"Batijournal","article_published_time":"2020-11-03T13:11:45+00:00","og_image":[{"width":600,"height":600,"url":"https:\/\/batijournal.com\/wp-content\/uploads\/2020\/11\/Equipbaie-MCtalexpo-2021.png","type":"image\/png"}],"author":"Bati-journal","twitter_card":"summary_large_image","twitter_creator":"@bati_journal","twitter_site":"@bati_journal","twitter_misc":{"\u00c9crit par":"Bati-journal","Dur\u00e9e de lecture estim\u00e9e":"2 minutes"},"schema":{"@context":"https:\/\/schema.org","@graph":[{"@type":"Article","@id":"https:\/\/batijournal.com\/index.php\/la-prochaine-edition-dequipbaie-metalexpo-se-tiendra-du-21-au-24-septembre-2021\/105080\/#article","isPartOf":{"@id":"https:\/\/batijournal.com\/index.php\/la-prochaine-edition-dequipbaie-metalexpo-se-tiendra-du-21-au-24-septembre-2021\/105080\/"},"author":{"name":"Bati-journal","@id":"https:\/\/batijournal.com\/#\/schema\/person\/6a657e8967569e1b299972574848aa76"},"headline":"La prochaine \u00e9dition d&rsquo;\u00c9quipbaie-M\u00e9talexpo se tiendra du 21 au 24 septembre 2021","datePublished":"2020-11-03T13:11:45+00:00","mainEntityOfPage":{"@id":"https:\/\/batijournal.com\/index.php\/la-prochaine-edition-dequipbaie-metalexpo-se-tiendra-du-21-au-24-septembre-2021\/105080\/"},"wordCount":420,"image":{"@id":"https:\/\/batijournal.com\/index.php\/la-prochaine-edition-dequipbaie-metalexpo-se-tiendra-du-21-au-24-septembre-2021\/105080\/#primaryimage"},"thumbnailUrl":"https:\/\/batijournal.com\/wp-content\/uploads\/2020\/11\/Equipbaie-MCtalexpo-2021.png","articleSection":["Actualit\u00e9s","Architecture &amp; Conception","\u00c9v\u00e9nements","zz_5fa\u00e7ades","zz_Actualit\u00e9s - 5fa\u00e7ades"],"inLanguage":"fr-FR"},{"@type":"WebPage","@id":"https:\/\/batijournal.com\/index.php\/la-prochaine-edition-dequipbaie-metalexpo-se-tiendra-du-21-au-24-septembre-2021\/105080\/","url":"https:\/\/batijournal.com\/index.php\/la-prochaine-edition-dequipbaie-metalexpo-se-tiendra-du-21-au-24-septembre-2021\/105080\/","name":"La prochaine \u00e9dition d'\u00c9quipbaie-M\u00e9talexpo se tiendra du 21 au 24 septembre 2021","isPartOf":{"@id":"https:\/\/batijournal.com\/#website"},"primaryImageOfPage":{"@id":"https:\/\/batijournal.com\/index.php\/la-prochaine-edition-dequipbaie-metalexpo-se-tiendra-du-21-au-24-septembre-2021\/105080\/#primaryimage"},"image":{"@id":"https:\/\/batijournal.com\/index.php\/la-prochaine-edition-dequipbaie-metalexpo-se-tiendra-du-21-au-24-septembre-2021\/105080\/#primaryimage"},"thumbnailUrl":"https:\/\/batijournal.com\/wp-content\/uploads\/2020\/11\/Equipbaie-MCtalexpo-2021.png","datePublished":"2020-11-03T13:11:45+00:00","author":{"@id":"https:\/\/batijournal.com\/#\/schema\/person\/6a657e8967569e1b299972574848aa76"},"breadcrumb":{"@id":"https:\/\/batijournal.com\/index.php\/la-prochaine-edition-dequipbaie-metalexpo-se-tiendra-du-21-au-24-septembre-2021\/105080\/#breadcrumb"},"inLanguage":"fr-FR","potentialAction":[{"@type":"ReadAction","target":["https:\/\/batijournal.com\/index.php\/la-prochaine-edition-dequipbaie-metalexpo-se-tiendra-du-21-au-24-septembre-2021\/105080\/"]}]},{"@type":"ImageObject","inLanguage":"fr-FR","@id":"https:\/\/batijournal.com\/index.php\/la-prochaine-edition-dequipbaie-metalexpo-se-tiendra-du-21-au-24-septembre-2021\/105080\/#primaryimage","url":"https:\/\/batijournal.com\/wp-content\/uploads\/2020\/11\/Equipbaie-MCtalexpo-2021.png","contentUrl":"https:\/\/batijournal.com\/wp-content\/uploads\/2020\/11\/Equipbaie-MCtalexpo-2021.png","width":600,"height":600},{"@type":"BreadcrumbList","@id":"https:\/\/batijournal.com\/index.php\/la-prochaine-edition-dequipbaie-metalexpo-se-tiendra-du-21-au-24-septembre-2021\/105080\/#breadcrumb","itemListElement":[{"@type":"ListItem","position":1,"name":"Accueil","item":"https:\/\/batijournal.com\/"},{"@type":"ListItem","position":2,"name":"Actualit\u00e9s","item":"https:\/\/batijournal.com\/index.php\/category\/actualites\/"},{"@type":"ListItem","position":3,"name":"Architecture &amp; Conception","item":"https:\/\/batijournal.com\/index.php\/category\/actualites\/architecture-conception\/"},{"@type":"ListItem","position":4,"name":"La prochaine \u00e9dition d&rsquo;\u00c9quipbaie-M\u00e9talexpo se tiendra du 21 au 24 septembre 2021"}]},{"@type":"WebSite","@id":"https:\/\/batijournal.com\/#website","url":"https:\/\/batijournal.com\/","name":"Batijournal","description":"L&#039;actualit\u00e9 du b\u00e2timent","potentialAction":[{"@type":"SearchAction","target":{"@type":"EntryPoint","urlTemplate":"https:\/\/batijournal.com\/?s={search_term_string}"},"query-input":{"@type":"PropertyValueSpecification","valueRequired":true,"valueName":"search_term_string"}}],"inLanguage":"fr-FR"},{"@type":"Person","@id":"https:\/\/batijournal.com\/#\/schema\/person\/6a657e8967569e1b299972574848aa76","name":"Bati-journal","image":{"@type":"ImageObject","inLanguage":"fr-FR","@id":"https:\/\/secure.gravatar.com\/avatar\/a64364ea26392f9b4dd47e017ddaec74ff03aefc073b49e492e847201258f777?s=96&d=mm&r=g","url":"https:\/\/secure.gravatar.com\/avatar\/a64364ea26392f9b4dd47e017ddaec74ff03aefc073b49e492e847201258f777?s=96&d=mm&r=g","contentUrl":"https:\/\/secure.gravatar.com\/avatar\/a64364ea26392f9b4dd47e017ddaec74ff03aefc073b49e492e847201258f777?s=96&d=mm&r=g","caption":"Bati-journal"},"url":"https:\/\/batijournal.com\/index.php\/author\/elodie\/"}]}},"_links":{"self":[{"href":"https:\/\/batijournal.com\/index.php\/wp-json\/wp\/v2\/posts\/105080","targetHints":{"allow":["GET"]}}],"collection":[{"href":"https:\/\/batijournal.com\/index.php\/wp-json\/wp\/v2\/posts"}],"about":[{"href":"https:\/\/batijournal.com\/index.php\/wp-json\/wp\/v2\/types\/post"}],"author":[{"embeddable":true,"href":"https:\/\/batijournal.com\/index.php\/wp-json\/wp\/v2\/users\/1"}],"replies":[{"embeddable":true,"href":"https:\/\/batijournal.com\/index.php\/wp-json\/wp\/v2\/comments?post=105080"}],"version-history":[{"count":0,"href":"https:\/\/batijournal.com\/index.php\/wp-json\/wp\/v2\/posts\/105080\/revisions"}],"wp:featuredmedia":[{"embeddable":true,"href":"https:\/\/batijournal.com\/index.php\/wp-json\/wp\/v2\/media\/105081"}],"wp:attachment":[{"href":"https:\/\/batijournal.com\/index.php\/wp-json\/wp\/v2\/media?parent=105080"}],"wp:term":[{"taxonomy":"category","embeddable":true,"href":"https:\/\/batijournal.com\/index.php\/wp-json\/wp\/v2\/categories?post=105080"},{"taxonomy":"post_tag","embeddable":true,"href":"https:\/\/batijournal.com\/index.php\/wp-json\/wp\/v2\/tags?post=105080"}],"curies":[{"name":"wp","href":"https:\/\/api.w.org\/{rel}","templated":true}]}}