{"id":105094,"date":"2020-11-05T08:57:55","date_gmt":"2020-11-05T07:57:55","guid":{"rendered":"https:\/\/batijournal.com\/?p=105094"},"modified":"2020-11-05T08:57:55","modified_gmt":"2020-11-05T07:57:55","slug":"la-capeb-demande-des-clarifications-au-gouvernement","status":"publish","type":"post","link":"https:\/\/batijournal.com\/index.php\/la-capeb-demande-des-clarifications-au-gouvernement\/105094\/","title":{"rendered":"La CAPEB demande des clarifications au Gouvernement"},"content":{"rendered":"<p><strong>Le 4 novembre 2020, Jean-Christophe Repon, Pr\u00e9sident de la CAPEB a adress\u00e9 \u00e0 plusieurs ministres une liste de demandes afin de lever certains freins et de clarifier des mesures pour permettre la continuit\u00e9 de l\u2019activit\u00e9 des entreprises artisanales du b\u00e2timent dans des conditions optimales :<\/strong><\/p>\n<p><strong>Concernant les d\u00e9placements :<\/strong><\/p>\n<p>\u00b7 permettre aux clients, particuliers et professionnels, de pouvoir se d\u00e9placer afin de suivre et de r\u00e9ceptionner leurs chantiers ;<br \/>\n\u00b7 confirmer que des d\u00e9placements inter-r\u00e9gionaux \u00e0 titre professionnel sont autoris\u00e9s, quel que soit le p\u00e9rim\u00e8tre, sous r\u00e9serve de disposer d\u2019un justificatif de d\u00e9placement professionnel de son employeur pour les salari\u00e9s ou de l&rsquo;attestation de d\u00e9placement d\u00e9rogatoire pour les non-salari\u00e9s ;<br \/>\n\u00b7 permettre aux Travailleurs Non-Salari\u00e9s (TNS) de ne pas devoir renouveler chaque jour leur autorisation de d\u00e9placement ;<\/p>\n<p><strong>Concernant la poursuite de l\u2019activit\u00e9 :<\/strong><\/p>\n<p>\u00b7 veiller \u00e0 ce que les autorisations temporaires d&rsquo;installations d&rsquo;engins (grues, engins de levage, \u00e9chafaudages, etc.) ne soient pas interrompues ;<br \/>\n\u00b7 r\u00e9activer les cellules mises en place par les pr\u00e9fets afin de faciliter la continuit\u00e9 de l&rsquo;activit\u00e9 dans les territoires ;<br \/>\n\u00b7 autoriser explicitement un professionnel du b\u00e2timent \u00e0 pouvoir accueillir du public dans le respect des r\u00e8gles sanitaires, afin d\u2019assurer la vente de mat\u00e9riaux et d\u2019\u00e9quipements li\u00e9s aux m\u00e9tiers du b\u00e2timent pour lesquels il r\u00e9alise des installations ou des am\u00e9nagements, comme notamment les po\u00eales \u00e0 bois et autres \u00e9quipements de chauffage, les fen\u00eatres, les portails ainsi que les combustibles de chauffage, les peintures, etc.<br \/>\n\u00b7 autoriser explicitement les professionnels du b\u00e2timent \u00e0 assurer leurs rendez-vous commerciaux aupr\u00e8s de leurs clients ;<br \/>\n\u00b7 confirmer l\u2019application du principe de poursuite d\u2019activit\u00e9 du BTP pour les ramoneurs, m\u00eame lorsque ces derniers ne rel\u00e8vent pas du secteur du b\u00e2timent ;<br \/>\n\u00b7 autoriser les restaurateurs ou les mairies volontaires ou encore les CFA \u00e0 ouvrir leur \u00e9tablissement, salle polyvalente, gymnase, cantine\u2026, pour permettre aux salari\u00e9s du BTP de pouvoir, dans le respect des r\u00e8gles sanitaires, prendre leur repas dans des lieux adapt\u00e9s ;<br \/>\n\u00b7 autoriser explicitement les stagiaires du BTP \u00e0 pouvoir faire leur stage en entreprise (par exemple, dans le cadre d\u2019une convention de stage liant un lyc\u00e9e professionnel, un jeune et une entreprise).<\/p>\n<p><strong>Concernant le soutien financier aux entreprises :<\/strong><\/p>\n<p>\u00b7 permettre aux entreprises du b\u00e2timent subissant une perte d\u2019activit\u00e9 parce qu\u2019emp\u00each\u00e9es de r\u00e9aliser leurs prestations (refus du client &#8211; particulier ou professionnel &#8211; de permettre \u00e0 l\u2019entreprise de r\u00e9aliser sa prestation pendant le confinement, fermeture temporaire de l\u2019entreprise suite \u00e0 un cas COVID d\u00e9clar\u00e9) d\u2019\u00eatre \u00e9ligibles \u00e0 l\u2019activit\u00e9 partielle suivant les m\u00eames modalit\u00e9s que les entreprises relevant des secteurs prot\u00e9g\u00e9s ou subissant une fermeture administrative ;<br \/>\n\u00b7 confirmer que le fonds de solidarit\u00e9 est bien ouvert \u00e0 l\u2019ensemble des entreprises, y compris celles relevant du secteur du b\u00e2timent ;<br \/>\n\u00b7 confirmer que les exon\u00e9rations et reports de cotisations sociales pour les travailleurs ind\u00e9pendants et les employeurs ne sont pas limit\u00e9s aux seules entreprises ferm\u00e9es administrativement ou aux PME appartenant \u00e0 certains secteurs d\u2019activit\u00e9 ;<\/p>\n<p>Enfin, la CAPEB demande de pr\u00e9voir un d\u00e9lai suppl\u00e9mentaire pour le d\u00e9p\u00f4t des dossiers de qualification des entreprises du b\u00e2timent.<\/p>\n","protected":false},"excerpt":{"rendered":"<p>Le 4 novembre 2020, Jean-Christophe Repon, Pr\u00e9sident de la CAPEB a adress\u00e9 \u00e0 plusieurs ministres une liste de demandes afin de lever certains freins et de clarifier des mesures pour permettre la continuit\u00e9 de l\u2019activit\u00e9 des entreprises artisanales du b\u00e2timent dans des conditions optimales : Concernant les d\u00e9placements : \u00b7 permettre aux clients, particuliers et [&hellip;]<\/p>\n","protected":false},"author":17,"featured_media":104124,"comment_status":"closed","ping_status":"closed","sticky":false,"template":"","format":"standard","meta":{"_et_pb_use_builder":"","_et_pb_old_content":"","_et_gb_content_width":"","footnotes":""},"categories":[10736,10530,6345],"tags":[647,12905],"class_list":["post-105094","post","type-post","status-publish","format-standard","has-post-thumbnail","hentry","category-a-la-une","category-actualites","category-economie-marches","tag-capeb","tag-covid-19"],"yoast_head":"<!-- This site is optimized with the Yoast SEO plugin v27.4 - https:\/\/yoast.com\/product\/yoast-seo-wordpress\/ -->\n<title>La CAPEB demande des clarifications au Gouvernement<\/title>\n<meta name=\"robots\" content=\"index, follow, max-snippet:-1, max-image-preview:large, max-video-preview:-1\" \/>\n<link rel=\"canonical\" href=\"https:\/\/batijournal.com\/index.php\/la-capeb-demande-des-clarifications-au-gouvernement\/105094\/\" \/>\n<meta property=\"og:locale\" content=\"fr_FR\" \/>\n<meta property=\"og:type\" content=\"article\" \/>\n<meta property=\"og:title\" content=\"La CAPEB demande des clarifications au Gouvernement\" \/>\n<meta property=\"og:description\" content=\"Le 4 novembre 2020, Jean-Christophe Repon, Pr\u00e9sident de la CAPEB a adress\u00e9 \u00e0 plusieurs ministres une liste de demandes afin de lever certains freins et de clarifier des mesures pour permettre la continuit\u00e9 de l\u2019activit\u00e9 des entreprises artisanales du b\u00e2timent dans des conditions optimales : Concernant les d\u00e9placements : \u00b7 permettre aux clients, particuliers et [&hellip;]\" \/>\n<meta property=\"og:url\" content=\"https:\/\/batijournal.com\/index.php\/la-capeb-demande-des-clarifications-au-gouvernement\/105094\/\" \/>\n<meta property=\"og:site_name\" content=\"Batijournal\" \/>\n<meta property=\"article:published_time\" content=\"2020-11-05T07:57:55+00:00\" \/>\n<meta property=\"og:image\" content=\"https:\/\/batijournal.com\/wp-content\/uploads\/2020\/04\/masques-corona-virus.jpg\" \/>\n\t<meta property=\"og:image:width\" content=\"800\" \/>\n\t<meta property=\"og:image:height\" content=\"375\" \/>\n\t<meta property=\"og:image:type\" content=\"image\/jpeg\" \/>\n<meta name=\"author\" content=\"St\u00e9phane Miget\" \/>\n<meta name=\"twitter:card\" content=\"summary_large_image\" \/>\n<meta name=\"twitter:creator\" content=\"@bati_journal\" \/>\n<meta name=\"twitter:site\" content=\"@bati_journal\" \/>\n<meta name=\"twitter:label1\" content=\"\u00c9crit par\" \/>\n\t<meta name=\"twitter:data1\" content=\"St\u00e9phane Miget\" \/>\n\t<meta name=\"twitter:label2\" content=\"Dur\u00e9e de lecture estim\u00e9e\" \/>\n\t<meta name=\"twitter:data2\" content=\"3 minutes\" \/>\n<script type=\"application\/ld+json\" class=\"yoast-schema-graph\">{\"@context\":\"https:\\\/\\\/schema.org\",\"@graph\":[{\"@type\":\"Article\",\"@id\":\"https:\\\/\\\/batijournal.com\\\/index.php\\\/la-capeb-demande-des-clarifications-au-gouvernement\\\/105094\\\/#article\",\"isPartOf\":{\"@id\":\"https:\\\/\\\/batijournal.com\\\/index.php\\\/la-capeb-demande-des-clarifications-au-gouvernement\\\/105094\\\/\"},\"author\":{\"name\":\"St\u00e9phane Miget\",\"@id\":\"https:\\\/\\\/batijournal.com\\\/#\\\/schema\\\/person\\\/1dc96ec6957aa1ccb25ebe78bb19f100\"},\"headline\":\"La CAPEB demande des clarifications au Gouvernement\",\"datePublished\":\"2020-11-05T07:57:55+00:00\",\"mainEntityOfPage\":{\"@id\":\"https:\\\/\\\/batijournal.com\\\/index.php\\\/la-capeb-demande-des-clarifications-au-gouvernement\\\/105094\\\/\"},\"wordCount\":552,\"image\":{\"@id\":\"https:\\\/\\\/batijournal.com\\\/index.php\\\/la-capeb-demande-des-clarifications-au-gouvernement\\\/105094\\\/#primaryimage\"},\"thumbnailUrl\":\"https:\\\/\\\/batijournal.com\\\/wp-content\\\/uploads\\\/2020\\\/04\\\/masques-corona-virus.jpg\",\"keywords\":[\"CAPEB\",\"covid-19\"],\"articleSection\":[\"A la Une\",\"Actualit\u00e9s\",\"\u00c9conomie &amp; March\u00e9s\"],\"inLanguage\":\"fr-FR\"},{\"@type\":\"WebPage\",\"@id\":\"https:\\\/\\\/batijournal.com\\\/index.php\\\/la-capeb-demande-des-clarifications-au-gouvernement\\\/105094\\\/\",\"url\":\"https:\\\/\\\/batijournal.com\\\/index.php\\\/la-capeb-demande-des-clarifications-au-gouvernement\\\/105094\\\/\",\"name\":\"La CAPEB demande des clarifications au Gouvernement\",\"isPartOf\":{\"@id\":\"https:\\\/\\\/batijournal.com\\\/#website\"},\"primaryImageOfPage\":{\"@id\":\"https:\\\/\\\/batijournal.com\\\/index.php\\\/la-capeb-demande-des-clarifications-au-gouvernement\\\/105094\\\/#primaryimage\"},\"image\":{\"@id\":\"https:\\\/\\\/batijournal.com\\\/index.php\\\/la-capeb-demande-des-clarifications-au-gouvernement\\\/105094\\\/#primaryimage\"},\"thumbnailUrl\":\"https:\\\/\\\/batijournal.com\\\/wp-content\\\/uploads\\\/2020\\\/04\\\/masques-corona-virus.jpg\",\"datePublished\":\"2020-11-05T07:57:55+00:00\",\"author\":{\"@id\":\"https:\\\/\\\/batijournal.com\\\/#\\\/schema\\\/person\\\/1dc96ec6957aa1ccb25ebe78bb19f100\"},\"breadcrumb\":{\"@id\":\"https:\\\/\\\/batijournal.com\\\/index.php\\\/la-capeb-demande-des-clarifications-au-gouvernement\\\/105094\\\/#breadcrumb\"},\"inLanguage\":\"fr-FR\",\"potentialAction\":[{\"@type\":\"ReadAction\",\"target\":[\"https:\\\/\\\/batijournal.com\\\/index.php\\\/la-capeb-demande-des-clarifications-au-gouvernement\\\/105094\\\/\"]}]},{\"@type\":\"ImageObject\",\"inLanguage\":\"fr-FR\",\"@id\":\"https:\\\/\\\/batijournal.com\\\/index.php\\\/la-capeb-demande-des-clarifications-au-gouvernement\\\/105094\\\/#primaryimage\",\"url\":\"https:\\\/\\\/batijournal.com\\\/wp-content\\\/uploads\\\/2020\\\/04\\\/masques-corona-virus.jpg\",\"contentUrl\":\"https:\\\/\\\/batijournal.com\\\/wp-content\\\/uploads\\\/2020\\\/04\\\/masques-corona-virus.jpg\",\"width\":800,\"height\":375},{\"@type\":\"BreadcrumbList\",\"@id\":\"https:\\\/\\\/batijournal.com\\\/index.php\\\/la-capeb-demande-des-clarifications-au-gouvernement\\\/105094\\\/#breadcrumb\",\"itemListElement\":[{\"@type\":\"ListItem\",\"position\":1,\"name\":\"Accueil\",\"item\":\"https:\\\/\\\/batijournal.com\\\/\"},{\"@type\":\"ListItem\",\"position\":2,\"name\":\"Actualit\u00e9s\",\"item\":\"https:\\\/\\\/batijournal.com\\\/index.php\\\/category\\\/actualites\\\/\"},{\"@type\":\"ListItem\",\"position\":3,\"name\":\"\u00c9conomie &amp; March\u00e9s\",\"item\":\"https:\\\/\\\/batijournal.com\\\/index.php\\\/category\\\/actualites\\\/economie-marches\\\/\"},{\"@type\":\"ListItem\",\"position\":4,\"name\":\"La CAPEB demande des clarifications au Gouvernement\"}]},{\"@type\":\"WebSite\",\"@id\":\"https:\\\/\\\/batijournal.com\\\/#website\",\"url\":\"https:\\\/\\\/batijournal.com\\\/\",\"name\":\"Batijournal\",\"description\":\"L&#039;actualit\u00e9 du b\u00e2timent\",\"potentialAction\":[{\"@type\":\"SearchAction\",\"target\":{\"@type\":\"EntryPoint\",\"urlTemplate\":\"https:\\\/\\\/batijournal.com\\\/?s={search_term_string}\"},\"query-input\":{\"@type\":\"PropertyValueSpecification\",\"valueRequired\":true,\"valueName\":\"search_term_string\"}}],\"inLanguage\":\"fr-FR\"},{\"@type\":\"Person\",\"@id\":\"https:\\\/\\\/batijournal.com\\\/#\\\/schema\\\/person\\\/1dc96ec6957aa1ccb25ebe78bb19f100\",\"name\":\"St\u00e9phane Miget\",\"image\":{\"@type\":\"ImageObject\",\"inLanguage\":\"fr-FR\",\"@id\":\"https:\\\/\\\/secure.gravatar.com\\\/avatar\\\/89915563d925342126b8ef0281b93d9d7fc337043e8df017f780908eb9644451?s=96&d=mm&r=g\",\"url\":\"https:\\\/\\\/secure.gravatar.com\\\/avatar\\\/89915563d925342126b8ef0281b93d9d7fc337043e8df017f780908eb9644451?s=96&d=mm&r=g\",\"contentUrl\":\"https:\\\/\\\/secure.gravatar.com\\\/avatar\\\/89915563d925342126b8ef0281b93d9d7fc337043e8df017f780908eb9644451?s=96&d=mm&r=g\",\"caption\":\"St\u00e9phane Miget\"},\"url\":\"https:\\\/\\\/batijournal.com\\\/index.php\\\/author\\\/stephane\\\/\"}]}<\/script>\n<!-- \/ Yoast SEO plugin. -->","yoast_head_json":{"title":"La CAPEB demande des clarifications au Gouvernement","robots":{"index":"index","follow":"follow","max-snippet":"max-snippet:-1","max-image-preview":"max-image-preview:large","max-video-preview":"max-video-preview:-1"},"canonical":"https:\/\/batijournal.com\/index.php\/la-capeb-demande-des-clarifications-au-gouvernement\/105094\/","og_locale":"fr_FR","og_type":"article","og_title":"La CAPEB demande des clarifications au Gouvernement","og_description":"Le 4 novembre 2020, Jean-Christophe Repon, Pr\u00e9sident de la CAPEB a adress\u00e9 \u00e0 plusieurs ministres une liste de demandes afin de lever certains freins et de clarifier des mesures pour permettre la continuit\u00e9 de l\u2019activit\u00e9 des entreprises artisanales du b\u00e2timent dans des conditions optimales : Concernant les d\u00e9placements : \u00b7 permettre aux clients, particuliers et [&hellip;]","og_url":"https:\/\/batijournal.com\/index.php\/la-capeb-demande-des-clarifications-au-gouvernement\/105094\/","og_site_name":"Batijournal","article_published_time":"2020-11-05T07:57:55+00:00","og_image":[{"width":800,"height":375,"url":"https:\/\/batijournal.com\/wp-content\/uploads\/2020\/04\/masques-corona-virus.jpg","type":"image\/jpeg"}],"author":"St\u00e9phane Miget","twitter_card":"summary_large_image","twitter_creator":"@bati_journal","twitter_site":"@bati_journal","twitter_misc":{"\u00c9crit par":"St\u00e9phane Miget","Dur\u00e9e de lecture estim\u00e9e":"3 minutes"},"schema":{"@context":"https:\/\/schema.org","@graph":[{"@type":"Article","@id":"https:\/\/batijournal.com\/index.php\/la-capeb-demande-des-clarifications-au-gouvernement\/105094\/#article","isPartOf":{"@id":"https:\/\/batijournal.com\/index.php\/la-capeb-demande-des-clarifications-au-gouvernement\/105094\/"},"author":{"name":"St\u00e9phane Miget","@id":"https:\/\/batijournal.com\/#\/schema\/person\/1dc96ec6957aa1ccb25ebe78bb19f100"},"headline":"La CAPEB demande des clarifications au Gouvernement","datePublished":"2020-11-05T07:57:55+00:00","mainEntityOfPage":{"@id":"https:\/\/batijournal.com\/index.php\/la-capeb-demande-des-clarifications-au-gouvernement\/105094\/"},"wordCount":552,"image":{"@id":"https:\/\/batijournal.com\/index.php\/la-capeb-demande-des-clarifications-au-gouvernement\/105094\/#primaryimage"},"thumbnailUrl":"https:\/\/batijournal.com\/wp-content\/uploads\/2020\/04\/masques-corona-virus.jpg","keywords":["CAPEB","covid-19"],"articleSection":["A la Une","Actualit\u00e9s","\u00c9conomie &amp; March\u00e9s"],"inLanguage":"fr-FR"},{"@type":"WebPage","@id":"https:\/\/batijournal.com\/index.php\/la-capeb-demande-des-clarifications-au-gouvernement\/105094\/","url":"https:\/\/batijournal.com\/index.php\/la-capeb-demande-des-clarifications-au-gouvernement\/105094\/","name":"La CAPEB demande des clarifications au Gouvernement","isPartOf":{"@id":"https:\/\/batijournal.com\/#website"},"primaryImageOfPage":{"@id":"https:\/\/batijournal.com\/index.php\/la-capeb-demande-des-clarifications-au-gouvernement\/105094\/#primaryimage"},"image":{"@id":"https:\/\/batijournal.com\/index.php\/la-capeb-demande-des-clarifications-au-gouvernement\/105094\/#primaryimage"},"thumbnailUrl":"https:\/\/batijournal.com\/wp-content\/uploads\/2020\/04\/masques-corona-virus.jpg","datePublished":"2020-11-05T07:57:55+00:00","author":{"@id":"https:\/\/batijournal.com\/#\/schema\/person\/1dc96ec6957aa1ccb25ebe78bb19f100"},"breadcrumb":{"@id":"https:\/\/batijournal.com\/index.php\/la-capeb-demande-des-clarifications-au-gouvernement\/105094\/#breadcrumb"},"inLanguage":"fr-FR","potentialAction":[{"@type":"ReadAction","target":["https:\/\/batijournal.com\/index.php\/la-capeb-demande-des-clarifications-au-gouvernement\/105094\/"]}]},{"@type":"ImageObject","inLanguage":"fr-FR","@id":"https:\/\/batijournal.com\/index.php\/la-capeb-demande-des-clarifications-au-gouvernement\/105094\/#primaryimage","url":"https:\/\/batijournal.com\/wp-content\/uploads\/2020\/04\/masques-corona-virus.jpg","contentUrl":"https:\/\/batijournal.com\/wp-content\/uploads\/2020\/04\/masques-corona-virus.jpg","width":800,"height":375},{"@type":"BreadcrumbList","@id":"https:\/\/batijournal.com\/index.php\/la-capeb-demande-des-clarifications-au-gouvernement\/105094\/#breadcrumb","itemListElement":[{"@type":"ListItem","position":1,"name":"Accueil","item":"https:\/\/batijournal.com\/"},{"@type":"ListItem","position":2,"name":"Actualit\u00e9s","item":"https:\/\/batijournal.com\/index.php\/category\/actualites\/"},{"@type":"ListItem","position":3,"name":"\u00c9conomie &amp; March\u00e9s","item":"https:\/\/batijournal.com\/index.php\/category\/actualites\/economie-marches\/"},{"@type":"ListItem","position":4,"name":"La CAPEB demande des clarifications au Gouvernement"}]},{"@type":"WebSite","@id":"https:\/\/batijournal.com\/#website","url":"https:\/\/batijournal.com\/","name":"Batijournal","description":"L&#039;actualit\u00e9 du b\u00e2timent","potentialAction":[{"@type":"SearchAction","target":{"@type":"EntryPoint","urlTemplate":"https:\/\/batijournal.com\/?s={search_term_string}"},"query-input":{"@type":"PropertyValueSpecification","valueRequired":true,"valueName":"search_term_string"}}],"inLanguage":"fr-FR"},{"@type":"Person","@id":"https:\/\/batijournal.com\/#\/schema\/person\/1dc96ec6957aa1ccb25ebe78bb19f100","name":"St\u00e9phane Miget","image":{"@type":"ImageObject","inLanguage":"fr-FR","@id":"https:\/\/secure.gravatar.com\/avatar\/89915563d925342126b8ef0281b93d9d7fc337043e8df017f780908eb9644451?s=96&d=mm&r=g","url":"https:\/\/secure.gravatar.com\/avatar\/89915563d925342126b8ef0281b93d9d7fc337043e8df017f780908eb9644451?s=96&d=mm&r=g","contentUrl":"https:\/\/secure.gravatar.com\/avatar\/89915563d925342126b8ef0281b93d9d7fc337043e8df017f780908eb9644451?s=96&d=mm&r=g","caption":"St\u00e9phane Miget"},"url":"https:\/\/batijournal.com\/index.php\/author\/stephane\/"}]}},"_links":{"self":[{"href":"https:\/\/batijournal.com\/index.php\/wp-json\/wp\/v2\/posts\/105094","targetHints":{"allow":["GET"]}}],"collection":[{"href":"https:\/\/batijournal.com\/index.php\/wp-json\/wp\/v2\/posts"}],"about":[{"href":"https:\/\/batijournal.com\/index.php\/wp-json\/wp\/v2\/types\/post"}],"author":[{"embeddable":true,"href":"https:\/\/batijournal.com\/index.php\/wp-json\/wp\/v2\/users\/17"}],"replies":[{"embeddable":true,"href":"https:\/\/batijournal.com\/index.php\/wp-json\/wp\/v2\/comments?post=105094"}],"version-history":[{"count":0,"href":"https:\/\/batijournal.com\/index.php\/wp-json\/wp\/v2\/posts\/105094\/revisions"}],"wp:featuredmedia":[{"embeddable":true,"href":"https:\/\/batijournal.com\/index.php\/wp-json\/wp\/v2\/media\/104124"}],"wp:attachment":[{"href":"https:\/\/batijournal.com\/index.php\/wp-json\/wp\/v2\/media?parent=105094"}],"wp:term":[{"taxonomy":"category","embeddable":true,"href":"https:\/\/batijournal.com\/index.php\/wp-json\/wp\/v2\/categories?post=105094"},{"taxonomy":"post_tag","embeddable":true,"href":"https:\/\/batijournal.com\/index.php\/wp-json\/wp\/v2\/tags?post=105094"}],"curies":[{"name":"wp","href":"https:\/\/api.w.org\/{rel}","templated":true}]}}