{"id":105113,"date":"2020-11-10T10:08:00","date_gmt":"2020-11-10T09:08:00","guid":{"rendered":"https:\/\/batijournal.com\/?p=105113"},"modified":"2020-11-10T10:08:00","modified_gmt":"2020-11-10T09:08:00","slug":"les-entreprises-du-serce-pronent-lautoconsommation","status":"publish","type":"post","link":"https:\/\/batijournal.com\/index.php\/les-entreprises-du-serce-pronent-lautoconsommation\/105113\/","title":{"rendered":"Les entreprises du SERCE pr\u00f4nent l&rsquo;autoconsommation"},"content":{"rendered":"<p>L\u2019autoconsommation est un levier efficace pour r\u00e9duire la consommation \u00e9nerg\u00e9tique et r\u00e9pondre aux exigences du nouveau d\u00e9cret du 23 juillet 2019 relatif aux obligations d\u2019actions de r\u00e9duction de la consommation d\u2019\u00e9nergie finale dans des b\u00e2timents \u00e0 usage tertiaire. La mise en oeuvre de projets d\u2019autoconsommation implique des comp\u00e9tences en ing\u00e9nierie, en \u00e9tudes, la r\u00e9alisation des travaux, la maintenance et l\u2019exploitation de ces solutions. Les entreprises de la transition \u00e9nerg\u00e9tique et num\u00e9rique regroup\u00e9es au sein du SERCE ont une r\u00e9elle valeur ajout\u00e9e dans ces nouveaux modes de consommation de l\u2019\u00e9lectricit\u00e9. Elles m\u00e8nent depuis plusieurs ann\u00e9es une r\u00e9flexion sur des mod\u00e8les \u00e9nerg\u00e9tiques d\u00e9centralis\u00e9s et b\u00e9n\u00e9ficient d\u00e9j\u00e0 de retours d\u2019exp\u00e9riences concrets. Int\u00e9grateurs de solutions, elles accompagnent les ma\u00eetres d\u2019ouvrage sur toute la dur\u00e9e du projet en proposant des montages financiers innovants (leasing, Contrat de Performance \u00c9nerg\u00e9tique, Certificat d\u2019Economie d\u2019Energie, tiers financement&#8230;). Des nouvelles boucles locales d\u2019\u00e9nergie \u00e9lectriques associant producteurs et consommateurs vont \u00e9merger avec la multiplication des op\u00e9rations d\u2019autoconsommation collective. Celles-ci devront s\u2019appuyer sur des logiciels de supervision et de management de l\u2019\u00e9nergie, con\u00e7us et mis en oeuvre par des experts aux comp\u00e9tences multitechniques (courants forts, courants faibles, etc.). La capacit\u00e9 des entreprises du SERCE \u00e0 s\u2019engager sur le long terme, leur expertise technique, leur pr\u00e9sence territoriale et leur ma\u00eetrise du risque leur donnent la l\u00e9gitimit\u00e9 pour piloter ces projets dans leur ensemble et dans la dur\u00e9e.<\/p>\n","protected":false},"excerpt":{"rendered":"<p>L\u2019autoconsommation est un levier efficace pour r\u00e9duire la consommation \u00e9nerg\u00e9tique et r\u00e9pondre aux exigences du nouveau d\u00e9cret du 23 juillet 2019 relatif aux obligations d\u2019actions de r\u00e9duction de la consommation d\u2019\u00e9nergie finale dans des b\u00e2timents \u00e0 usage tertiaire. La mise en oeuvre de projets d\u2019autoconsommation implique des comp\u00e9tences en ing\u00e9nierie, en \u00e9tudes, la r\u00e9alisation des [&hellip;]<\/p>\n","protected":false},"author":17,"featured_media":91814,"comment_status":"closed","ping_status":"closed","sticky":false,"template":"","format":"standard","meta":{"_et_pb_use_builder":"","_et_pb_old_content":"","_et_gb_content_width":"","footnotes":""},"categories":[10530,6351,10781,10778],"tags":[12953,10733],"class_list":["post-105113","post","type-post","status-publish","format-standard","has-post-thumbnail","hentry","category-actualites","category-energie-environnement","category-publications-planete","category-planete","tag-autoconsomation","tag-electricite-photovoltaique"],"yoast_head":"<!-- This site is optimized with the Yoast SEO plugin v27.4 - https:\/\/yoast.com\/product\/yoast-seo-wordpress\/ -->\n<title>Les entreprises du SERCE pr\u00f4nent l&#039;autoconsommation<\/title>\n<meta name=\"robots\" content=\"index, follow, max-snippet:-1, max-image-preview:large, max-video-preview:-1\" \/>\n<link rel=\"canonical\" href=\"https:\/\/batijournal.com\/index.php\/les-entreprises-du-serce-pronent-lautoconsommation\/105113\/\" \/>\n<meta property=\"og:locale\" content=\"fr_FR\" \/>\n<meta property=\"og:type\" content=\"article\" \/>\n<meta property=\"og:title\" content=\"Les entreprises du SERCE pr\u00f4nent l&#039;autoconsommation\" \/>\n<meta property=\"og:description\" content=\"L\u2019autoconsommation est un levier efficace pour r\u00e9duire la consommation \u00e9nerg\u00e9tique et r\u00e9pondre aux exigences du nouveau d\u00e9cret du 23 juillet 2019 relatif aux obligations d\u2019actions de r\u00e9duction de la consommation d\u2019\u00e9nergie finale dans des b\u00e2timents \u00e0 usage tertiaire. La mise en oeuvre de projets d\u2019autoconsommation implique des comp\u00e9tences en ing\u00e9nierie, en \u00e9tudes, la r\u00e9alisation des [&hellip;]\" \/>\n<meta property=\"og:url\" content=\"https:\/\/batijournal.com\/index.php\/les-entreprises-du-serce-pronent-lautoconsommation\/105113\/\" \/>\n<meta property=\"og:site_name\" content=\"Batijournal\" \/>\n<meta property=\"article:published_time\" content=\"2020-11-10T09:08:00+00:00\" \/>\n<meta property=\"og:image\" content=\"https:\/\/batijournal.com\/wp-content\/uploads\/2016\/03\/installations-photovoltaiques-de-moyenne-puissance.jpg\" \/>\n\t<meta property=\"og:image:width\" content=\"800\" \/>\n\t<meta property=\"og:image:height\" content=\"600\" \/>\n\t<meta property=\"og:image:type\" content=\"image\/jpeg\" \/>\n<meta name=\"author\" content=\"St\u00e9phane Miget\" \/>\n<meta name=\"twitter:card\" content=\"summary_large_image\" \/>\n<meta name=\"twitter:creator\" content=\"@bati_journal\" \/>\n<meta name=\"twitter:site\" content=\"@bati_journal\" \/>\n<meta name=\"twitter:label1\" content=\"\u00c9crit par\" \/>\n\t<meta name=\"twitter:data1\" content=\"St\u00e9phane Miget\" \/>\n\t<meta name=\"twitter:label2\" content=\"Dur\u00e9e de lecture estim\u00e9e\" \/>\n\t<meta name=\"twitter:data2\" content=\"1 minute\" \/>\n<script type=\"application\/ld+json\" class=\"yoast-schema-graph\">{\"@context\":\"https:\\\/\\\/schema.org\",\"@graph\":[{\"@type\":\"Article\",\"@id\":\"https:\\\/\\\/batijournal.com\\\/index.php\\\/les-entreprises-du-serce-pronent-lautoconsommation\\\/105113\\\/#article\",\"isPartOf\":{\"@id\":\"https:\\\/\\\/batijournal.com\\\/index.php\\\/les-entreprises-du-serce-pronent-lautoconsommation\\\/105113\\\/\"},\"author\":{\"name\":\"St\u00e9phane Miget\",\"@id\":\"https:\\\/\\\/batijournal.com\\\/#\\\/schema\\\/person\\\/1dc96ec6957aa1ccb25ebe78bb19f100\"},\"headline\":\"Les entreprises du SERCE pr\u00f4nent l&rsquo;autoconsommation\",\"datePublished\":\"2020-11-10T09:08:00+00:00\",\"mainEntityOfPage\":{\"@id\":\"https:\\\/\\\/batijournal.com\\\/index.php\\\/les-entreprises-du-serce-pronent-lautoconsommation\\\/105113\\\/\"},\"wordCount\":279,\"image\":{\"@id\":\"https:\\\/\\\/batijournal.com\\\/index.php\\\/les-entreprises-du-serce-pronent-lautoconsommation\\\/105113\\\/#primaryimage\"},\"thumbnailUrl\":\"https:\\\/\\\/batijournal.com\\\/wp-content\\\/uploads\\\/2016\\\/03\\\/installations-photovoltaiques-de-moyenne-puissance.jpg\",\"keywords\":[\"autoconsomation\",\"\u00e9lectricit\u00e9 photovolta\u00efque\"],\"articleSection\":[\"Actualit\u00e9s\",\"\u00c9nergie &amp; Environnement\",\"zz_Actualit\u00e9s - Plan\u00e8te\",\"zz_Plan\u00e8te B\u00e2timent\"],\"inLanguage\":\"fr-FR\"},{\"@type\":\"WebPage\",\"@id\":\"https:\\\/\\\/batijournal.com\\\/index.php\\\/les-entreprises-du-serce-pronent-lautoconsommation\\\/105113\\\/\",\"url\":\"https:\\\/\\\/batijournal.com\\\/index.php\\\/les-entreprises-du-serce-pronent-lautoconsommation\\\/105113\\\/\",\"name\":\"Les entreprises du SERCE pr\u00f4nent l'autoconsommation\",\"isPartOf\":{\"@id\":\"https:\\\/\\\/batijournal.com\\\/#website\"},\"primaryImageOfPage\":{\"@id\":\"https:\\\/\\\/batijournal.com\\\/index.php\\\/les-entreprises-du-serce-pronent-lautoconsommation\\\/105113\\\/#primaryimage\"},\"image\":{\"@id\":\"https:\\\/\\\/batijournal.com\\\/index.php\\\/les-entreprises-du-serce-pronent-lautoconsommation\\\/105113\\\/#primaryimage\"},\"thumbnailUrl\":\"https:\\\/\\\/batijournal.com\\\/wp-content\\\/uploads\\\/2016\\\/03\\\/installations-photovoltaiques-de-moyenne-puissance.jpg\",\"datePublished\":\"2020-11-10T09:08:00+00:00\",\"author\":{\"@id\":\"https:\\\/\\\/batijournal.com\\\/#\\\/schema\\\/person\\\/1dc96ec6957aa1ccb25ebe78bb19f100\"},\"breadcrumb\":{\"@id\":\"https:\\\/\\\/batijournal.com\\\/index.php\\\/les-entreprises-du-serce-pronent-lautoconsommation\\\/105113\\\/#breadcrumb\"},\"inLanguage\":\"fr-FR\",\"potentialAction\":[{\"@type\":\"ReadAction\",\"target\":[\"https:\\\/\\\/batijournal.com\\\/index.php\\\/les-entreprises-du-serce-pronent-lautoconsommation\\\/105113\\\/\"]}]},{\"@type\":\"ImageObject\",\"inLanguage\":\"fr-FR\",\"@id\":\"https:\\\/\\\/batijournal.com\\\/index.php\\\/les-entreprises-du-serce-pronent-lautoconsommation\\\/105113\\\/#primaryimage\",\"url\":\"https:\\\/\\\/batijournal.com\\\/wp-content\\\/uploads\\\/2016\\\/03\\\/installations-photovoltaiques-de-moyenne-puissance.jpg\",\"contentUrl\":\"https:\\\/\\\/batijournal.com\\\/wp-content\\\/uploads\\\/2016\\\/03\\\/installations-photovoltaiques-de-moyenne-puissance.jpg\",\"width\":800,\"height\":600},{\"@type\":\"BreadcrumbList\",\"@id\":\"https:\\\/\\\/batijournal.com\\\/index.php\\\/les-entreprises-du-serce-pronent-lautoconsommation\\\/105113\\\/#breadcrumb\",\"itemListElement\":[{\"@type\":\"ListItem\",\"position\":1,\"name\":\"Accueil\",\"item\":\"https:\\\/\\\/batijournal.com\\\/\"},{\"@type\":\"ListItem\",\"position\":2,\"name\":\"Actualit\u00e9s\",\"item\":\"https:\\\/\\\/batijournal.com\\\/index.php\\\/category\\\/actualites\\\/\"},{\"@type\":\"ListItem\",\"position\":3,\"name\":\"\u00c9nergie &amp; Environnement\",\"item\":\"https:\\\/\\\/batijournal.com\\\/index.php\\\/category\\\/actualites\\\/energie-environnement\\\/\"},{\"@type\":\"ListItem\",\"position\":4,\"name\":\"Les entreprises du SERCE pr\u00f4nent l&rsquo;autoconsommation\"}]},{\"@type\":\"WebSite\",\"@id\":\"https:\\\/\\\/batijournal.com\\\/#website\",\"url\":\"https:\\\/\\\/batijournal.com\\\/\",\"name\":\"Batijournal\",\"description\":\"L&#039;actualit\u00e9 du b\u00e2timent\",\"potentialAction\":[{\"@type\":\"SearchAction\",\"target\":{\"@type\":\"EntryPoint\",\"urlTemplate\":\"https:\\\/\\\/batijournal.com\\\/?s={search_term_string}\"},\"query-input\":{\"@type\":\"PropertyValueSpecification\",\"valueRequired\":true,\"valueName\":\"search_term_string\"}}],\"inLanguage\":\"fr-FR\"},{\"@type\":\"Person\",\"@id\":\"https:\\\/\\\/batijournal.com\\\/#\\\/schema\\\/person\\\/1dc96ec6957aa1ccb25ebe78bb19f100\",\"name\":\"St\u00e9phane Miget\",\"image\":{\"@type\":\"ImageObject\",\"inLanguage\":\"fr-FR\",\"@id\":\"https:\\\/\\\/secure.gravatar.com\\\/avatar\\\/89915563d925342126b8ef0281b93d9d7fc337043e8df017f780908eb9644451?s=96&d=mm&r=g\",\"url\":\"https:\\\/\\\/secure.gravatar.com\\\/avatar\\\/89915563d925342126b8ef0281b93d9d7fc337043e8df017f780908eb9644451?s=96&d=mm&r=g\",\"contentUrl\":\"https:\\\/\\\/secure.gravatar.com\\\/avatar\\\/89915563d925342126b8ef0281b93d9d7fc337043e8df017f780908eb9644451?s=96&d=mm&r=g\",\"caption\":\"St\u00e9phane Miget\"},\"url\":\"https:\\\/\\\/batijournal.com\\\/index.php\\\/author\\\/stephane\\\/\"}]}<\/script>\n<!-- \/ Yoast SEO plugin. -->","yoast_head_json":{"title":"Les entreprises du SERCE pr\u00f4nent l'autoconsommation","robots":{"index":"index","follow":"follow","max-snippet":"max-snippet:-1","max-image-preview":"max-image-preview:large","max-video-preview":"max-video-preview:-1"},"canonical":"https:\/\/batijournal.com\/index.php\/les-entreprises-du-serce-pronent-lautoconsommation\/105113\/","og_locale":"fr_FR","og_type":"article","og_title":"Les entreprises du SERCE pr\u00f4nent l'autoconsommation","og_description":"L\u2019autoconsommation est un levier efficace pour r\u00e9duire la consommation \u00e9nerg\u00e9tique et r\u00e9pondre aux exigences du nouveau d\u00e9cret du 23 juillet 2019 relatif aux obligations d\u2019actions de r\u00e9duction de la consommation d\u2019\u00e9nergie finale dans des b\u00e2timents \u00e0 usage tertiaire. La mise en oeuvre de projets d\u2019autoconsommation implique des comp\u00e9tences en ing\u00e9nierie, en \u00e9tudes, la r\u00e9alisation des [&hellip;]","og_url":"https:\/\/batijournal.com\/index.php\/les-entreprises-du-serce-pronent-lautoconsommation\/105113\/","og_site_name":"Batijournal","article_published_time":"2020-11-10T09:08:00+00:00","og_image":[{"width":800,"height":600,"url":"https:\/\/batijournal.com\/wp-content\/uploads\/2016\/03\/installations-photovoltaiques-de-moyenne-puissance.jpg","type":"image\/jpeg"}],"author":"St\u00e9phane Miget","twitter_card":"summary_large_image","twitter_creator":"@bati_journal","twitter_site":"@bati_journal","twitter_misc":{"\u00c9crit par":"St\u00e9phane Miget","Dur\u00e9e de lecture estim\u00e9e":"1 minute"},"schema":{"@context":"https:\/\/schema.org","@graph":[{"@type":"Article","@id":"https:\/\/batijournal.com\/index.php\/les-entreprises-du-serce-pronent-lautoconsommation\/105113\/#article","isPartOf":{"@id":"https:\/\/batijournal.com\/index.php\/les-entreprises-du-serce-pronent-lautoconsommation\/105113\/"},"author":{"name":"St\u00e9phane Miget","@id":"https:\/\/batijournal.com\/#\/schema\/person\/1dc96ec6957aa1ccb25ebe78bb19f100"},"headline":"Les entreprises du SERCE pr\u00f4nent l&rsquo;autoconsommation","datePublished":"2020-11-10T09:08:00+00:00","mainEntityOfPage":{"@id":"https:\/\/batijournal.com\/index.php\/les-entreprises-du-serce-pronent-lautoconsommation\/105113\/"},"wordCount":279,"image":{"@id":"https:\/\/batijournal.com\/index.php\/les-entreprises-du-serce-pronent-lautoconsommation\/105113\/#primaryimage"},"thumbnailUrl":"https:\/\/batijournal.com\/wp-content\/uploads\/2016\/03\/installations-photovoltaiques-de-moyenne-puissance.jpg","keywords":["autoconsomation","\u00e9lectricit\u00e9 photovolta\u00efque"],"articleSection":["Actualit\u00e9s","\u00c9nergie &amp; Environnement","zz_Actualit\u00e9s - Plan\u00e8te","zz_Plan\u00e8te B\u00e2timent"],"inLanguage":"fr-FR"},{"@type":"WebPage","@id":"https:\/\/batijournal.com\/index.php\/les-entreprises-du-serce-pronent-lautoconsommation\/105113\/","url":"https:\/\/batijournal.com\/index.php\/les-entreprises-du-serce-pronent-lautoconsommation\/105113\/","name":"Les entreprises du SERCE pr\u00f4nent l'autoconsommation","isPartOf":{"@id":"https:\/\/batijournal.com\/#website"},"primaryImageOfPage":{"@id":"https:\/\/batijournal.com\/index.php\/les-entreprises-du-serce-pronent-lautoconsommation\/105113\/#primaryimage"},"image":{"@id":"https:\/\/batijournal.com\/index.php\/les-entreprises-du-serce-pronent-lautoconsommation\/105113\/#primaryimage"},"thumbnailUrl":"https:\/\/batijournal.com\/wp-content\/uploads\/2016\/03\/installations-photovoltaiques-de-moyenne-puissance.jpg","datePublished":"2020-11-10T09:08:00+00:00","author":{"@id":"https:\/\/batijournal.com\/#\/schema\/person\/1dc96ec6957aa1ccb25ebe78bb19f100"},"breadcrumb":{"@id":"https:\/\/batijournal.com\/index.php\/les-entreprises-du-serce-pronent-lautoconsommation\/105113\/#breadcrumb"},"inLanguage":"fr-FR","potentialAction":[{"@type":"ReadAction","target":["https:\/\/batijournal.com\/index.php\/les-entreprises-du-serce-pronent-lautoconsommation\/105113\/"]}]},{"@type":"ImageObject","inLanguage":"fr-FR","@id":"https:\/\/batijournal.com\/index.php\/les-entreprises-du-serce-pronent-lautoconsommation\/105113\/#primaryimage","url":"https:\/\/batijournal.com\/wp-content\/uploads\/2016\/03\/installations-photovoltaiques-de-moyenne-puissance.jpg","contentUrl":"https:\/\/batijournal.com\/wp-content\/uploads\/2016\/03\/installations-photovoltaiques-de-moyenne-puissance.jpg","width":800,"height":600},{"@type":"BreadcrumbList","@id":"https:\/\/batijournal.com\/index.php\/les-entreprises-du-serce-pronent-lautoconsommation\/105113\/#breadcrumb","itemListElement":[{"@type":"ListItem","position":1,"name":"Accueil","item":"https:\/\/batijournal.com\/"},{"@type":"ListItem","position":2,"name":"Actualit\u00e9s","item":"https:\/\/batijournal.com\/index.php\/category\/actualites\/"},{"@type":"ListItem","position":3,"name":"\u00c9nergie &amp; Environnement","item":"https:\/\/batijournal.com\/index.php\/category\/actualites\/energie-environnement\/"},{"@type":"ListItem","position":4,"name":"Les entreprises du SERCE pr\u00f4nent l&rsquo;autoconsommation"}]},{"@type":"WebSite","@id":"https:\/\/batijournal.com\/#website","url":"https:\/\/batijournal.com\/","name":"Batijournal","description":"L&#039;actualit\u00e9 du b\u00e2timent","potentialAction":[{"@type":"SearchAction","target":{"@type":"EntryPoint","urlTemplate":"https:\/\/batijournal.com\/?s={search_term_string}"},"query-input":{"@type":"PropertyValueSpecification","valueRequired":true,"valueName":"search_term_string"}}],"inLanguage":"fr-FR"},{"@type":"Person","@id":"https:\/\/batijournal.com\/#\/schema\/person\/1dc96ec6957aa1ccb25ebe78bb19f100","name":"St\u00e9phane Miget","image":{"@type":"ImageObject","inLanguage":"fr-FR","@id":"https:\/\/secure.gravatar.com\/avatar\/89915563d925342126b8ef0281b93d9d7fc337043e8df017f780908eb9644451?s=96&d=mm&r=g","url":"https:\/\/secure.gravatar.com\/avatar\/89915563d925342126b8ef0281b93d9d7fc337043e8df017f780908eb9644451?s=96&d=mm&r=g","contentUrl":"https:\/\/secure.gravatar.com\/avatar\/89915563d925342126b8ef0281b93d9d7fc337043e8df017f780908eb9644451?s=96&d=mm&r=g","caption":"St\u00e9phane Miget"},"url":"https:\/\/batijournal.com\/index.php\/author\/stephane\/"}]}},"_links":{"self":[{"href":"https:\/\/batijournal.com\/index.php\/wp-json\/wp\/v2\/posts\/105113","targetHints":{"allow":["GET"]}}],"collection":[{"href":"https:\/\/batijournal.com\/index.php\/wp-json\/wp\/v2\/posts"}],"about":[{"href":"https:\/\/batijournal.com\/index.php\/wp-json\/wp\/v2\/types\/post"}],"author":[{"embeddable":true,"href":"https:\/\/batijournal.com\/index.php\/wp-json\/wp\/v2\/users\/17"}],"replies":[{"embeddable":true,"href":"https:\/\/batijournal.com\/index.php\/wp-json\/wp\/v2\/comments?post=105113"}],"version-history":[{"count":0,"href":"https:\/\/batijournal.com\/index.php\/wp-json\/wp\/v2\/posts\/105113\/revisions"}],"wp:featuredmedia":[{"embeddable":true,"href":"https:\/\/batijournal.com\/index.php\/wp-json\/wp\/v2\/media\/91814"}],"wp:attachment":[{"href":"https:\/\/batijournal.com\/index.php\/wp-json\/wp\/v2\/media?parent=105113"}],"wp:term":[{"taxonomy":"category","embeddable":true,"href":"https:\/\/batijournal.com\/index.php\/wp-json\/wp\/v2\/categories?post=105113"},{"taxonomy":"post_tag","embeddable":true,"href":"https:\/\/batijournal.com\/index.php\/wp-json\/wp\/v2\/tags?post=105113"}],"curies":[{"name":"wp","href":"https:\/\/api.w.org\/{rel}","templated":true}]}}