{"id":105114,"date":"2020-11-10T10:09:25","date_gmt":"2020-11-10T09:09:25","guid":{"rendered":"https:\/\/batijournal.com\/?p=105114"},"modified":"2020-11-10T10:09:25","modified_gmt":"2020-11-10T09:09:25","slug":"recuperation-de-la-chaleur-des-villes-un-potentiel-enorme","status":"publish","type":"post","link":"https:\/\/batijournal.com\/index.php\/recuperation-de-la-chaleur-des-villes-un-potentiel-enorme\/105114\/","title":{"rendered":"R\u00e9cup\u00e9ration de la chaleur des villes : un potentiel \u00e9norme"},"content":{"rendered":"<p><strong>L\u2019Institut National de l\u2019Economie Circulaire et France Energie viennent de r\u00e9v\u00e9ler les r\u00e9sultats d\u2019une \u00e9tude in\u00e9dite sur le potentiel de r\u00e9cup\u00e9ration de la chaleur en ville et les mani\u00e8res de mieux l\u2019exploiter.<\/strong><\/p>\n<p>En ville, les activit\u00e9s humaines g\u00e9n\u00e8rent de la chaleur perdue. :<br \/>\n\u2022 1,3 MWh\/an de chaleur perdue par l\u2019\u00e9lectrom\u00e9nager (s\u00e8che-linge\u2026) d\u2019un m\u00e9nage de 3 personnes<br \/>\n\u2022 1,2 MWh\/an de chaleur perdue dans les eaux us\u00e9es d\u2019un m\u00e9nage de 3 personnes<br \/>\n\u2022 De 25 \u00e0 75 MWh \/ an de chaleur perdue par les installations informatiques d\u2019une PME<br \/>\n\u2022 0,5 MWh \/ an de chaleur perdue dans une salle de r\u00e9union occup\u00e9e 200h \/ an<br \/>\n\u2022 0,1 MWh \/ an de chaleur perdue dans les salles de sport pour chaque sportif<br \/>\nUn foyer fran\u00e7ais consomme en moyenne 14,7 MWh \/ an.<\/p>\n<p>La r\u00e9cup\u00e9ration de chaleur en ville permettrait de diminuer de 20% la consommation de chaleur \/ froid des b\u00e2timents collectifs, pour contribuer aux objectifs de la transition \u00e9nerg\u00e9tique et notamment \u00e0 la Renovation Wave Strategy publi\u00e9 par la Commission Europ\u00e9enne le 14 octobre 2020. Les technologies pour r\u00e9cup\u00e9rer cette chaleur perdue existent et sont fran\u00e7aises. Par exemple, Qarnot Computing d\u00e9centralise les supercalculateurs informatiques pour utiliser leur chaleur comme source de chauffage dans les b\u00e2timents. A Bordeaux, Qarnot chauffe, gr\u00e2ce \u00e0 350 radiateurs-ordinateurs, 6000m\u00b2 de logements sociaux et de bureaux. France Energie r\u00e9cup\u00e8re la chaleur en exc\u00e8s des b\u00e2timents (fa\u00e7ade ensoleill\u00e9e, cuisine, eaux us\u00e9es\u2026) pour la rediffuser dans les pi\u00e8ces qui en ont besoin gr\u00e2ce \u00e0 des pompes \u00e0 chaleur sur boucle d\u2019eau. Cette technologie permet par exemple de r\u00e9duire de 40% la consommation d\u2019\u00e9nergie de la Banque de France (Paris) ou de la Tour TF1 (Boulogne).<\/p>\n<p>L\u2019Institut National de l\u2019Economie Circulaire et France Energie recommandent aux pouvoirs publics de d\u00e9velopper une meilleure connaissance du potentiel de la r\u00e9cup\u00e9ration de chaleur d\u00e9centralis\u00e9e en ville et de ses technologies via la r\u00e9alisation d\u2019\u00e9tudes quantitatives, d&rsquo;encourager la r\u00e9cup\u00e9ration de chaleur d\u00e9centralis\u00e9e dans la commande publique pour la r\u00e9novation \u00e9nerg\u00e9tique des b\u00e2timents publics et de faire b\u00e9n\u00e9ficier du Fonds Chaleur de l\u2019ADEME la r\u00e9cup\u00e9ration de chaleur d\u00e9centralis\u00e9e.<\/p>\n","protected":false},"excerpt":{"rendered":"<p>L\u2019Institut National de l\u2019Economie Circulaire et France Energie viennent de r\u00e9v\u00e9ler les r\u00e9sultats d\u2019une \u00e9tude in\u00e9dite sur le potentiel de r\u00e9cup\u00e9ration de la chaleur en ville et les mani\u00e8res de mieux l\u2019exploiter. En ville, les activit\u00e9s humaines g\u00e9n\u00e8rent de la chaleur perdue. : \u2022 1,3 MWh\/an de chaleur perdue par l\u2019\u00e9lectrom\u00e9nager (s\u00e8che-linge\u2026) d\u2019un m\u00e9nage de [&hellip;]<\/p>\n","protected":false},"author":17,"featured_media":105111,"comment_status":"closed","ping_status":"closed","sticky":false,"template":"","format":"standard","meta":{"_et_pb_use_builder":"","_et_pb_old_content":"","_et_gb_content_width":"","footnotes":""},"categories":[10530,6351,10781,10778],"tags":[12951],"class_list":["post-105114","post","type-post","status-publish","format-standard","has-post-thumbnail","hentry","category-actualites","category-energie-environnement","category-publications-planete","category-planete","tag-chaleur-renouvelable"],"yoast_head":"<!-- This site is optimized with the Yoast SEO plugin v27.4 - https:\/\/yoast.com\/product\/yoast-seo-wordpress\/ -->\n<title>R\u00e9cup\u00e9ration de la chaleur des villes : un potentiel \u00e9norme<\/title>\n<meta name=\"robots\" content=\"index, follow, max-snippet:-1, max-image-preview:large, max-video-preview:-1\" \/>\n<link rel=\"canonical\" href=\"https:\/\/batijournal.com\/index.php\/recuperation-de-la-chaleur-des-villes-un-potentiel-enorme\/105114\/\" \/>\n<meta property=\"og:locale\" content=\"fr_FR\" \/>\n<meta property=\"og:type\" content=\"article\" \/>\n<meta property=\"og:title\" content=\"R\u00e9cup\u00e9ration de la chaleur des villes : un potentiel \u00e9norme\" \/>\n<meta property=\"og:description\" content=\"L\u2019Institut National de l\u2019Economie Circulaire et France Energie viennent de r\u00e9v\u00e9ler les r\u00e9sultats d\u2019une \u00e9tude in\u00e9dite sur le potentiel de r\u00e9cup\u00e9ration de la chaleur en ville et les mani\u00e8res de mieux l\u2019exploiter. En ville, les activit\u00e9s humaines g\u00e9n\u00e8rent de la chaleur perdue. : \u2022 1,3 MWh\/an de chaleur perdue par l\u2019\u00e9lectrom\u00e9nager (s\u00e8che-linge\u2026) d\u2019un m\u00e9nage de [&hellip;]\" \/>\n<meta property=\"og:url\" content=\"https:\/\/batijournal.com\/index.php\/recuperation-de-la-chaleur-des-villes-un-potentiel-enorme\/105114\/\" \/>\n<meta property=\"og:site_name\" content=\"Batijournal\" \/>\n<meta property=\"article:published_time\" content=\"2020-11-10T09:09:25+00:00\" \/>\n<meta property=\"og:image\" content=\"https:\/\/batijournal.com\/wp-content\/uploads\/2020\/11\/chaleur-des-villes.png\" \/>\n\t<meta property=\"og:image:width\" content=\"455\" \/>\n\t<meta property=\"og:image:height\" content=\"650\" \/>\n\t<meta property=\"og:image:type\" content=\"image\/png\" \/>\n<meta name=\"author\" content=\"St\u00e9phane Miget\" \/>\n<meta name=\"twitter:card\" content=\"summary_large_image\" \/>\n<meta name=\"twitter:creator\" content=\"@bati_journal\" \/>\n<meta name=\"twitter:site\" content=\"@bati_journal\" \/>\n<meta name=\"twitter:label1\" content=\"\u00c9crit par\" \/>\n\t<meta name=\"twitter:data1\" content=\"St\u00e9phane Miget\" \/>\n\t<meta name=\"twitter:label2\" content=\"Dur\u00e9e de lecture estim\u00e9e\" \/>\n\t<meta name=\"twitter:data2\" content=\"2 minutes\" \/>\n<script type=\"application\/ld+json\" class=\"yoast-schema-graph\">{\"@context\":\"https:\\\/\\\/schema.org\",\"@graph\":[{\"@type\":\"Article\",\"@id\":\"https:\\\/\\\/batijournal.com\\\/index.php\\\/recuperation-de-la-chaleur-des-villes-un-potentiel-enorme\\\/105114\\\/#article\",\"isPartOf\":{\"@id\":\"https:\\\/\\\/batijournal.com\\\/index.php\\\/recuperation-de-la-chaleur-des-villes-un-potentiel-enorme\\\/105114\\\/\"},\"author\":{\"name\":\"St\u00e9phane Miget\",\"@id\":\"https:\\\/\\\/batijournal.com\\\/#\\\/schema\\\/person\\\/1dc96ec6957aa1ccb25ebe78bb19f100\"},\"headline\":\"R\u00e9cup\u00e9ration de la chaleur des villes : un potentiel \u00e9norme\",\"datePublished\":\"2020-11-10T09:09:25+00:00\",\"mainEntityOfPage\":{\"@id\":\"https:\\\/\\\/batijournal.com\\\/index.php\\\/recuperation-de-la-chaleur-des-villes-un-potentiel-enorme\\\/105114\\\/\"},\"wordCount\":400,\"image\":{\"@id\":\"https:\\\/\\\/batijournal.com\\\/index.php\\\/recuperation-de-la-chaleur-des-villes-un-potentiel-enorme\\\/105114\\\/#primaryimage\"},\"thumbnailUrl\":\"https:\\\/\\\/batijournal.com\\\/wp-content\\\/uploads\\\/2020\\\/11\\\/chaleur-des-villes.png\",\"keywords\":[\"chaleur renouvelable\"],\"articleSection\":[\"Actualit\u00e9s\",\"\u00c9nergie &amp; Environnement\",\"zz_Actualit\u00e9s - Plan\u00e8te\",\"zz_Plan\u00e8te B\u00e2timent\"],\"inLanguage\":\"fr-FR\"},{\"@type\":\"WebPage\",\"@id\":\"https:\\\/\\\/batijournal.com\\\/index.php\\\/recuperation-de-la-chaleur-des-villes-un-potentiel-enorme\\\/105114\\\/\",\"url\":\"https:\\\/\\\/batijournal.com\\\/index.php\\\/recuperation-de-la-chaleur-des-villes-un-potentiel-enorme\\\/105114\\\/\",\"name\":\"R\u00e9cup\u00e9ration de la chaleur des villes : un potentiel \u00e9norme\",\"isPartOf\":{\"@id\":\"https:\\\/\\\/batijournal.com\\\/#website\"},\"primaryImageOfPage\":{\"@id\":\"https:\\\/\\\/batijournal.com\\\/index.php\\\/recuperation-de-la-chaleur-des-villes-un-potentiel-enorme\\\/105114\\\/#primaryimage\"},\"image\":{\"@id\":\"https:\\\/\\\/batijournal.com\\\/index.php\\\/recuperation-de-la-chaleur-des-villes-un-potentiel-enorme\\\/105114\\\/#primaryimage\"},\"thumbnailUrl\":\"https:\\\/\\\/batijournal.com\\\/wp-content\\\/uploads\\\/2020\\\/11\\\/chaleur-des-villes.png\",\"datePublished\":\"2020-11-10T09:09:25+00:00\",\"author\":{\"@id\":\"https:\\\/\\\/batijournal.com\\\/#\\\/schema\\\/person\\\/1dc96ec6957aa1ccb25ebe78bb19f100\"},\"breadcrumb\":{\"@id\":\"https:\\\/\\\/batijournal.com\\\/index.php\\\/recuperation-de-la-chaleur-des-villes-un-potentiel-enorme\\\/105114\\\/#breadcrumb\"},\"inLanguage\":\"fr-FR\",\"potentialAction\":[{\"@type\":\"ReadAction\",\"target\":[\"https:\\\/\\\/batijournal.com\\\/index.php\\\/recuperation-de-la-chaleur-des-villes-un-potentiel-enorme\\\/105114\\\/\"]}]},{\"@type\":\"ImageObject\",\"inLanguage\":\"fr-FR\",\"@id\":\"https:\\\/\\\/batijournal.com\\\/index.php\\\/recuperation-de-la-chaleur-des-villes-un-potentiel-enorme\\\/105114\\\/#primaryimage\",\"url\":\"https:\\\/\\\/batijournal.com\\\/wp-content\\\/uploads\\\/2020\\\/11\\\/chaleur-des-villes.png\",\"contentUrl\":\"https:\\\/\\\/batijournal.com\\\/wp-content\\\/uploads\\\/2020\\\/11\\\/chaleur-des-villes.png\",\"width\":455,\"height\":650},{\"@type\":\"BreadcrumbList\",\"@id\":\"https:\\\/\\\/batijournal.com\\\/index.php\\\/recuperation-de-la-chaleur-des-villes-un-potentiel-enorme\\\/105114\\\/#breadcrumb\",\"itemListElement\":[{\"@type\":\"ListItem\",\"position\":1,\"name\":\"Accueil\",\"item\":\"https:\\\/\\\/batijournal.com\\\/\"},{\"@type\":\"ListItem\",\"position\":2,\"name\":\"Actualit\u00e9s\",\"item\":\"https:\\\/\\\/batijournal.com\\\/index.php\\\/category\\\/actualites\\\/\"},{\"@type\":\"ListItem\",\"position\":3,\"name\":\"\u00c9nergie &amp; Environnement\",\"item\":\"https:\\\/\\\/batijournal.com\\\/index.php\\\/category\\\/actualites\\\/energie-environnement\\\/\"},{\"@type\":\"ListItem\",\"position\":4,\"name\":\"R\u00e9cup\u00e9ration de la chaleur des villes : un potentiel \u00e9norme\"}]},{\"@type\":\"WebSite\",\"@id\":\"https:\\\/\\\/batijournal.com\\\/#website\",\"url\":\"https:\\\/\\\/batijournal.com\\\/\",\"name\":\"Batijournal\",\"description\":\"L&#039;actualit\u00e9 du b\u00e2timent\",\"potentialAction\":[{\"@type\":\"SearchAction\",\"target\":{\"@type\":\"EntryPoint\",\"urlTemplate\":\"https:\\\/\\\/batijournal.com\\\/?s={search_term_string}\"},\"query-input\":{\"@type\":\"PropertyValueSpecification\",\"valueRequired\":true,\"valueName\":\"search_term_string\"}}],\"inLanguage\":\"fr-FR\"},{\"@type\":\"Person\",\"@id\":\"https:\\\/\\\/batijournal.com\\\/#\\\/schema\\\/person\\\/1dc96ec6957aa1ccb25ebe78bb19f100\",\"name\":\"St\u00e9phane Miget\",\"image\":{\"@type\":\"ImageObject\",\"inLanguage\":\"fr-FR\",\"@id\":\"https:\\\/\\\/secure.gravatar.com\\\/avatar\\\/89915563d925342126b8ef0281b93d9d7fc337043e8df017f780908eb9644451?s=96&d=mm&r=g\",\"url\":\"https:\\\/\\\/secure.gravatar.com\\\/avatar\\\/89915563d925342126b8ef0281b93d9d7fc337043e8df017f780908eb9644451?s=96&d=mm&r=g\",\"contentUrl\":\"https:\\\/\\\/secure.gravatar.com\\\/avatar\\\/89915563d925342126b8ef0281b93d9d7fc337043e8df017f780908eb9644451?s=96&d=mm&r=g\",\"caption\":\"St\u00e9phane Miget\"},\"url\":\"https:\\\/\\\/batijournal.com\\\/index.php\\\/author\\\/stephane\\\/\"}]}<\/script>\n<!-- \/ Yoast SEO plugin. -->","yoast_head_json":{"title":"R\u00e9cup\u00e9ration de la chaleur des villes : un potentiel \u00e9norme","robots":{"index":"index","follow":"follow","max-snippet":"max-snippet:-1","max-image-preview":"max-image-preview:large","max-video-preview":"max-video-preview:-1"},"canonical":"https:\/\/batijournal.com\/index.php\/recuperation-de-la-chaleur-des-villes-un-potentiel-enorme\/105114\/","og_locale":"fr_FR","og_type":"article","og_title":"R\u00e9cup\u00e9ration de la chaleur des villes : un potentiel \u00e9norme","og_description":"L\u2019Institut National de l\u2019Economie Circulaire et France Energie viennent de r\u00e9v\u00e9ler les r\u00e9sultats d\u2019une \u00e9tude in\u00e9dite sur le potentiel de r\u00e9cup\u00e9ration de la chaleur en ville et les mani\u00e8res de mieux l\u2019exploiter. En ville, les activit\u00e9s humaines g\u00e9n\u00e8rent de la chaleur perdue. : \u2022 1,3 MWh\/an de chaleur perdue par l\u2019\u00e9lectrom\u00e9nager (s\u00e8che-linge\u2026) d\u2019un m\u00e9nage de [&hellip;]","og_url":"https:\/\/batijournal.com\/index.php\/recuperation-de-la-chaleur-des-villes-un-potentiel-enorme\/105114\/","og_site_name":"Batijournal","article_published_time":"2020-11-10T09:09:25+00:00","og_image":[{"width":455,"height":650,"url":"https:\/\/batijournal.com\/wp-content\/uploads\/2020\/11\/chaleur-des-villes.png","type":"image\/png"}],"author":"St\u00e9phane Miget","twitter_card":"summary_large_image","twitter_creator":"@bati_journal","twitter_site":"@bati_journal","twitter_misc":{"\u00c9crit par":"St\u00e9phane Miget","Dur\u00e9e de lecture estim\u00e9e":"2 minutes"},"schema":{"@context":"https:\/\/schema.org","@graph":[{"@type":"Article","@id":"https:\/\/batijournal.com\/index.php\/recuperation-de-la-chaleur-des-villes-un-potentiel-enorme\/105114\/#article","isPartOf":{"@id":"https:\/\/batijournal.com\/index.php\/recuperation-de-la-chaleur-des-villes-un-potentiel-enorme\/105114\/"},"author":{"name":"St\u00e9phane Miget","@id":"https:\/\/batijournal.com\/#\/schema\/person\/1dc96ec6957aa1ccb25ebe78bb19f100"},"headline":"R\u00e9cup\u00e9ration de la chaleur des villes : un potentiel \u00e9norme","datePublished":"2020-11-10T09:09:25+00:00","mainEntityOfPage":{"@id":"https:\/\/batijournal.com\/index.php\/recuperation-de-la-chaleur-des-villes-un-potentiel-enorme\/105114\/"},"wordCount":400,"image":{"@id":"https:\/\/batijournal.com\/index.php\/recuperation-de-la-chaleur-des-villes-un-potentiel-enorme\/105114\/#primaryimage"},"thumbnailUrl":"https:\/\/batijournal.com\/wp-content\/uploads\/2020\/11\/chaleur-des-villes.png","keywords":["chaleur renouvelable"],"articleSection":["Actualit\u00e9s","\u00c9nergie &amp; Environnement","zz_Actualit\u00e9s - Plan\u00e8te","zz_Plan\u00e8te B\u00e2timent"],"inLanguage":"fr-FR"},{"@type":"WebPage","@id":"https:\/\/batijournal.com\/index.php\/recuperation-de-la-chaleur-des-villes-un-potentiel-enorme\/105114\/","url":"https:\/\/batijournal.com\/index.php\/recuperation-de-la-chaleur-des-villes-un-potentiel-enorme\/105114\/","name":"R\u00e9cup\u00e9ration de la chaleur des villes : un potentiel \u00e9norme","isPartOf":{"@id":"https:\/\/batijournal.com\/#website"},"primaryImageOfPage":{"@id":"https:\/\/batijournal.com\/index.php\/recuperation-de-la-chaleur-des-villes-un-potentiel-enorme\/105114\/#primaryimage"},"image":{"@id":"https:\/\/batijournal.com\/index.php\/recuperation-de-la-chaleur-des-villes-un-potentiel-enorme\/105114\/#primaryimage"},"thumbnailUrl":"https:\/\/batijournal.com\/wp-content\/uploads\/2020\/11\/chaleur-des-villes.png","datePublished":"2020-11-10T09:09:25+00:00","author":{"@id":"https:\/\/batijournal.com\/#\/schema\/person\/1dc96ec6957aa1ccb25ebe78bb19f100"},"breadcrumb":{"@id":"https:\/\/batijournal.com\/index.php\/recuperation-de-la-chaleur-des-villes-un-potentiel-enorme\/105114\/#breadcrumb"},"inLanguage":"fr-FR","potentialAction":[{"@type":"ReadAction","target":["https:\/\/batijournal.com\/index.php\/recuperation-de-la-chaleur-des-villes-un-potentiel-enorme\/105114\/"]}]},{"@type":"ImageObject","inLanguage":"fr-FR","@id":"https:\/\/batijournal.com\/index.php\/recuperation-de-la-chaleur-des-villes-un-potentiel-enorme\/105114\/#primaryimage","url":"https:\/\/batijournal.com\/wp-content\/uploads\/2020\/11\/chaleur-des-villes.png","contentUrl":"https:\/\/batijournal.com\/wp-content\/uploads\/2020\/11\/chaleur-des-villes.png","width":455,"height":650},{"@type":"BreadcrumbList","@id":"https:\/\/batijournal.com\/index.php\/recuperation-de-la-chaleur-des-villes-un-potentiel-enorme\/105114\/#breadcrumb","itemListElement":[{"@type":"ListItem","position":1,"name":"Accueil","item":"https:\/\/batijournal.com\/"},{"@type":"ListItem","position":2,"name":"Actualit\u00e9s","item":"https:\/\/batijournal.com\/index.php\/category\/actualites\/"},{"@type":"ListItem","position":3,"name":"\u00c9nergie &amp; Environnement","item":"https:\/\/batijournal.com\/index.php\/category\/actualites\/energie-environnement\/"},{"@type":"ListItem","position":4,"name":"R\u00e9cup\u00e9ration de la chaleur des villes : un potentiel \u00e9norme"}]},{"@type":"WebSite","@id":"https:\/\/batijournal.com\/#website","url":"https:\/\/batijournal.com\/","name":"Batijournal","description":"L&#039;actualit\u00e9 du b\u00e2timent","potentialAction":[{"@type":"SearchAction","target":{"@type":"EntryPoint","urlTemplate":"https:\/\/batijournal.com\/?s={search_term_string}"},"query-input":{"@type":"PropertyValueSpecification","valueRequired":true,"valueName":"search_term_string"}}],"inLanguage":"fr-FR"},{"@type":"Person","@id":"https:\/\/batijournal.com\/#\/schema\/person\/1dc96ec6957aa1ccb25ebe78bb19f100","name":"St\u00e9phane Miget","image":{"@type":"ImageObject","inLanguage":"fr-FR","@id":"https:\/\/secure.gravatar.com\/avatar\/89915563d925342126b8ef0281b93d9d7fc337043e8df017f780908eb9644451?s=96&d=mm&r=g","url":"https:\/\/secure.gravatar.com\/avatar\/89915563d925342126b8ef0281b93d9d7fc337043e8df017f780908eb9644451?s=96&d=mm&r=g","contentUrl":"https:\/\/secure.gravatar.com\/avatar\/89915563d925342126b8ef0281b93d9d7fc337043e8df017f780908eb9644451?s=96&d=mm&r=g","caption":"St\u00e9phane Miget"},"url":"https:\/\/batijournal.com\/index.php\/author\/stephane\/"}]}},"_links":{"self":[{"href":"https:\/\/batijournal.com\/index.php\/wp-json\/wp\/v2\/posts\/105114","targetHints":{"allow":["GET"]}}],"collection":[{"href":"https:\/\/batijournal.com\/index.php\/wp-json\/wp\/v2\/posts"}],"about":[{"href":"https:\/\/batijournal.com\/index.php\/wp-json\/wp\/v2\/types\/post"}],"author":[{"embeddable":true,"href":"https:\/\/batijournal.com\/index.php\/wp-json\/wp\/v2\/users\/17"}],"replies":[{"embeddable":true,"href":"https:\/\/batijournal.com\/index.php\/wp-json\/wp\/v2\/comments?post=105114"}],"version-history":[{"count":0,"href":"https:\/\/batijournal.com\/index.php\/wp-json\/wp\/v2\/posts\/105114\/revisions"}],"wp:featuredmedia":[{"embeddable":true,"href":"https:\/\/batijournal.com\/index.php\/wp-json\/wp\/v2\/media\/105111"}],"wp:attachment":[{"href":"https:\/\/batijournal.com\/index.php\/wp-json\/wp\/v2\/media?parent=105114"}],"wp:term":[{"taxonomy":"category","embeddable":true,"href":"https:\/\/batijournal.com\/index.php\/wp-json\/wp\/v2\/categories?post=105114"},{"taxonomy":"post_tag","embeddable":true,"href":"https:\/\/batijournal.com\/index.php\/wp-json\/wp\/v2\/tags?post=105114"}],"curies":[{"name":"wp","href":"https:\/\/api.w.org\/{rel}","templated":true}]}}