{"id":105115,"date":"2020-11-10T10:11:03","date_gmt":"2020-11-10T09:11:03","guid":{"rendered":"https:\/\/batijournal.com\/?p=105115"},"modified":"2020-11-10T10:11:33","modified_gmt":"2020-11-10T09:11:33","slug":"ptz-et-pinel-des-amendements-contreproductifs","status":"publish","type":"post","link":"https:\/\/batijournal.com\/index.php\/ptz-et-pinel-des-amendements-contreproductifs\/105115\/","title":{"rendered":"PTZ et \u00ab Pinel \u00bb : des amendements contreproductifs"},"content":{"rendered":"<p><strong>Le gouvernement vient d\u2019introduire deux amendements relatifs au PTZ et au dispositif \u00ab Pinel \u00bb dans le projet de loi de finances pour 2021. Attendus par les professionnels, la d\u00e9ception est grande.<\/strong><\/p>\n<ul>\n<li>L\u2019engagement de prorogation en 2022 n\u2019est respect\u00e9 que pour le PTZ. Malgr\u00e9 des assurances r\u00e9p\u00e9t\u00e9es, le Pinel s\u2019arr\u00eaterait toujours fin 2021.<\/li>\n<li>Le gouvernement ne renforce pas ces dispositifs, en boostant le PTZ pour les m\u00e9nages jeunes et modestes, en particulier en zones B2 et C, ou en boostant le Pinel pour encourager la mobilisation de l\u2019\u00e9pargne priv\u00e9e en faveur du logement neuf.<\/li>\n<li>Le gouvernement fait le choix de la complexit\u00e9. La \u00ab contemporan\u00e9isation \u00bb des ressources s\u2019appliquerait au PTZ, alors qu\u2019elle achoppe depuis des mois pour les APL. Les plafonds de loyer du Pinel seraient red\u00e9finis chaque ann\u00e9e, probablement commune par commune, pour respecter le plafond fix\u00e9 par l\u2019amendement&#8230;<\/li>\n<\/ul>\n<p>La FFB, la FPI et le p\u00f4le Habitat de la FFB r\u00e9agissent ensemble : ces dispositions ne r\u00e9pondent en rien \u00e0 l\u2019urgence, alors que les ventes plongent depuis des mois et les permis depuis trois ans. La chute de l\u2019activit\u00e9 de la construction est d\u2019ores et d\u00e9j\u00e0 certaine en 2021. Les amendements du gouvernement ne l\u2019emp\u00eacheront pas. La mise en place d\u2019une RE2020 dont personne, pas m\u00eame le gouvernement, n\u2019est en capacit\u00e9 de mesurer l\u2019impact aujourd\u2019hui, va m\u00eame l\u2019acc\u00e9l\u00e9rer. Le pire de la crise est-il un moment bien choisi pour affaiblir des dispositifs qui ont fait leur preuve ?<\/p>\n","protected":false},"excerpt":{"rendered":"<p>Le gouvernement vient d\u2019introduire deux amendements relatifs au PTZ et au dispositif \u00ab Pinel \u00bb dans le projet de loi de finances pour 2021. Attendus par les professionnels, la d\u00e9ception est grande. L\u2019engagement de prorogation en 2022 n\u2019est respect\u00e9 que pour le PTZ. Malgr\u00e9 des assurances r\u00e9p\u00e9t\u00e9es, le Pinel s\u2019arr\u00eaterait toujours fin 2021. Le gouvernement [&hellip;]<\/p>\n","protected":false},"author":17,"featured_media":98506,"comment_status":"closed","ping_status":"closed","sticky":false,"template":"","format":"standard","meta":{"_et_pb_use_builder":"","_et_pb_old_content":"","_et_gb_content_width":"","footnotes":""},"categories":[10736,10530,6345,10781,10778],"tags":[12881,1189],"class_list":["post-105115","post","type-post","status-publish","format-standard","has-post-thumbnail","hentry","category-a-la-une","category-actualites","category-economie-marches","category-publications-planete","category-planete","tag-pinel","tag-ptz"],"yoast_head":"<!-- This site is optimized with the Yoast SEO plugin v27.4 - https:\/\/yoast.com\/product\/yoast-seo-wordpress\/ -->\n<title>PTZ et \u00ab Pinel \u00bb : des amendements contreproductifs<\/title>\n<meta name=\"robots\" content=\"index, follow, max-snippet:-1, max-image-preview:large, max-video-preview:-1\" \/>\n<link rel=\"canonical\" href=\"https:\/\/batijournal.com\/index.php\/ptz-et-pinel-des-amendements-contreproductifs\/105115\/\" \/>\n<meta property=\"og:locale\" content=\"fr_FR\" \/>\n<meta property=\"og:type\" content=\"article\" \/>\n<meta property=\"og:title\" content=\"PTZ et \u00ab Pinel \u00bb : des amendements contreproductifs\" \/>\n<meta property=\"og:description\" content=\"Le gouvernement vient d\u2019introduire deux amendements relatifs au PTZ et au dispositif \u00ab Pinel \u00bb dans le projet de loi de finances pour 2021. Attendus par les professionnels, la d\u00e9ception est grande. L\u2019engagement de prorogation en 2022 n\u2019est respect\u00e9 que pour le PTZ. Malgr\u00e9 des assurances r\u00e9p\u00e9t\u00e9es, le Pinel s\u2019arr\u00eaterait toujours fin 2021. Le gouvernement [&hellip;]\" \/>\n<meta property=\"og:url\" content=\"https:\/\/batijournal.com\/index.php\/ptz-et-pinel-des-amendements-contreproductifs\/105115\/\" \/>\n<meta property=\"og:site_name\" content=\"Batijournal\" \/>\n<meta property=\"article:published_time\" content=\"2020-11-10T09:11:03+00:00\" \/>\n<meta property=\"article:modified_time\" content=\"2020-11-10T09:11:33+00:00\" \/>\n<meta property=\"og:image\" content=\"https:\/\/batijournal.com\/wp-content\/uploads\/2018\/02\/chantier-centre-ville.jpg\" \/>\n\t<meta property=\"og:image:width\" content=\"1200\" \/>\n\t<meta property=\"og:image:height\" content=\"876\" \/>\n\t<meta property=\"og:image:type\" content=\"image\/jpeg\" \/>\n<meta name=\"author\" content=\"St\u00e9phane Miget\" \/>\n<meta name=\"twitter:card\" content=\"summary_large_image\" \/>\n<meta name=\"twitter:creator\" content=\"@bati_journal\" \/>\n<meta name=\"twitter:site\" content=\"@bati_journal\" \/>\n<meta name=\"twitter:label1\" content=\"\u00c9crit par\" \/>\n\t<meta name=\"twitter:data1\" content=\"St\u00e9phane Miget\" \/>\n\t<meta name=\"twitter:label2\" content=\"Dur\u00e9e de lecture estim\u00e9e\" \/>\n\t<meta name=\"twitter:data2\" content=\"1 minute\" \/>\n<script type=\"application\/ld+json\" class=\"yoast-schema-graph\">{\"@context\":\"https:\\\/\\\/schema.org\",\"@graph\":[{\"@type\":\"Article\",\"@id\":\"https:\\\/\\\/batijournal.com\\\/index.php\\\/ptz-et-pinel-des-amendements-contreproductifs\\\/105115\\\/#article\",\"isPartOf\":{\"@id\":\"https:\\\/\\\/batijournal.com\\\/index.php\\\/ptz-et-pinel-des-amendements-contreproductifs\\\/105115\\\/\"},\"author\":{\"name\":\"St\u00e9phane Miget\",\"@id\":\"https:\\\/\\\/batijournal.com\\\/#\\\/schema\\\/person\\\/1dc96ec6957aa1ccb25ebe78bb19f100\"},\"headline\":\"PTZ et \u00ab Pinel \u00bb : des amendements contreproductifs\",\"datePublished\":\"2020-11-10T09:11:03+00:00\",\"dateModified\":\"2020-11-10T09:11:33+00:00\",\"mainEntityOfPage\":{\"@id\":\"https:\\\/\\\/batijournal.com\\\/index.php\\\/ptz-et-pinel-des-amendements-contreproductifs\\\/105115\\\/\"},\"wordCount\":271,\"image\":{\"@id\":\"https:\\\/\\\/batijournal.com\\\/index.php\\\/ptz-et-pinel-des-amendements-contreproductifs\\\/105115\\\/#primaryimage\"},\"thumbnailUrl\":\"https:\\\/\\\/batijournal.com\\\/wp-content\\\/uploads\\\/2018\\\/02\\\/chantier-centre-ville.jpg\",\"keywords\":[\"pinel\",\"PTZ\"],\"articleSection\":[\"A la Une\",\"Actualit\u00e9s\",\"\u00c9conomie &amp; March\u00e9s\",\"zz_Actualit\u00e9s - Plan\u00e8te\",\"zz_Plan\u00e8te B\u00e2timent\"],\"inLanguage\":\"fr-FR\"},{\"@type\":\"WebPage\",\"@id\":\"https:\\\/\\\/batijournal.com\\\/index.php\\\/ptz-et-pinel-des-amendements-contreproductifs\\\/105115\\\/\",\"url\":\"https:\\\/\\\/batijournal.com\\\/index.php\\\/ptz-et-pinel-des-amendements-contreproductifs\\\/105115\\\/\",\"name\":\"PTZ et \u00ab Pinel \u00bb : des amendements contreproductifs\",\"isPartOf\":{\"@id\":\"https:\\\/\\\/batijournal.com\\\/#website\"},\"primaryImageOfPage\":{\"@id\":\"https:\\\/\\\/batijournal.com\\\/index.php\\\/ptz-et-pinel-des-amendements-contreproductifs\\\/105115\\\/#primaryimage\"},\"image\":{\"@id\":\"https:\\\/\\\/batijournal.com\\\/index.php\\\/ptz-et-pinel-des-amendements-contreproductifs\\\/105115\\\/#primaryimage\"},\"thumbnailUrl\":\"https:\\\/\\\/batijournal.com\\\/wp-content\\\/uploads\\\/2018\\\/02\\\/chantier-centre-ville.jpg\",\"datePublished\":\"2020-11-10T09:11:03+00:00\",\"dateModified\":\"2020-11-10T09:11:33+00:00\",\"author\":{\"@id\":\"https:\\\/\\\/batijournal.com\\\/#\\\/schema\\\/person\\\/1dc96ec6957aa1ccb25ebe78bb19f100\"},\"breadcrumb\":{\"@id\":\"https:\\\/\\\/batijournal.com\\\/index.php\\\/ptz-et-pinel-des-amendements-contreproductifs\\\/105115\\\/#breadcrumb\"},\"inLanguage\":\"fr-FR\",\"potentialAction\":[{\"@type\":\"ReadAction\",\"target\":[\"https:\\\/\\\/batijournal.com\\\/index.php\\\/ptz-et-pinel-des-amendements-contreproductifs\\\/105115\\\/\"]}]},{\"@type\":\"ImageObject\",\"inLanguage\":\"fr-FR\",\"@id\":\"https:\\\/\\\/batijournal.com\\\/index.php\\\/ptz-et-pinel-des-amendements-contreproductifs\\\/105115\\\/#primaryimage\",\"url\":\"https:\\\/\\\/batijournal.com\\\/wp-content\\\/uploads\\\/2018\\\/02\\\/chantier-centre-ville.jpg\",\"contentUrl\":\"https:\\\/\\\/batijournal.com\\\/wp-content\\\/uploads\\\/2018\\\/02\\\/chantier-centre-ville.jpg\",\"width\":1200,\"height\":876},{\"@type\":\"BreadcrumbList\",\"@id\":\"https:\\\/\\\/batijournal.com\\\/index.php\\\/ptz-et-pinel-des-amendements-contreproductifs\\\/105115\\\/#breadcrumb\",\"itemListElement\":[{\"@type\":\"ListItem\",\"position\":1,\"name\":\"Accueil\",\"item\":\"https:\\\/\\\/batijournal.com\\\/\"},{\"@type\":\"ListItem\",\"position\":2,\"name\":\"Actualit\u00e9s\",\"item\":\"https:\\\/\\\/batijournal.com\\\/index.php\\\/category\\\/actualites\\\/\"},{\"@type\":\"ListItem\",\"position\":3,\"name\":\"\u00c9conomie &amp; March\u00e9s\",\"item\":\"https:\\\/\\\/batijournal.com\\\/index.php\\\/category\\\/actualites\\\/economie-marches\\\/\"},{\"@type\":\"ListItem\",\"position\":4,\"name\":\"PTZ et \u00ab Pinel \u00bb : des amendements contreproductifs\"}]},{\"@type\":\"WebSite\",\"@id\":\"https:\\\/\\\/batijournal.com\\\/#website\",\"url\":\"https:\\\/\\\/batijournal.com\\\/\",\"name\":\"Batijournal\",\"description\":\"L&#039;actualit\u00e9 du b\u00e2timent\",\"potentialAction\":[{\"@type\":\"SearchAction\",\"target\":{\"@type\":\"EntryPoint\",\"urlTemplate\":\"https:\\\/\\\/batijournal.com\\\/?s={search_term_string}\"},\"query-input\":{\"@type\":\"PropertyValueSpecification\",\"valueRequired\":true,\"valueName\":\"search_term_string\"}}],\"inLanguage\":\"fr-FR\"},{\"@type\":\"Person\",\"@id\":\"https:\\\/\\\/batijournal.com\\\/#\\\/schema\\\/person\\\/1dc96ec6957aa1ccb25ebe78bb19f100\",\"name\":\"St\u00e9phane Miget\",\"image\":{\"@type\":\"ImageObject\",\"inLanguage\":\"fr-FR\",\"@id\":\"https:\\\/\\\/secure.gravatar.com\\\/avatar\\\/89915563d925342126b8ef0281b93d9d7fc337043e8df017f780908eb9644451?s=96&d=mm&r=g\",\"url\":\"https:\\\/\\\/secure.gravatar.com\\\/avatar\\\/89915563d925342126b8ef0281b93d9d7fc337043e8df017f780908eb9644451?s=96&d=mm&r=g\",\"contentUrl\":\"https:\\\/\\\/secure.gravatar.com\\\/avatar\\\/89915563d925342126b8ef0281b93d9d7fc337043e8df017f780908eb9644451?s=96&d=mm&r=g\",\"caption\":\"St\u00e9phane Miget\"},\"url\":\"https:\\\/\\\/batijournal.com\\\/index.php\\\/author\\\/stephane\\\/\"}]}<\/script>\n<!-- \/ Yoast SEO plugin. -->","yoast_head_json":{"title":"PTZ et \u00ab Pinel \u00bb : des amendements contreproductifs","robots":{"index":"index","follow":"follow","max-snippet":"max-snippet:-1","max-image-preview":"max-image-preview:large","max-video-preview":"max-video-preview:-1"},"canonical":"https:\/\/batijournal.com\/index.php\/ptz-et-pinel-des-amendements-contreproductifs\/105115\/","og_locale":"fr_FR","og_type":"article","og_title":"PTZ et \u00ab Pinel \u00bb : des amendements contreproductifs","og_description":"Le gouvernement vient d\u2019introduire deux amendements relatifs au PTZ et au dispositif \u00ab Pinel \u00bb dans le projet de loi de finances pour 2021. Attendus par les professionnels, la d\u00e9ception est grande. L\u2019engagement de prorogation en 2022 n\u2019est respect\u00e9 que pour le PTZ. Malgr\u00e9 des assurances r\u00e9p\u00e9t\u00e9es, le Pinel s\u2019arr\u00eaterait toujours fin 2021. Le gouvernement [&hellip;]","og_url":"https:\/\/batijournal.com\/index.php\/ptz-et-pinel-des-amendements-contreproductifs\/105115\/","og_site_name":"Batijournal","article_published_time":"2020-11-10T09:11:03+00:00","article_modified_time":"2020-11-10T09:11:33+00:00","og_image":[{"width":1200,"height":876,"url":"https:\/\/batijournal.com\/wp-content\/uploads\/2018\/02\/chantier-centre-ville.jpg","type":"image\/jpeg"}],"author":"St\u00e9phane Miget","twitter_card":"summary_large_image","twitter_creator":"@bati_journal","twitter_site":"@bati_journal","twitter_misc":{"\u00c9crit par":"St\u00e9phane Miget","Dur\u00e9e de lecture estim\u00e9e":"1 minute"},"schema":{"@context":"https:\/\/schema.org","@graph":[{"@type":"Article","@id":"https:\/\/batijournal.com\/index.php\/ptz-et-pinel-des-amendements-contreproductifs\/105115\/#article","isPartOf":{"@id":"https:\/\/batijournal.com\/index.php\/ptz-et-pinel-des-amendements-contreproductifs\/105115\/"},"author":{"name":"St\u00e9phane Miget","@id":"https:\/\/batijournal.com\/#\/schema\/person\/1dc96ec6957aa1ccb25ebe78bb19f100"},"headline":"PTZ et \u00ab Pinel \u00bb : des amendements contreproductifs","datePublished":"2020-11-10T09:11:03+00:00","dateModified":"2020-11-10T09:11:33+00:00","mainEntityOfPage":{"@id":"https:\/\/batijournal.com\/index.php\/ptz-et-pinel-des-amendements-contreproductifs\/105115\/"},"wordCount":271,"image":{"@id":"https:\/\/batijournal.com\/index.php\/ptz-et-pinel-des-amendements-contreproductifs\/105115\/#primaryimage"},"thumbnailUrl":"https:\/\/batijournal.com\/wp-content\/uploads\/2018\/02\/chantier-centre-ville.jpg","keywords":["pinel","PTZ"],"articleSection":["A la Une","Actualit\u00e9s","\u00c9conomie &amp; March\u00e9s","zz_Actualit\u00e9s - Plan\u00e8te","zz_Plan\u00e8te B\u00e2timent"],"inLanguage":"fr-FR"},{"@type":"WebPage","@id":"https:\/\/batijournal.com\/index.php\/ptz-et-pinel-des-amendements-contreproductifs\/105115\/","url":"https:\/\/batijournal.com\/index.php\/ptz-et-pinel-des-amendements-contreproductifs\/105115\/","name":"PTZ et \u00ab Pinel \u00bb : des amendements contreproductifs","isPartOf":{"@id":"https:\/\/batijournal.com\/#website"},"primaryImageOfPage":{"@id":"https:\/\/batijournal.com\/index.php\/ptz-et-pinel-des-amendements-contreproductifs\/105115\/#primaryimage"},"image":{"@id":"https:\/\/batijournal.com\/index.php\/ptz-et-pinel-des-amendements-contreproductifs\/105115\/#primaryimage"},"thumbnailUrl":"https:\/\/batijournal.com\/wp-content\/uploads\/2018\/02\/chantier-centre-ville.jpg","datePublished":"2020-11-10T09:11:03+00:00","dateModified":"2020-11-10T09:11:33+00:00","author":{"@id":"https:\/\/batijournal.com\/#\/schema\/person\/1dc96ec6957aa1ccb25ebe78bb19f100"},"breadcrumb":{"@id":"https:\/\/batijournal.com\/index.php\/ptz-et-pinel-des-amendements-contreproductifs\/105115\/#breadcrumb"},"inLanguage":"fr-FR","potentialAction":[{"@type":"ReadAction","target":["https:\/\/batijournal.com\/index.php\/ptz-et-pinel-des-amendements-contreproductifs\/105115\/"]}]},{"@type":"ImageObject","inLanguage":"fr-FR","@id":"https:\/\/batijournal.com\/index.php\/ptz-et-pinel-des-amendements-contreproductifs\/105115\/#primaryimage","url":"https:\/\/batijournal.com\/wp-content\/uploads\/2018\/02\/chantier-centre-ville.jpg","contentUrl":"https:\/\/batijournal.com\/wp-content\/uploads\/2018\/02\/chantier-centre-ville.jpg","width":1200,"height":876},{"@type":"BreadcrumbList","@id":"https:\/\/batijournal.com\/index.php\/ptz-et-pinel-des-amendements-contreproductifs\/105115\/#breadcrumb","itemListElement":[{"@type":"ListItem","position":1,"name":"Accueil","item":"https:\/\/batijournal.com\/"},{"@type":"ListItem","position":2,"name":"Actualit\u00e9s","item":"https:\/\/batijournal.com\/index.php\/category\/actualites\/"},{"@type":"ListItem","position":3,"name":"\u00c9conomie &amp; March\u00e9s","item":"https:\/\/batijournal.com\/index.php\/category\/actualites\/economie-marches\/"},{"@type":"ListItem","position":4,"name":"PTZ et \u00ab Pinel \u00bb : des amendements contreproductifs"}]},{"@type":"WebSite","@id":"https:\/\/batijournal.com\/#website","url":"https:\/\/batijournal.com\/","name":"Batijournal","description":"L&#039;actualit\u00e9 du b\u00e2timent","potentialAction":[{"@type":"SearchAction","target":{"@type":"EntryPoint","urlTemplate":"https:\/\/batijournal.com\/?s={search_term_string}"},"query-input":{"@type":"PropertyValueSpecification","valueRequired":true,"valueName":"search_term_string"}}],"inLanguage":"fr-FR"},{"@type":"Person","@id":"https:\/\/batijournal.com\/#\/schema\/person\/1dc96ec6957aa1ccb25ebe78bb19f100","name":"St\u00e9phane Miget","image":{"@type":"ImageObject","inLanguage":"fr-FR","@id":"https:\/\/secure.gravatar.com\/avatar\/89915563d925342126b8ef0281b93d9d7fc337043e8df017f780908eb9644451?s=96&d=mm&r=g","url":"https:\/\/secure.gravatar.com\/avatar\/89915563d925342126b8ef0281b93d9d7fc337043e8df017f780908eb9644451?s=96&d=mm&r=g","contentUrl":"https:\/\/secure.gravatar.com\/avatar\/89915563d925342126b8ef0281b93d9d7fc337043e8df017f780908eb9644451?s=96&d=mm&r=g","caption":"St\u00e9phane Miget"},"url":"https:\/\/batijournal.com\/index.php\/author\/stephane\/"}]}},"_links":{"self":[{"href":"https:\/\/batijournal.com\/index.php\/wp-json\/wp\/v2\/posts\/105115","targetHints":{"allow":["GET"]}}],"collection":[{"href":"https:\/\/batijournal.com\/index.php\/wp-json\/wp\/v2\/posts"}],"about":[{"href":"https:\/\/batijournal.com\/index.php\/wp-json\/wp\/v2\/types\/post"}],"author":[{"embeddable":true,"href":"https:\/\/batijournal.com\/index.php\/wp-json\/wp\/v2\/users\/17"}],"replies":[{"embeddable":true,"href":"https:\/\/batijournal.com\/index.php\/wp-json\/wp\/v2\/comments?post=105115"}],"version-history":[{"count":0,"href":"https:\/\/batijournal.com\/index.php\/wp-json\/wp\/v2\/posts\/105115\/revisions"}],"wp:featuredmedia":[{"embeddable":true,"href":"https:\/\/batijournal.com\/index.php\/wp-json\/wp\/v2\/media\/98506"}],"wp:attachment":[{"href":"https:\/\/batijournal.com\/index.php\/wp-json\/wp\/v2\/media?parent=105115"}],"wp:term":[{"taxonomy":"category","embeddable":true,"href":"https:\/\/batijournal.com\/index.php\/wp-json\/wp\/v2\/categories?post=105115"},{"taxonomy":"post_tag","embeddable":true,"href":"https:\/\/batijournal.com\/index.php\/wp-json\/wp\/v2\/tags?post=105115"}],"curies":[{"name":"wp","href":"https:\/\/api.w.org\/{rel}","templated":true}]}}