{"id":105127,"date":"2020-11-12T07:27:37","date_gmt":"2020-11-12T06:27:37","guid":{"rendered":"https:\/\/batijournal.com\/?p=105127"},"modified":"2020-11-12T07:27:37","modified_gmt":"2020-11-12T06:27:37","slug":"chantier-avec-precadres-concus-integralement-en-polystyrene","status":"publish","type":"post","link":"https:\/\/batijournal.com\/index.php\/chantier-avec-precadres-concus-integralement-en-polystyrene\/105127\/","title":{"rendered":"Chantier avec pr\u00e9cadres con\u00e7us int\u00e9gralement en polystyr\u00e8ne"},"content":{"rendered":"<p>Missionn\u00e9s par le cabinet Verna Architectes, pour un projet global de r\u00e9novation et d\u2019isolation d\u2019une copropri\u00e9t\u00e9 \u00e0 Saint-Maur-des-Foss\u00e9s, Lorillard Fa\u00e7ade et Lorenove Grands Comptes ont sign\u00e9 une collaboration efficiente avec l\u2019entreprise Alpac et son syst\u00e8me de pr\u00e9cadre thermo isolant. Ce chantier a pour objectifs l\u2019isolation et le ravalement de la fa\u00e7ade arri\u00e8re du b\u00e2timent de 200m\u00b2 de surface avec de nombreuses ouvertures, le traitement de pignons, ainsi que la r\u00e9novation des parties communes. La complexit\u00e9 du chantier a consist\u00e9 dans la synchronisation de la pose des encadrements avec le ravalement, sachant que des garde-corps de s\u00e9curit\u00e9 ont d\u00fb \u00eatre d\u00e9pos\u00e9s, pour adopter un syst\u00e8me de garde-corps provisoire, le temps que les garde-corps d\u00e9finitifs soient fabriqu\u00e9s aux dimensions voulues. La solution ALPAC PRESYSTEM a \u00e9t\u00e9 retenue, signant ainsi la 1\u00e8re collaboration entre Alpac et le Groupe Lorillard, pour faciliter la mise en oeuvre, et obtenir un rendu esth\u00e9tique parfait. PRESYSTEM est le premier pr\u00e9cadre thermo-isolant con\u00e7u int\u00e9gralement en polystyr\u00e8ne.<\/p>\n","protected":false},"excerpt":{"rendered":"<p>Missionn\u00e9s par le cabinet Verna Architectes, pour un projet global de r\u00e9novation et d\u2019isolation d\u2019une copropri\u00e9t\u00e9 \u00e0 Saint-Maur-des-Foss\u00e9s, Lorillard Fa\u00e7ade et Lorenove Grands Comptes ont sign\u00e9 une collaboration efficiente avec l\u2019entreprise Alpac et son syst\u00e8me de pr\u00e9cadre thermo isolant. Ce chantier a pour objectifs l\u2019isolation et le ravalement de la fa\u00e7ade arri\u00e8re du b\u00e2timent de [&hellip;]<\/p>\n","protected":false},"author":17,"featured_media":105128,"comment_status":"closed","ping_status":"closed","sticky":false,"template":"","format":"standard","meta":{"_et_pb_use_builder":"","_et_pb_old_content":"","_et_gb_content_width":"","footnotes":""},"categories":[10530,6340,10771,10775],"tags":[70,9912],"class_list":["post-105127","post","type-post","status-publish","format-standard","has-post-thumbnail","hentry","category-actualites","category-architecture-conception","category-5facades","category-actualites-5facades","tag-ite","tag-precadre"],"yoast_head":"<!-- This site is optimized with the Yoast SEO plugin v27.4 - https:\/\/yoast.com\/product\/yoast-seo-wordpress\/ -->\n<title>Chantier avec pr\u00e9cadres con\u00e7us int\u00e9gralement en polystyr\u00e8ne<\/title>\n<meta name=\"robots\" content=\"index, follow, max-snippet:-1, max-image-preview:large, max-video-preview:-1\" \/>\n<link rel=\"canonical\" href=\"https:\/\/batijournal.com\/index.php\/chantier-avec-precadres-concus-integralement-en-polystyrene\/105127\/\" \/>\n<meta property=\"og:locale\" content=\"fr_FR\" \/>\n<meta property=\"og:type\" content=\"article\" \/>\n<meta property=\"og:title\" content=\"Chantier avec pr\u00e9cadres con\u00e7us int\u00e9gralement en polystyr\u00e8ne\" \/>\n<meta property=\"og:description\" content=\"Missionn\u00e9s par le cabinet Verna Architectes, pour un projet global de r\u00e9novation et d\u2019isolation d\u2019une copropri\u00e9t\u00e9 \u00e0 Saint-Maur-des-Foss\u00e9s, Lorillard Fa\u00e7ade et Lorenove Grands Comptes ont sign\u00e9 une collaboration efficiente avec l\u2019entreprise Alpac et son syst\u00e8me de pr\u00e9cadre thermo isolant. Ce chantier a pour objectifs l\u2019isolation et le ravalement de la fa\u00e7ade arri\u00e8re du b\u00e2timent de [&hellip;]\" \/>\n<meta property=\"og:url\" content=\"https:\/\/batijournal.com\/index.php\/chantier-avec-precadres-concus-integralement-en-polystyrene\/105127\/\" \/>\n<meta property=\"og:site_name\" content=\"Batijournal\" \/>\n<meta property=\"article:published_time\" content=\"2020-11-12T06:27:37+00:00\" \/>\n<meta property=\"og:image\" content=\"https:\/\/batijournal.com\/wp-content\/uploads\/2020\/11\/Lorillard-Facade-et-Lorenove-alpac-precadres.jpg\" \/>\n\t<meta property=\"og:image:width\" content=\"1200\" \/>\n\t<meta property=\"og:image:height\" content=\"800\" \/>\n\t<meta property=\"og:image:type\" content=\"image\/jpeg\" \/>\n<meta name=\"author\" content=\"St\u00e9phane Miget\" \/>\n<meta name=\"twitter:card\" content=\"summary_large_image\" \/>\n<meta name=\"twitter:creator\" content=\"@bati_journal\" \/>\n<meta name=\"twitter:site\" content=\"@bati_journal\" \/>\n<meta name=\"twitter:label1\" content=\"\u00c9crit par\" \/>\n\t<meta name=\"twitter:data1\" content=\"St\u00e9phane Miget\" \/>\n\t<meta name=\"twitter:label2\" content=\"Dur\u00e9e de lecture estim\u00e9e\" \/>\n\t<meta name=\"twitter:data2\" content=\"1 minute\" \/>\n<script type=\"application\/ld+json\" class=\"yoast-schema-graph\">{\"@context\":\"https:\\\/\\\/schema.org\",\"@graph\":[{\"@type\":\"Article\",\"@id\":\"https:\\\/\\\/batijournal.com\\\/index.php\\\/chantier-avec-precadres-concus-integralement-en-polystyrene\\\/105127\\\/#article\",\"isPartOf\":{\"@id\":\"https:\\\/\\\/batijournal.com\\\/index.php\\\/chantier-avec-precadres-concus-integralement-en-polystyrene\\\/105127\\\/\"},\"author\":{\"name\":\"St\u00e9phane Miget\",\"@id\":\"https:\\\/\\\/batijournal.com\\\/#\\\/schema\\\/person\\\/1dc96ec6957aa1ccb25ebe78bb19f100\"},\"headline\":\"Chantier avec pr\u00e9cadres con\u00e7us int\u00e9gralement en polystyr\u00e8ne\",\"datePublished\":\"2020-11-12T06:27:37+00:00\",\"mainEntityOfPage\":{\"@id\":\"https:\\\/\\\/batijournal.com\\\/index.php\\\/chantier-avec-precadres-concus-integralement-en-polystyrene\\\/105127\\\/\"},\"wordCount\":194,\"image\":{\"@id\":\"https:\\\/\\\/batijournal.com\\\/index.php\\\/chantier-avec-precadres-concus-integralement-en-polystyrene\\\/105127\\\/#primaryimage\"},\"thumbnailUrl\":\"https:\\\/\\\/batijournal.com\\\/wp-content\\\/uploads\\\/2020\\\/11\\\/Lorillard-Facade-et-Lorenove-alpac-precadres.jpg\",\"keywords\":[\"ITE\",\"precadre\"],\"articleSection\":[\"Actualit\u00e9s\",\"Architecture &amp; Conception\",\"zz_5fa\u00e7ades\",\"zz_Actualit\u00e9s - 5fa\u00e7ades\"],\"inLanguage\":\"fr-FR\"},{\"@type\":\"WebPage\",\"@id\":\"https:\\\/\\\/batijournal.com\\\/index.php\\\/chantier-avec-precadres-concus-integralement-en-polystyrene\\\/105127\\\/\",\"url\":\"https:\\\/\\\/batijournal.com\\\/index.php\\\/chantier-avec-precadres-concus-integralement-en-polystyrene\\\/105127\\\/\",\"name\":\"Chantier avec pr\u00e9cadres con\u00e7us int\u00e9gralement en polystyr\u00e8ne\",\"isPartOf\":{\"@id\":\"https:\\\/\\\/batijournal.com\\\/#website\"},\"primaryImageOfPage\":{\"@id\":\"https:\\\/\\\/batijournal.com\\\/index.php\\\/chantier-avec-precadres-concus-integralement-en-polystyrene\\\/105127\\\/#primaryimage\"},\"image\":{\"@id\":\"https:\\\/\\\/batijournal.com\\\/index.php\\\/chantier-avec-precadres-concus-integralement-en-polystyrene\\\/105127\\\/#primaryimage\"},\"thumbnailUrl\":\"https:\\\/\\\/batijournal.com\\\/wp-content\\\/uploads\\\/2020\\\/11\\\/Lorillard-Facade-et-Lorenove-alpac-precadres.jpg\",\"datePublished\":\"2020-11-12T06:27:37+00:00\",\"author\":{\"@id\":\"https:\\\/\\\/batijournal.com\\\/#\\\/schema\\\/person\\\/1dc96ec6957aa1ccb25ebe78bb19f100\"},\"breadcrumb\":{\"@id\":\"https:\\\/\\\/batijournal.com\\\/index.php\\\/chantier-avec-precadres-concus-integralement-en-polystyrene\\\/105127\\\/#breadcrumb\"},\"inLanguage\":\"fr-FR\",\"potentialAction\":[{\"@type\":\"ReadAction\",\"target\":[\"https:\\\/\\\/batijournal.com\\\/index.php\\\/chantier-avec-precadres-concus-integralement-en-polystyrene\\\/105127\\\/\"]}]},{\"@type\":\"ImageObject\",\"inLanguage\":\"fr-FR\",\"@id\":\"https:\\\/\\\/batijournal.com\\\/index.php\\\/chantier-avec-precadres-concus-integralement-en-polystyrene\\\/105127\\\/#primaryimage\",\"url\":\"https:\\\/\\\/batijournal.com\\\/wp-content\\\/uploads\\\/2020\\\/11\\\/Lorillard-Facade-et-Lorenove-alpac-precadres.jpg\",\"contentUrl\":\"https:\\\/\\\/batijournal.com\\\/wp-content\\\/uploads\\\/2020\\\/11\\\/Lorillard-Facade-et-Lorenove-alpac-precadres.jpg\",\"width\":1200,\"height\":800},{\"@type\":\"BreadcrumbList\",\"@id\":\"https:\\\/\\\/batijournal.com\\\/index.php\\\/chantier-avec-precadres-concus-integralement-en-polystyrene\\\/105127\\\/#breadcrumb\",\"itemListElement\":[{\"@type\":\"ListItem\",\"position\":1,\"name\":\"Accueil\",\"item\":\"https:\\\/\\\/batijournal.com\\\/\"},{\"@type\":\"ListItem\",\"position\":2,\"name\":\"Actualit\u00e9s\",\"item\":\"https:\\\/\\\/batijournal.com\\\/index.php\\\/category\\\/actualites\\\/\"},{\"@type\":\"ListItem\",\"position\":3,\"name\":\"Architecture &amp; Conception\",\"item\":\"https:\\\/\\\/batijournal.com\\\/index.php\\\/category\\\/actualites\\\/architecture-conception\\\/\"},{\"@type\":\"ListItem\",\"position\":4,\"name\":\"Chantier avec pr\u00e9cadres con\u00e7us int\u00e9gralement en polystyr\u00e8ne\"}]},{\"@type\":\"WebSite\",\"@id\":\"https:\\\/\\\/batijournal.com\\\/#website\",\"url\":\"https:\\\/\\\/batijournal.com\\\/\",\"name\":\"Batijournal\",\"description\":\"L&#039;actualit\u00e9 du b\u00e2timent\",\"potentialAction\":[{\"@type\":\"SearchAction\",\"target\":{\"@type\":\"EntryPoint\",\"urlTemplate\":\"https:\\\/\\\/batijournal.com\\\/?s={search_term_string}\"},\"query-input\":{\"@type\":\"PropertyValueSpecification\",\"valueRequired\":true,\"valueName\":\"search_term_string\"}}],\"inLanguage\":\"fr-FR\"},{\"@type\":\"Person\",\"@id\":\"https:\\\/\\\/batijournal.com\\\/#\\\/schema\\\/person\\\/1dc96ec6957aa1ccb25ebe78bb19f100\",\"name\":\"St\u00e9phane Miget\",\"image\":{\"@type\":\"ImageObject\",\"inLanguage\":\"fr-FR\",\"@id\":\"https:\\\/\\\/secure.gravatar.com\\\/avatar\\\/89915563d925342126b8ef0281b93d9d7fc337043e8df017f780908eb9644451?s=96&d=mm&r=g\",\"url\":\"https:\\\/\\\/secure.gravatar.com\\\/avatar\\\/89915563d925342126b8ef0281b93d9d7fc337043e8df017f780908eb9644451?s=96&d=mm&r=g\",\"contentUrl\":\"https:\\\/\\\/secure.gravatar.com\\\/avatar\\\/89915563d925342126b8ef0281b93d9d7fc337043e8df017f780908eb9644451?s=96&d=mm&r=g\",\"caption\":\"St\u00e9phane Miget\"},\"url\":\"https:\\\/\\\/batijournal.com\\\/index.php\\\/author\\\/stephane\\\/\"}]}<\/script>\n<!-- \/ Yoast SEO plugin. -->","yoast_head_json":{"title":"Chantier avec pr\u00e9cadres con\u00e7us int\u00e9gralement en polystyr\u00e8ne","robots":{"index":"index","follow":"follow","max-snippet":"max-snippet:-1","max-image-preview":"max-image-preview:large","max-video-preview":"max-video-preview:-1"},"canonical":"https:\/\/batijournal.com\/index.php\/chantier-avec-precadres-concus-integralement-en-polystyrene\/105127\/","og_locale":"fr_FR","og_type":"article","og_title":"Chantier avec pr\u00e9cadres con\u00e7us int\u00e9gralement en polystyr\u00e8ne","og_description":"Missionn\u00e9s par le cabinet Verna Architectes, pour un projet global de r\u00e9novation et d\u2019isolation d\u2019une copropri\u00e9t\u00e9 \u00e0 Saint-Maur-des-Foss\u00e9s, Lorillard Fa\u00e7ade et Lorenove Grands Comptes ont sign\u00e9 une collaboration efficiente avec l\u2019entreprise Alpac et son syst\u00e8me de pr\u00e9cadre thermo isolant. Ce chantier a pour objectifs l\u2019isolation et le ravalement de la fa\u00e7ade arri\u00e8re du b\u00e2timent de [&hellip;]","og_url":"https:\/\/batijournal.com\/index.php\/chantier-avec-precadres-concus-integralement-en-polystyrene\/105127\/","og_site_name":"Batijournal","article_published_time":"2020-11-12T06:27:37+00:00","og_image":[{"width":1200,"height":800,"url":"https:\/\/batijournal.com\/wp-content\/uploads\/2020\/11\/Lorillard-Facade-et-Lorenove-alpac-precadres.jpg","type":"image\/jpeg"}],"author":"St\u00e9phane Miget","twitter_card":"summary_large_image","twitter_creator":"@bati_journal","twitter_site":"@bati_journal","twitter_misc":{"\u00c9crit par":"St\u00e9phane Miget","Dur\u00e9e de lecture estim\u00e9e":"1 minute"},"schema":{"@context":"https:\/\/schema.org","@graph":[{"@type":"Article","@id":"https:\/\/batijournal.com\/index.php\/chantier-avec-precadres-concus-integralement-en-polystyrene\/105127\/#article","isPartOf":{"@id":"https:\/\/batijournal.com\/index.php\/chantier-avec-precadres-concus-integralement-en-polystyrene\/105127\/"},"author":{"name":"St\u00e9phane Miget","@id":"https:\/\/batijournal.com\/#\/schema\/person\/1dc96ec6957aa1ccb25ebe78bb19f100"},"headline":"Chantier avec pr\u00e9cadres con\u00e7us int\u00e9gralement en polystyr\u00e8ne","datePublished":"2020-11-12T06:27:37+00:00","mainEntityOfPage":{"@id":"https:\/\/batijournal.com\/index.php\/chantier-avec-precadres-concus-integralement-en-polystyrene\/105127\/"},"wordCount":194,"image":{"@id":"https:\/\/batijournal.com\/index.php\/chantier-avec-precadres-concus-integralement-en-polystyrene\/105127\/#primaryimage"},"thumbnailUrl":"https:\/\/batijournal.com\/wp-content\/uploads\/2020\/11\/Lorillard-Facade-et-Lorenove-alpac-precadres.jpg","keywords":["ITE","precadre"],"articleSection":["Actualit\u00e9s","Architecture &amp; Conception","zz_5fa\u00e7ades","zz_Actualit\u00e9s - 5fa\u00e7ades"],"inLanguage":"fr-FR"},{"@type":"WebPage","@id":"https:\/\/batijournal.com\/index.php\/chantier-avec-precadres-concus-integralement-en-polystyrene\/105127\/","url":"https:\/\/batijournal.com\/index.php\/chantier-avec-precadres-concus-integralement-en-polystyrene\/105127\/","name":"Chantier avec pr\u00e9cadres con\u00e7us int\u00e9gralement en polystyr\u00e8ne","isPartOf":{"@id":"https:\/\/batijournal.com\/#website"},"primaryImageOfPage":{"@id":"https:\/\/batijournal.com\/index.php\/chantier-avec-precadres-concus-integralement-en-polystyrene\/105127\/#primaryimage"},"image":{"@id":"https:\/\/batijournal.com\/index.php\/chantier-avec-precadres-concus-integralement-en-polystyrene\/105127\/#primaryimage"},"thumbnailUrl":"https:\/\/batijournal.com\/wp-content\/uploads\/2020\/11\/Lorillard-Facade-et-Lorenove-alpac-precadres.jpg","datePublished":"2020-11-12T06:27:37+00:00","author":{"@id":"https:\/\/batijournal.com\/#\/schema\/person\/1dc96ec6957aa1ccb25ebe78bb19f100"},"breadcrumb":{"@id":"https:\/\/batijournal.com\/index.php\/chantier-avec-precadres-concus-integralement-en-polystyrene\/105127\/#breadcrumb"},"inLanguage":"fr-FR","potentialAction":[{"@type":"ReadAction","target":["https:\/\/batijournal.com\/index.php\/chantier-avec-precadres-concus-integralement-en-polystyrene\/105127\/"]}]},{"@type":"ImageObject","inLanguage":"fr-FR","@id":"https:\/\/batijournal.com\/index.php\/chantier-avec-precadres-concus-integralement-en-polystyrene\/105127\/#primaryimage","url":"https:\/\/batijournal.com\/wp-content\/uploads\/2020\/11\/Lorillard-Facade-et-Lorenove-alpac-precadres.jpg","contentUrl":"https:\/\/batijournal.com\/wp-content\/uploads\/2020\/11\/Lorillard-Facade-et-Lorenove-alpac-precadres.jpg","width":1200,"height":800},{"@type":"BreadcrumbList","@id":"https:\/\/batijournal.com\/index.php\/chantier-avec-precadres-concus-integralement-en-polystyrene\/105127\/#breadcrumb","itemListElement":[{"@type":"ListItem","position":1,"name":"Accueil","item":"https:\/\/batijournal.com\/"},{"@type":"ListItem","position":2,"name":"Actualit\u00e9s","item":"https:\/\/batijournal.com\/index.php\/category\/actualites\/"},{"@type":"ListItem","position":3,"name":"Architecture &amp; Conception","item":"https:\/\/batijournal.com\/index.php\/category\/actualites\/architecture-conception\/"},{"@type":"ListItem","position":4,"name":"Chantier avec pr\u00e9cadres con\u00e7us int\u00e9gralement en polystyr\u00e8ne"}]},{"@type":"WebSite","@id":"https:\/\/batijournal.com\/#website","url":"https:\/\/batijournal.com\/","name":"Batijournal","description":"L&#039;actualit\u00e9 du b\u00e2timent","potentialAction":[{"@type":"SearchAction","target":{"@type":"EntryPoint","urlTemplate":"https:\/\/batijournal.com\/?s={search_term_string}"},"query-input":{"@type":"PropertyValueSpecification","valueRequired":true,"valueName":"search_term_string"}}],"inLanguage":"fr-FR"},{"@type":"Person","@id":"https:\/\/batijournal.com\/#\/schema\/person\/1dc96ec6957aa1ccb25ebe78bb19f100","name":"St\u00e9phane Miget","image":{"@type":"ImageObject","inLanguage":"fr-FR","@id":"https:\/\/secure.gravatar.com\/avatar\/89915563d925342126b8ef0281b93d9d7fc337043e8df017f780908eb9644451?s=96&d=mm&r=g","url":"https:\/\/secure.gravatar.com\/avatar\/89915563d925342126b8ef0281b93d9d7fc337043e8df017f780908eb9644451?s=96&d=mm&r=g","contentUrl":"https:\/\/secure.gravatar.com\/avatar\/89915563d925342126b8ef0281b93d9d7fc337043e8df017f780908eb9644451?s=96&d=mm&r=g","caption":"St\u00e9phane Miget"},"url":"https:\/\/batijournal.com\/index.php\/author\/stephane\/"}]}},"_links":{"self":[{"href":"https:\/\/batijournal.com\/index.php\/wp-json\/wp\/v2\/posts\/105127","targetHints":{"allow":["GET"]}}],"collection":[{"href":"https:\/\/batijournal.com\/index.php\/wp-json\/wp\/v2\/posts"}],"about":[{"href":"https:\/\/batijournal.com\/index.php\/wp-json\/wp\/v2\/types\/post"}],"author":[{"embeddable":true,"href":"https:\/\/batijournal.com\/index.php\/wp-json\/wp\/v2\/users\/17"}],"replies":[{"embeddable":true,"href":"https:\/\/batijournal.com\/index.php\/wp-json\/wp\/v2\/comments?post=105127"}],"version-history":[{"count":0,"href":"https:\/\/batijournal.com\/index.php\/wp-json\/wp\/v2\/posts\/105127\/revisions"}],"wp:featuredmedia":[{"embeddable":true,"href":"https:\/\/batijournal.com\/index.php\/wp-json\/wp\/v2\/media\/105128"}],"wp:attachment":[{"href":"https:\/\/batijournal.com\/index.php\/wp-json\/wp\/v2\/media?parent=105127"}],"wp:term":[{"taxonomy":"category","embeddable":true,"href":"https:\/\/batijournal.com\/index.php\/wp-json\/wp\/v2\/categories?post=105127"},{"taxonomy":"post_tag","embeddable":true,"href":"https:\/\/batijournal.com\/index.php\/wp-json\/wp\/v2\/tags?post=105127"}],"curies":[{"name":"wp","href":"https:\/\/api.w.org\/{rel}","templated":true}]}}