{"id":105142,"date":"2020-11-17T08:24:49","date_gmt":"2020-11-17T07:24:49","guid":{"rendered":"https:\/\/batijournal.com\/?p=105142"},"modified":"2020-11-17T08:24:49","modified_gmt":"2020-11-17T07:24:49","slug":"isover-renforce-son-engagement-pour-leconomie-circulaire-avec-isover-recycling","status":"publish","type":"post","link":"https:\/\/batijournal.com\/index.php\/isover-renforce-son-engagement-pour-leconomie-circulaire-avec-isover-recycling\/105142\/","title":{"rendered":"ISOVER renforce son engagement pour l\u2019\u00e9conomie circulaire avec ISOVER Recycling"},"content":{"rendered":"<p>ISOVER a cr\u00e9\u00e9 il y a plus de 23 ans son propre centre de revalorisation de rebuts de laine de verre issus de son site industriel d\u2019Orange. R\u00e9cemment, ce centre de revalorisation a \u00e9volu\u00e9 pour pouvoir \u00e9galement traiter les d\u00e9chets de laines de verre provenant des chantiers de d\u00e9construction et de r\u00e9novation et les transformer en calcin qui est ensuite r\u00e9inject\u00e9 dans le processus de fabrication de nouvelles laines de verre. Ce proc\u00e9d\u00e9 industriel unique permet \u00e0 ISOVER d\u2019avoir une part importante de mati\u00e8re recycl\u00e9e dans ses produits, qui s\u2019\u00e9l\u00e8ve a minima \u00e0 40 % et peut atteindre jusqu\u2019\u00e0 80 % dans certaines usines.<\/p>\n<p>La marque travaille tr\u00e8s activement \u00e0 augmenter la part de mat\u00e9riaux recycl\u00e9s dans ses produits, avec l\u2019objectif de la faire passer de 40 % en 2020 \u00e0 80 % \u00e0 l\u2019horizon 2030. La laine de verre issue de la d\u00e9construction des b\u00e2timents repr\u00e9sente 75 000 t\/an. Ce tonnage \u00e9quivaut \u00e0 des volumes tr\u00e8s cons\u00e9quents qui finissent, dans la plupart des cas enfouis sous terre. Avec la r\u00e9novation des b\u00e2timents des ann\u00e9es 70 et 80, on estime que la quantit\u00e9 de d\u00e9chets de laine de verre va doubler d\u2019ici 2030. Dans ce contexte, ISOVER a lanc\u00e9 son service de collecte et de recyclage, ISOVER Recycling dont l\u2019objectif est d\u2019\u00e9viter les enfouissements de laine de verre et favoriser leur recyclage. Cette d\u00e9marche d\u2019\u00e9co-conception est l\u2019un des piliers de la politique engag\u00e9e par ISOVER afin de r\u00e9duire les d\u00e9chets et de pr\u00e9server les ressources naturelles. D\u00e9velopp\u00e9 avec des partenariats entre la marque et diff\u00e9rents professionnels du secteur du recyclage (collecteurs, syndicats) et des entreprises de curage, ISOVER Recycling s\u2019adresse autant aux march\u00e9s diffus qu\u2019aux grands chantiers de r\u00e9novation. La d\u00e9marche r\u00e9pond par anticipation aux enjeux de collecte des d\u00e9chets de la laine de verre qui repr\u00e9sentera plus de 150 000 tonnes par an \u00e0 l\u2019horizon 2030. Un gisement qui pourrait encore augmenter avec le plan de r\u00e9novation \u00e9nerg\u00e9tique des b\u00e2timents.<\/p>\n","protected":false},"excerpt":{"rendered":"<p>ISOVER a cr\u00e9\u00e9 il y a plus de 23 ans son propre centre de revalorisation de rebuts de laine de verre issus de son site industriel d\u2019Orange. R\u00e9cemment, ce centre de revalorisation a \u00e9volu\u00e9 pour pouvoir \u00e9galement traiter les d\u00e9chets de laines de verre provenant des chantiers de d\u00e9construction et de r\u00e9novation et les transformer [&hellip;]<\/p>\n","protected":false},"author":17,"featured_media":105139,"comment_status":"closed","ping_status":"closed","sticky":false,"template":"","format":"standard","meta":{"_et_pb_use_builder":"","_et_pb_old_content":"","_et_gb_content_width":"","footnotes":""},"categories":[10530,6351,10781,10778],"tags":[11430],"class_list":["post-105142","post","type-post","status-publish","format-standard","has-post-thumbnail","hentry","category-actualites","category-energie-environnement","category-publications-planete","category-planete","tag-economie-circulaire"],"yoast_head":"<!-- This site is optimized with the Yoast SEO plugin v27.4 - https:\/\/yoast.com\/product\/yoast-seo-wordpress\/ -->\n<title>ISOVER renforce son engagement pour l\u2019\u00e9conomie circulaire avec ISOVER Recycling<\/title>\n<meta name=\"robots\" content=\"index, follow, max-snippet:-1, max-image-preview:large, max-video-preview:-1\" \/>\n<link rel=\"canonical\" href=\"https:\/\/batijournal.com\/index.php\/isover-renforce-son-engagement-pour-leconomie-circulaire-avec-isover-recycling\/105142\/\" \/>\n<meta property=\"og:locale\" content=\"fr_FR\" \/>\n<meta property=\"og:type\" content=\"article\" \/>\n<meta property=\"og:title\" content=\"ISOVER renforce son engagement pour l\u2019\u00e9conomie circulaire avec ISOVER Recycling\" \/>\n<meta property=\"og:description\" content=\"ISOVER a cr\u00e9\u00e9 il y a plus de 23 ans son propre centre de revalorisation de rebuts de laine de verre issus de son site industriel d\u2019Orange. R\u00e9cemment, ce centre de revalorisation a \u00e9volu\u00e9 pour pouvoir \u00e9galement traiter les d\u00e9chets de laines de verre provenant des chantiers de d\u00e9construction et de r\u00e9novation et les transformer [&hellip;]\" \/>\n<meta property=\"og:url\" content=\"https:\/\/batijournal.com\/index.php\/isover-renforce-son-engagement-pour-leconomie-circulaire-avec-isover-recycling\/105142\/\" \/>\n<meta property=\"og:site_name\" content=\"Batijournal\" \/>\n<meta property=\"article:published_time\" content=\"2020-11-17T07:24:49+00:00\" \/>\n<meta property=\"og:image\" content=\"https:\/\/batijournal.com\/wp-content\/uploads\/2020\/11\/ISOVER-RECYCLING.jpg\" \/>\n\t<meta property=\"og:image:width\" content=\"1996\" \/>\n\t<meta property=\"og:image:height\" content=\"1125\" \/>\n\t<meta property=\"og:image:type\" content=\"image\/jpeg\" \/>\n<meta name=\"author\" content=\"St\u00e9phane Miget\" \/>\n<meta name=\"twitter:card\" content=\"summary_large_image\" \/>\n<meta name=\"twitter:creator\" content=\"@bati_journal\" \/>\n<meta name=\"twitter:site\" content=\"@bati_journal\" \/>\n<meta name=\"twitter:label1\" content=\"\u00c9crit par\" \/>\n\t<meta name=\"twitter:data1\" content=\"St\u00e9phane Miget\" \/>\n\t<meta name=\"twitter:label2\" content=\"Dur\u00e9e de lecture estim\u00e9e\" \/>\n\t<meta name=\"twitter:data2\" content=\"2 minutes\" \/>\n<script type=\"application\/ld+json\" class=\"yoast-schema-graph\">{\"@context\":\"https:\\\/\\\/schema.org\",\"@graph\":[{\"@type\":\"Article\",\"@id\":\"https:\\\/\\\/batijournal.com\\\/index.php\\\/isover-renforce-son-engagement-pour-leconomie-circulaire-avec-isover-recycling\\\/105142\\\/#article\",\"isPartOf\":{\"@id\":\"https:\\\/\\\/batijournal.com\\\/index.php\\\/isover-renforce-son-engagement-pour-leconomie-circulaire-avec-isover-recycling\\\/105142\\\/\"},\"author\":{\"name\":\"St\u00e9phane Miget\",\"@id\":\"https:\\\/\\\/batijournal.com\\\/#\\\/schema\\\/person\\\/1dc96ec6957aa1ccb25ebe78bb19f100\"},\"headline\":\"ISOVER renforce son engagement pour l\u2019\u00e9conomie circulaire avec ISOVER Recycling\",\"datePublished\":\"2020-11-17T07:24:49+00:00\",\"mainEntityOfPage\":{\"@id\":\"https:\\\/\\\/batijournal.com\\\/index.php\\\/isover-renforce-son-engagement-pour-leconomie-circulaire-avec-isover-recycling\\\/105142\\\/\"},\"wordCount\":357,\"image\":{\"@id\":\"https:\\\/\\\/batijournal.com\\\/index.php\\\/isover-renforce-son-engagement-pour-leconomie-circulaire-avec-isover-recycling\\\/105142\\\/#primaryimage\"},\"thumbnailUrl\":\"https:\\\/\\\/batijournal.com\\\/wp-content\\\/uploads\\\/2020\\\/11\\\/ISOVER-RECYCLING.jpg\",\"keywords\":[\"\u00e9conomie circulaire\"],\"articleSection\":[\"Actualit\u00e9s\",\"\u00c9nergie &amp; Environnement\",\"zz_Actualit\u00e9s - Plan\u00e8te\",\"zz_Plan\u00e8te B\u00e2timent\"],\"inLanguage\":\"fr-FR\"},{\"@type\":\"WebPage\",\"@id\":\"https:\\\/\\\/batijournal.com\\\/index.php\\\/isover-renforce-son-engagement-pour-leconomie-circulaire-avec-isover-recycling\\\/105142\\\/\",\"url\":\"https:\\\/\\\/batijournal.com\\\/index.php\\\/isover-renforce-son-engagement-pour-leconomie-circulaire-avec-isover-recycling\\\/105142\\\/\",\"name\":\"ISOVER renforce son engagement pour l\u2019\u00e9conomie circulaire avec ISOVER Recycling\",\"isPartOf\":{\"@id\":\"https:\\\/\\\/batijournal.com\\\/#website\"},\"primaryImageOfPage\":{\"@id\":\"https:\\\/\\\/batijournal.com\\\/index.php\\\/isover-renforce-son-engagement-pour-leconomie-circulaire-avec-isover-recycling\\\/105142\\\/#primaryimage\"},\"image\":{\"@id\":\"https:\\\/\\\/batijournal.com\\\/index.php\\\/isover-renforce-son-engagement-pour-leconomie-circulaire-avec-isover-recycling\\\/105142\\\/#primaryimage\"},\"thumbnailUrl\":\"https:\\\/\\\/batijournal.com\\\/wp-content\\\/uploads\\\/2020\\\/11\\\/ISOVER-RECYCLING.jpg\",\"datePublished\":\"2020-11-17T07:24:49+00:00\",\"author\":{\"@id\":\"https:\\\/\\\/batijournal.com\\\/#\\\/schema\\\/person\\\/1dc96ec6957aa1ccb25ebe78bb19f100\"},\"breadcrumb\":{\"@id\":\"https:\\\/\\\/batijournal.com\\\/index.php\\\/isover-renforce-son-engagement-pour-leconomie-circulaire-avec-isover-recycling\\\/105142\\\/#breadcrumb\"},\"inLanguage\":\"fr-FR\",\"potentialAction\":[{\"@type\":\"ReadAction\",\"target\":[\"https:\\\/\\\/batijournal.com\\\/index.php\\\/isover-renforce-son-engagement-pour-leconomie-circulaire-avec-isover-recycling\\\/105142\\\/\"]}]},{\"@type\":\"ImageObject\",\"inLanguage\":\"fr-FR\",\"@id\":\"https:\\\/\\\/batijournal.com\\\/index.php\\\/isover-renforce-son-engagement-pour-leconomie-circulaire-avec-isover-recycling\\\/105142\\\/#primaryimage\",\"url\":\"https:\\\/\\\/batijournal.com\\\/wp-content\\\/uploads\\\/2020\\\/11\\\/ISOVER-RECYCLING.jpg\",\"contentUrl\":\"https:\\\/\\\/batijournal.com\\\/wp-content\\\/uploads\\\/2020\\\/11\\\/ISOVER-RECYCLING.jpg\",\"width\":1996,\"height\":1125},{\"@type\":\"BreadcrumbList\",\"@id\":\"https:\\\/\\\/batijournal.com\\\/index.php\\\/isover-renforce-son-engagement-pour-leconomie-circulaire-avec-isover-recycling\\\/105142\\\/#breadcrumb\",\"itemListElement\":[{\"@type\":\"ListItem\",\"position\":1,\"name\":\"Accueil\",\"item\":\"https:\\\/\\\/batijournal.com\\\/\"},{\"@type\":\"ListItem\",\"position\":2,\"name\":\"Actualit\u00e9s\",\"item\":\"https:\\\/\\\/batijournal.com\\\/index.php\\\/category\\\/actualites\\\/\"},{\"@type\":\"ListItem\",\"position\":3,\"name\":\"\u00c9nergie &amp; Environnement\",\"item\":\"https:\\\/\\\/batijournal.com\\\/index.php\\\/category\\\/actualites\\\/energie-environnement\\\/\"},{\"@type\":\"ListItem\",\"position\":4,\"name\":\"ISOVER renforce son engagement pour l\u2019\u00e9conomie circulaire avec ISOVER Recycling\"}]},{\"@type\":\"WebSite\",\"@id\":\"https:\\\/\\\/batijournal.com\\\/#website\",\"url\":\"https:\\\/\\\/batijournal.com\\\/\",\"name\":\"Batijournal\",\"description\":\"L&#039;actualit\u00e9 du b\u00e2timent\",\"potentialAction\":[{\"@type\":\"SearchAction\",\"target\":{\"@type\":\"EntryPoint\",\"urlTemplate\":\"https:\\\/\\\/batijournal.com\\\/?s={search_term_string}\"},\"query-input\":{\"@type\":\"PropertyValueSpecification\",\"valueRequired\":true,\"valueName\":\"search_term_string\"}}],\"inLanguage\":\"fr-FR\"},{\"@type\":\"Person\",\"@id\":\"https:\\\/\\\/batijournal.com\\\/#\\\/schema\\\/person\\\/1dc96ec6957aa1ccb25ebe78bb19f100\",\"name\":\"St\u00e9phane Miget\",\"image\":{\"@type\":\"ImageObject\",\"inLanguage\":\"fr-FR\",\"@id\":\"https:\\\/\\\/secure.gravatar.com\\\/avatar\\\/89915563d925342126b8ef0281b93d9d7fc337043e8df017f780908eb9644451?s=96&d=mm&r=g\",\"url\":\"https:\\\/\\\/secure.gravatar.com\\\/avatar\\\/89915563d925342126b8ef0281b93d9d7fc337043e8df017f780908eb9644451?s=96&d=mm&r=g\",\"contentUrl\":\"https:\\\/\\\/secure.gravatar.com\\\/avatar\\\/89915563d925342126b8ef0281b93d9d7fc337043e8df017f780908eb9644451?s=96&d=mm&r=g\",\"caption\":\"St\u00e9phane Miget\"},\"url\":\"https:\\\/\\\/batijournal.com\\\/index.php\\\/author\\\/stephane\\\/\"}]}<\/script>\n<!-- \/ Yoast SEO plugin. -->","yoast_head_json":{"title":"ISOVER renforce son engagement pour l\u2019\u00e9conomie circulaire avec ISOVER Recycling","robots":{"index":"index","follow":"follow","max-snippet":"max-snippet:-1","max-image-preview":"max-image-preview:large","max-video-preview":"max-video-preview:-1"},"canonical":"https:\/\/batijournal.com\/index.php\/isover-renforce-son-engagement-pour-leconomie-circulaire-avec-isover-recycling\/105142\/","og_locale":"fr_FR","og_type":"article","og_title":"ISOVER renforce son engagement pour l\u2019\u00e9conomie circulaire avec ISOVER Recycling","og_description":"ISOVER a cr\u00e9\u00e9 il y a plus de 23 ans son propre centre de revalorisation de rebuts de laine de verre issus de son site industriel d\u2019Orange. R\u00e9cemment, ce centre de revalorisation a \u00e9volu\u00e9 pour pouvoir \u00e9galement traiter les d\u00e9chets de laines de verre provenant des chantiers de d\u00e9construction et de r\u00e9novation et les transformer [&hellip;]","og_url":"https:\/\/batijournal.com\/index.php\/isover-renforce-son-engagement-pour-leconomie-circulaire-avec-isover-recycling\/105142\/","og_site_name":"Batijournal","article_published_time":"2020-11-17T07:24:49+00:00","og_image":[{"width":1996,"height":1125,"url":"https:\/\/batijournal.com\/wp-content\/uploads\/2020\/11\/ISOVER-RECYCLING.jpg","type":"image\/jpeg"}],"author":"St\u00e9phane Miget","twitter_card":"summary_large_image","twitter_creator":"@bati_journal","twitter_site":"@bati_journal","twitter_misc":{"\u00c9crit par":"St\u00e9phane Miget","Dur\u00e9e de lecture estim\u00e9e":"2 minutes"},"schema":{"@context":"https:\/\/schema.org","@graph":[{"@type":"Article","@id":"https:\/\/batijournal.com\/index.php\/isover-renforce-son-engagement-pour-leconomie-circulaire-avec-isover-recycling\/105142\/#article","isPartOf":{"@id":"https:\/\/batijournal.com\/index.php\/isover-renforce-son-engagement-pour-leconomie-circulaire-avec-isover-recycling\/105142\/"},"author":{"name":"St\u00e9phane Miget","@id":"https:\/\/batijournal.com\/#\/schema\/person\/1dc96ec6957aa1ccb25ebe78bb19f100"},"headline":"ISOVER renforce son engagement pour l\u2019\u00e9conomie circulaire avec ISOVER Recycling","datePublished":"2020-11-17T07:24:49+00:00","mainEntityOfPage":{"@id":"https:\/\/batijournal.com\/index.php\/isover-renforce-son-engagement-pour-leconomie-circulaire-avec-isover-recycling\/105142\/"},"wordCount":357,"image":{"@id":"https:\/\/batijournal.com\/index.php\/isover-renforce-son-engagement-pour-leconomie-circulaire-avec-isover-recycling\/105142\/#primaryimage"},"thumbnailUrl":"https:\/\/batijournal.com\/wp-content\/uploads\/2020\/11\/ISOVER-RECYCLING.jpg","keywords":["\u00e9conomie circulaire"],"articleSection":["Actualit\u00e9s","\u00c9nergie &amp; Environnement","zz_Actualit\u00e9s - Plan\u00e8te","zz_Plan\u00e8te B\u00e2timent"],"inLanguage":"fr-FR"},{"@type":"WebPage","@id":"https:\/\/batijournal.com\/index.php\/isover-renforce-son-engagement-pour-leconomie-circulaire-avec-isover-recycling\/105142\/","url":"https:\/\/batijournal.com\/index.php\/isover-renforce-son-engagement-pour-leconomie-circulaire-avec-isover-recycling\/105142\/","name":"ISOVER renforce son engagement pour l\u2019\u00e9conomie circulaire avec ISOVER Recycling","isPartOf":{"@id":"https:\/\/batijournal.com\/#website"},"primaryImageOfPage":{"@id":"https:\/\/batijournal.com\/index.php\/isover-renforce-son-engagement-pour-leconomie-circulaire-avec-isover-recycling\/105142\/#primaryimage"},"image":{"@id":"https:\/\/batijournal.com\/index.php\/isover-renforce-son-engagement-pour-leconomie-circulaire-avec-isover-recycling\/105142\/#primaryimage"},"thumbnailUrl":"https:\/\/batijournal.com\/wp-content\/uploads\/2020\/11\/ISOVER-RECYCLING.jpg","datePublished":"2020-11-17T07:24:49+00:00","author":{"@id":"https:\/\/batijournal.com\/#\/schema\/person\/1dc96ec6957aa1ccb25ebe78bb19f100"},"breadcrumb":{"@id":"https:\/\/batijournal.com\/index.php\/isover-renforce-son-engagement-pour-leconomie-circulaire-avec-isover-recycling\/105142\/#breadcrumb"},"inLanguage":"fr-FR","potentialAction":[{"@type":"ReadAction","target":["https:\/\/batijournal.com\/index.php\/isover-renforce-son-engagement-pour-leconomie-circulaire-avec-isover-recycling\/105142\/"]}]},{"@type":"ImageObject","inLanguage":"fr-FR","@id":"https:\/\/batijournal.com\/index.php\/isover-renforce-son-engagement-pour-leconomie-circulaire-avec-isover-recycling\/105142\/#primaryimage","url":"https:\/\/batijournal.com\/wp-content\/uploads\/2020\/11\/ISOVER-RECYCLING.jpg","contentUrl":"https:\/\/batijournal.com\/wp-content\/uploads\/2020\/11\/ISOVER-RECYCLING.jpg","width":1996,"height":1125},{"@type":"BreadcrumbList","@id":"https:\/\/batijournal.com\/index.php\/isover-renforce-son-engagement-pour-leconomie-circulaire-avec-isover-recycling\/105142\/#breadcrumb","itemListElement":[{"@type":"ListItem","position":1,"name":"Accueil","item":"https:\/\/batijournal.com\/"},{"@type":"ListItem","position":2,"name":"Actualit\u00e9s","item":"https:\/\/batijournal.com\/index.php\/category\/actualites\/"},{"@type":"ListItem","position":3,"name":"\u00c9nergie &amp; Environnement","item":"https:\/\/batijournal.com\/index.php\/category\/actualites\/energie-environnement\/"},{"@type":"ListItem","position":4,"name":"ISOVER renforce son engagement pour l\u2019\u00e9conomie circulaire avec ISOVER Recycling"}]},{"@type":"WebSite","@id":"https:\/\/batijournal.com\/#website","url":"https:\/\/batijournal.com\/","name":"Batijournal","description":"L&#039;actualit\u00e9 du b\u00e2timent","potentialAction":[{"@type":"SearchAction","target":{"@type":"EntryPoint","urlTemplate":"https:\/\/batijournal.com\/?s={search_term_string}"},"query-input":{"@type":"PropertyValueSpecification","valueRequired":true,"valueName":"search_term_string"}}],"inLanguage":"fr-FR"},{"@type":"Person","@id":"https:\/\/batijournal.com\/#\/schema\/person\/1dc96ec6957aa1ccb25ebe78bb19f100","name":"St\u00e9phane Miget","image":{"@type":"ImageObject","inLanguage":"fr-FR","@id":"https:\/\/secure.gravatar.com\/avatar\/89915563d925342126b8ef0281b93d9d7fc337043e8df017f780908eb9644451?s=96&d=mm&r=g","url":"https:\/\/secure.gravatar.com\/avatar\/89915563d925342126b8ef0281b93d9d7fc337043e8df017f780908eb9644451?s=96&d=mm&r=g","contentUrl":"https:\/\/secure.gravatar.com\/avatar\/89915563d925342126b8ef0281b93d9d7fc337043e8df017f780908eb9644451?s=96&d=mm&r=g","caption":"St\u00e9phane Miget"},"url":"https:\/\/batijournal.com\/index.php\/author\/stephane\/"}]}},"_links":{"self":[{"href":"https:\/\/batijournal.com\/index.php\/wp-json\/wp\/v2\/posts\/105142","targetHints":{"allow":["GET"]}}],"collection":[{"href":"https:\/\/batijournal.com\/index.php\/wp-json\/wp\/v2\/posts"}],"about":[{"href":"https:\/\/batijournal.com\/index.php\/wp-json\/wp\/v2\/types\/post"}],"author":[{"embeddable":true,"href":"https:\/\/batijournal.com\/index.php\/wp-json\/wp\/v2\/users\/17"}],"replies":[{"embeddable":true,"href":"https:\/\/batijournal.com\/index.php\/wp-json\/wp\/v2\/comments?post=105142"}],"version-history":[{"count":0,"href":"https:\/\/batijournal.com\/index.php\/wp-json\/wp\/v2\/posts\/105142\/revisions"}],"wp:featuredmedia":[{"embeddable":true,"href":"https:\/\/batijournal.com\/index.php\/wp-json\/wp\/v2\/media\/105139"}],"wp:attachment":[{"href":"https:\/\/batijournal.com\/index.php\/wp-json\/wp\/v2\/media?parent=105142"}],"wp:term":[{"taxonomy":"category","embeddable":true,"href":"https:\/\/batijournal.com\/index.php\/wp-json\/wp\/v2\/categories?post=105142"},{"taxonomy":"post_tag","embeddable":true,"href":"https:\/\/batijournal.com\/index.php\/wp-json\/wp\/v2\/tags?post=105142"}],"curies":[{"name":"wp","href":"https:\/\/api.w.org\/{rel}","templated":true}]}}