{"id":105144,"date":"2020-11-17T08:27:01","date_gmt":"2020-11-17T07:27:01","guid":{"rendered":"https:\/\/batijournal.com\/?p=105144"},"modified":"2020-11-17T08:27:01","modified_gmt":"2020-11-17T07:27:01","slug":"solaire-photovoltaique-le-ser-regrette-ladoption-de-lamendement","status":"publish","type":"post","link":"https:\/\/batijournal.com\/index.php\/solaire-photovoltaique-le-ser-regrette-ladoption-de-lamendement\/105144\/","title":{"rendered":"Solaire photovolta\u00efque : le SER regrette l\u2019adoption de l\u2019amendement"},"content":{"rendered":"<p><strong>L&rsquo;amendement au Projet de loi de finances pour 2021, d\u00e9pos\u00e9 par le Gouvernement et qui ouvre la voie, pour les centrales photovolta\u00efques d&rsquo;une puissance sup\u00e9rieure \u00e0 250 kWc, \u00e0 la ren\u00e9gociation des contrats d&rsquo;achat conclus entre 2006 et 2011, a \u00e9t\u00e9 adopt\u00e9 par l\u2019Assembl\u00e9e nationale.<\/strong><\/p>\n<p>La discussion de l\u2019amendement a mis en lumi\u00e8re, par la voix du Pr\u00e9sident de la Commission des Finances et de nombreux d\u00e9put\u00e9s dont le SER salue l\u2019engagement, les graves biais politiques de la d\u00e9marche du Gouvernement comme les menaces que cette mesure ferait peser sur les acteurs de la fili\u00e8re solaire et sur le financement de l\u2019ensemble de la transition \u00e9nerg\u00e9tique.<br \/>\nOutre qu\u2019il a soumis son amendement \u2013 fond\u00e9 sur de pures affirmations, sans \u00e9tude d\u2019impact ni chiffrage budg\u00e9taire &#8211; au d\u00e9bat parlementaire dans des d\u00e9lais extr\u00eamement resserr\u00e9s, le Gouvernement ne peut en effet se pr\u00e9valoir d\u2019une v\u00e9ritable concertation avec la fili\u00e8re pour son \u00e9laboration. Les 4 semaines qui ont \u00e9t\u00e9 accord\u00e9es \u00e0 celle-ci constituent un d\u00e9lai insuffisant de n\u00e9gociation sur une mesure d\u2019une telle port\u00e9e, et n\u2019ont donn\u00e9 lieu au final qu\u2019\u00e0 l\u2019indiff\u00e9rence envers les contre-propositions avanc\u00e9es par les acteurs, qui n\u2019ont cess\u00e9 d\u2019alerter les pouvoirs publics sur le caract\u00e8re inefficace, irr\u00e9aliste et dangereux du projet qui leur \u00e9tait annonc\u00e9. Il est en particulier trompeur de d\u00e9clarer devant l\u2019Assembl\u00e9e nationale que la clause de sauvegarde pr\u00e9vue dans l\u2019amendement serait issue de cette concertation.<\/p>\n<p>Le SER appelle les S\u00e9nateurs \u00e0 refuser ces proc\u00e9d\u00e9s incompatibles avec la tenue d\u2019un d\u00e9bat rationnel et l\u2019\u00e9laboration de politiques coh\u00e9rentes, et \u00e0 rejeter le fond d\u2019une mesure qui, au-del\u00e0 de ses cons\u00e9quences directes sur les entreprises de la fili\u00e8re solaire dans tous les territoires, consiste \u00e0 leur faire endosser un reniement de la parole de l\u2019Etat, synonyme de lourde d\u00e9gradation des conditions de financement de l\u2019ensemble des projets renouvelables, et donc de menace sur la transition \u00e9nerg\u00e9tique et les objectifs climatiques de notre pays.<\/p>\n","protected":false},"excerpt":{"rendered":"<p>L&rsquo;amendement au Projet de loi de finances pour 2021, d\u00e9pos\u00e9 par le Gouvernement et qui ouvre la voie, pour les centrales photovolta\u00efques d&rsquo;une puissance sup\u00e9rieure \u00e0 250 kWc, \u00e0 la ren\u00e9gociation des contrats d&rsquo;achat conclus entre 2006 et 2011, a \u00e9t\u00e9 adopt\u00e9 par l\u2019Assembl\u00e9e nationale. La discussion de l\u2019amendement a mis en lumi\u00e8re, par la [&hellip;]<\/p>\n","protected":false},"author":17,"featured_media":87010,"comment_status":"closed","ping_status":"closed","sticky":false,"template":"","format":"standard","meta":{"_et_pb_use_builder":"","_et_pb_old_content":"","_et_gb_content_width":"","footnotes":""},"categories":[10530,6351,10781,10778],"tags":[10733],"class_list":["post-105144","post","type-post","status-publish","format-standard","has-post-thumbnail","hentry","category-actualites","category-energie-environnement","category-publications-planete","category-planete","tag-electricite-photovoltaique"],"yoast_head":"<!-- This site is optimized with the Yoast SEO plugin v27.4 - https:\/\/yoast.com\/product\/yoast-seo-wordpress\/ -->\n<title>Solaire photovolta\u00efque : le SER regrette l\u2019adoption de l\u2019amendement<\/title>\n<meta name=\"robots\" content=\"index, follow, max-snippet:-1, max-image-preview:large, max-video-preview:-1\" \/>\n<link rel=\"canonical\" href=\"https:\/\/batijournal.com\/index.php\/solaire-photovoltaique-le-ser-regrette-ladoption-de-lamendement\/105144\/\" \/>\n<meta property=\"og:locale\" content=\"fr_FR\" \/>\n<meta property=\"og:type\" content=\"article\" \/>\n<meta property=\"og:title\" content=\"Solaire photovolta\u00efque : le SER regrette l\u2019adoption de l\u2019amendement\" \/>\n<meta property=\"og:description\" content=\"L&rsquo;amendement au Projet de loi de finances pour 2021, d\u00e9pos\u00e9 par le Gouvernement et qui ouvre la voie, pour les centrales photovolta\u00efques d&rsquo;une puissance sup\u00e9rieure \u00e0 250 kWc, \u00e0 la ren\u00e9gociation des contrats d&rsquo;achat conclus entre 2006 et 2011, a \u00e9t\u00e9 adopt\u00e9 par l\u2019Assembl\u00e9e nationale. La discussion de l\u2019amendement a mis en lumi\u00e8re, par la [&hellip;]\" \/>\n<meta property=\"og:url\" content=\"https:\/\/batijournal.com\/index.php\/solaire-photovoltaique-le-ser-regrette-ladoption-de-lamendement\/105144\/\" \/>\n<meta property=\"og:site_name\" content=\"Batijournal\" \/>\n<meta property=\"article:published_time\" content=\"2020-11-17T07:27:01+00:00\" \/>\n<meta property=\"og:image\" content=\"https:\/\/batijournal.com\/wp-content\/uploads\/2015\/05\/98635406.jpg\" \/>\n\t<meta property=\"og:image:width\" content=\"600\" \/>\n\t<meta property=\"og:image:height\" content=\"316\" \/>\n\t<meta property=\"og:image:type\" content=\"image\/jpeg\" \/>\n<meta name=\"author\" content=\"St\u00e9phane Miget\" \/>\n<meta name=\"twitter:card\" content=\"summary_large_image\" \/>\n<meta name=\"twitter:creator\" content=\"@bati_journal\" \/>\n<meta name=\"twitter:site\" content=\"@bati_journal\" \/>\n<meta name=\"twitter:label1\" content=\"\u00c9crit par\" \/>\n\t<meta name=\"twitter:data1\" content=\"St\u00e9phane Miget\" \/>\n\t<meta name=\"twitter:label2\" content=\"Dur\u00e9e de lecture estim\u00e9e\" \/>\n\t<meta name=\"twitter:data2\" content=\"2 minutes\" \/>\n<script type=\"application\/ld+json\" class=\"yoast-schema-graph\">{\"@context\":\"https:\\\/\\\/schema.org\",\"@graph\":[{\"@type\":\"Article\",\"@id\":\"https:\\\/\\\/batijournal.com\\\/index.php\\\/solaire-photovoltaique-le-ser-regrette-ladoption-de-lamendement\\\/105144\\\/#article\",\"isPartOf\":{\"@id\":\"https:\\\/\\\/batijournal.com\\\/index.php\\\/solaire-photovoltaique-le-ser-regrette-ladoption-de-lamendement\\\/105144\\\/\"},\"author\":{\"name\":\"St\u00e9phane Miget\",\"@id\":\"https:\\\/\\\/batijournal.com\\\/#\\\/schema\\\/person\\\/1dc96ec6957aa1ccb25ebe78bb19f100\"},\"headline\":\"Solaire photovolta\u00efque : le SER regrette l\u2019adoption de l\u2019amendement\",\"datePublished\":\"2020-11-17T07:27:01+00:00\",\"mainEntityOfPage\":{\"@id\":\"https:\\\/\\\/batijournal.com\\\/index.php\\\/solaire-photovoltaique-le-ser-regrette-ladoption-de-lamendement\\\/105144\\\/\"},\"wordCount\":375,\"image\":{\"@id\":\"https:\\\/\\\/batijournal.com\\\/index.php\\\/solaire-photovoltaique-le-ser-regrette-ladoption-de-lamendement\\\/105144\\\/#primaryimage\"},\"thumbnailUrl\":\"https:\\\/\\\/batijournal.com\\\/wp-content\\\/uploads\\\/2015\\\/05\\\/98635406.jpg\",\"keywords\":[\"\u00e9lectricit\u00e9 photovolta\u00efque\"],\"articleSection\":[\"Actualit\u00e9s\",\"\u00c9nergie &amp; Environnement\",\"zz_Actualit\u00e9s - Plan\u00e8te\",\"zz_Plan\u00e8te B\u00e2timent\"],\"inLanguage\":\"fr-FR\"},{\"@type\":\"WebPage\",\"@id\":\"https:\\\/\\\/batijournal.com\\\/index.php\\\/solaire-photovoltaique-le-ser-regrette-ladoption-de-lamendement\\\/105144\\\/\",\"url\":\"https:\\\/\\\/batijournal.com\\\/index.php\\\/solaire-photovoltaique-le-ser-regrette-ladoption-de-lamendement\\\/105144\\\/\",\"name\":\"Solaire photovolta\u00efque : le SER regrette l\u2019adoption de l\u2019amendement\",\"isPartOf\":{\"@id\":\"https:\\\/\\\/batijournal.com\\\/#website\"},\"primaryImageOfPage\":{\"@id\":\"https:\\\/\\\/batijournal.com\\\/index.php\\\/solaire-photovoltaique-le-ser-regrette-ladoption-de-lamendement\\\/105144\\\/#primaryimage\"},\"image\":{\"@id\":\"https:\\\/\\\/batijournal.com\\\/index.php\\\/solaire-photovoltaique-le-ser-regrette-ladoption-de-lamendement\\\/105144\\\/#primaryimage\"},\"thumbnailUrl\":\"https:\\\/\\\/batijournal.com\\\/wp-content\\\/uploads\\\/2015\\\/05\\\/98635406.jpg\",\"datePublished\":\"2020-11-17T07:27:01+00:00\",\"author\":{\"@id\":\"https:\\\/\\\/batijournal.com\\\/#\\\/schema\\\/person\\\/1dc96ec6957aa1ccb25ebe78bb19f100\"},\"breadcrumb\":{\"@id\":\"https:\\\/\\\/batijournal.com\\\/index.php\\\/solaire-photovoltaique-le-ser-regrette-ladoption-de-lamendement\\\/105144\\\/#breadcrumb\"},\"inLanguage\":\"fr-FR\",\"potentialAction\":[{\"@type\":\"ReadAction\",\"target\":[\"https:\\\/\\\/batijournal.com\\\/index.php\\\/solaire-photovoltaique-le-ser-regrette-ladoption-de-lamendement\\\/105144\\\/\"]}]},{\"@type\":\"ImageObject\",\"inLanguage\":\"fr-FR\",\"@id\":\"https:\\\/\\\/batijournal.com\\\/index.php\\\/solaire-photovoltaique-le-ser-regrette-ladoption-de-lamendement\\\/105144\\\/#primaryimage\",\"url\":\"https:\\\/\\\/batijournal.com\\\/wp-content\\\/uploads\\\/2015\\\/05\\\/98635406.jpg\",\"contentUrl\":\"https:\\\/\\\/batijournal.com\\\/wp-content\\\/uploads\\\/2015\\\/05\\\/98635406.jpg\",\"width\":600,\"height\":316,\"caption\":\"photovolta\u00efque\"},{\"@type\":\"BreadcrumbList\",\"@id\":\"https:\\\/\\\/batijournal.com\\\/index.php\\\/solaire-photovoltaique-le-ser-regrette-ladoption-de-lamendement\\\/105144\\\/#breadcrumb\",\"itemListElement\":[{\"@type\":\"ListItem\",\"position\":1,\"name\":\"Accueil\",\"item\":\"https:\\\/\\\/batijournal.com\\\/\"},{\"@type\":\"ListItem\",\"position\":2,\"name\":\"Actualit\u00e9s\",\"item\":\"https:\\\/\\\/batijournal.com\\\/index.php\\\/category\\\/actualites\\\/\"},{\"@type\":\"ListItem\",\"position\":3,\"name\":\"\u00c9nergie &amp; Environnement\",\"item\":\"https:\\\/\\\/batijournal.com\\\/index.php\\\/category\\\/actualites\\\/energie-environnement\\\/\"},{\"@type\":\"ListItem\",\"position\":4,\"name\":\"Solaire photovolta\u00efque : le SER regrette l\u2019adoption de l\u2019amendement\"}]},{\"@type\":\"WebSite\",\"@id\":\"https:\\\/\\\/batijournal.com\\\/#website\",\"url\":\"https:\\\/\\\/batijournal.com\\\/\",\"name\":\"Batijournal\",\"description\":\"L&#039;actualit\u00e9 du b\u00e2timent\",\"potentialAction\":[{\"@type\":\"SearchAction\",\"target\":{\"@type\":\"EntryPoint\",\"urlTemplate\":\"https:\\\/\\\/batijournal.com\\\/?s={search_term_string}\"},\"query-input\":{\"@type\":\"PropertyValueSpecification\",\"valueRequired\":true,\"valueName\":\"search_term_string\"}}],\"inLanguage\":\"fr-FR\"},{\"@type\":\"Person\",\"@id\":\"https:\\\/\\\/batijournal.com\\\/#\\\/schema\\\/person\\\/1dc96ec6957aa1ccb25ebe78bb19f100\",\"name\":\"St\u00e9phane Miget\",\"image\":{\"@type\":\"ImageObject\",\"inLanguage\":\"fr-FR\",\"@id\":\"https:\\\/\\\/secure.gravatar.com\\\/avatar\\\/89915563d925342126b8ef0281b93d9d7fc337043e8df017f780908eb9644451?s=96&d=mm&r=g\",\"url\":\"https:\\\/\\\/secure.gravatar.com\\\/avatar\\\/89915563d925342126b8ef0281b93d9d7fc337043e8df017f780908eb9644451?s=96&d=mm&r=g\",\"contentUrl\":\"https:\\\/\\\/secure.gravatar.com\\\/avatar\\\/89915563d925342126b8ef0281b93d9d7fc337043e8df017f780908eb9644451?s=96&d=mm&r=g\",\"caption\":\"St\u00e9phane Miget\"},\"url\":\"https:\\\/\\\/batijournal.com\\\/index.php\\\/author\\\/stephane\\\/\"}]}<\/script>\n<!-- \/ Yoast SEO plugin. -->","yoast_head_json":{"title":"Solaire photovolta\u00efque : le SER regrette l\u2019adoption de l\u2019amendement","robots":{"index":"index","follow":"follow","max-snippet":"max-snippet:-1","max-image-preview":"max-image-preview:large","max-video-preview":"max-video-preview:-1"},"canonical":"https:\/\/batijournal.com\/index.php\/solaire-photovoltaique-le-ser-regrette-ladoption-de-lamendement\/105144\/","og_locale":"fr_FR","og_type":"article","og_title":"Solaire photovolta\u00efque : le SER regrette l\u2019adoption de l\u2019amendement","og_description":"L&rsquo;amendement au Projet de loi de finances pour 2021, d\u00e9pos\u00e9 par le Gouvernement et qui ouvre la voie, pour les centrales photovolta\u00efques d&rsquo;une puissance sup\u00e9rieure \u00e0 250 kWc, \u00e0 la ren\u00e9gociation des contrats d&rsquo;achat conclus entre 2006 et 2011, a \u00e9t\u00e9 adopt\u00e9 par l\u2019Assembl\u00e9e nationale. La discussion de l\u2019amendement a mis en lumi\u00e8re, par la [&hellip;]","og_url":"https:\/\/batijournal.com\/index.php\/solaire-photovoltaique-le-ser-regrette-ladoption-de-lamendement\/105144\/","og_site_name":"Batijournal","article_published_time":"2020-11-17T07:27:01+00:00","og_image":[{"width":600,"height":316,"url":"https:\/\/batijournal.com\/wp-content\/uploads\/2015\/05\/98635406.jpg","type":"image\/jpeg"}],"author":"St\u00e9phane Miget","twitter_card":"summary_large_image","twitter_creator":"@bati_journal","twitter_site":"@bati_journal","twitter_misc":{"\u00c9crit par":"St\u00e9phane Miget","Dur\u00e9e de lecture estim\u00e9e":"2 minutes"},"schema":{"@context":"https:\/\/schema.org","@graph":[{"@type":"Article","@id":"https:\/\/batijournal.com\/index.php\/solaire-photovoltaique-le-ser-regrette-ladoption-de-lamendement\/105144\/#article","isPartOf":{"@id":"https:\/\/batijournal.com\/index.php\/solaire-photovoltaique-le-ser-regrette-ladoption-de-lamendement\/105144\/"},"author":{"name":"St\u00e9phane Miget","@id":"https:\/\/batijournal.com\/#\/schema\/person\/1dc96ec6957aa1ccb25ebe78bb19f100"},"headline":"Solaire photovolta\u00efque : le SER regrette l\u2019adoption de l\u2019amendement","datePublished":"2020-11-17T07:27:01+00:00","mainEntityOfPage":{"@id":"https:\/\/batijournal.com\/index.php\/solaire-photovoltaique-le-ser-regrette-ladoption-de-lamendement\/105144\/"},"wordCount":375,"image":{"@id":"https:\/\/batijournal.com\/index.php\/solaire-photovoltaique-le-ser-regrette-ladoption-de-lamendement\/105144\/#primaryimage"},"thumbnailUrl":"https:\/\/batijournal.com\/wp-content\/uploads\/2015\/05\/98635406.jpg","keywords":["\u00e9lectricit\u00e9 photovolta\u00efque"],"articleSection":["Actualit\u00e9s","\u00c9nergie &amp; Environnement","zz_Actualit\u00e9s - Plan\u00e8te","zz_Plan\u00e8te B\u00e2timent"],"inLanguage":"fr-FR"},{"@type":"WebPage","@id":"https:\/\/batijournal.com\/index.php\/solaire-photovoltaique-le-ser-regrette-ladoption-de-lamendement\/105144\/","url":"https:\/\/batijournal.com\/index.php\/solaire-photovoltaique-le-ser-regrette-ladoption-de-lamendement\/105144\/","name":"Solaire photovolta\u00efque : le SER regrette l\u2019adoption de l\u2019amendement","isPartOf":{"@id":"https:\/\/batijournal.com\/#website"},"primaryImageOfPage":{"@id":"https:\/\/batijournal.com\/index.php\/solaire-photovoltaique-le-ser-regrette-ladoption-de-lamendement\/105144\/#primaryimage"},"image":{"@id":"https:\/\/batijournal.com\/index.php\/solaire-photovoltaique-le-ser-regrette-ladoption-de-lamendement\/105144\/#primaryimage"},"thumbnailUrl":"https:\/\/batijournal.com\/wp-content\/uploads\/2015\/05\/98635406.jpg","datePublished":"2020-11-17T07:27:01+00:00","author":{"@id":"https:\/\/batijournal.com\/#\/schema\/person\/1dc96ec6957aa1ccb25ebe78bb19f100"},"breadcrumb":{"@id":"https:\/\/batijournal.com\/index.php\/solaire-photovoltaique-le-ser-regrette-ladoption-de-lamendement\/105144\/#breadcrumb"},"inLanguage":"fr-FR","potentialAction":[{"@type":"ReadAction","target":["https:\/\/batijournal.com\/index.php\/solaire-photovoltaique-le-ser-regrette-ladoption-de-lamendement\/105144\/"]}]},{"@type":"ImageObject","inLanguage":"fr-FR","@id":"https:\/\/batijournal.com\/index.php\/solaire-photovoltaique-le-ser-regrette-ladoption-de-lamendement\/105144\/#primaryimage","url":"https:\/\/batijournal.com\/wp-content\/uploads\/2015\/05\/98635406.jpg","contentUrl":"https:\/\/batijournal.com\/wp-content\/uploads\/2015\/05\/98635406.jpg","width":600,"height":316,"caption":"photovolta\u00efque"},{"@type":"BreadcrumbList","@id":"https:\/\/batijournal.com\/index.php\/solaire-photovoltaique-le-ser-regrette-ladoption-de-lamendement\/105144\/#breadcrumb","itemListElement":[{"@type":"ListItem","position":1,"name":"Accueil","item":"https:\/\/batijournal.com\/"},{"@type":"ListItem","position":2,"name":"Actualit\u00e9s","item":"https:\/\/batijournal.com\/index.php\/category\/actualites\/"},{"@type":"ListItem","position":3,"name":"\u00c9nergie &amp; Environnement","item":"https:\/\/batijournal.com\/index.php\/category\/actualites\/energie-environnement\/"},{"@type":"ListItem","position":4,"name":"Solaire photovolta\u00efque : le SER regrette l\u2019adoption de l\u2019amendement"}]},{"@type":"WebSite","@id":"https:\/\/batijournal.com\/#website","url":"https:\/\/batijournal.com\/","name":"Batijournal","description":"L&#039;actualit\u00e9 du b\u00e2timent","potentialAction":[{"@type":"SearchAction","target":{"@type":"EntryPoint","urlTemplate":"https:\/\/batijournal.com\/?s={search_term_string}"},"query-input":{"@type":"PropertyValueSpecification","valueRequired":true,"valueName":"search_term_string"}}],"inLanguage":"fr-FR"},{"@type":"Person","@id":"https:\/\/batijournal.com\/#\/schema\/person\/1dc96ec6957aa1ccb25ebe78bb19f100","name":"St\u00e9phane Miget","image":{"@type":"ImageObject","inLanguage":"fr-FR","@id":"https:\/\/secure.gravatar.com\/avatar\/89915563d925342126b8ef0281b93d9d7fc337043e8df017f780908eb9644451?s=96&d=mm&r=g","url":"https:\/\/secure.gravatar.com\/avatar\/89915563d925342126b8ef0281b93d9d7fc337043e8df017f780908eb9644451?s=96&d=mm&r=g","contentUrl":"https:\/\/secure.gravatar.com\/avatar\/89915563d925342126b8ef0281b93d9d7fc337043e8df017f780908eb9644451?s=96&d=mm&r=g","caption":"St\u00e9phane Miget"},"url":"https:\/\/batijournal.com\/index.php\/author\/stephane\/"}]}},"_links":{"self":[{"href":"https:\/\/batijournal.com\/index.php\/wp-json\/wp\/v2\/posts\/105144","targetHints":{"allow":["GET"]}}],"collection":[{"href":"https:\/\/batijournal.com\/index.php\/wp-json\/wp\/v2\/posts"}],"about":[{"href":"https:\/\/batijournal.com\/index.php\/wp-json\/wp\/v2\/types\/post"}],"author":[{"embeddable":true,"href":"https:\/\/batijournal.com\/index.php\/wp-json\/wp\/v2\/users\/17"}],"replies":[{"embeddable":true,"href":"https:\/\/batijournal.com\/index.php\/wp-json\/wp\/v2\/comments?post=105144"}],"version-history":[{"count":0,"href":"https:\/\/batijournal.com\/index.php\/wp-json\/wp\/v2\/posts\/105144\/revisions"}],"wp:featuredmedia":[{"embeddable":true,"href":"https:\/\/batijournal.com\/index.php\/wp-json\/wp\/v2\/media\/87010"}],"wp:attachment":[{"href":"https:\/\/batijournal.com\/index.php\/wp-json\/wp\/v2\/media?parent=105144"}],"wp:term":[{"taxonomy":"category","embeddable":true,"href":"https:\/\/batijournal.com\/index.php\/wp-json\/wp\/v2\/categories?post=105144"},{"taxonomy":"post_tag","embeddable":true,"href":"https:\/\/batijournal.com\/index.php\/wp-json\/wp\/v2\/tags?post=105144"}],"curies":[{"name":"wp","href":"https:\/\/api.w.org\/{rel}","templated":true}]}}