{"id":105145,"date":"2020-11-17T08:44:28","date_gmt":"2020-11-17T07:44:28","guid":{"rendered":"https:\/\/batijournal.com\/?p=105145"},"modified":"2020-11-17T08:44:28","modified_gmt":"2020-11-17T07:44:28","slug":"un-pacte-national-pour-simplifier-et-accelerer-les-procedures-durbanisme","status":"publish","type":"post","link":"https:\/\/batijournal.com\/index.php\/un-pacte-national-pour-simplifier-et-accelerer-les-procedures-durbanisme\/105145\/","title":{"rendered":"Un pacte national pour simplifier et acc\u00e9l\u00e9rer les proc\u00e9dures d\u2019urbanisme"},"content":{"rendered":"<p>Emmanuelle Wargon, ministre d\u00e9l\u00e9gu\u00e9e aupr\u00e8s de la Ministre de la Transition \u00e9cologique en charge du Logement, Fran\u00e7ois BAROIN pr\u00e9sident de l\u2019Assembl\u00e9e des Maires de France, Johanna ROLLAND, pr\u00e9sidente de France Urbaine, et S\u00e9bastien MARTIN, pr\u00e9sident de l\u2019Assembl\u00e9e des communaut\u00e9s de France ont sign\u00e9, le 13 novembre 2020, avec les principales associations repr\u00e9sentatives des acteurs de la construction et du logement social, un pacte national pour la relance de la construction durable. Il mat\u00e9rialise l\u2019engagement collectif pour la relance de la construction de logements, durement frapp\u00e9e, \u00e0 l\u2019image d\u2019autres secteurs \u00e9conomiques, par la crise sanitaire que traverse notre pays.<\/p>\n<p>Par ses effets sur la vie des citoyens, la crise sanitaire renforce le besoin de transformation de nos mod\u00e8les de construction et de conception des logements et des espaces publics. Le pacte r\u00e9affirme la n\u00e9cessit\u00e9 que les constructions propos\u00e9es r\u00e9pondent aux attentes des Fran\u00e7ais en mati\u00e8re de qualit\u00e9 environnementale, de confort et d\u2019acc\u00e8s \u00e0 la nature.<\/p>\n<p>Le pacte porte sur deux grands axes d\u2019engagement : simplifier et acc\u00e9l\u00e9rer les proc\u00e9dures d\u2019urbanisme pour limiter la baisse des mises en chantier en 2021 et accompagner l\u2019\u00e9mergence de projets durables de construction, en promouvant la sobri\u00e9t\u00e9 fonci\u00e8re, la qualit\u00e9 des logements et du cadre de vie.<\/p>\n<p>Il appelle \u00e0 une d\u00e9clinaison locale, \u00e0 travers des accords locaux de coordination, pour f\u00e9d\u00e9rer les acteurs concern\u00e9s par sa mise en \u0153uvre. A ce titre, une instruction aux Pr\u00e9fets accompagne la signature du Pacte, afin qu\u2019ils en organisent la d\u00e9clinaison locale, sous la forme d\u2019instances locales de coordination sur les autorisations d\u2019urbanisme. La circulaire insiste par ailleurs sur la n\u00e9cessaire continuit\u00e9 de l\u2019instruction et de la d\u00e9livrance des autorisations d\u2019urbanisme (en particulier des permis de construire) et des agr\u00e9ments pour les logements sociaux pendant la nouvelle p\u00e9riode de confinement.<\/p>\n<p>Mesure 1 : mener \u00e0 son terme et accompagner la d\u00e9mat\u00e9rialisation des proc\u00e9dures<br \/>\nMesure 2 : mettre en place des bonnes pratiques d\u2019instruction des autorisations d\u2019urbanismes<br \/>\nMesure 3 : mobiliser les \u00c9tablissements publics fonciers et les \u00c9tablissements publics d\u2019am\u00e9nagements<br \/>\nMesure 4 : mobiliser le foncier public<br \/>\nMesure 5 : optimiser les capacit\u00e9s des PLU(i)<br \/>\nMesure 6 : privil\u00e9gier les projets sur des fonciers d\u00e9j\u00e0 artificialis\u00e9s et limiter l\u2019empreinte des projets en mati\u00e8re de consommation d\u2019espaces<br \/>\nMesure 7 : promouvoir des programmations mixtes, en ad\u00e9quation avec les besoins des territoires<br \/>\nMesure 8 : promouvoir des logements et des constructions de qualit\u00e9<br \/>\nMesure 9 : associer efficacement les citoyens aux projets<\/p>\n<p>&nbsp;<\/p>\n<p>Ce pacte a \u00e9galement \u00e9t\u00e9 sign\u00e9 avec les pr\u00e9sident(e)s de l\u2019Union sociale pour l\u2019habitat (USH), la f\u00e9d\u00e9ration des promoteurs immobiliers (FPI), la f\u00e9d\u00e9ration fran\u00e7aise du b\u00e2timent et le P\u00f4le Habitat de la F\u00e9d\u00e9ration fran\u00e7aise du b\u00e2timent (FFB),\u00a0 le conseil national de l\u2019ordre des architectes (CNOA), et l\u2019union nationale des am\u00e9nageurs (UNAM).<\/p>\n","protected":false},"excerpt":{"rendered":"<p>Emmanuelle Wargon, ministre d\u00e9l\u00e9gu\u00e9e aupr\u00e8s de la Ministre de la Transition \u00e9cologique en charge du Logement, Fran\u00e7ois BAROIN pr\u00e9sident de l\u2019Assembl\u00e9e des Maires de France, Johanna ROLLAND, pr\u00e9sidente de France Urbaine, et S\u00e9bastien MARTIN, pr\u00e9sident de l\u2019Assembl\u00e9e des communaut\u00e9s de France ont sign\u00e9, le 13 novembre 2020, avec les principales associations repr\u00e9sentatives des acteurs de [&hellip;]<\/p>\n","protected":false},"author":17,"featured_media":105146,"comment_status":"closed","ping_status":"closed","sticky":false,"template":"","format":"standard","meta":{"_et_pb_use_builder":"","_et_pb_old_content":"","_et_gb_content_width":"","footnotes":""},"categories":[10736,10530,6345,10781,10778],"tags":[53,1154],"class_list":["post-105145","post","type-post","status-publish","format-standard","has-post-thumbnail","hentry","category-a-la-une","category-actualites","category-economie-marches","category-publications-planete","category-planete","tag-construction","tag-urbanisme"],"yoast_head":"<!-- This site is optimized with the Yoast SEO plugin v27.4 - https:\/\/yoast.com\/product\/yoast-seo-wordpress\/ -->\n<title>Un pacte national pour simplifier et acc\u00e9l\u00e9rer les proc\u00e9dures d\u2019urbanisme<\/title>\n<meta name=\"robots\" content=\"index, follow, max-snippet:-1, max-image-preview:large, max-video-preview:-1\" \/>\n<link rel=\"canonical\" href=\"https:\/\/batijournal.com\/index.php\/un-pacte-national-pour-simplifier-et-accelerer-les-procedures-durbanisme\/105145\/\" \/>\n<meta property=\"og:locale\" content=\"fr_FR\" \/>\n<meta property=\"og:type\" content=\"article\" \/>\n<meta property=\"og:title\" content=\"Un pacte national pour simplifier et acc\u00e9l\u00e9rer les proc\u00e9dures d\u2019urbanisme\" \/>\n<meta property=\"og:description\" content=\"Emmanuelle Wargon, ministre d\u00e9l\u00e9gu\u00e9e aupr\u00e8s de la Ministre de la Transition \u00e9cologique en charge du Logement, Fran\u00e7ois BAROIN pr\u00e9sident de l\u2019Assembl\u00e9e des Maires de France, Johanna ROLLAND, pr\u00e9sidente de France Urbaine, et S\u00e9bastien MARTIN, pr\u00e9sident de l\u2019Assembl\u00e9e des communaut\u00e9s de France ont sign\u00e9, le 13 novembre 2020, avec les principales associations repr\u00e9sentatives des acteurs de [&hellip;]\" \/>\n<meta property=\"og:url\" content=\"https:\/\/batijournal.com\/index.php\/un-pacte-national-pour-simplifier-et-accelerer-les-procedures-durbanisme\/105145\/\" \/>\n<meta property=\"og:site_name\" content=\"Batijournal\" \/>\n<meta property=\"article:published_time\" content=\"2020-11-17T07:44:28+00:00\" \/>\n<meta property=\"og:image\" content=\"https:\/\/batijournal.com\/wp-content\/uploads\/2020\/11\/pacte-construction-urbanisme.jpg\" \/>\n\t<meta property=\"og:image:width\" content=\"1200\" \/>\n\t<meta property=\"og:image:height\" content=\"718\" \/>\n\t<meta property=\"og:image:type\" content=\"image\/jpeg\" \/>\n<meta name=\"author\" content=\"St\u00e9phane Miget\" \/>\n<meta name=\"twitter:card\" content=\"summary_large_image\" \/>\n<meta name=\"twitter:creator\" content=\"@bati_journal\" \/>\n<meta name=\"twitter:site\" content=\"@bati_journal\" \/>\n<meta name=\"twitter:label1\" content=\"\u00c9crit par\" \/>\n\t<meta name=\"twitter:data1\" content=\"St\u00e9phane Miget\" \/>\n\t<meta name=\"twitter:label2\" content=\"Dur\u00e9e de lecture estim\u00e9e\" \/>\n\t<meta name=\"twitter:data2\" content=\"3 minutes\" \/>\n<script type=\"application\/ld+json\" class=\"yoast-schema-graph\">{\"@context\":\"https:\\\/\\\/schema.org\",\"@graph\":[{\"@type\":\"Article\",\"@id\":\"https:\\\/\\\/batijournal.com\\\/index.php\\\/un-pacte-national-pour-simplifier-et-accelerer-les-procedures-durbanisme\\\/105145\\\/#article\",\"isPartOf\":{\"@id\":\"https:\\\/\\\/batijournal.com\\\/index.php\\\/un-pacte-national-pour-simplifier-et-accelerer-les-procedures-durbanisme\\\/105145\\\/\"},\"author\":{\"name\":\"St\u00e9phane Miget\",\"@id\":\"https:\\\/\\\/batijournal.com\\\/#\\\/schema\\\/person\\\/1dc96ec6957aa1ccb25ebe78bb19f100\"},\"headline\":\"Un pacte national pour simplifier et acc\u00e9l\u00e9rer les proc\u00e9dures d\u2019urbanisme\",\"datePublished\":\"2020-11-17T07:44:28+00:00\",\"mainEntityOfPage\":{\"@id\":\"https:\\\/\\\/batijournal.com\\\/index.php\\\/un-pacte-national-pour-simplifier-et-accelerer-les-procedures-durbanisme\\\/105145\\\/\"},\"wordCount\":526,\"image\":{\"@id\":\"https:\\\/\\\/batijournal.com\\\/index.php\\\/un-pacte-national-pour-simplifier-et-accelerer-les-procedures-durbanisme\\\/105145\\\/#primaryimage\"},\"thumbnailUrl\":\"https:\\\/\\\/batijournal.com\\\/wp-content\\\/uploads\\\/2020\\\/11\\\/pacte-construction-urbanisme.jpg\",\"keywords\":[\"construction\",\"urbanisme\"],\"articleSection\":[\"A la Une\",\"Actualit\u00e9s\",\"\u00c9conomie &amp; March\u00e9s\",\"zz_Actualit\u00e9s - Plan\u00e8te\",\"zz_Plan\u00e8te B\u00e2timent\"],\"inLanguage\":\"fr-FR\"},{\"@type\":\"WebPage\",\"@id\":\"https:\\\/\\\/batijournal.com\\\/index.php\\\/un-pacte-national-pour-simplifier-et-accelerer-les-procedures-durbanisme\\\/105145\\\/\",\"url\":\"https:\\\/\\\/batijournal.com\\\/index.php\\\/un-pacte-national-pour-simplifier-et-accelerer-les-procedures-durbanisme\\\/105145\\\/\",\"name\":\"Un pacte national pour simplifier et acc\u00e9l\u00e9rer les proc\u00e9dures d\u2019urbanisme\",\"isPartOf\":{\"@id\":\"https:\\\/\\\/batijournal.com\\\/#website\"},\"primaryImageOfPage\":{\"@id\":\"https:\\\/\\\/batijournal.com\\\/index.php\\\/un-pacte-national-pour-simplifier-et-accelerer-les-procedures-durbanisme\\\/105145\\\/#primaryimage\"},\"image\":{\"@id\":\"https:\\\/\\\/batijournal.com\\\/index.php\\\/un-pacte-national-pour-simplifier-et-accelerer-les-procedures-durbanisme\\\/105145\\\/#primaryimage\"},\"thumbnailUrl\":\"https:\\\/\\\/batijournal.com\\\/wp-content\\\/uploads\\\/2020\\\/11\\\/pacte-construction-urbanisme.jpg\",\"datePublished\":\"2020-11-17T07:44:28+00:00\",\"author\":{\"@id\":\"https:\\\/\\\/batijournal.com\\\/#\\\/schema\\\/person\\\/1dc96ec6957aa1ccb25ebe78bb19f100\"},\"breadcrumb\":{\"@id\":\"https:\\\/\\\/batijournal.com\\\/index.php\\\/un-pacte-national-pour-simplifier-et-accelerer-les-procedures-durbanisme\\\/105145\\\/#breadcrumb\"},\"inLanguage\":\"fr-FR\",\"potentialAction\":[{\"@type\":\"ReadAction\",\"target\":[\"https:\\\/\\\/batijournal.com\\\/index.php\\\/un-pacte-national-pour-simplifier-et-accelerer-les-procedures-durbanisme\\\/105145\\\/\"]}]},{\"@type\":\"ImageObject\",\"inLanguage\":\"fr-FR\",\"@id\":\"https:\\\/\\\/batijournal.com\\\/index.php\\\/un-pacte-national-pour-simplifier-et-accelerer-les-procedures-durbanisme\\\/105145\\\/#primaryimage\",\"url\":\"https:\\\/\\\/batijournal.com\\\/wp-content\\\/uploads\\\/2020\\\/11\\\/pacte-construction-urbanisme.jpg\",\"contentUrl\":\"https:\\\/\\\/batijournal.com\\\/wp-content\\\/uploads\\\/2020\\\/11\\\/pacte-construction-urbanisme.jpg\",\"width\":1200,\"height\":718},{\"@type\":\"BreadcrumbList\",\"@id\":\"https:\\\/\\\/batijournal.com\\\/index.php\\\/un-pacte-national-pour-simplifier-et-accelerer-les-procedures-durbanisme\\\/105145\\\/#breadcrumb\",\"itemListElement\":[{\"@type\":\"ListItem\",\"position\":1,\"name\":\"Accueil\",\"item\":\"https:\\\/\\\/batijournal.com\\\/\"},{\"@type\":\"ListItem\",\"position\":2,\"name\":\"Actualit\u00e9s\",\"item\":\"https:\\\/\\\/batijournal.com\\\/index.php\\\/category\\\/actualites\\\/\"},{\"@type\":\"ListItem\",\"position\":3,\"name\":\"\u00c9conomie &amp; March\u00e9s\",\"item\":\"https:\\\/\\\/batijournal.com\\\/index.php\\\/category\\\/actualites\\\/economie-marches\\\/\"},{\"@type\":\"ListItem\",\"position\":4,\"name\":\"Un pacte national pour simplifier et acc\u00e9l\u00e9rer les proc\u00e9dures d\u2019urbanisme\"}]},{\"@type\":\"WebSite\",\"@id\":\"https:\\\/\\\/batijournal.com\\\/#website\",\"url\":\"https:\\\/\\\/batijournal.com\\\/\",\"name\":\"Batijournal\",\"description\":\"L&#039;actualit\u00e9 du b\u00e2timent\",\"potentialAction\":[{\"@type\":\"SearchAction\",\"target\":{\"@type\":\"EntryPoint\",\"urlTemplate\":\"https:\\\/\\\/batijournal.com\\\/?s={search_term_string}\"},\"query-input\":{\"@type\":\"PropertyValueSpecification\",\"valueRequired\":true,\"valueName\":\"search_term_string\"}}],\"inLanguage\":\"fr-FR\"},{\"@type\":\"Person\",\"@id\":\"https:\\\/\\\/batijournal.com\\\/#\\\/schema\\\/person\\\/1dc96ec6957aa1ccb25ebe78bb19f100\",\"name\":\"St\u00e9phane Miget\",\"image\":{\"@type\":\"ImageObject\",\"inLanguage\":\"fr-FR\",\"@id\":\"https:\\\/\\\/secure.gravatar.com\\\/avatar\\\/89915563d925342126b8ef0281b93d9d7fc337043e8df017f780908eb9644451?s=96&d=mm&r=g\",\"url\":\"https:\\\/\\\/secure.gravatar.com\\\/avatar\\\/89915563d925342126b8ef0281b93d9d7fc337043e8df017f780908eb9644451?s=96&d=mm&r=g\",\"contentUrl\":\"https:\\\/\\\/secure.gravatar.com\\\/avatar\\\/89915563d925342126b8ef0281b93d9d7fc337043e8df017f780908eb9644451?s=96&d=mm&r=g\",\"caption\":\"St\u00e9phane Miget\"},\"url\":\"https:\\\/\\\/batijournal.com\\\/index.php\\\/author\\\/stephane\\\/\"}]}<\/script>\n<!-- \/ Yoast SEO plugin. -->","yoast_head_json":{"title":"Un pacte national pour simplifier et acc\u00e9l\u00e9rer les proc\u00e9dures d\u2019urbanisme","robots":{"index":"index","follow":"follow","max-snippet":"max-snippet:-1","max-image-preview":"max-image-preview:large","max-video-preview":"max-video-preview:-1"},"canonical":"https:\/\/batijournal.com\/index.php\/un-pacte-national-pour-simplifier-et-accelerer-les-procedures-durbanisme\/105145\/","og_locale":"fr_FR","og_type":"article","og_title":"Un pacte national pour simplifier et acc\u00e9l\u00e9rer les proc\u00e9dures d\u2019urbanisme","og_description":"Emmanuelle Wargon, ministre d\u00e9l\u00e9gu\u00e9e aupr\u00e8s de la Ministre de la Transition \u00e9cologique en charge du Logement, Fran\u00e7ois BAROIN pr\u00e9sident de l\u2019Assembl\u00e9e des Maires de France, Johanna ROLLAND, pr\u00e9sidente de France Urbaine, et S\u00e9bastien MARTIN, pr\u00e9sident de l\u2019Assembl\u00e9e des communaut\u00e9s de France ont sign\u00e9, le 13 novembre 2020, avec les principales associations repr\u00e9sentatives des acteurs de [&hellip;]","og_url":"https:\/\/batijournal.com\/index.php\/un-pacte-national-pour-simplifier-et-accelerer-les-procedures-durbanisme\/105145\/","og_site_name":"Batijournal","article_published_time":"2020-11-17T07:44:28+00:00","og_image":[{"width":1200,"height":718,"url":"https:\/\/batijournal.com\/wp-content\/uploads\/2020\/11\/pacte-construction-urbanisme.jpg","type":"image\/jpeg"}],"author":"St\u00e9phane Miget","twitter_card":"summary_large_image","twitter_creator":"@bati_journal","twitter_site":"@bati_journal","twitter_misc":{"\u00c9crit par":"St\u00e9phane Miget","Dur\u00e9e de lecture estim\u00e9e":"3 minutes"},"schema":{"@context":"https:\/\/schema.org","@graph":[{"@type":"Article","@id":"https:\/\/batijournal.com\/index.php\/un-pacte-national-pour-simplifier-et-accelerer-les-procedures-durbanisme\/105145\/#article","isPartOf":{"@id":"https:\/\/batijournal.com\/index.php\/un-pacte-national-pour-simplifier-et-accelerer-les-procedures-durbanisme\/105145\/"},"author":{"name":"St\u00e9phane Miget","@id":"https:\/\/batijournal.com\/#\/schema\/person\/1dc96ec6957aa1ccb25ebe78bb19f100"},"headline":"Un pacte national pour simplifier et acc\u00e9l\u00e9rer les proc\u00e9dures d\u2019urbanisme","datePublished":"2020-11-17T07:44:28+00:00","mainEntityOfPage":{"@id":"https:\/\/batijournal.com\/index.php\/un-pacte-national-pour-simplifier-et-accelerer-les-procedures-durbanisme\/105145\/"},"wordCount":526,"image":{"@id":"https:\/\/batijournal.com\/index.php\/un-pacte-national-pour-simplifier-et-accelerer-les-procedures-durbanisme\/105145\/#primaryimage"},"thumbnailUrl":"https:\/\/batijournal.com\/wp-content\/uploads\/2020\/11\/pacte-construction-urbanisme.jpg","keywords":["construction","urbanisme"],"articleSection":["A la Une","Actualit\u00e9s","\u00c9conomie &amp; March\u00e9s","zz_Actualit\u00e9s - Plan\u00e8te","zz_Plan\u00e8te B\u00e2timent"],"inLanguage":"fr-FR"},{"@type":"WebPage","@id":"https:\/\/batijournal.com\/index.php\/un-pacte-national-pour-simplifier-et-accelerer-les-procedures-durbanisme\/105145\/","url":"https:\/\/batijournal.com\/index.php\/un-pacte-national-pour-simplifier-et-accelerer-les-procedures-durbanisme\/105145\/","name":"Un pacte national pour simplifier et acc\u00e9l\u00e9rer les proc\u00e9dures d\u2019urbanisme","isPartOf":{"@id":"https:\/\/batijournal.com\/#website"},"primaryImageOfPage":{"@id":"https:\/\/batijournal.com\/index.php\/un-pacte-national-pour-simplifier-et-accelerer-les-procedures-durbanisme\/105145\/#primaryimage"},"image":{"@id":"https:\/\/batijournal.com\/index.php\/un-pacte-national-pour-simplifier-et-accelerer-les-procedures-durbanisme\/105145\/#primaryimage"},"thumbnailUrl":"https:\/\/batijournal.com\/wp-content\/uploads\/2020\/11\/pacte-construction-urbanisme.jpg","datePublished":"2020-11-17T07:44:28+00:00","author":{"@id":"https:\/\/batijournal.com\/#\/schema\/person\/1dc96ec6957aa1ccb25ebe78bb19f100"},"breadcrumb":{"@id":"https:\/\/batijournal.com\/index.php\/un-pacte-national-pour-simplifier-et-accelerer-les-procedures-durbanisme\/105145\/#breadcrumb"},"inLanguage":"fr-FR","potentialAction":[{"@type":"ReadAction","target":["https:\/\/batijournal.com\/index.php\/un-pacte-national-pour-simplifier-et-accelerer-les-procedures-durbanisme\/105145\/"]}]},{"@type":"ImageObject","inLanguage":"fr-FR","@id":"https:\/\/batijournal.com\/index.php\/un-pacte-national-pour-simplifier-et-accelerer-les-procedures-durbanisme\/105145\/#primaryimage","url":"https:\/\/batijournal.com\/wp-content\/uploads\/2020\/11\/pacte-construction-urbanisme.jpg","contentUrl":"https:\/\/batijournal.com\/wp-content\/uploads\/2020\/11\/pacte-construction-urbanisme.jpg","width":1200,"height":718},{"@type":"BreadcrumbList","@id":"https:\/\/batijournal.com\/index.php\/un-pacte-national-pour-simplifier-et-accelerer-les-procedures-durbanisme\/105145\/#breadcrumb","itemListElement":[{"@type":"ListItem","position":1,"name":"Accueil","item":"https:\/\/batijournal.com\/"},{"@type":"ListItem","position":2,"name":"Actualit\u00e9s","item":"https:\/\/batijournal.com\/index.php\/category\/actualites\/"},{"@type":"ListItem","position":3,"name":"\u00c9conomie &amp; March\u00e9s","item":"https:\/\/batijournal.com\/index.php\/category\/actualites\/economie-marches\/"},{"@type":"ListItem","position":4,"name":"Un pacte national pour simplifier et acc\u00e9l\u00e9rer les proc\u00e9dures d\u2019urbanisme"}]},{"@type":"WebSite","@id":"https:\/\/batijournal.com\/#website","url":"https:\/\/batijournal.com\/","name":"Batijournal","description":"L&#039;actualit\u00e9 du b\u00e2timent","potentialAction":[{"@type":"SearchAction","target":{"@type":"EntryPoint","urlTemplate":"https:\/\/batijournal.com\/?s={search_term_string}"},"query-input":{"@type":"PropertyValueSpecification","valueRequired":true,"valueName":"search_term_string"}}],"inLanguage":"fr-FR"},{"@type":"Person","@id":"https:\/\/batijournal.com\/#\/schema\/person\/1dc96ec6957aa1ccb25ebe78bb19f100","name":"St\u00e9phane Miget","image":{"@type":"ImageObject","inLanguage":"fr-FR","@id":"https:\/\/secure.gravatar.com\/avatar\/89915563d925342126b8ef0281b93d9d7fc337043e8df017f780908eb9644451?s=96&d=mm&r=g","url":"https:\/\/secure.gravatar.com\/avatar\/89915563d925342126b8ef0281b93d9d7fc337043e8df017f780908eb9644451?s=96&d=mm&r=g","contentUrl":"https:\/\/secure.gravatar.com\/avatar\/89915563d925342126b8ef0281b93d9d7fc337043e8df017f780908eb9644451?s=96&d=mm&r=g","caption":"St\u00e9phane Miget"},"url":"https:\/\/batijournal.com\/index.php\/author\/stephane\/"}]}},"_links":{"self":[{"href":"https:\/\/batijournal.com\/index.php\/wp-json\/wp\/v2\/posts\/105145","targetHints":{"allow":["GET"]}}],"collection":[{"href":"https:\/\/batijournal.com\/index.php\/wp-json\/wp\/v2\/posts"}],"about":[{"href":"https:\/\/batijournal.com\/index.php\/wp-json\/wp\/v2\/types\/post"}],"author":[{"embeddable":true,"href":"https:\/\/batijournal.com\/index.php\/wp-json\/wp\/v2\/users\/17"}],"replies":[{"embeddable":true,"href":"https:\/\/batijournal.com\/index.php\/wp-json\/wp\/v2\/comments?post=105145"}],"version-history":[{"count":0,"href":"https:\/\/batijournal.com\/index.php\/wp-json\/wp\/v2\/posts\/105145\/revisions"}],"wp:featuredmedia":[{"embeddable":true,"href":"https:\/\/batijournal.com\/index.php\/wp-json\/wp\/v2\/media\/105146"}],"wp:attachment":[{"href":"https:\/\/batijournal.com\/index.php\/wp-json\/wp\/v2\/media?parent=105145"}],"wp:term":[{"taxonomy":"category","embeddable":true,"href":"https:\/\/batijournal.com\/index.php\/wp-json\/wp\/v2\/categories?post=105145"},{"taxonomy":"post_tag","embeddable":true,"href":"https:\/\/batijournal.com\/index.php\/wp-json\/wp\/v2\/tags?post=105145"}],"curies":[{"name":"wp","href":"https:\/\/api.w.org\/{rel}","templated":true}]}}