{"id":105152,"date":"2020-11-18T10:18:57","date_gmt":"2020-11-18T09:18:57","guid":{"rendered":"https:\/\/batijournal.com\/?p=105152"},"modified":"2020-11-18T10:18:57","modified_gmt":"2020-11-18T09:18:57","slug":"une-chapelle-demolie-un-palais-sauve-emoi-des-defenseurs-du-patrimoine","status":"publish","type":"post","link":"https:\/\/batijournal.com\/index.php\/une-chapelle-demolie-un-palais-sauve-emoi-des-defenseurs-du-patrimoine\/105152\/","title":{"rendered":"Une chapelle d\u00e9molie, un palais sauv\u00e9, \u00e9moi des d\u00e9fenseurs du patrimoine"},"content":{"rendered":"<p><strong>La chapelle de l\u2019ancien coll\u00e8ge Saint-Joseph \u00e0 Lille, \u00e9difi\u00e9e \u00e0 la fin du XIXe si\u00e8cle dans un style \u00e9clectique, est la propri\u00e9t\u00e9 de JUNIA (ex-Yncrea), grande \u00e9cole d\u2019ing\u00e9nieurs, membre la F\u00e9d\u00e9ration universitaire et pluridisciplinaire de Lille (dite \u00ab la Catho \u00bb). D\u00e9saffect\u00e9e depuis de nombreuses ann\u00e9es et dans un \u00e9tat tr\u00e8s d\u00e9grad\u00e9, elle a fait l\u2019objet d\u2019un permis de d\u00e9molir d\u00e9livr\u00e9 par la maire de Lille, dans le cadre du projet de r\u00e9am\u00e9nagement du site du coll\u00e8ge destin\u00e9 \u00e0 accueillir une partie du nouveau campus de JUNIA. Ce permis de d\u00e9molir a \u00e9t\u00e9 assorti de prescriptions de l\u2019architecte des b\u00e2timents de France en mati\u00e8re de conservation et de r\u00e9utilisation de certains \u00e9l\u00e9ments mobiliers.<\/strong><\/p>\n<p>La perspective de cette d\u00e9molition a suscit\u00e9 une certaine \u00e9motion et conduit des opposants au projet \u00e0 demander au minist\u00e8re de la Culture l\u2019ouverture d\u2019une instance de classement au titre des monuments historiques de l\u2019\u00e9difice, qui aurait l\u00e9galement entra\u00een\u00e9 la suspension, pour un an, du chantier, le temps que les instances comp\u00e9tentes se prononcent sur l\u2019opportunit\u00e9 d\u2019un classement d\u00e9finitif de l\u2019\u00e9difice.<\/p>\n<p>Apr\u00e8s une \u00e9tude approfondie du dossier et de nombreuses discussions avec le porteur de projet, le minist\u00e8re de la Culture a estim\u00e9 que les conditions d\u2019une mise en instance de classement de la chapelle n\u2019\u00e9taient pas r\u00e9unies. Il a constat\u00e9 l\u2019impossibilit\u00e9 d\u2019int\u00e9grer, au stade actuel de son d\u00e9veloppement, la conservation de la chapelle dans le projet de r\u00e9am\u00e9nagement de l&rsquo;ensemble immobilier, qui doit permettre de porter \u00e0 terme la capacit\u00e9 d\u2019accueil du nouveau campus de 5 000 \u00e0 8 000 \u00e9tudiants. Renoncer \u00e0 la d\u00e9molition de la chapelle impliquerait donc de devoir abandonner un projet important pour le d\u00e9veloppement de l\u2019enseignement sup\u00e9rieur, qui repr\u00e9sente un investissement de 120 millions d\u2019euros. Pour le minist\u00e8re, l\u2019int\u00e9r\u00eat patrimonial de la chapelle n\u2019\u00e9tait pas suffisant pour justifier, \u00e0 l\u2019issue de l\u2019instance de classement, un classement d\u00e9finitif : de sorte que si la mise en instance de classement avait \u00e9t\u00e9 d\u00e9cid\u00e9e, cela n\u2019aurait fait que repousser l\u2019\u00e9ch\u00e9ance d\u2019un an, sans permettre de \u00ab sauver \u00bb l\u2019\u00e9difice. Le porteur de projet s\u2019est par ailleurs engag\u00e9 \u00e0 d\u00e9poser et \u00e0 r\u00e9employer des \u00e9l\u00e9ments de d\u00e9cor la chapelle Saint-Joseph, notamment des vitraux, en lien avec les prescriptions initiales de l\u2019architecte des b\u00e2timents de France et les \u00e9changes qui se sont poursuivis \u00e0 l\u2019initiative du minist\u00e8re de la Culture.<\/p>\n<p>L\u2019architecte \u00c9tienne Poncelet, inspecteur g\u00e9n\u00e9ral honoraire des monuments historiques, regrette que le minist\u00e8re oppose la sauvegarde de la chapelle \u00e0 la restauration du palais Rameau. \u00ab Nous demandons qu\u2019il y ait v\u00e9ritablement une synergie entre ces diff\u00e9rents projets \u00bb.<\/p>\n<p>Le projet de nouveau campus int\u00e8gre la restauration int\u00e9grale, avec le concours de l\u2019Etat, du palais Rameau, \u00e9difice class\u00e9 au titre des monuments historiques, actuellement sans utilisation et dont l\u2019\u00e9tat est tr\u00e8s d\u00e9grad\u00e9. Le palais Rameau fera l\u2019objet d\u2019un bail emphyt\u00e9otique consenti par la ville de Lille et deviendra un d\u00e9monstrateur d\u2019agriculture urbaine ouvert au public. Lors des discussions qui ont eu lieu ces derni\u00e8res semaines, le minist\u00e8re de la Culture a obtenu de la part du porteur de projet qu\u2019il renforce significativement l\u2019\u00e9tendue des restaurations et la valorisation du lieu. Abandonner ce projet, ce serait renoncer aussi \u00e0 la restauration et \u00e0 la r\u00e9utilisation de ce monument historique. C\u2019est pour ces motifs que le minist\u00e8re de la Culture a fait le choix de ne pas ouvrir d\u2019instance de classement sur cette chapelle.<\/p>\n<p>En union avec plusieurs riverains et citoyens mobilis\u00e9s pour la Chapelle Saint-Joseph, Urgences Patrimoine a, par l\u2019interm\u00e9diaire de son avocat, d\u00e9pos\u00e9 samedi 14 novembre 2020 un recours pour exc\u00e8s de pouvoir contre le courrier du 20 octobre 2020 par lequel le minist\u00e8re de la culture a refus\u00e9 de mettre l\u2019\u00e9difice en instance de classement au titre de Monuments Historiques.<\/p>\n<p>Photo : <a href=\"https:\/\/www.lagazettedupatrimoine.fr\/blog\/\">https:\/\/www.lagazettedupatrimoine.fr\/blog\/<\/a><\/p>\n<p>&nbsp;<\/p>\n","protected":false},"excerpt":{"rendered":"<p>La chapelle de l\u2019ancien coll\u00e8ge Saint-Joseph \u00e0 Lille, \u00e9difi\u00e9e \u00e0 la fin du XIXe si\u00e8cle dans un style \u00e9clectique, est la propri\u00e9t\u00e9 de JUNIA (ex-Yncrea), grande \u00e9cole d\u2019ing\u00e9nieurs, membre la F\u00e9d\u00e9ration universitaire et pluridisciplinaire de Lille (dite \u00ab la Catho \u00bb). D\u00e9saffect\u00e9e depuis de nombreuses ann\u00e9es et dans un \u00e9tat tr\u00e8s d\u00e9grad\u00e9, elle a fait [&hellip;]<\/p>\n","protected":false},"author":17,"featured_media":105150,"comment_status":"closed","ping_status":"closed","sticky":false,"template":"","format":"standard","meta":{"_et_pb_use_builder":"","_et_pb_old_content":"","_et_gb_content_width":"","footnotes":""},"categories":[10530,6340,10789,10785],"tags":[6376],"class_list":["post-105152","post","type-post","status-publish","format-standard","has-post-thumbnail","hentry","category-actualites","category-architecture-conception","category-publications-atrium","category-atrium","tag-monument-historique"],"yoast_head":"<!-- This site is optimized with the Yoast SEO plugin v27.4 - https:\/\/yoast.com\/product\/yoast-seo-wordpress\/ -->\n<title>Une chapelle d\u00e9molie, un palais sauv\u00e9, \u00e9moi des d\u00e9fenseurs du patrimoine<\/title>\n<meta name=\"robots\" content=\"index, follow, max-snippet:-1, max-image-preview:large, max-video-preview:-1\" \/>\n<link rel=\"canonical\" href=\"https:\/\/batijournal.com\/index.php\/une-chapelle-demolie-un-palais-sauve-emoi-des-defenseurs-du-patrimoine\/105152\/\" \/>\n<meta property=\"og:locale\" content=\"fr_FR\" \/>\n<meta property=\"og:type\" content=\"article\" \/>\n<meta property=\"og:title\" content=\"Une chapelle d\u00e9molie, un palais sauv\u00e9, \u00e9moi des d\u00e9fenseurs du patrimoine\" \/>\n<meta property=\"og:description\" content=\"La chapelle de l\u2019ancien coll\u00e8ge Saint-Joseph \u00e0 Lille, \u00e9difi\u00e9e \u00e0 la fin du XIXe si\u00e8cle dans un style \u00e9clectique, est la propri\u00e9t\u00e9 de JUNIA (ex-Yncrea), grande \u00e9cole d\u2019ing\u00e9nieurs, membre la F\u00e9d\u00e9ration universitaire et pluridisciplinaire de Lille (dite \u00ab la Catho \u00bb). D\u00e9saffect\u00e9e depuis de nombreuses ann\u00e9es et dans un \u00e9tat tr\u00e8s d\u00e9grad\u00e9, elle a fait [&hellip;]\" \/>\n<meta property=\"og:url\" content=\"https:\/\/batijournal.com\/index.php\/une-chapelle-demolie-un-palais-sauve-emoi-des-defenseurs-du-patrimoine\/105152\/\" \/>\n<meta property=\"og:site_name\" content=\"Batijournal\" \/>\n<meta property=\"article:published_time\" content=\"2020-11-18T09:18:57+00:00\" \/>\n<meta property=\"og:image\" content=\"https:\/\/batijournal.com\/wp-content\/uploads\/2020\/11\/gazette-du-patrimoine.jpg\" \/>\n\t<meta property=\"og:image:width\" content=\"753\" \/>\n\t<meta property=\"og:image:height\" content=\"466\" \/>\n\t<meta property=\"og:image:type\" content=\"image\/jpeg\" \/>\n<meta name=\"author\" content=\"St\u00e9phane Miget\" \/>\n<meta name=\"twitter:card\" content=\"summary_large_image\" \/>\n<meta name=\"twitter:creator\" content=\"@bati_journal\" \/>\n<meta name=\"twitter:site\" content=\"@bati_journal\" \/>\n<meta name=\"twitter:label1\" content=\"\u00c9crit par\" \/>\n\t<meta name=\"twitter:data1\" content=\"St\u00e9phane Miget\" \/>\n\t<meta name=\"twitter:label2\" content=\"Dur\u00e9e de lecture estim\u00e9e\" \/>\n\t<meta name=\"twitter:data2\" content=\"4 minutes\" \/>\n<script type=\"application\/ld+json\" class=\"yoast-schema-graph\">{\"@context\":\"https:\\\/\\\/schema.org\",\"@graph\":[{\"@type\":\"Article\",\"@id\":\"https:\\\/\\\/batijournal.com\\\/index.php\\\/une-chapelle-demolie-un-palais-sauve-emoi-des-defenseurs-du-patrimoine\\\/105152\\\/#article\",\"isPartOf\":{\"@id\":\"https:\\\/\\\/batijournal.com\\\/index.php\\\/une-chapelle-demolie-un-palais-sauve-emoi-des-defenseurs-du-patrimoine\\\/105152\\\/\"},\"author\":{\"name\":\"St\u00e9phane Miget\",\"@id\":\"https:\\\/\\\/batijournal.com\\\/#\\\/schema\\\/person\\\/1dc96ec6957aa1ccb25ebe78bb19f100\"},\"headline\":\"Une chapelle d\u00e9molie, un palais sauv\u00e9, \u00e9moi des d\u00e9fenseurs du patrimoine\",\"datePublished\":\"2020-11-18T09:18:57+00:00\",\"mainEntityOfPage\":{\"@id\":\"https:\\\/\\\/batijournal.com\\\/index.php\\\/une-chapelle-demolie-un-palais-sauve-emoi-des-defenseurs-du-patrimoine\\\/105152\\\/\"},\"wordCount\":720,\"image\":{\"@id\":\"https:\\\/\\\/batijournal.com\\\/index.php\\\/une-chapelle-demolie-un-palais-sauve-emoi-des-defenseurs-du-patrimoine\\\/105152\\\/#primaryimage\"},\"thumbnailUrl\":\"https:\\\/\\\/batijournal.com\\\/wp-content\\\/uploads\\\/2020\\\/11\\\/gazette-du-patrimoine.jpg\",\"keywords\":[\"monument historique\"],\"articleSection\":[\"Actualit\u00e9s\",\"Architecture &amp; Conception\",\"zz_Actualit\u00e9s - Atrium\",\"zz_Atrium Patrimoine\"],\"inLanguage\":\"fr-FR\"},{\"@type\":\"WebPage\",\"@id\":\"https:\\\/\\\/batijournal.com\\\/index.php\\\/une-chapelle-demolie-un-palais-sauve-emoi-des-defenseurs-du-patrimoine\\\/105152\\\/\",\"url\":\"https:\\\/\\\/batijournal.com\\\/index.php\\\/une-chapelle-demolie-un-palais-sauve-emoi-des-defenseurs-du-patrimoine\\\/105152\\\/\",\"name\":\"Une chapelle d\u00e9molie, un palais sauv\u00e9, \u00e9moi des d\u00e9fenseurs du patrimoine\",\"isPartOf\":{\"@id\":\"https:\\\/\\\/batijournal.com\\\/#website\"},\"primaryImageOfPage\":{\"@id\":\"https:\\\/\\\/batijournal.com\\\/index.php\\\/une-chapelle-demolie-un-palais-sauve-emoi-des-defenseurs-du-patrimoine\\\/105152\\\/#primaryimage\"},\"image\":{\"@id\":\"https:\\\/\\\/batijournal.com\\\/index.php\\\/une-chapelle-demolie-un-palais-sauve-emoi-des-defenseurs-du-patrimoine\\\/105152\\\/#primaryimage\"},\"thumbnailUrl\":\"https:\\\/\\\/batijournal.com\\\/wp-content\\\/uploads\\\/2020\\\/11\\\/gazette-du-patrimoine.jpg\",\"datePublished\":\"2020-11-18T09:18:57+00:00\",\"author\":{\"@id\":\"https:\\\/\\\/batijournal.com\\\/#\\\/schema\\\/person\\\/1dc96ec6957aa1ccb25ebe78bb19f100\"},\"breadcrumb\":{\"@id\":\"https:\\\/\\\/batijournal.com\\\/index.php\\\/une-chapelle-demolie-un-palais-sauve-emoi-des-defenseurs-du-patrimoine\\\/105152\\\/#breadcrumb\"},\"inLanguage\":\"fr-FR\",\"potentialAction\":[{\"@type\":\"ReadAction\",\"target\":[\"https:\\\/\\\/batijournal.com\\\/index.php\\\/une-chapelle-demolie-un-palais-sauve-emoi-des-defenseurs-du-patrimoine\\\/105152\\\/\"]}]},{\"@type\":\"ImageObject\",\"inLanguage\":\"fr-FR\",\"@id\":\"https:\\\/\\\/batijournal.com\\\/index.php\\\/une-chapelle-demolie-un-palais-sauve-emoi-des-defenseurs-du-patrimoine\\\/105152\\\/#primaryimage\",\"url\":\"https:\\\/\\\/batijournal.com\\\/wp-content\\\/uploads\\\/2020\\\/11\\\/gazette-du-patrimoine.jpg\",\"contentUrl\":\"https:\\\/\\\/batijournal.com\\\/wp-content\\\/uploads\\\/2020\\\/11\\\/gazette-du-patrimoine.jpg\",\"width\":753,\"height\":466},{\"@type\":\"BreadcrumbList\",\"@id\":\"https:\\\/\\\/batijournal.com\\\/index.php\\\/une-chapelle-demolie-un-palais-sauve-emoi-des-defenseurs-du-patrimoine\\\/105152\\\/#breadcrumb\",\"itemListElement\":[{\"@type\":\"ListItem\",\"position\":1,\"name\":\"Accueil\",\"item\":\"https:\\\/\\\/batijournal.com\\\/\"},{\"@type\":\"ListItem\",\"position\":2,\"name\":\"Actualit\u00e9s\",\"item\":\"https:\\\/\\\/batijournal.com\\\/index.php\\\/category\\\/actualites\\\/\"},{\"@type\":\"ListItem\",\"position\":3,\"name\":\"Architecture &amp; Conception\",\"item\":\"https:\\\/\\\/batijournal.com\\\/index.php\\\/category\\\/actualites\\\/architecture-conception\\\/\"},{\"@type\":\"ListItem\",\"position\":4,\"name\":\"Une chapelle d\u00e9molie, un palais sauv\u00e9, \u00e9moi des d\u00e9fenseurs du patrimoine\"}]},{\"@type\":\"WebSite\",\"@id\":\"https:\\\/\\\/batijournal.com\\\/#website\",\"url\":\"https:\\\/\\\/batijournal.com\\\/\",\"name\":\"Batijournal\",\"description\":\"L&#039;actualit\u00e9 du b\u00e2timent\",\"potentialAction\":[{\"@type\":\"SearchAction\",\"target\":{\"@type\":\"EntryPoint\",\"urlTemplate\":\"https:\\\/\\\/batijournal.com\\\/?s={search_term_string}\"},\"query-input\":{\"@type\":\"PropertyValueSpecification\",\"valueRequired\":true,\"valueName\":\"search_term_string\"}}],\"inLanguage\":\"fr-FR\"},{\"@type\":\"Person\",\"@id\":\"https:\\\/\\\/batijournal.com\\\/#\\\/schema\\\/person\\\/1dc96ec6957aa1ccb25ebe78bb19f100\",\"name\":\"St\u00e9phane Miget\",\"image\":{\"@type\":\"ImageObject\",\"inLanguage\":\"fr-FR\",\"@id\":\"https:\\\/\\\/secure.gravatar.com\\\/avatar\\\/89915563d925342126b8ef0281b93d9d7fc337043e8df017f780908eb9644451?s=96&d=mm&r=g\",\"url\":\"https:\\\/\\\/secure.gravatar.com\\\/avatar\\\/89915563d925342126b8ef0281b93d9d7fc337043e8df017f780908eb9644451?s=96&d=mm&r=g\",\"contentUrl\":\"https:\\\/\\\/secure.gravatar.com\\\/avatar\\\/89915563d925342126b8ef0281b93d9d7fc337043e8df017f780908eb9644451?s=96&d=mm&r=g\",\"caption\":\"St\u00e9phane Miget\"},\"url\":\"https:\\\/\\\/batijournal.com\\\/index.php\\\/author\\\/stephane\\\/\"}]}<\/script>\n<!-- \/ Yoast SEO plugin. -->","yoast_head_json":{"title":"Une chapelle d\u00e9molie, un palais sauv\u00e9, \u00e9moi des d\u00e9fenseurs du patrimoine","robots":{"index":"index","follow":"follow","max-snippet":"max-snippet:-1","max-image-preview":"max-image-preview:large","max-video-preview":"max-video-preview:-1"},"canonical":"https:\/\/batijournal.com\/index.php\/une-chapelle-demolie-un-palais-sauve-emoi-des-defenseurs-du-patrimoine\/105152\/","og_locale":"fr_FR","og_type":"article","og_title":"Une chapelle d\u00e9molie, un palais sauv\u00e9, \u00e9moi des d\u00e9fenseurs du patrimoine","og_description":"La chapelle de l\u2019ancien coll\u00e8ge Saint-Joseph \u00e0 Lille, \u00e9difi\u00e9e \u00e0 la fin du XIXe si\u00e8cle dans un style \u00e9clectique, est la propri\u00e9t\u00e9 de JUNIA (ex-Yncrea), grande \u00e9cole d\u2019ing\u00e9nieurs, membre la F\u00e9d\u00e9ration universitaire et pluridisciplinaire de Lille (dite \u00ab la Catho \u00bb). D\u00e9saffect\u00e9e depuis de nombreuses ann\u00e9es et dans un \u00e9tat tr\u00e8s d\u00e9grad\u00e9, elle a fait [&hellip;]","og_url":"https:\/\/batijournal.com\/index.php\/une-chapelle-demolie-un-palais-sauve-emoi-des-defenseurs-du-patrimoine\/105152\/","og_site_name":"Batijournal","article_published_time":"2020-11-18T09:18:57+00:00","og_image":[{"width":753,"height":466,"url":"https:\/\/batijournal.com\/wp-content\/uploads\/2020\/11\/gazette-du-patrimoine.jpg","type":"image\/jpeg"}],"author":"St\u00e9phane Miget","twitter_card":"summary_large_image","twitter_creator":"@bati_journal","twitter_site":"@bati_journal","twitter_misc":{"\u00c9crit par":"St\u00e9phane Miget","Dur\u00e9e de lecture estim\u00e9e":"4 minutes"},"schema":{"@context":"https:\/\/schema.org","@graph":[{"@type":"Article","@id":"https:\/\/batijournal.com\/index.php\/une-chapelle-demolie-un-palais-sauve-emoi-des-defenseurs-du-patrimoine\/105152\/#article","isPartOf":{"@id":"https:\/\/batijournal.com\/index.php\/une-chapelle-demolie-un-palais-sauve-emoi-des-defenseurs-du-patrimoine\/105152\/"},"author":{"name":"St\u00e9phane Miget","@id":"https:\/\/batijournal.com\/#\/schema\/person\/1dc96ec6957aa1ccb25ebe78bb19f100"},"headline":"Une chapelle d\u00e9molie, un palais sauv\u00e9, \u00e9moi des d\u00e9fenseurs du patrimoine","datePublished":"2020-11-18T09:18:57+00:00","mainEntityOfPage":{"@id":"https:\/\/batijournal.com\/index.php\/une-chapelle-demolie-un-palais-sauve-emoi-des-defenseurs-du-patrimoine\/105152\/"},"wordCount":720,"image":{"@id":"https:\/\/batijournal.com\/index.php\/une-chapelle-demolie-un-palais-sauve-emoi-des-defenseurs-du-patrimoine\/105152\/#primaryimage"},"thumbnailUrl":"https:\/\/batijournal.com\/wp-content\/uploads\/2020\/11\/gazette-du-patrimoine.jpg","keywords":["monument historique"],"articleSection":["Actualit\u00e9s","Architecture &amp; Conception","zz_Actualit\u00e9s - Atrium","zz_Atrium Patrimoine"],"inLanguage":"fr-FR"},{"@type":"WebPage","@id":"https:\/\/batijournal.com\/index.php\/une-chapelle-demolie-un-palais-sauve-emoi-des-defenseurs-du-patrimoine\/105152\/","url":"https:\/\/batijournal.com\/index.php\/une-chapelle-demolie-un-palais-sauve-emoi-des-defenseurs-du-patrimoine\/105152\/","name":"Une chapelle d\u00e9molie, un palais sauv\u00e9, \u00e9moi des d\u00e9fenseurs du patrimoine","isPartOf":{"@id":"https:\/\/batijournal.com\/#website"},"primaryImageOfPage":{"@id":"https:\/\/batijournal.com\/index.php\/une-chapelle-demolie-un-palais-sauve-emoi-des-defenseurs-du-patrimoine\/105152\/#primaryimage"},"image":{"@id":"https:\/\/batijournal.com\/index.php\/une-chapelle-demolie-un-palais-sauve-emoi-des-defenseurs-du-patrimoine\/105152\/#primaryimage"},"thumbnailUrl":"https:\/\/batijournal.com\/wp-content\/uploads\/2020\/11\/gazette-du-patrimoine.jpg","datePublished":"2020-11-18T09:18:57+00:00","author":{"@id":"https:\/\/batijournal.com\/#\/schema\/person\/1dc96ec6957aa1ccb25ebe78bb19f100"},"breadcrumb":{"@id":"https:\/\/batijournal.com\/index.php\/une-chapelle-demolie-un-palais-sauve-emoi-des-defenseurs-du-patrimoine\/105152\/#breadcrumb"},"inLanguage":"fr-FR","potentialAction":[{"@type":"ReadAction","target":["https:\/\/batijournal.com\/index.php\/une-chapelle-demolie-un-palais-sauve-emoi-des-defenseurs-du-patrimoine\/105152\/"]}]},{"@type":"ImageObject","inLanguage":"fr-FR","@id":"https:\/\/batijournal.com\/index.php\/une-chapelle-demolie-un-palais-sauve-emoi-des-defenseurs-du-patrimoine\/105152\/#primaryimage","url":"https:\/\/batijournal.com\/wp-content\/uploads\/2020\/11\/gazette-du-patrimoine.jpg","contentUrl":"https:\/\/batijournal.com\/wp-content\/uploads\/2020\/11\/gazette-du-patrimoine.jpg","width":753,"height":466},{"@type":"BreadcrumbList","@id":"https:\/\/batijournal.com\/index.php\/une-chapelle-demolie-un-palais-sauve-emoi-des-defenseurs-du-patrimoine\/105152\/#breadcrumb","itemListElement":[{"@type":"ListItem","position":1,"name":"Accueil","item":"https:\/\/batijournal.com\/"},{"@type":"ListItem","position":2,"name":"Actualit\u00e9s","item":"https:\/\/batijournal.com\/index.php\/category\/actualites\/"},{"@type":"ListItem","position":3,"name":"Architecture &amp; Conception","item":"https:\/\/batijournal.com\/index.php\/category\/actualites\/architecture-conception\/"},{"@type":"ListItem","position":4,"name":"Une chapelle d\u00e9molie, un palais sauv\u00e9, \u00e9moi des d\u00e9fenseurs du patrimoine"}]},{"@type":"WebSite","@id":"https:\/\/batijournal.com\/#website","url":"https:\/\/batijournal.com\/","name":"Batijournal","description":"L&#039;actualit\u00e9 du b\u00e2timent","potentialAction":[{"@type":"SearchAction","target":{"@type":"EntryPoint","urlTemplate":"https:\/\/batijournal.com\/?s={search_term_string}"},"query-input":{"@type":"PropertyValueSpecification","valueRequired":true,"valueName":"search_term_string"}}],"inLanguage":"fr-FR"},{"@type":"Person","@id":"https:\/\/batijournal.com\/#\/schema\/person\/1dc96ec6957aa1ccb25ebe78bb19f100","name":"St\u00e9phane Miget","image":{"@type":"ImageObject","inLanguage":"fr-FR","@id":"https:\/\/secure.gravatar.com\/avatar\/89915563d925342126b8ef0281b93d9d7fc337043e8df017f780908eb9644451?s=96&d=mm&r=g","url":"https:\/\/secure.gravatar.com\/avatar\/89915563d925342126b8ef0281b93d9d7fc337043e8df017f780908eb9644451?s=96&d=mm&r=g","contentUrl":"https:\/\/secure.gravatar.com\/avatar\/89915563d925342126b8ef0281b93d9d7fc337043e8df017f780908eb9644451?s=96&d=mm&r=g","caption":"St\u00e9phane Miget"},"url":"https:\/\/batijournal.com\/index.php\/author\/stephane\/"}]}},"_links":{"self":[{"href":"https:\/\/batijournal.com\/index.php\/wp-json\/wp\/v2\/posts\/105152","targetHints":{"allow":["GET"]}}],"collection":[{"href":"https:\/\/batijournal.com\/index.php\/wp-json\/wp\/v2\/posts"}],"about":[{"href":"https:\/\/batijournal.com\/index.php\/wp-json\/wp\/v2\/types\/post"}],"author":[{"embeddable":true,"href":"https:\/\/batijournal.com\/index.php\/wp-json\/wp\/v2\/users\/17"}],"replies":[{"embeddable":true,"href":"https:\/\/batijournal.com\/index.php\/wp-json\/wp\/v2\/comments?post=105152"}],"version-history":[{"count":0,"href":"https:\/\/batijournal.com\/index.php\/wp-json\/wp\/v2\/posts\/105152\/revisions"}],"wp:featuredmedia":[{"embeddable":true,"href":"https:\/\/batijournal.com\/index.php\/wp-json\/wp\/v2\/media\/105150"}],"wp:attachment":[{"href":"https:\/\/batijournal.com\/index.php\/wp-json\/wp\/v2\/media?parent=105152"}],"wp:term":[{"taxonomy":"category","embeddable":true,"href":"https:\/\/batijournal.com\/index.php\/wp-json\/wp\/v2\/categories?post=105152"},{"taxonomy":"post_tag","embeddable":true,"href":"https:\/\/batijournal.com\/index.php\/wp-json\/wp\/v2\/tags?post=105152"}],"curies":[{"name":"wp","href":"https:\/\/api.w.org\/{rel}","templated":true}]}}