{"id":105153,"date":"2020-11-18T10:21:02","date_gmt":"2020-11-18T09:21:02","guid":{"rendered":"https:\/\/batijournal.com\/?p=105153"},"modified":"2020-11-18T10:21:02","modified_gmt":"2020-11-18T09:21:02","slug":"dotation-exceptionnelle-le-cmn-engagera-dimportants-chantiers-de-restauration-en-2021","status":"publish","type":"post","link":"https:\/\/batijournal.com\/index.php\/dotation-exceptionnelle-le-cmn-engagera-dimportants-chantiers-de-restauration-en-2021\/105153\/","title":{"rendered":"Dotation exceptionnelle : le CMN engagera d&rsquo;importants chantiers de restauration en 2021"},"content":{"rendered":"<p><strong>Dans le cadre du plan de relance, le Centre des monuments nationaux b\u00e9n\u00e9ficiera d\u2019une dotation exceptionnelle de 40 millions d\u2019euros pour soutenir le patrimoine et valoriser les m\u00e9tiers d\u2019art et les savoir-faire d\u2019excellence \u00e0 travers la restauration de monuments historiques qui lui ont \u00e9t\u00e9 confi\u00e9s en gestion par l\u2019Etat. Ce sont ainsi quatorze monuments du r\u00e9seau du CMN qui seront concern\u00e9s \u00e0 partir de 2021. Il est pr\u00e9vu :<\/strong><\/p>\n<p>&#8211; La restauration des remparts nord du ch\u00e2teau d\u2019Angers \u2013 Maine-et-Loire (6,5 M\u20ac \/ d\u2019avril 2021 \u00e0 d\u00e9cembre 2022) ;<br \/>\n&#8211; La restauration des fa\u00e7ades du palais du Tau \u00e0 Reims, dans le cadre d\u2019un programme de restauration complet du b\u00e2timent et d\u2019am\u00e9nagement d\u2019un nouveau parcours de visite \u2013 Marne (2,5 M\u20ac \/ de fin 2021 \u00e0 fin 2022) ;<br \/>\n&#8211; L\u2019ach\u00e8vement de la restauration des fa\u00e7ades et toitures de la \u00ab Merveille \u00bb de l\u2019abbaye du Mont-Saint-Michel, engag\u00e9e gr\u00e2ce \u00e0 une premi\u00e8re subvention du minist\u00e8re \u2013 Manche (1 M\u20ac \/ du 1er trimestre 2021 \u00e0 d\u00e9cembre 2022) ;<br \/>\n&#8211; La restauration de la derni\u00e8re partie du chemin de ronde des remparts de la cit\u00e9 de Carcassonne, permettant au public d\u2019effectuer un tour complet du circuit des remparts \u2013 Aude (4,5 M\u20ac \/ \u00e0 partir de mai 2021) ;<br \/>\n&#8211; L\u2019am\u00e9nagement, avant les \u00e9preuves des Jeux olympiques de 2024, d\u2019un nouveau ponton, de nouveaux espaces d\u2019accueil et d\u2019un restaurant au ch\u00e2teau d\u2019If \u2013 Bouches-du-Rh\u00f4ne (6 M\u20ac \/ en 2022) ;<br \/>\n&#8211; La restauration de l\u2019abbaye de Beaulieu-en-Rouergue et l\u2019am\u00e9nagement d\u2019un mus\u00e9e exposant l\u2019importante collection de peintures des \u00e9poux Brache-Bonnefoi \u2013 Tarn-et-Garonne (3 M\u20ac \/ de janvier 2021 \u00e0 avril 2022) ;<br \/>\n&#8211; La restauration de la contrescarpe du ch\u00e2teau de Villeneuve-Lembron \u2013 Puy-de-D\u00f4me (2,2 M\u20ac \/ de septembre 2021 \u00e0 novembre 2022) ;<br \/>\n&#8211; La restauration, en vue de son ouverture au public, de la terrasse nord du ch\u00e2teau de Cadillac \u2013 Gironde (3 M\u20ac\/ de mai 2021 \u00e0 l\u2019\u00e9t\u00e9 2022) ;<br \/>\n&#8211; La restauration de la charpente, de la toiture et des souches de chemin\u00e9es du ch\u00e2teau de Montal \u2013 Lot (2,9 M\u20ac \/ de mai 2021 jusqu\u2019\u00e0 d\u00e9cembre 2022) ;<br \/>\n&#8211; La restauration du \u00ab logis du gouverneur \u00bb et l\u2019am\u00e9nagement des espaces d\u2019accueil et d\u2019un parcours d\u2019introduction \u00e0 la visite pour les tours et remparts d\u2019Aigues-Mortes \u2013 Gard (1 M\u20ac \/ de septembre 2021 \u00e0 septembre 2022) ;<br \/>\n&#8211; L\u2019ach\u00e8vement de la restauration de la caserne Rochambeau de la place forte de Mont-Dauphin \u2013 Hautes-Alpes (3,6 M\u20ac de septembre 2021 jusqu\u2019\u00e0 d\u00e9but 2023) ;<br \/>\nL\u2019ach\u00e8vement de la restauration de l\u2019aile Sarcus du ch\u00e2teau de Bussy-Rabutin \u2013 C\u00f4te-d\u2019Or (1 M\u20ac \/ jusqu\u2019\u00e0 fin 2021) ;<br \/>\n&#8211; La restauration des fa\u00e7ades et toitures de l\u2019aile des Preuses, de la tour Alexandre et la tour Godefroi de Bouillon du ch\u00e2teau de Pierrefonds \u2013 Oise (2 M\u20ac \/ jusqu\u2019\u00e0 fin 2023) ;<br \/>\nLa restauration de la chambre de l\u2019Ev\u00eaque du ch\u00e2teau de Carrouges \u2013 Orne (1 M\u20ac \/ de 2021 \u00e0 2022)<br \/>\nQuant au ch\u00e2teau de Villers-Cotter\u00eats, il b\u00e9n\u00e9ficie dans le cadre du plan de relance d\u2019une enveloppe sp\u00e9cifique suppl\u00e9mentaire de 100 millions d\u2019euros (qui s\u2019ajoutent aux 85 millions d\u00e9j\u00e0 pr\u00e9vus), destin\u00e9e \u00e0 la cr\u00e9ation, dans le ch\u00e2teau restaur\u00e9, de la Cit\u00e9 internationale de la Langue fran\u00e7aise.<\/p>\n<p>Le CMN poursuit par ailleurs les chantiers d\u00e9j\u00e0 engag\u00e9s, notamment la restauration de la Colonne de Juillet de l\u2019H\u00f4tel de la Marine \u00e0 Paris, la restauration du pavillon du roi du ch\u00e2teau d\u2019Oiron, ou encore l\u2019am\u00e9nagement du mus\u00e9e du site arch\u00e9ologique d\u2019Ens\u00e9rune. Les op\u00e9rations de restauration pr\u00e9vues en 2021 dans le cadre du programme d\u2019investissement de l\u2019\u00e9tablissement, comme la restauration de la toiture de la chapelle du ch\u00e2teau d\u2019Aulteribe, ou la restauration du ch\u00e2teau de Vincennes (restauration du ch\u00e2telet, de la barbacane est, des ponts-levis, du pont-dormant et des pavillons) seront engag\u00e9es comme pr\u00e9vu.<\/p>\n","protected":false},"excerpt":{"rendered":"<p>Dans le cadre du plan de relance, le Centre des monuments nationaux b\u00e9n\u00e9ficiera d\u2019une dotation exceptionnelle de 40 millions d\u2019euros pour soutenir le patrimoine et valoriser les m\u00e9tiers d\u2019art et les savoir-faire d\u2019excellence \u00e0 travers la restauration de monuments historiques qui lui ont \u00e9t\u00e9 confi\u00e9s en gestion par l\u2019Etat. Ce sont ainsi quatorze monuments du [&hellip;]<\/p>\n","protected":false},"author":17,"featured_media":95808,"comment_status":"closed","ping_status":"closed","sticky":false,"template":"","format":"standard","meta":{"_et_pb_use_builder":"","_et_pb_old_content":"","_et_gb_content_width":"","footnotes":""},"categories":[10530,6340,10789,10785],"tags":[8113],"class_list":["post-105153","post","type-post","status-publish","format-standard","has-post-thumbnail","hentry","category-actualites","category-architecture-conception","category-publications-atrium","category-atrium","tag-centre-des-monuments-nationaux"],"yoast_head":"<!-- This site is optimized with the Yoast SEO plugin v27.4 - https:\/\/yoast.com\/product\/yoast-seo-wordpress\/ -->\n<title>Dotation exceptionnelle : le CMN engagera d&#039;importants chantiers de restauration en 2021<\/title>\n<meta name=\"robots\" content=\"index, follow, max-snippet:-1, max-image-preview:large, max-video-preview:-1\" \/>\n<link rel=\"canonical\" href=\"https:\/\/batijournal.com\/index.php\/dotation-exceptionnelle-le-cmn-engagera-dimportants-chantiers-de-restauration-en-2021\/105153\/\" \/>\n<meta property=\"og:locale\" content=\"fr_FR\" \/>\n<meta property=\"og:type\" content=\"article\" \/>\n<meta property=\"og:title\" content=\"Dotation exceptionnelle : le CMN engagera d&#039;importants chantiers de restauration en 2021\" \/>\n<meta property=\"og:description\" content=\"Dans le cadre du plan de relance, le Centre des monuments nationaux b\u00e9n\u00e9ficiera d\u2019une dotation exceptionnelle de 40 millions d\u2019euros pour soutenir le patrimoine et valoriser les m\u00e9tiers d\u2019art et les savoir-faire d\u2019excellence \u00e0 travers la restauration de monuments historiques qui lui ont \u00e9t\u00e9 confi\u00e9s en gestion par l\u2019Etat. Ce sont ainsi quatorze monuments du [&hellip;]\" \/>\n<meta property=\"og:url\" content=\"https:\/\/batijournal.com\/index.php\/dotation-exceptionnelle-le-cmn-engagera-dimportants-chantiers-de-restauration-en-2021\/105153\/\" \/>\n<meta property=\"og:site_name\" content=\"Batijournal\" \/>\n<meta property=\"article:published_time\" content=\"2020-11-18T09:21:02+00:00\" \/>\n<meta property=\"og:image\" content=\"https:\/\/batijournal.com\/wp-content\/uploads\/2017\/04\/mont-saint-michel.jpg\" \/>\n\t<meta property=\"og:image:width\" content=\"1000\" \/>\n\t<meta property=\"og:image:height\" content=\"664\" \/>\n\t<meta property=\"og:image:type\" content=\"image\/jpeg\" \/>\n<meta name=\"author\" content=\"St\u00e9phane Miget\" \/>\n<meta name=\"twitter:card\" content=\"summary_large_image\" \/>\n<meta name=\"twitter:creator\" content=\"@bati_journal\" \/>\n<meta name=\"twitter:site\" content=\"@bati_journal\" \/>\n<meta name=\"twitter:label1\" content=\"\u00c9crit par\" \/>\n\t<meta name=\"twitter:data1\" content=\"St\u00e9phane Miget\" \/>\n\t<meta name=\"twitter:label2\" content=\"Dur\u00e9e de lecture estim\u00e9e\" \/>\n\t<meta name=\"twitter:data2\" content=\"3 minutes\" \/>\n<script type=\"application\/ld+json\" class=\"yoast-schema-graph\">{\"@context\":\"https:\\\/\\\/schema.org\",\"@graph\":[{\"@type\":\"Article\",\"@id\":\"https:\\\/\\\/batijournal.com\\\/index.php\\\/dotation-exceptionnelle-le-cmn-engagera-dimportants-chantiers-de-restauration-en-2021\\\/105153\\\/#article\",\"isPartOf\":{\"@id\":\"https:\\\/\\\/batijournal.com\\\/index.php\\\/dotation-exceptionnelle-le-cmn-engagera-dimportants-chantiers-de-restauration-en-2021\\\/105153\\\/\"},\"author\":{\"name\":\"St\u00e9phane Miget\",\"@id\":\"https:\\\/\\\/batijournal.com\\\/#\\\/schema\\\/person\\\/1dc96ec6957aa1ccb25ebe78bb19f100\"},\"headline\":\"Dotation exceptionnelle : le CMN engagera d&rsquo;importants chantiers de restauration en 2021\",\"datePublished\":\"2020-11-18T09:21:02+00:00\",\"mainEntityOfPage\":{\"@id\":\"https:\\\/\\\/batijournal.com\\\/index.php\\\/dotation-exceptionnelle-le-cmn-engagera-dimportants-chantiers-de-restauration-en-2021\\\/105153\\\/\"},\"wordCount\":648,\"image\":{\"@id\":\"https:\\\/\\\/batijournal.com\\\/index.php\\\/dotation-exceptionnelle-le-cmn-engagera-dimportants-chantiers-de-restauration-en-2021\\\/105153\\\/#primaryimage\"},\"thumbnailUrl\":\"https:\\\/\\\/batijournal.com\\\/wp-content\\\/uploads\\\/2017\\\/04\\\/mont-saint-michel.jpg\",\"keywords\":[\"centre des monuments nationaux\"],\"articleSection\":[\"Actualit\u00e9s\",\"Architecture &amp; Conception\",\"zz_Actualit\u00e9s - Atrium\",\"zz_Atrium Patrimoine\"],\"inLanguage\":\"fr-FR\"},{\"@type\":\"WebPage\",\"@id\":\"https:\\\/\\\/batijournal.com\\\/index.php\\\/dotation-exceptionnelle-le-cmn-engagera-dimportants-chantiers-de-restauration-en-2021\\\/105153\\\/\",\"url\":\"https:\\\/\\\/batijournal.com\\\/index.php\\\/dotation-exceptionnelle-le-cmn-engagera-dimportants-chantiers-de-restauration-en-2021\\\/105153\\\/\",\"name\":\"Dotation exceptionnelle : le CMN engagera d'importants chantiers de restauration en 2021\",\"isPartOf\":{\"@id\":\"https:\\\/\\\/batijournal.com\\\/#website\"},\"primaryImageOfPage\":{\"@id\":\"https:\\\/\\\/batijournal.com\\\/index.php\\\/dotation-exceptionnelle-le-cmn-engagera-dimportants-chantiers-de-restauration-en-2021\\\/105153\\\/#primaryimage\"},\"image\":{\"@id\":\"https:\\\/\\\/batijournal.com\\\/index.php\\\/dotation-exceptionnelle-le-cmn-engagera-dimportants-chantiers-de-restauration-en-2021\\\/105153\\\/#primaryimage\"},\"thumbnailUrl\":\"https:\\\/\\\/batijournal.com\\\/wp-content\\\/uploads\\\/2017\\\/04\\\/mont-saint-michel.jpg\",\"datePublished\":\"2020-11-18T09:21:02+00:00\",\"author\":{\"@id\":\"https:\\\/\\\/batijournal.com\\\/#\\\/schema\\\/person\\\/1dc96ec6957aa1ccb25ebe78bb19f100\"},\"breadcrumb\":{\"@id\":\"https:\\\/\\\/batijournal.com\\\/index.php\\\/dotation-exceptionnelle-le-cmn-engagera-dimportants-chantiers-de-restauration-en-2021\\\/105153\\\/#breadcrumb\"},\"inLanguage\":\"fr-FR\",\"potentialAction\":[{\"@type\":\"ReadAction\",\"target\":[\"https:\\\/\\\/batijournal.com\\\/index.php\\\/dotation-exceptionnelle-le-cmn-engagera-dimportants-chantiers-de-restauration-en-2021\\\/105153\\\/\"]}]},{\"@type\":\"ImageObject\",\"inLanguage\":\"fr-FR\",\"@id\":\"https:\\\/\\\/batijournal.com\\\/index.php\\\/dotation-exceptionnelle-le-cmn-engagera-dimportants-chantiers-de-restauration-en-2021\\\/105153\\\/#primaryimage\",\"url\":\"https:\\\/\\\/batijournal.com\\\/wp-content\\\/uploads\\\/2017\\\/04\\\/mont-saint-michel.jpg\",\"contentUrl\":\"https:\\\/\\\/batijournal.com\\\/wp-content\\\/uploads\\\/2017\\\/04\\\/mont-saint-michel.jpg\",\"width\":1000,\"height\":664},{\"@type\":\"BreadcrumbList\",\"@id\":\"https:\\\/\\\/batijournal.com\\\/index.php\\\/dotation-exceptionnelle-le-cmn-engagera-dimportants-chantiers-de-restauration-en-2021\\\/105153\\\/#breadcrumb\",\"itemListElement\":[{\"@type\":\"ListItem\",\"position\":1,\"name\":\"Accueil\",\"item\":\"https:\\\/\\\/batijournal.com\\\/\"},{\"@type\":\"ListItem\",\"position\":2,\"name\":\"Actualit\u00e9s\",\"item\":\"https:\\\/\\\/batijournal.com\\\/index.php\\\/category\\\/actualites\\\/\"},{\"@type\":\"ListItem\",\"position\":3,\"name\":\"Architecture &amp; Conception\",\"item\":\"https:\\\/\\\/batijournal.com\\\/index.php\\\/category\\\/actualites\\\/architecture-conception\\\/\"},{\"@type\":\"ListItem\",\"position\":4,\"name\":\"Dotation exceptionnelle : le CMN engagera d&rsquo;importants chantiers de restauration en 2021\"}]},{\"@type\":\"WebSite\",\"@id\":\"https:\\\/\\\/batijournal.com\\\/#website\",\"url\":\"https:\\\/\\\/batijournal.com\\\/\",\"name\":\"Batijournal\",\"description\":\"L&#039;actualit\u00e9 du b\u00e2timent\",\"potentialAction\":[{\"@type\":\"SearchAction\",\"target\":{\"@type\":\"EntryPoint\",\"urlTemplate\":\"https:\\\/\\\/batijournal.com\\\/?s={search_term_string}\"},\"query-input\":{\"@type\":\"PropertyValueSpecification\",\"valueRequired\":true,\"valueName\":\"search_term_string\"}}],\"inLanguage\":\"fr-FR\"},{\"@type\":\"Person\",\"@id\":\"https:\\\/\\\/batijournal.com\\\/#\\\/schema\\\/person\\\/1dc96ec6957aa1ccb25ebe78bb19f100\",\"name\":\"St\u00e9phane Miget\",\"image\":{\"@type\":\"ImageObject\",\"inLanguage\":\"fr-FR\",\"@id\":\"https:\\\/\\\/secure.gravatar.com\\\/avatar\\\/89915563d925342126b8ef0281b93d9d7fc337043e8df017f780908eb9644451?s=96&d=mm&r=g\",\"url\":\"https:\\\/\\\/secure.gravatar.com\\\/avatar\\\/89915563d925342126b8ef0281b93d9d7fc337043e8df017f780908eb9644451?s=96&d=mm&r=g\",\"contentUrl\":\"https:\\\/\\\/secure.gravatar.com\\\/avatar\\\/89915563d925342126b8ef0281b93d9d7fc337043e8df017f780908eb9644451?s=96&d=mm&r=g\",\"caption\":\"St\u00e9phane Miget\"},\"url\":\"https:\\\/\\\/batijournal.com\\\/index.php\\\/author\\\/stephane\\\/\"}]}<\/script>\n<!-- \/ Yoast SEO plugin. -->","yoast_head_json":{"title":"Dotation exceptionnelle : le CMN engagera d'importants chantiers de restauration en 2021","robots":{"index":"index","follow":"follow","max-snippet":"max-snippet:-1","max-image-preview":"max-image-preview:large","max-video-preview":"max-video-preview:-1"},"canonical":"https:\/\/batijournal.com\/index.php\/dotation-exceptionnelle-le-cmn-engagera-dimportants-chantiers-de-restauration-en-2021\/105153\/","og_locale":"fr_FR","og_type":"article","og_title":"Dotation exceptionnelle : le CMN engagera d'importants chantiers de restauration en 2021","og_description":"Dans le cadre du plan de relance, le Centre des monuments nationaux b\u00e9n\u00e9ficiera d\u2019une dotation exceptionnelle de 40 millions d\u2019euros pour soutenir le patrimoine et valoriser les m\u00e9tiers d\u2019art et les savoir-faire d\u2019excellence \u00e0 travers la restauration de monuments historiques qui lui ont \u00e9t\u00e9 confi\u00e9s en gestion par l\u2019Etat. Ce sont ainsi quatorze monuments du [&hellip;]","og_url":"https:\/\/batijournal.com\/index.php\/dotation-exceptionnelle-le-cmn-engagera-dimportants-chantiers-de-restauration-en-2021\/105153\/","og_site_name":"Batijournal","article_published_time":"2020-11-18T09:21:02+00:00","og_image":[{"width":1000,"height":664,"url":"https:\/\/batijournal.com\/wp-content\/uploads\/2017\/04\/mont-saint-michel.jpg","type":"image\/jpeg"}],"author":"St\u00e9phane Miget","twitter_card":"summary_large_image","twitter_creator":"@bati_journal","twitter_site":"@bati_journal","twitter_misc":{"\u00c9crit par":"St\u00e9phane Miget","Dur\u00e9e de lecture estim\u00e9e":"3 minutes"},"schema":{"@context":"https:\/\/schema.org","@graph":[{"@type":"Article","@id":"https:\/\/batijournal.com\/index.php\/dotation-exceptionnelle-le-cmn-engagera-dimportants-chantiers-de-restauration-en-2021\/105153\/#article","isPartOf":{"@id":"https:\/\/batijournal.com\/index.php\/dotation-exceptionnelle-le-cmn-engagera-dimportants-chantiers-de-restauration-en-2021\/105153\/"},"author":{"name":"St\u00e9phane Miget","@id":"https:\/\/batijournal.com\/#\/schema\/person\/1dc96ec6957aa1ccb25ebe78bb19f100"},"headline":"Dotation exceptionnelle : le CMN engagera d&rsquo;importants chantiers de restauration en 2021","datePublished":"2020-11-18T09:21:02+00:00","mainEntityOfPage":{"@id":"https:\/\/batijournal.com\/index.php\/dotation-exceptionnelle-le-cmn-engagera-dimportants-chantiers-de-restauration-en-2021\/105153\/"},"wordCount":648,"image":{"@id":"https:\/\/batijournal.com\/index.php\/dotation-exceptionnelle-le-cmn-engagera-dimportants-chantiers-de-restauration-en-2021\/105153\/#primaryimage"},"thumbnailUrl":"https:\/\/batijournal.com\/wp-content\/uploads\/2017\/04\/mont-saint-michel.jpg","keywords":["centre des monuments nationaux"],"articleSection":["Actualit\u00e9s","Architecture &amp; Conception","zz_Actualit\u00e9s - Atrium","zz_Atrium Patrimoine"],"inLanguage":"fr-FR"},{"@type":"WebPage","@id":"https:\/\/batijournal.com\/index.php\/dotation-exceptionnelle-le-cmn-engagera-dimportants-chantiers-de-restauration-en-2021\/105153\/","url":"https:\/\/batijournal.com\/index.php\/dotation-exceptionnelle-le-cmn-engagera-dimportants-chantiers-de-restauration-en-2021\/105153\/","name":"Dotation exceptionnelle : le CMN engagera d'importants chantiers de restauration en 2021","isPartOf":{"@id":"https:\/\/batijournal.com\/#website"},"primaryImageOfPage":{"@id":"https:\/\/batijournal.com\/index.php\/dotation-exceptionnelle-le-cmn-engagera-dimportants-chantiers-de-restauration-en-2021\/105153\/#primaryimage"},"image":{"@id":"https:\/\/batijournal.com\/index.php\/dotation-exceptionnelle-le-cmn-engagera-dimportants-chantiers-de-restauration-en-2021\/105153\/#primaryimage"},"thumbnailUrl":"https:\/\/batijournal.com\/wp-content\/uploads\/2017\/04\/mont-saint-michel.jpg","datePublished":"2020-11-18T09:21:02+00:00","author":{"@id":"https:\/\/batijournal.com\/#\/schema\/person\/1dc96ec6957aa1ccb25ebe78bb19f100"},"breadcrumb":{"@id":"https:\/\/batijournal.com\/index.php\/dotation-exceptionnelle-le-cmn-engagera-dimportants-chantiers-de-restauration-en-2021\/105153\/#breadcrumb"},"inLanguage":"fr-FR","potentialAction":[{"@type":"ReadAction","target":["https:\/\/batijournal.com\/index.php\/dotation-exceptionnelle-le-cmn-engagera-dimportants-chantiers-de-restauration-en-2021\/105153\/"]}]},{"@type":"ImageObject","inLanguage":"fr-FR","@id":"https:\/\/batijournal.com\/index.php\/dotation-exceptionnelle-le-cmn-engagera-dimportants-chantiers-de-restauration-en-2021\/105153\/#primaryimage","url":"https:\/\/batijournal.com\/wp-content\/uploads\/2017\/04\/mont-saint-michel.jpg","contentUrl":"https:\/\/batijournal.com\/wp-content\/uploads\/2017\/04\/mont-saint-michel.jpg","width":1000,"height":664},{"@type":"BreadcrumbList","@id":"https:\/\/batijournal.com\/index.php\/dotation-exceptionnelle-le-cmn-engagera-dimportants-chantiers-de-restauration-en-2021\/105153\/#breadcrumb","itemListElement":[{"@type":"ListItem","position":1,"name":"Accueil","item":"https:\/\/batijournal.com\/"},{"@type":"ListItem","position":2,"name":"Actualit\u00e9s","item":"https:\/\/batijournal.com\/index.php\/category\/actualites\/"},{"@type":"ListItem","position":3,"name":"Architecture &amp; Conception","item":"https:\/\/batijournal.com\/index.php\/category\/actualites\/architecture-conception\/"},{"@type":"ListItem","position":4,"name":"Dotation exceptionnelle : le CMN engagera d&rsquo;importants chantiers de restauration en 2021"}]},{"@type":"WebSite","@id":"https:\/\/batijournal.com\/#website","url":"https:\/\/batijournal.com\/","name":"Batijournal","description":"L&#039;actualit\u00e9 du b\u00e2timent","potentialAction":[{"@type":"SearchAction","target":{"@type":"EntryPoint","urlTemplate":"https:\/\/batijournal.com\/?s={search_term_string}"},"query-input":{"@type":"PropertyValueSpecification","valueRequired":true,"valueName":"search_term_string"}}],"inLanguage":"fr-FR"},{"@type":"Person","@id":"https:\/\/batijournal.com\/#\/schema\/person\/1dc96ec6957aa1ccb25ebe78bb19f100","name":"St\u00e9phane Miget","image":{"@type":"ImageObject","inLanguage":"fr-FR","@id":"https:\/\/secure.gravatar.com\/avatar\/89915563d925342126b8ef0281b93d9d7fc337043e8df017f780908eb9644451?s=96&d=mm&r=g","url":"https:\/\/secure.gravatar.com\/avatar\/89915563d925342126b8ef0281b93d9d7fc337043e8df017f780908eb9644451?s=96&d=mm&r=g","contentUrl":"https:\/\/secure.gravatar.com\/avatar\/89915563d925342126b8ef0281b93d9d7fc337043e8df017f780908eb9644451?s=96&d=mm&r=g","caption":"St\u00e9phane Miget"},"url":"https:\/\/batijournal.com\/index.php\/author\/stephane\/"}]}},"_links":{"self":[{"href":"https:\/\/batijournal.com\/index.php\/wp-json\/wp\/v2\/posts\/105153","targetHints":{"allow":["GET"]}}],"collection":[{"href":"https:\/\/batijournal.com\/index.php\/wp-json\/wp\/v2\/posts"}],"about":[{"href":"https:\/\/batijournal.com\/index.php\/wp-json\/wp\/v2\/types\/post"}],"author":[{"embeddable":true,"href":"https:\/\/batijournal.com\/index.php\/wp-json\/wp\/v2\/users\/17"}],"replies":[{"embeddable":true,"href":"https:\/\/batijournal.com\/index.php\/wp-json\/wp\/v2\/comments?post=105153"}],"version-history":[{"count":0,"href":"https:\/\/batijournal.com\/index.php\/wp-json\/wp\/v2\/posts\/105153\/revisions"}],"wp:featuredmedia":[{"embeddable":true,"href":"https:\/\/batijournal.com\/index.php\/wp-json\/wp\/v2\/media\/95808"}],"wp:attachment":[{"href":"https:\/\/batijournal.com\/index.php\/wp-json\/wp\/v2\/media?parent=105153"}],"wp:term":[{"taxonomy":"category","embeddable":true,"href":"https:\/\/batijournal.com\/index.php\/wp-json\/wp\/v2\/categories?post=105153"},{"taxonomy":"post_tag","embeddable":true,"href":"https:\/\/batijournal.com\/index.php\/wp-json\/wp\/v2\/tags?post=105153"}],"curies":[{"name":"wp","href":"https:\/\/api.w.org\/{rel}","templated":true}]}}