{"id":105161,"date":"2020-11-19T07:55:33","date_gmt":"2020-11-19T06:55:33","guid":{"rendered":"https:\/\/batijournal.com\/?p=105161"},"modified":"2020-11-19T07:55:33","modified_gmt":"2020-11-19T06:55:33","slug":"prolongation-des-inscriptions-au-concours-du-palmares-architecture-aluminium-technal","status":"publish","type":"post","link":"https:\/\/batijournal.com\/index.php\/prolongation-des-inscriptions-au-concours-du-palmares-architecture-aluminium-technal\/105161\/","title":{"rendered":"Prolongation des inscriptions au concours du palmar\u00e8s architecture aluminium Technal"},"content":{"rendered":"<p>Pour la premi\u00e8re fois depuis son lancement en 2002, le concours du palmar\u00e8s architecture aluminium Technal se d\u00e9roulera sur deux ann\u00e9es. Les acteurs de la prescription, en France et dans les pays francophones, ont d\u00e9sormais jusqu\u2019au lundi 15 mars 2021 \u00e0 minuit pour d\u00e9poser leurs dossiers ou compl\u00e9ter ceux initi\u00e9s sur le site internet d\u00e9di\u00e9 www.technal-palmares.com. Maisons, logements collectifs priv\u00e9s ou sociaux, Etablissements Recevant du Public&#8230;, les ouvrages neufs ou r\u00e9habilit\u00e9s, n\u00e9s de la collaboration entre un architecte, un ma\u00eetre d\u2019ouvrage et un fabricant-installateur TECHNAL, seront soumis \u00e0 un jury d\u2019experts ind\u00e9pendants. Ils r\u00e9compenseront les projets les plus ambitieux \u00e0 travers six cat\u00e9gories. Un \u00ab Prix 4114 \u00bb, en r\u00e9f\u00e9rence au Club du m\u00eame nom, distinguera \u00e9galement le projet qui aura recueilli le plus de votes aupr\u00e8s de la communaut\u00e9 \u00ab 4114 \u00bb. Une reconnaissance pour l\u2019architecte prim\u00e9 par ses pairs. Tous les laur\u00e9ats participeront au concours international TECHNAL \u00abWATA 2022\u00bb (WORLD ARCHITECTURE TECHNAL AWARDS). Ils seront mis \u00e0 l\u2019honneur dans la collection des ouvrages du Palmar\u00e8s, publi\u00e9s en 3 000 exemplaires, et \u00e0 travers des vid\u00e9os pr\u00e9sentant leur r\u00e9alisation.<\/p>\n","protected":false},"excerpt":{"rendered":"<p>Pour la premi\u00e8re fois depuis son lancement en 2002, le concours du palmar\u00e8s architecture aluminium Technal se d\u00e9roulera sur deux ann\u00e9es. Les acteurs de la prescription, en France et dans les pays francophones, ont d\u00e9sormais jusqu\u2019au lundi 15 mars 2021 \u00e0 minuit pour d\u00e9poser leurs dossiers ou compl\u00e9ter ceux initi\u00e9s sur le site internet d\u00e9di\u00e9 [&hellip;]<\/p>\n","protected":false},"author":17,"featured_media":105162,"comment_status":"closed","ping_status":"closed","sticky":false,"template":"","format":"standard","meta":{"_et_pb_use_builder":"","_et_pb_old_content":"","_et_gb_content_width":"","footnotes":""},"categories":[10530,6340,10771,10775],"tags":[11005],"class_list":["post-105161","post","type-post","status-publish","format-standard","has-post-thumbnail","hentry","category-actualites","category-architecture-conception","category-5facades","category-actualites-5facades","tag-concours"],"yoast_head":"<!-- This site is optimized with the Yoast SEO plugin v27.4 - https:\/\/yoast.com\/product\/yoast-seo-wordpress\/ -->\n<title>Prolongation des inscriptions au concours du palmar\u00e8s architecture aluminium Technal<\/title>\n<meta name=\"robots\" content=\"index, follow, max-snippet:-1, max-image-preview:large, max-video-preview:-1\" \/>\n<link rel=\"canonical\" href=\"https:\/\/batijournal.com\/index.php\/prolongation-des-inscriptions-au-concours-du-palmares-architecture-aluminium-technal\/105161\/\" \/>\n<meta property=\"og:locale\" content=\"fr_FR\" \/>\n<meta property=\"og:type\" content=\"article\" \/>\n<meta property=\"og:title\" content=\"Prolongation des inscriptions au concours du palmar\u00e8s architecture aluminium Technal\" \/>\n<meta property=\"og:description\" content=\"Pour la premi\u00e8re fois depuis son lancement en 2002, le concours du palmar\u00e8s architecture aluminium Technal se d\u00e9roulera sur deux ann\u00e9es. Les acteurs de la prescription, en France et dans les pays francophones, ont d\u00e9sormais jusqu\u2019au lundi 15 mars 2021 \u00e0 minuit pour d\u00e9poser leurs dossiers ou compl\u00e9ter ceux initi\u00e9s sur le site internet d\u00e9di\u00e9 [&hellip;]\" \/>\n<meta property=\"og:url\" content=\"https:\/\/batijournal.com\/index.php\/prolongation-des-inscriptions-au-concours-du-palmares-architecture-aluminium-technal\/105161\/\" \/>\n<meta property=\"og:site_name\" content=\"Batijournal\" \/>\n<meta property=\"article:published_time\" content=\"2020-11-19T06:55:33+00:00\" \/>\n<meta property=\"og:image\" content=\"https:\/\/batijournal.com\/wp-content\/uploads\/2020\/11\/22571-actualite-actualite-lancement-de-la-19-me-dition-du-palmar-s-architecture-aluminium-technal.png\" \/>\n\t<meta property=\"og:image:width\" content=\"776\" \/>\n\t<meta property=\"og:image:height\" content=\"512\" \/>\n\t<meta property=\"og:image:type\" content=\"image\/png\" \/>\n<meta name=\"author\" content=\"St\u00e9phane Miget\" \/>\n<meta name=\"twitter:card\" content=\"summary_large_image\" \/>\n<meta name=\"twitter:creator\" content=\"@bati_journal\" \/>\n<meta name=\"twitter:site\" content=\"@bati_journal\" \/>\n<meta name=\"twitter:label1\" content=\"\u00c9crit par\" \/>\n\t<meta name=\"twitter:data1\" content=\"St\u00e9phane Miget\" \/>\n\t<meta name=\"twitter:label2\" content=\"Dur\u00e9e de lecture estim\u00e9e\" \/>\n\t<meta name=\"twitter:data2\" content=\"1 minute\" \/>\n<script type=\"application\/ld+json\" class=\"yoast-schema-graph\">{\"@context\":\"https:\\\/\\\/schema.org\",\"@graph\":[{\"@type\":\"Article\",\"@id\":\"https:\\\/\\\/batijournal.com\\\/index.php\\\/prolongation-des-inscriptions-au-concours-du-palmares-architecture-aluminium-technal\\\/105161\\\/#article\",\"isPartOf\":{\"@id\":\"https:\\\/\\\/batijournal.com\\\/index.php\\\/prolongation-des-inscriptions-au-concours-du-palmares-architecture-aluminium-technal\\\/105161\\\/\"},\"author\":{\"name\":\"St\u00e9phane Miget\",\"@id\":\"https:\\\/\\\/batijournal.com\\\/#\\\/schema\\\/person\\\/1dc96ec6957aa1ccb25ebe78bb19f100\"},\"headline\":\"Prolongation des inscriptions au concours du palmar\u00e8s architecture aluminium Technal\",\"datePublished\":\"2020-11-19T06:55:33+00:00\",\"mainEntityOfPage\":{\"@id\":\"https:\\\/\\\/batijournal.com\\\/index.php\\\/prolongation-des-inscriptions-au-concours-du-palmares-architecture-aluminium-technal\\\/105161\\\/\"},\"wordCount\":208,\"image\":{\"@id\":\"https:\\\/\\\/batijournal.com\\\/index.php\\\/prolongation-des-inscriptions-au-concours-du-palmares-architecture-aluminium-technal\\\/105161\\\/#primaryimage\"},\"thumbnailUrl\":\"https:\\\/\\\/batijournal.com\\\/wp-content\\\/uploads\\\/2020\\\/11\\\/22571-actualite-actualite-lancement-de-la-19-me-dition-du-palmar-s-architecture-aluminium-technal.png\",\"keywords\":[\"concours\"],\"articleSection\":[\"Actualit\u00e9s\",\"Architecture &amp; Conception\",\"zz_5fa\u00e7ades\",\"zz_Actualit\u00e9s - 5fa\u00e7ades\"],\"inLanguage\":\"fr-FR\"},{\"@type\":\"WebPage\",\"@id\":\"https:\\\/\\\/batijournal.com\\\/index.php\\\/prolongation-des-inscriptions-au-concours-du-palmares-architecture-aluminium-technal\\\/105161\\\/\",\"url\":\"https:\\\/\\\/batijournal.com\\\/index.php\\\/prolongation-des-inscriptions-au-concours-du-palmares-architecture-aluminium-technal\\\/105161\\\/\",\"name\":\"Prolongation des inscriptions au concours du palmar\u00e8s architecture aluminium Technal\",\"isPartOf\":{\"@id\":\"https:\\\/\\\/batijournal.com\\\/#website\"},\"primaryImageOfPage\":{\"@id\":\"https:\\\/\\\/batijournal.com\\\/index.php\\\/prolongation-des-inscriptions-au-concours-du-palmares-architecture-aluminium-technal\\\/105161\\\/#primaryimage\"},\"image\":{\"@id\":\"https:\\\/\\\/batijournal.com\\\/index.php\\\/prolongation-des-inscriptions-au-concours-du-palmares-architecture-aluminium-technal\\\/105161\\\/#primaryimage\"},\"thumbnailUrl\":\"https:\\\/\\\/batijournal.com\\\/wp-content\\\/uploads\\\/2020\\\/11\\\/22571-actualite-actualite-lancement-de-la-19-me-dition-du-palmar-s-architecture-aluminium-technal.png\",\"datePublished\":\"2020-11-19T06:55:33+00:00\",\"author\":{\"@id\":\"https:\\\/\\\/batijournal.com\\\/#\\\/schema\\\/person\\\/1dc96ec6957aa1ccb25ebe78bb19f100\"},\"breadcrumb\":{\"@id\":\"https:\\\/\\\/batijournal.com\\\/index.php\\\/prolongation-des-inscriptions-au-concours-du-palmares-architecture-aluminium-technal\\\/105161\\\/#breadcrumb\"},\"inLanguage\":\"fr-FR\",\"potentialAction\":[{\"@type\":\"ReadAction\",\"target\":[\"https:\\\/\\\/batijournal.com\\\/index.php\\\/prolongation-des-inscriptions-au-concours-du-palmares-architecture-aluminium-technal\\\/105161\\\/\"]}]},{\"@type\":\"ImageObject\",\"inLanguage\":\"fr-FR\",\"@id\":\"https:\\\/\\\/batijournal.com\\\/index.php\\\/prolongation-des-inscriptions-au-concours-du-palmares-architecture-aluminium-technal\\\/105161\\\/#primaryimage\",\"url\":\"https:\\\/\\\/batijournal.com\\\/wp-content\\\/uploads\\\/2020\\\/11\\\/22571-actualite-actualite-lancement-de-la-19-me-dition-du-palmar-s-architecture-aluminium-technal.png\",\"contentUrl\":\"https:\\\/\\\/batijournal.com\\\/wp-content\\\/uploads\\\/2020\\\/11\\\/22571-actualite-actualite-lancement-de-la-19-me-dition-du-palmar-s-architecture-aluminium-technal.png\",\"width\":776,\"height\":512},{\"@type\":\"BreadcrumbList\",\"@id\":\"https:\\\/\\\/batijournal.com\\\/index.php\\\/prolongation-des-inscriptions-au-concours-du-palmares-architecture-aluminium-technal\\\/105161\\\/#breadcrumb\",\"itemListElement\":[{\"@type\":\"ListItem\",\"position\":1,\"name\":\"Accueil\",\"item\":\"https:\\\/\\\/batijournal.com\\\/\"},{\"@type\":\"ListItem\",\"position\":2,\"name\":\"Actualit\u00e9s\",\"item\":\"https:\\\/\\\/batijournal.com\\\/index.php\\\/category\\\/actualites\\\/\"},{\"@type\":\"ListItem\",\"position\":3,\"name\":\"Architecture &amp; Conception\",\"item\":\"https:\\\/\\\/batijournal.com\\\/index.php\\\/category\\\/actualites\\\/architecture-conception\\\/\"},{\"@type\":\"ListItem\",\"position\":4,\"name\":\"Prolongation des inscriptions au concours du palmar\u00e8s architecture aluminium Technal\"}]},{\"@type\":\"WebSite\",\"@id\":\"https:\\\/\\\/batijournal.com\\\/#website\",\"url\":\"https:\\\/\\\/batijournal.com\\\/\",\"name\":\"Batijournal\",\"description\":\"L&#039;actualit\u00e9 du b\u00e2timent\",\"potentialAction\":[{\"@type\":\"SearchAction\",\"target\":{\"@type\":\"EntryPoint\",\"urlTemplate\":\"https:\\\/\\\/batijournal.com\\\/?s={search_term_string}\"},\"query-input\":{\"@type\":\"PropertyValueSpecification\",\"valueRequired\":true,\"valueName\":\"search_term_string\"}}],\"inLanguage\":\"fr-FR\"},{\"@type\":\"Person\",\"@id\":\"https:\\\/\\\/batijournal.com\\\/#\\\/schema\\\/person\\\/1dc96ec6957aa1ccb25ebe78bb19f100\",\"name\":\"St\u00e9phane Miget\",\"image\":{\"@type\":\"ImageObject\",\"inLanguage\":\"fr-FR\",\"@id\":\"https:\\\/\\\/secure.gravatar.com\\\/avatar\\\/89915563d925342126b8ef0281b93d9d7fc337043e8df017f780908eb9644451?s=96&d=mm&r=g\",\"url\":\"https:\\\/\\\/secure.gravatar.com\\\/avatar\\\/89915563d925342126b8ef0281b93d9d7fc337043e8df017f780908eb9644451?s=96&d=mm&r=g\",\"contentUrl\":\"https:\\\/\\\/secure.gravatar.com\\\/avatar\\\/89915563d925342126b8ef0281b93d9d7fc337043e8df017f780908eb9644451?s=96&d=mm&r=g\",\"caption\":\"St\u00e9phane Miget\"},\"url\":\"https:\\\/\\\/batijournal.com\\\/index.php\\\/author\\\/stephane\\\/\"}]}<\/script>\n<!-- \/ Yoast SEO plugin. -->","yoast_head_json":{"title":"Prolongation des inscriptions au concours du palmar\u00e8s architecture aluminium Technal","robots":{"index":"index","follow":"follow","max-snippet":"max-snippet:-1","max-image-preview":"max-image-preview:large","max-video-preview":"max-video-preview:-1"},"canonical":"https:\/\/batijournal.com\/index.php\/prolongation-des-inscriptions-au-concours-du-palmares-architecture-aluminium-technal\/105161\/","og_locale":"fr_FR","og_type":"article","og_title":"Prolongation des inscriptions au concours du palmar\u00e8s architecture aluminium Technal","og_description":"Pour la premi\u00e8re fois depuis son lancement en 2002, le concours du palmar\u00e8s architecture aluminium Technal se d\u00e9roulera sur deux ann\u00e9es. Les acteurs de la prescription, en France et dans les pays francophones, ont d\u00e9sormais jusqu\u2019au lundi 15 mars 2021 \u00e0 minuit pour d\u00e9poser leurs dossiers ou compl\u00e9ter ceux initi\u00e9s sur le site internet d\u00e9di\u00e9 [&hellip;]","og_url":"https:\/\/batijournal.com\/index.php\/prolongation-des-inscriptions-au-concours-du-palmares-architecture-aluminium-technal\/105161\/","og_site_name":"Batijournal","article_published_time":"2020-11-19T06:55:33+00:00","og_image":[{"width":776,"height":512,"url":"https:\/\/batijournal.com\/wp-content\/uploads\/2020\/11\/22571-actualite-actualite-lancement-de-la-19-me-dition-du-palmar-s-architecture-aluminium-technal.png","type":"image\/png"}],"author":"St\u00e9phane Miget","twitter_card":"summary_large_image","twitter_creator":"@bati_journal","twitter_site":"@bati_journal","twitter_misc":{"\u00c9crit par":"St\u00e9phane Miget","Dur\u00e9e de lecture estim\u00e9e":"1 minute"},"schema":{"@context":"https:\/\/schema.org","@graph":[{"@type":"Article","@id":"https:\/\/batijournal.com\/index.php\/prolongation-des-inscriptions-au-concours-du-palmares-architecture-aluminium-technal\/105161\/#article","isPartOf":{"@id":"https:\/\/batijournal.com\/index.php\/prolongation-des-inscriptions-au-concours-du-palmares-architecture-aluminium-technal\/105161\/"},"author":{"name":"St\u00e9phane Miget","@id":"https:\/\/batijournal.com\/#\/schema\/person\/1dc96ec6957aa1ccb25ebe78bb19f100"},"headline":"Prolongation des inscriptions au concours du palmar\u00e8s architecture aluminium Technal","datePublished":"2020-11-19T06:55:33+00:00","mainEntityOfPage":{"@id":"https:\/\/batijournal.com\/index.php\/prolongation-des-inscriptions-au-concours-du-palmares-architecture-aluminium-technal\/105161\/"},"wordCount":208,"image":{"@id":"https:\/\/batijournal.com\/index.php\/prolongation-des-inscriptions-au-concours-du-palmares-architecture-aluminium-technal\/105161\/#primaryimage"},"thumbnailUrl":"https:\/\/batijournal.com\/wp-content\/uploads\/2020\/11\/22571-actualite-actualite-lancement-de-la-19-me-dition-du-palmar-s-architecture-aluminium-technal.png","keywords":["concours"],"articleSection":["Actualit\u00e9s","Architecture &amp; Conception","zz_5fa\u00e7ades","zz_Actualit\u00e9s - 5fa\u00e7ades"],"inLanguage":"fr-FR"},{"@type":"WebPage","@id":"https:\/\/batijournal.com\/index.php\/prolongation-des-inscriptions-au-concours-du-palmares-architecture-aluminium-technal\/105161\/","url":"https:\/\/batijournal.com\/index.php\/prolongation-des-inscriptions-au-concours-du-palmares-architecture-aluminium-technal\/105161\/","name":"Prolongation des inscriptions au concours du palmar\u00e8s architecture aluminium Technal","isPartOf":{"@id":"https:\/\/batijournal.com\/#website"},"primaryImageOfPage":{"@id":"https:\/\/batijournal.com\/index.php\/prolongation-des-inscriptions-au-concours-du-palmares-architecture-aluminium-technal\/105161\/#primaryimage"},"image":{"@id":"https:\/\/batijournal.com\/index.php\/prolongation-des-inscriptions-au-concours-du-palmares-architecture-aluminium-technal\/105161\/#primaryimage"},"thumbnailUrl":"https:\/\/batijournal.com\/wp-content\/uploads\/2020\/11\/22571-actualite-actualite-lancement-de-la-19-me-dition-du-palmar-s-architecture-aluminium-technal.png","datePublished":"2020-11-19T06:55:33+00:00","author":{"@id":"https:\/\/batijournal.com\/#\/schema\/person\/1dc96ec6957aa1ccb25ebe78bb19f100"},"breadcrumb":{"@id":"https:\/\/batijournal.com\/index.php\/prolongation-des-inscriptions-au-concours-du-palmares-architecture-aluminium-technal\/105161\/#breadcrumb"},"inLanguage":"fr-FR","potentialAction":[{"@type":"ReadAction","target":["https:\/\/batijournal.com\/index.php\/prolongation-des-inscriptions-au-concours-du-palmares-architecture-aluminium-technal\/105161\/"]}]},{"@type":"ImageObject","inLanguage":"fr-FR","@id":"https:\/\/batijournal.com\/index.php\/prolongation-des-inscriptions-au-concours-du-palmares-architecture-aluminium-technal\/105161\/#primaryimage","url":"https:\/\/batijournal.com\/wp-content\/uploads\/2020\/11\/22571-actualite-actualite-lancement-de-la-19-me-dition-du-palmar-s-architecture-aluminium-technal.png","contentUrl":"https:\/\/batijournal.com\/wp-content\/uploads\/2020\/11\/22571-actualite-actualite-lancement-de-la-19-me-dition-du-palmar-s-architecture-aluminium-technal.png","width":776,"height":512},{"@type":"BreadcrumbList","@id":"https:\/\/batijournal.com\/index.php\/prolongation-des-inscriptions-au-concours-du-palmares-architecture-aluminium-technal\/105161\/#breadcrumb","itemListElement":[{"@type":"ListItem","position":1,"name":"Accueil","item":"https:\/\/batijournal.com\/"},{"@type":"ListItem","position":2,"name":"Actualit\u00e9s","item":"https:\/\/batijournal.com\/index.php\/category\/actualites\/"},{"@type":"ListItem","position":3,"name":"Architecture &amp; Conception","item":"https:\/\/batijournal.com\/index.php\/category\/actualites\/architecture-conception\/"},{"@type":"ListItem","position":4,"name":"Prolongation des inscriptions au concours du palmar\u00e8s architecture aluminium Technal"}]},{"@type":"WebSite","@id":"https:\/\/batijournal.com\/#website","url":"https:\/\/batijournal.com\/","name":"Batijournal","description":"L&#039;actualit\u00e9 du b\u00e2timent","potentialAction":[{"@type":"SearchAction","target":{"@type":"EntryPoint","urlTemplate":"https:\/\/batijournal.com\/?s={search_term_string}"},"query-input":{"@type":"PropertyValueSpecification","valueRequired":true,"valueName":"search_term_string"}}],"inLanguage":"fr-FR"},{"@type":"Person","@id":"https:\/\/batijournal.com\/#\/schema\/person\/1dc96ec6957aa1ccb25ebe78bb19f100","name":"St\u00e9phane Miget","image":{"@type":"ImageObject","inLanguage":"fr-FR","@id":"https:\/\/secure.gravatar.com\/avatar\/89915563d925342126b8ef0281b93d9d7fc337043e8df017f780908eb9644451?s=96&d=mm&r=g","url":"https:\/\/secure.gravatar.com\/avatar\/89915563d925342126b8ef0281b93d9d7fc337043e8df017f780908eb9644451?s=96&d=mm&r=g","contentUrl":"https:\/\/secure.gravatar.com\/avatar\/89915563d925342126b8ef0281b93d9d7fc337043e8df017f780908eb9644451?s=96&d=mm&r=g","caption":"St\u00e9phane Miget"},"url":"https:\/\/batijournal.com\/index.php\/author\/stephane\/"}]}},"_links":{"self":[{"href":"https:\/\/batijournal.com\/index.php\/wp-json\/wp\/v2\/posts\/105161","targetHints":{"allow":["GET"]}}],"collection":[{"href":"https:\/\/batijournal.com\/index.php\/wp-json\/wp\/v2\/posts"}],"about":[{"href":"https:\/\/batijournal.com\/index.php\/wp-json\/wp\/v2\/types\/post"}],"author":[{"embeddable":true,"href":"https:\/\/batijournal.com\/index.php\/wp-json\/wp\/v2\/users\/17"}],"replies":[{"embeddable":true,"href":"https:\/\/batijournal.com\/index.php\/wp-json\/wp\/v2\/comments?post=105161"}],"version-history":[{"count":0,"href":"https:\/\/batijournal.com\/index.php\/wp-json\/wp\/v2\/posts\/105161\/revisions"}],"wp:featuredmedia":[{"embeddable":true,"href":"https:\/\/batijournal.com\/index.php\/wp-json\/wp\/v2\/media\/105162"}],"wp:attachment":[{"href":"https:\/\/batijournal.com\/index.php\/wp-json\/wp\/v2\/media?parent=105161"}],"wp:term":[{"taxonomy":"category","embeddable":true,"href":"https:\/\/batijournal.com\/index.php\/wp-json\/wp\/v2\/categories?post=105161"},{"taxonomy":"post_tag","embeddable":true,"href":"https:\/\/batijournal.com\/index.php\/wp-json\/wp\/v2\/tags?post=105161"}],"curies":[{"name":"wp","href":"https:\/\/api.w.org\/{rel}","templated":true}]}}