{"id":105164,"date":"2020-11-20T07:18:29","date_gmt":"2020-11-20T06:18:29","guid":{"rendered":"https:\/\/batijournal.com\/?p=105164"},"modified":"2020-11-20T07:18:29","modified_gmt":"2020-11-20T06:18:29","slug":"dominique-cottineau-nouveau-delegue-general-de-luicb","status":"publish","type":"post","link":"https:\/\/batijournal.com\/index.php\/dominique-cottineau-nouveau-delegue-general-de-luicb\/105164\/","title":{"rendered":"Dominique Cottineau, nouveau D\u00e9l\u00e9gu\u00e9 g\u00e9n\u00e9ral de l&rsquo;UICB"},"content":{"rendered":"<p>Dominique Cottineau, 51 ans, vient d&rsquo;\u00eatre nomm\u00e9 D\u00e9l\u00e9gu\u00e9 G\u00e9n\u00e9ral de l\u2019Union des Industriels et Constructeurs Bois (UICB). Il \u00e9tait pr\u00e9c\u00e9demment, au sein de l\u2019association Promotelec, en charge des relations avec les acteurs institutionnels et politiques territoriaux sur l\u2019ensemble du territoire national. Ayant suivi et accompagn\u00e9 les enjeux et les \u00e9volutions des derni\u00e8res r\u00e9glementations thermiques, il a fait de la sobri\u00e9t\u00e9 environnementale des b\u00e2timents et de ses composantes un de ses th\u00e8mes de pr\u00e9dilection.<\/p>\n","protected":false},"excerpt":{"rendered":"<p>Dominique Cottineau, 51 ans, vient d&rsquo;\u00eatre nomm\u00e9 D\u00e9l\u00e9gu\u00e9 G\u00e9n\u00e9ral de l\u2019Union des Industriels et Constructeurs Bois (UICB). Il \u00e9tait pr\u00e9c\u00e9demment, au sein de l\u2019association Promotelec, en charge des relations avec les acteurs institutionnels et politiques territoriaux sur l\u2019ensemble du territoire national. Ayant suivi et accompagn\u00e9 les enjeux et les \u00e9volutions des derni\u00e8res r\u00e9glementations thermiques, il [&hellip;]<\/p>\n","protected":false},"author":17,"featured_media":105165,"comment_status":"closed","ping_status":"closed","sticky":false,"template":"","format":"standard","meta":{"_et_pb_use_builder":"","_et_pb_old_content":"","_et_gb_content_width":"","footnotes":""},"categories":[10530,6345,10768,10764],"tags":[1017],"class_list":["post-105164","post","type-post","status-publish","format-standard","has-post-thumbnail","hentry","category-actualites","category-economie-marches","category-nouvelles-tetes","category-woodsurfer","tag-filiere-bois"],"yoast_head":"<!-- This site is optimized with the Yoast SEO plugin v27.4 - https:\/\/yoast.com\/product\/yoast-seo-wordpress\/ -->\n<title>Dominique Cottineau, nouveau D\u00e9l\u00e9gu\u00e9 g\u00e9n\u00e9ral de l&#039;UICB<\/title>\n<meta name=\"robots\" content=\"index, follow, max-snippet:-1, max-image-preview:large, max-video-preview:-1\" \/>\n<link rel=\"canonical\" href=\"https:\/\/batijournal.com\/index.php\/dominique-cottineau-nouveau-delegue-general-de-luicb\/105164\/\" \/>\n<meta property=\"og:locale\" content=\"fr_FR\" \/>\n<meta property=\"og:type\" content=\"article\" \/>\n<meta property=\"og:title\" content=\"Dominique Cottineau, nouveau D\u00e9l\u00e9gu\u00e9 g\u00e9n\u00e9ral de l&#039;UICB\" \/>\n<meta property=\"og:description\" content=\"Dominique Cottineau, 51 ans, vient d&rsquo;\u00eatre nomm\u00e9 D\u00e9l\u00e9gu\u00e9 G\u00e9n\u00e9ral de l\u2019Union des Industriels et Constructeurs Bois (UICB). Il \u00e9tait pr\u00e9c\u00e9demment, au sein de l\u2019association Promotelec, en charge des relations avec les acteurs institutionnels et politiques territoriaux sur l\u2019ensemble du territoire national. Ayant suivi et accompagn\u00e9 les enjeux et les \u00e9volutions des derni\u00e8res r\u00e9glementations thermiques, il [&hellip;]\" \/>\n<meta property=\"og:url\" content=\"https:\/\/batijournal.com\/index.php\/dominique-cottineau-nouveau-delegue-general-de-luicb\/105164\/\" \/>\n<meta property=\"og:site_name\" content=\"Batijournal\" \/>\n<meta property=\"article:published_time\" content=\"2020-11-20T06:18:29+00:00\" \/>\n<meta property=\"og:image\" content=\"https:\/\/batijournal.com\/wp-content\/uploads\/2020\/11\/Portrait_D-Cottineau-uicb.jpg\" \/>\n\t<meta property=\"og:image:width\" content=\"1000\" \/>\n\t<meta property=\"og:image:height\" content=\"694\" \/>\n\t<meta property=\"og:image:type\" content=\"image\/jpeg\" \/>\n<meta name=\"author\" content=\"St\u00e9phane Miget\" \/>\n<meta name=\"twitter:card\" content=\"summary_large_image\" \/>\n<meta name=\"twitter:creator\" content=\"@bati_journal\" \/>\n<meta name=\"twitter:site\" content=\"@bati_journal\" \/>\n<meta name=\"twitter:label1\" content=\"\u00c9crit par\" \/>\n\t<meta name=\"twitter:data1\" content=\"St\u00e9phane Miget\" \/>\n<script type=\"application\/ld+json\" class=\"yoast-schema-graph\">{\"@context\":\"https:\\\/\\\/schema.org\",\"@graph\":[{\"@type\":\"Article\",\"@id\":\"https:\\\/\\\/batijournal.com\\\/index.php\\\/dominique-cottineau-nouveau-delegue-general-de-luicb\\\/105164\\\/#article\",\"isPartOf\":{\"@id\":\"https:\\\/\\\/batijournal.com\\\/index.php\\\/dominique-cottineau-nouveau-delegue-general-de-luicb\\\/105164\\\/\"},\"author\":{\"name\":\"St\u00e9phane Miget\",\"@id\":\"https:\\\/\\\/batijournal.com\\\/#\\\/schema\\\/person\\\/1dc96ec6957aa1ccb25ebe78bb19f100\"},\"headline\":\"Dominique Cottineau, nouveau D\u00e9l\u00e9gu\u00e9 g\u00e9n\u00e9ral de l&rsquo;UICB\",\"datePublished\":\"2020-11-20T06:18:29+00:00\",\"mainEntityOfPage\":{\"@id\":\"https:\\\/\\\/batijournal.com\\\/index.php\\\/dominique-cottineau-nouveau-delegue-general-de-luicb\\\/105164\\\/\"},\"wordCount\":100,\"image\":{\"@id\":\"https:\\\/\\\/batijournal.com\\\/index.php\\\/dominique-cottineau-nouveau-delegue-general-de-luicb\\\/105164\\\/#primaryimage\"},\"thumbnailUrl\":\"https:\\\/\\\/batijournal.com\\\/wp-content\\\/uploads\\\/2020\\\/11\\\/Portrait_D-Cottineau-uicb.jpg\",\"keywords\":[\"fili\u00e8re bois\"],\"articleSection\":[\"Actualit\u00e9s\",\"\u00c9conomie &amp; March\u00e9s\",\"zz_Nouvelles t\u00eates - Woodsurfer\",\"zz_Woodsurfer\"],\"inLanguage\":\"fr-FR\"},{\"@type\":\"WebPage\",\"@id\":\"https:\\\/\\\/batijournal.com\\\/index.php\\\/dominique-cottineau-nouveau-delegue-general-de-luicb\\\/105164\\\/\",\"url\":\"https:\\\/\\\/batijournal.com\\\/index.php\\\/dominique-cottineau-nouveau-delegue-general-de-luicb\\\/105164\\\/\",\"name\":\"Dominique Cottineau, nouveau D\u00e9l\u00e9gu\u00e9 g\u00e9n\u00e9ral de l'UICB\",\"isPartOf\":{\"@id\":\"https:\\\/\\\/batijournal.com\\\/#website\"},\"primaryImageOfPage\":{\"@id\":\"https:\\\/\\\/batijournal.com\\\/index.php\\\/dominique-cottineau-nouveau-delegue-general-de-luicb\\\/105164\\\/#primaryimage\"},\"image\":{\"@id\":\"https:\\\/\\\/batijournal.com\\\/index.php\\\/dominique-cottineau-nouveau-delegue-general-de-luicb\\\/105164\\\/#primaryimage\"},\"thumbnailUrl\":\"https:\\\/\\\/batijournal.com\\\/wp-content\\\/uploads\\\/2020\\\/11\\\/Portrait_D-Cottineau-uicb.jpg\",\"datePublished\":\"2020-11-20T06:18:29+00:00\",\"author\":{\"@id\":\"https:\\\/\\\/batijournal.com\\\/#\\\/schema\\\/person\\\/1dc96ec6957aa1ccb25ebe78bb19f100\"},\"breadcrumb\":{\"@id\":\"https:\\\/\\\/batijournal.com\\\/index.php\\\/dominique-cottineau-nouveau-delegue-general-de-luicb\\\/105164\\\/#breadcrumb\"},\"inLanguage\":\"fr-FR\",\"potentialAction\":[{\"@type\":\"ReadAction\",\"target\":[\"https:\\\/\\\/batijournal.com\\\/index.php\\\/dominique-cottineau-nouveau-delegue-general-de-luicb\\\/105164\\\/\"]}]},{\"@type\":\"ImageObject\",\"inLanguage\":\"fr-FR\",\"@id\":\"https:\\\/\\\/batijournal.com\\\/index.php\\\/dominique-cottineau-nouveau-delegue-general-de-luicb\\\/105164\\\/#primaryimage\",\"url\":\"https:\\\/\\\/batijournal.com\\\/wp-content\\\/uploads\\\/2020\\\/11\\\/Portrait_D-Cottineau-uicb.jpg\",\"contentUrl\":\"https:\\\/\\\/batijournal.com\\\/wp-content\\\/uploads\\\/2020\\\/11\\\/Portrait_D-Cottineau-uicb.jpg\",\"width\":1000,\"height\":694},{\"@type\":\"BreadcrumbList\",\"@id\":\"https:\\\/\\\/batijournal.com\\\/index.php\\\/dominique-cottineau-nouveau-delegue-general-de-luicb\\\/105164\\\/#breadcrumb\",\"itemListElement\":[{\"@type\":\"ListItem\",\"position\":1,\"name\":\"Accueil\",\"item\":\"https:\\\/\\\/batijournal.com\\\/\"},{\"@type\":\"ListItem\",\"position\":2,\"name\":\"Actualit\u00e9s\",\"item\":\"https:\\\/\\\/batijournal.com\\\/index.php\\\/category\\\/actualites\\\/\"},{\"@type\":\"ListItem\",\"position\":3,\"name\":\"\u00c9conomie &amp; March\u00e9s\",\"item\":\"https:\\\/\\\/batijournal.com\\\/index.php\\\/category\\\/actualites\\\/economie-marches\\\/\"},{\"@type\":\"ListItem\",\"position\":4,\"name\":\"Dominique Cottineau, nouveau D\u00e9l\u00e9gu\u00e9 g\u00e9n\u00e9ral de l&rsquo;UICB\"}]},{\"@type\":\"WebSite\",\"@id\":\"https:\\\/\\\/batijournal.com\\\/#website\",\"url\":\"https:\\\/\\\/batijournal.com\\\/\",\"name\":\"Batijournal\",\"description\":\"L&#039;actualit\u00e9 du b\u00e2timent\",\"potentialAction\":[{\"@type\":\"SearchAction\",\"target\":{\"@type\":\"EntryPoint\",\"urlTemplate\":\"https:\\\/\\\/batijournal.com\\\/?s={search_term_string}\"},\"query-input\":{\"@type\":\"PropertyValueSpecification\",\"valueRequired\":true,\"valueName\":\"search_term_string\"}}],\"inLanguage\":\"fr-FR\"},{\"@type\":\"Person\",\"@id\":\"https:\\\/\\\/batijournal.com\\\/#\\\/schema\\\/person\\\/1dc96ec6957aa1ccb25ebe78bb19f100\",\"name\":\"St\u00e9phane Miget\",\"image\":{\"@type\":\"ImageObject\",\"inLanguage\":\"fr-FR\",\"@id\":\"https:\\\/\\\/secure.gravatar.com\\\/avatar\\\/89915563d925342126b8ef0281b93d9d7fc337043e8df017f780908eb9644451?s=96&d=mm&r=g\",\"url\":\"https:\\\/\\\/secure.gravatar.com\\\/avatar\\\/89915563d925342126b8ef0281b93d9d7fc337043e8df017f780908eb9644451?s=96&d=mm&r=g\",\"contentUrl\":\"https:\\\/\\\/secure.gravatar.com\\\/avatar\\\/89915563d925342126b8ef0281b93d9d7fc337043e8df017f780908eb9644451?s=96&d=mm&r=g\",\"caption\":\"St\u00e9phane Miget\"},\"url\":\"https:\\\/\\\/batijournal.com\\\/index.php\\\/author\\\/stephane\\\/\"}]}<\/script>\n<!-- \/ Yoast SEO plugin. -->","yoast_head_json":{"title":"Dominique Cottineau, nouveau D\u00e9l\u00e9gu\u00e9 g\u00e9n\u00e9ral de l'UICB","robots":{"index":"index","follow":"follow","max-snippet":"max-snippet:-1","max-image-preview":"max-image-preview:large","max-video-preview":"max-video-preview:-1"},"canonical":"https:\/\/batijournal.com\/index.php\/dominique-cottineau-nouveau-delegue-general-de-luicb\/105164\/","og_locale":"fr_FR","og_type":"article","og_title":"Dominique Cottineau, nouveau D\u00e9l\u00e9gu\u00e9 g\u00e9n\u00e9ral de l'UICB","og_description":"Dominique Cottineau, 51 ans, vient d&rsquo;\u00eatre nomm\u00e9 D\u00e9l\u00e9gu\u00e9 G\u00e9n\u00e9ral de l\u2019Union des Industriels et Constructeurs Bois (UICB). Il \u00e9tait pr\u00e9c\u00e9demment, au sein de l\u2019association Promotelec, en charge des relations avec les acteurs institutionnels et politiques territoriaux sur l\u2019ensemble du territoire national. Ayant suivi et accompagn\u00e9 les enjeux et les \u00e9volutions des derni\u00e8res r\u00e9glementations thermiques, il [&hellip;]","og_url":"https:\/\/batijournal.com\/index.php\/dominique-cottineau-nouveau-delegue-general-de-luicb\/105164\/","og_site_name":"Batijournal","article_published_time":"2020-11-20T06:18:29+00:00","og_image":[{"width":1000,"height":694,"url":"https:\/\/batijournal.com\/wp-content\/uploads\/2020\/11\/Portrait_D-Cottineau-uicb.jpg","type":"image\/jpeg"}],"author":"St\u00e9phane Miget","twitter_card":"summary_large_image","twitter_creator":"@bati_journal","twitter_site":"@bati_journal","twitter_misc":{"\u00c9crit par":"St\u00e9phane Miget"},"schema":{"@context":"https:\/\/schema.org","@graph":[{"@type":"Article","@id":"https:\/\/batijournal.com\/index.php\/dominique-cottineau-nouveau-delegue-general-de-luicb\/105164\/#article","isPartOf":{"@id":"https:\/\/batijournal.com\/index.php\/dominique-cottineau-nouveau-delegue-general-de-luicb\/105164\/"},"author":{"name":"St\u00e9phane Miget","@id":"https:\/\/batijournal.com\/#\/schema\/person\/1dc96ec6957aa1ccb25ebe78bb19f100"},"headline":"Dominique Cottineau, nouveau D\u00e9l\u00e9gu\u00e9 g\u00e9n\u00e9ral de l&rsquo;UICB","datePublished":"2020-11-20T06:18:29+00:00","mainEntityOfPage":{"@id":"https:\/\/batijournal.com\/index.php\/dominique-cottineau-nouveau-delegue-general-de-luicb\/105164\/"},"wordCount":100,"image":{"@id":"https:\/\/batijournal.com\/index.php\/dominique-cottineau-nouveau-delegue-general-de-luicb\/105164\/#primaryimage"},"thumbnailUrl":"https:\/\/batijournal.com\/wp-content\/uploads\/2020\/11\/Portrait_D-Cottineau-uicb.jpg","keywords":["fili\u00e8re bois"],"articleSection":["Actualit\u00e9s","\u00c9conomie &amp; March\u00e9s","zz_Nouvelles t\u00eates - Woodsurfer","zz_Woodsurfer"],"inLanguage":"fr-FR"},{"@type":"WebPage","@id":"https:\/\/batijournal.com\/index.php\/dominique-cottineau-nouveau-delegue-general-de-luicb\/105164\/","url":"https:\/\/batijournal.com\/index.php\/dominique-cottineau-nouveau-delegue-general-de-luicb\/105164\/","name":"Dominique Cottineau, nouveau D\u00e9l\u00e9gu\u00e9 g\u00e9n\u00e9ral de l'UICB","isPartOf":{"@id":"https:\/\/batijournal.com\/#website"},"primaryImageOfPage":{"@id":"https:\/\/batijournal.com\/index.php\/dominique-cottineau-nouveau-delegue-general-de-luicb\/105164\/#primaryimage"},"image":{"@id":"https:\/\/batijournal.com\/index.php\/dominique-cottineau-nouveau-delegue-general-de-luicb\/105164\/#primaryimage"},"thumbnailUrl":"https:\/\/batijournal.com\/wp-content\/uploads\/2020\/11\/Portrait_D-Cottineau-uicb.jpg","datePublished":"2020-11-20T06:18:29+00:00","author":{"@id":"https:\/\/batijournal.com\/#\/schema\/person\/1dc96ec6957aa1ccb25ebe78bb19f100"},"breadcrumb":{"@id":"https:\/\/batijournal.com\/index.php\/dominique-cottineau-nouveau-delegue-general-de-luicb\/105164\/#breadcrumb"},"inLanguage":"fr-FR","potentialAction":[{"@type":"ReadAction","target":["https:\/\/batijournal.com\/index.php\/dominique-cottineau-nouveau-delegue-general-de-luicb\/105164\/"]}]},{"@type":"ImageObject","inLanguage":"fr-FR","@id":"https:\/\/batijournal.com\/index.php\/dominique-cottineau-nouveau-delegue-general-de-luicb\/105164\/#primaryimage","url":"https:\/\/batijournal.com\/wp-content\/uploads\/2020\/11\/Portrait_D-Cottineau-uicb.jpg","contentUrl":"https:\/\/batijournal.com\/wp-content\/uploads\/2020\/11\/Portrait_D-Cottineau-uicb.jpg","width":1000,"height":694},{"@type":"BreadcrumbList","@id":"https:\/\/batijournal.com\/index.php\/dominique-cottineau-nouveau-delegue-general-de-luicb\/105164\/#breadcrumb","itemListElement":[{"@type":"ListItem","position":1,"name":"Accueil","item":"https:\/\/batijournal.com\/"},{"@type":"ListItem","position":2,"name":"Actualit\u00e9s","item":"https:\/\/batijournal.com\/index.php\/category\/actualites\/"},{"@type":"ListItem","position":3,"name":"\u00c9conomie &amp; March\u00e9s","item":"https:\/\/batijournal.com\/index.php\/category\/actualites\/economie-marches\/"},{"@type":"ListItem","position":4,"name":"Dominique Cottineau, nouveau D\u00e9l\u00e9gu\u00e9 g\u00e9n\u00e9ral de l&rsquo;UICB"}]},{"@type":"WebSite","@id":"https:\/\/batijournal.com\/#website","url":"https:\/\/batijournal.com\/","name":"Batijournal","description":"L&#039;actualit\u00e9 du b\u00e2timent","potentialAction":[{"@type":"SearchAction","target":{"@type":"EntryPoint","urlTemplate":"https:\/\/batijournal.com\/?s={search_term_string}"},"query-input":{"@type":"PropertyValueSpecification","valueRequired":true,"valueName":"search_term_string"}}],"inLanguage":"fr-FR"},{"@type":"Person","@id":"https:\/\/batijournal.com\/#\/schema\/person\/1dc96ec6957aa1ccb25ebe78bb19f100","name":"St\u00e9phane Miget","image":{"@type":"ImageObject","inLanguage":"fr-FR","@id":"https:\/\/secure.gravatar.com\/avatar\/89915563d925342126b8ef0281b93d9d7fc337043e8df017f780908eb9644451?s=96&d=mm&r=g","url":"https:\/\/secure.gravatar.com\/avatar\/89915563d925342126b8ef0281b93d9d7fc337043e8df017f780908eb9644451?s=96&d=mm&r=g","contentUrl":"https:\/\/secure.gravatar.com\/avatar\/89915563d925342126b8ef0281b93d9d7fc337043e8df017f780908eb9644451?s=96&d=mm&r=g","caption":"St\u00e9phane Miget"},"url":"https:\/\/batijournal.com\/index.php\/author\/stephane\/"}]}},"_links":{"self":[{"href":"https:\/\/batijournal.com\/index.php\/wp-json\/wp\/v2\/posts\/105164","targetHints":{"allow":["GET"]}}],"collection":[{"href":"https:\/\/batijournal.com\/index.php\/wp-json\/wp\/v2\/posts"}],"about":[{"href":"https:\/\/batijournal.com\/index.php\/wp-json\/wp\/v2\/types\/post"}],"author":[{"embeddable":true,"href":"https:\/\/batijournal.com\/index.php\/wp-json\/wp\/v2\/users\/17"}],"replies":[{"embeddable":true,"href":"https:\/\/batijournal.com\/index.php\/wp-json\/wp\/v2\/comments?post=105164"}],"version-history":[{"count":0,"href":"https:\/\/batijournal.com\/index.php\/wp-json\/wp\/v2\/posts\/105164\/revisions"}],"wp:featuredmedia":[{"embeddable":true,"href":"https:\/\/batijournal.com\/index.php\/wp-json\/wp\/v2\/media\/105165"}],"wp:attachment":[{"href":"https:\/\/batijournal.com\/index.php\/wp-json\/wp\/v2\/media?parent=105164"}],"wp:term":[{"taxonomy":"category","embeddable":true,"href":"https:\/\/batijournal.com\/index.php\/wp-json\/wp\/v2\/categories?post=105164"},{"taxonomy":"post_tag","embeddable":true,"href":"https:\/\/batijournal.com\/index.php\/wp-json\/wp\/v2\/tags?post=105164"}],"curies":[{"name":"wp","href":"https:\/\/api.w.org\/{rel}","templated":true}]}}