{"id":105172,"date":"2020-11-20T07:25:03","date_gmt":"2020-11-20T06:25:03","guid":{"rendered":"https:\/\/batijournal.com\/?p=105172"},"modified":"2020-11-20T07:25:03","modified_gmt":"2020-11-20T06:25:03","slug":"re-2020-la-filiere-bois-appelle-des-criteres-plus-ambitieux-pour-la-neutralite-carbone","status":"publish","type":"post","link":"https:\/\/batijournal.com\/index.php\/re-2020-la-filiere-bois-appelle-des-criteres-plus-ambitieux-pour-la-neutralite-carbone\/105172\/","title":{"rendered":"RE 2020 : la fili\u00e8re bois appelle des crit\u00e8res plus ambitieux pour la neutralit\u00e9 carbone"},"content":{"rendered":"<p>En l&rsquo;\u00e9tat actuel des travaux pr\u00e9paratoires de la RE 2020, les certitudes manquent sur son niveau r\u00e9el d&rsquo;ambition carbone. La fili\u00e8re for\u00eat-bois demande qu&rsquo;elle impose des objectifs clairs de r\u00e9duction des \u00e9missions de Gaz \u00e0 Effet de Serre. Ceux-ci doivent \u00eatre traduits par des seuils r\u00e9glementaires coh\u00e9rents avec l&rsquo;objectif de neutralit\u00e9 carbone \u00e0 2050 en mati\u00e8re d&rsquo;impact global et d&rsquo;exigences de stockage de carbone. Il s&rsquo;agit d&rsquo;\u00e9viter que l&rsquo;\u00e9cart se creuse avec les pays voisins de la France, d\u00e9j\u00e0 en avance dans le domaine des constructions en bois. Une utilisation accrue du bois et des mat\u00e9riaux biosourc\u00e9s est la seule solution cr\u00e9dible pour diminuer les \u00e9missions carbone. Ils s\u00e9questrent et stockent du carbone biog\u00e9nique et se substituent \u00e0 des mat\u00e9riaux \u00e9metteurs de carbone. Ils sont renouvelables, pourvoyeurs d&#8217;emplois non d\u00e9localisables et issus pour une part importante d&rsquo;une for\u00eat fran\u00e7aise g\u00e9r\u00e9e raisonnablement et durablement. La fili\u00e8re for\u00eat-bois fran\u00e7aise est en capacit\u00e9 de r\u00e9pondre \u00e0 cette hausse de la demande, b\u00e9n\u00e9fique pour l&rsquo;ensemble de l&rsquo;\u00e9conomie de la France. En outre, l&rsquo;utilisation des mat\u00e9riaux bois et biosourc\u00e9s dans le b\u00e2timent n&rsquo;engendre, dans une tr\u00e8s large majorit\u00e9 des cas, aucune augmentation des co\u00fbts de la construction. Pour \u00eatre \u00e0 la hauteur des circonstances, la RE2020 doit donc efficacement inciter leur utilisation au moyen de crit\u00e8res carbone objectifs traduits dans des seuils r\u00e9glementaires et, pour son calendrier, avec une ambition marqu\u00e9e d\u00e8s 2021 puis des exigences graduellement renforc\u00e9es tous les trois ans. Retenir la m\u00e9thode d&rsquo;une ACV dynamique pour le calcul des \u00e9missions de gaz \u00e0 effets de serre des produits de construction est une premi\u00e8re n\u00e9cessit\u00e9, mais sans l&rsquo;int\u00e9gration dans le d\u00e9cret de seuils significatifs de stockage du carbone dans les mat\u00e9riaux, cette avanc\u00e9e restera vaine.<\/p>\n","protected":false},"excerpt":{"rendered":"<p>En l&rsquo;\u00e9tat actuel des travaux pr\u00e9paratoires de la RE 2020, les certitudes manquent sur son niveau r\u00e9el d&rsquo;ambition carbone. La fili\u00e8re for\u00eat-bois demande qu&rsquo;elle impose des objectifs clairs de r\u00e9duction des \u00e9missions de Gaz \u00e0 Effet de Serre. Ceux-ci doivent \u00eatre traduits par des seuils r\u00e9glementaires coh\u00e9rents avec l&rsquo;objectif de neutralit\u00e9 carbone \u00e0 2050 en [&hellip;]<\/p>\n","protected":false},"author":17,"featured_media":87064,"comment_status":"closed","ping_status":"closed","sticky":false,"template":"","format":"standard","meta":{"_et_pb_use_builder":"","_et_pb_old_content":"","_et_gb_content_width":"","footnotes":""},"categories":[10736,10530,6351,10781,10769,10778,10764],"tags":[12769],"class_list":["post-105172","post","type-post","status-publish","format-standard","has-post-thumbnail","hentry","category-a-la-une","category-actualites","category-energie-environnement","category-publications-planete","category-publications","category-planete","category-woodsurfer","tag-re2020"],"yoast_head":"<!-- This site is optimized with the Yoast SEO plugin v27.4 - https:\/\/yoast.com\/product\/yoast-seo-wordpress\/ -->\n<title>RE 2020 : la fili\u00e8re bois appelle des crit\u00e8res plus ambitieux pour la neutralit\u00e9 carbone<\/title>\n<meta name=\"robots\" content=\"index, follow, max-snippet:-1, max-image-preview:large, max-video-preview:-1\" \/>\n<link rel=\"canonical\" href=\"https:\/\/batijournal.com\/index.php\/re-2020-la-filiere-bois-appelle-des-criteres-plus-ambitieux-pour-la-neutralite-carbone\/105172\/\" \/>\n<meta property=\"og:locale\" content=\"fr_FR\" \/>\n<meta property=\"og:type\" content=\"article\" \/>\n<meta property=\"og:title\" content=\"RE 2020 : la fili\u00e8re bois appelle des crit\u00e8res plus ambitieux pour la neutralit\u00e9 carbone\" \/>\n<meta property=\"og:description\" content=\"En l&rsquo;\u00e9tat actuel des travaux pr\u00e9paratoires de la RE 2020, les certitudes manquent sur son niveau r\u00e9el d&rsquo;ambition carbone. La fili\u00e8re for\u00eat-bois demande qu&rsquo;elle impose des objectifs clairs de r\u00e9duction des \u00e9missions de Gaz \u00e0 Effet de Serre. Ceux-ci doivent \u00eatre traduits par des seuils r\u00e9glementaires coh\u00e9rents avec l&rsquo;objectif de neutralit\u00e9 carbone \u00e0 2050 en [&hellip;]\" \/>\n<meta property=\"og:url\" content=\"https:\/\/batijournal.com\/index.php\/re-2020-la-filiere-bois-appelle-des-criteres-plus-ambitieux-pour-la-neutralite-carbone\/105172\/\" \/>\n<meta property=\"og:site_name\" content=\"Batijournal\" \/>\n<meta property=\"article:published_time\" content=\"2020-11-20T06:25:03+00:00\" \/>\n<meta property=\"og:image\" content=\"https:\/\/batijournal.com\/wp-content\/uploads\/2015\/05\/99167124.jpg\" \/>\n\t<meta property=\"og:image:width\" content=\"600\" \/>\n\t<meta property=\"og:image:height\" content=\"296\" \/>\n\t<meta property=\"og:image:type\" content=\"image\/jpeg\" \/>\n<meta name=\"author\" content=\"St\u00e9phane Miget\" \/>\n<meta name=\"twitter:card\" content=\"summary_large_image\" \/>\n<meta name=\"twitter:creator\" content=\"@bati_journal\" \/>\n<meta name=\"twitter:site\" content=\"@bati_journal\" \/>\n<meta name=\"twitter:label1\" content=\"\u00c9crit par\" \/>\n\t<meta name=\"twitter:data1\" content=\"St\u00e9phane Miget\" \/>\n\t<meta name=\"twitter:label2\" content=\"Dur\u00e9e de lecture estim\u00e9e\" \/>\n\t<meta name=\"twitter:data2\" content=\"2 minutes\" \/>\n<script type=\"application\/ld+json\" class=\"yoast-schema-graph\">{\"@context\":\"https:\\\/\\\/schema.org\",\"@graph\":[{\"@type\":\"Article\",\"@id\":\"https:\\\/\\\/batijournal.com\\\/index.php\\\/re-2020-la-filiere-bois-appelle-des-criteres-plus-ambitieux-pour-la-neutralite-carbone\\\/105172\\\/#article\",\"isPartOf\":{\"@id\":\"https:\\\/\\\/batijournal.com\\\/index.php\\\/re-2020-la-filiere-bois-appelle-des-criteres-plus-ambitieux-pour-la-neutralite-carbone\\\/105172\\\/\"},\"author\":{\"name\":\"St\u00e9phane Miget\",\"@id\":\"https:\\\/\\\/batijournal.com\\\/#\\\/schema\\\/person\\\/1dc96ec6957aa1ccb25ebe78bb19f100\"},\"headline\":\"RE 2020 : la fili\u00e8re bois appelle des crit\u00e8res plus ambitieux pour la neutralit\u00e9 carbone\",\"datePublished\":\"2020-11-20T06:25:03+00:00\",\"mainEntityOfPage\":{\"@id\":\"https:\\\/\\\/batijournal.com\\\/index.php\\\/re-2020-la-filiere-bois-appelle-des-criteres-plus-ambitieux-pour-la-neutralite-carbone\\\/105172\\\/\"},\"wordCount\":348,\"image\":{\"@id\":\"https:\\\/\\\/batijournal.com\\\/index.php\\\/re-2020-la-filiere-bois-appelle-des-criteres-plus-ambitieux-pour-la-neutralite-carbone\\\/105172\\\/#primaryimage\"},\"thumbnailUrl\":\"https:\\\/\\\/batijournal.com\\\/wp-content\\\/uploads\\\/2015\\\/05\\\/99167124.jpg\",\"keywords\":[\"RE2020\"],\"articleSection\":[\"A la Une\",\"Actualit\u00e9s\",\"\u00c9nergie &amp; Environnement\",\"zz_Actualit\u00e9s - Plan\u00e8te\",\"zz_Actualit\u00e9s - Woodsurfer\",\"zz_Plan\u00e8te B\u00e2timent\",\"zz_Woodsurfer\"],\"inLanguage\":\"fr-FR\"},{\"@type\":\"WebPage\",\"@id\":\"https:\\\/\\\/batijournal.com\\\/index.php\\\/re-2020-la-filiere-bois-appelle-des-criteres-plus-ambitieux-pour-la-neutralite-carbone\\\/105172\\\/\",\"url\":\"https:\\\/\\\/batijournal.com\\\/index.php\\\/re-2020-la-filiere-bois-appelle-des-criteres-plus-ambitieux-pour-la-neutralite-carbone\\\/105172\\\/\",\"name\":\"RE 2020 : la fili\u00e8re bois appelle des crit\u00e8res plus ambitieux pour la neutralit\u00e9 carbone\",\"isPartOf\":{\"@id\":\"https:\\\/\\\/batijournal.com\\\/#website\"},\"primaryImageOfPage\":{\"@id\":\"https:\\\/\\\/batijournal.com\\\/index.php\\\/re-2020-la-filiere-bois-appelle-des-criteres-plus-ambitieux-pour-la-neutralite-carbone\\\/105172\\\/#primaryimage\"},\"image\":{\"@id\":\"https:\\\/\\\/batijournal.com\\\/index.php\\\/re-2020-la-filiere-bois-appelle-des-criteres-plus-ambitieux-pour-la-neutralite-carbone\\\/105172\\\/#primaryimage\"},\"thumbnailUrl\":\"https:\\\/\\\/batijournal.com\\\/wp-content\\\/uploads\\\/2015\\\/05\\\/99167124.jpg\",\"datePublished\":\"2020-11-20T06:25:03+00:00\",\"author\":{\"@id\":\"https:\\\/\\\/batijournal.com\\\/#\\\/schema\\\/person\\\/1dc96ec6957aa1ccb25ebe78bb19f100\"},\"breadcrumb\":{\"@id\":\"https:\\\/\\\/batijournal.com\\\/index.php\\\/re-2020-la-filiere-bois-appelle-des-criteres-plus-ambitieux-pour-la-neutralite-carbone\\\/105172\\\/#breadcrumb\"},\"inLanguage\":\"fr-FR\",\"potentialAction\":[{\"@type\":\"ReadAction\",\"target\":[\"https:\\\/\\\/batijournal.com\\\/index.php\\\/re-2020-la-filiere-bois-appelle-des-criteres-plus-ambitieux-pour-la-neutralite-carbone\\\/105172\\\/\"]}]},{\"@type\":\"ImageObject\",\"inLanguage\":\"fr-FR\",\"@id\":\"https:\\\/\\\/batijournal.com\\\/index.php\\\/re-2020-la-filiere-bois-appelle-des-criteres-plus-ambitieux-pour-la-neutralite-carbone\\\/105172\\\/#primaryimage\",\"url\":\"https:\\\/\\\/batijournal.com\\\/wp-content\\\/uploads\\\/2015\\\/05\\\/99167124.jpg\",\"contentUrl\":\"https:\\\/\\\/batijournal.com\\\/wp-content\\\/uploads\\\/2015\\\/05\\\/99167124.jpg\",\"width\":600,\"height\":296,\"caption\":\"label-transition-energetique-et-ecologique-pour-le-climat\"},{\"@type\":\"BreadcrumbList\",\"@id\":\"https:\\\/\\\/batijournal.com\\\/index.php\\\/re-2020-la-filiere-bois-appelle-des-criteres-plus-ambitieux-pour-la-neutralite-carbone\\\/105172\\\/#breadcrumb\",\"itemListElement\":[{\"@type\":\"ListItem\",\"position\":1,\"name\":\"Accueil\",\"item\":\"https:\\\/\\\/batijournal.com\\\/\"},{\"@type\":\"ListItem\",\"position\":2,\"name\":\"Actualit\u00e9s\",\"item\":\"https:\\\/\\\/batijournal.com\\\/index.php\\\/category\\\/actualites\\\/\"},{\"@type\":\"ListItem\",\"position\":3,\"name\":\"\u00c9nergie &amp; Environnement\",\"item\":\"https:\\\/\\\/batijournal.com\\\/index.php\\\/category\\\/actualites\\\/energie-environnement\\\/\"},{\"@type\":\"ListItem\",\"position\":4,\"name\":\"RE 2020 : la fili\u00e8re bois appelle des crit\u00e8res plus ambitieux pour la neutralit\u00e9 carbone\"}]},{\"@type\":\"WebSite\",\"@id\":\"https:\\\/\\\/batijournal.com\\\/#website\",\"url\":\"https:\\\/\\\/batijournal.com\\\/\",\"name\":\"Batijournal\",\"description\":\"L&#039;actualit\u00e9 du b\u00e2timent\",\"potentialAction\":[{\"@type\":\"SearchAction\",\"target\":{\"@type\":\"EntryPoint\",\"urlTemplate\":\"https:\\\/\\\/batijournal.com\\\/?s={search_term_string}\"},\"query-input\":{\"@type\":\"PropertyValueSpecification\",\"valueRequired\":true,\"valueName\":\"search_term_string\"}}],\"inLanguage\":\"fr-FR\"},{\"@type\":\"Person\",\"@id\":\"https:\\\/\\\/batijournal.com\\\/#\\\/schema\\\/person\\\/1dc96ec6957aa1ccb25ebe78bb19f100\",\"name\":\"St\u00e9phane Miget\",\"image\":{\"@type\":\"ImageObject\",\"inLanguage\":\"fr-FR\",\"@id\":\"https:\\\/\\\/secure.gravatar.com\\\/avatar\\\/89915563d925342126b8ef0281b93d9d7fc337043e8df017f780908eb9644451?s=96&d=mm&r=g\",\"url\":\"https:\\\/\\\/secure.gravatar.com\\\/avatar\\\/89915563d925342126b8ef0281b93d9d7fc337043e8df017f780908eb9644451?s=96&d=mm&r=g\",\"contentUrl\":\"https:\\\/\\\/secure.gravatar.com\\\/avatar\\\/89915563d925342126b8ef0281b93d9d7fc337043e8df017f780908eb9644451?s=96&d=mm&r=g\",\"caption\":\"St\u00e9phane Miget\"},\"url\":\"https:\\\/\\\/batijournal.com\\\/index.php\\\/author\\\/stephane\\\/\"}]}<\/script>\n<!-- \/ Yoast SEO plugin. -->","yoast_head_json":{"title":"RE 2020 : la fili\u00e8re bois appelle des crit\u00e8res plus ambitieux pour la neutralit\u00e9 carbone","robots":{"index":"index","follow":"follow","max-snippet":"max-snippet:-1","max-image-preview":"max-image-preview:large","max-video-preview":"max-video-preview:-1"},"canonical":"https:\/\/batijournal.com\/index.php\/re-2020-la-filiere-bois-appelle-des-criteres-plus-ambitieux-pour-la-neutralite-carbone\/105172\/","og_locale":"fr_FR","og_type":"article","og_title":"RE 2020 : la fili\u00e8re bois appelle des crit\u00e8res plus ambitieux pour la neutralit\u00e9 carbone","og_description":"En l&rsquo;\u00e9tat actuel des travaux pr\u00e9paratoires de la RE 2020, les certitudes manquent sur son niveau r\u00e9el d&rsquo;ambition carbone. La fili\u00e8re for\u00eat-bois demande qu&rsquo;elle impose des objectifs clairs de r\u00e9duction des \u00e9missions de Gaz \u00e0 Effet de Serre. Ceux-ci doivent \u00eatre traduits par des seuils r\u00e9glementaires coh\u00e9rents avec l&rsquo;objectif de neutralit\u00e9 carbone \u00e0 2050 en [&hellip;]","og_url":"https:\/\/batijournal.com\/index.php\/re-2020-la-filiere-bois-appelle-des-criteres-plus-ambitieux-pour-la-neutralite-carbone\/105172\/","og_site_name":"Batijournal","article_published_time":"2020-11-20T06:25:03+00:00","og_image":[{"width":600,"height":296,"url":"https:\/\/batijournal.com\/wp-content\/uploads\/2015\/05\/99167124.jpg","type":"image\/jpeg"}],"author":"St\u00e9phane Miget","twitter_card":"summary_large_image","twitter_creator":"@bati_journal","twitter_site":"@bati_journal","twitter_misc":{"\u00c9crit par":"St\u00e9phane Miget","Dur\u00e9e de lecture estim\u00e9e":"2 minutes"},"schema":{"@context":"https:\/\/schema.org","@graph":[{"@type":"Article","@id":"https:\/\/batijournal.com\/index.php\/re-2020-la-filiere-bois-appelle-des-criteres-plus-ambitieux-pour-la-neutralite-carbone\/105172\/#article","isPartOf":{"@id":"https:\/\/batijournal.com\/index.php\/re-2020-la-filiere-bois-appelle-des-criteres-plus-ambitieux-pour-la-neutralite-carbone\/105172\/"},"author":{"name":"St\u00e9phane Miget","@id":"https:\/\/batijournal.com\/#\/schema\/person\/1dc96ec6957aa1ccb25ebe78bb19f100"},"headline":"RE 2020 : la fili\u00e8re bois appelle des crit\u00e8res plus ambitieux pour la neutralit\u00e9 carbone","datePublished":"2020-11-20T06:25:03+00:00","mainEntityOfPage":{"@id":"https:\/\/batijournal.com\/index.php\/re-2020-la-filiere-bois-appelle-des-criteres-plus-ambitieux-pour-la-neutralite-carbone\/105172\/"},"wordCount":348,"image":{"@id":"https:\/\/batijournal.com\/index.php\/re-2020-la-filiere-bois-appelle-des-criteres-plus-ambitieux-pour-la-neutralite-carbone\/105172\/#primaryimage"},"thumbnailUrl":"https:\/\/batijournal.com\/wp-content\/uploads\/2015\/05\/99167124.jpg","keywords":["RE2020"],"articleSection":["A la Une","Actualit\u00e9s","\u00c9nergie &amp; Environnement","zz_Actualit\u00e9s - Plan\u00e8te","zz_Actualit\u00e9s - Woodsurfer","zz_Plan\u00e8te B\u00e2timent","zz_Woodsurfer"],"inLanguage":"fr-FR"},{"@type":"WebPage","@id":"https:\/\/batijournal.com\/index.php\/re-2020-la-filiere-bois-appelle-des-criteres-plus-ambitieux-pour-la-neutralite-carbone\/105172\/","url":"https:\/\/batijournal.com\/index.php\/re-2020-la-filiere-bois-appelle-des-criteres-plus-ambitieux-pour-la-neutralite-carbone\/105172\/","name":"RE 2020 : la fili\u00e8re bois appelle des crit\u00e8res plus ambitieux pour la neutralit\u00e9 carbone","isPartOf":{"@id":"https:\/\/batijournal.com\/#website"},"primaryImageOfPage":{"@id":"https:\/\/batijournal.com\/index.php\/re-2020-la-filiere-bois-appelle-des-criteres-plus-ambitieux-pour-la-neutralite-carbone\/105172\/#primaryimage"},"image":{"@id":"https:\/\/batijournal.com\/index.php\/re-2020-la-filiere-bois-appelle-des-criteres-plus-ambitieux-pour-la-neutralite-carbone\/105172\/#primaryimage"},"thumbnailUrl":"https:\/\/batijournal.com\/wp-content\/uploads\/2015\/05\/99167124.jpg","datePublished":"2020-11-20T06:25:03+00:00","author":{"@id":"https:\/\/batijournal.com\/#\/schema\/person\/1dc96ec6957aa1ccb25ebe78bb19f100"},"breadcrumb":{"@id":"https:\/\/batijournal.com\/index.php\/re-2020-la-filiere-bois-appelle-des-criteres-plus-ambitieux-pour-la-neutralite-carbone\/105172\/#breadcrumb"},"inLanguage":"fr-FR","potentialAction":[{"@type":"ReadAction","target":["https:\/\/batijournal.com\/index.php\/re-2020-la-filiere-bois-appelle-des-criteres-plus-ambitieux-pour-la-neutralite-carbone\/105172\/"]}]},{"@type":"ImageObject","inLanguage":"fr-FR","@id":"https:\/\/batijournal.com\/index.php\/re-2020-la-filiere-bois-appelle-des-criteres-plus-ambitieux-pour-la-neutralite-carbone\/105172\/#primaryimage","url":"https:\/\/batijournal.com\/wp-content\/uploads\/2015\/05\/99167124.jpg","contentUrl":"https:\/\/batijournal.com\/wp-content\/uploads\/2015\/05\/99167124.jpg","width":600,"height":296,"caption":"label-transition-energetique-et-ecologique-pour-le-climat"},{"@type":"BreadcrumbList","@id":"https:\/\/batijournal.com\/index.php\/re-2020-la-filiere-bois-appelle-des-criteres-plus-ambitieux-pour-la-neutralite-carbone\/105172\/#breadcrumb","itemListElement":[{"@type":"ListItem","position":1,"name":"Accueil","item":"https:\/\/batijournal.com\/"},{"@type":"ListItem","position":2,"name":"Actualit\u00e9s","item":"https:\/\/batijournal.com\/index.php\/category\/actualites\/"},{"@type":"ListItem","position":3,"name":"\u00c9nergie &amp; Environnement","item":"https:\/\/batijournal.com\/index.php\/category\/actualites\/energie-environnement\/"},{"@type":"ListItem","position":4,"name":"RE 2020 : la fili\u00e8re bois appelle des crit\u00e8res plus ambitieux pour la neutralit\u00e9 carbone"}]},{"@type":"WebSite","@id":"https:\/\/batijournal.com\/#website","url":"https:\/\/batijournal.com\/","name":"Batijournal","description":"L&#039;actualit\u00e9 du b\u00e2timent","potentialAction":[{"@type":"SearchAction","target":{"@type":"EntryPoint","urlTemplate":"https:\/\/batijournal.com\/?s={search_term_string}"},"query-input":{"@type":"PropertyValueSpecification","valueRequired":true,"valueName":"search_term_string"}}],"inLanguage":"fr-FR"},{"@type":"Person","@id":"https:\/\/batijournal.com\/#\/schema\/person\/1dc96ec6957aa1ccb25ebe78bb19f100","name":"St\u00e9phane Miget","image":{"@type":"ImageObject","inLanguage":"fr-FR","@id":"https:\/\/secure.gravatar.com\/avatar\/89915563d925342126b8ef0281b93d9d7fc337043e8df017f780908eb9644451?s=96&d=mm&r=g","url":"https:\/\/secure.gravatar.com\/avatar\/89915563d925342126b8ef0281b93d9d7fc337043e8df017f780908eb9644451?s=96&d=mm&r=g","contentUrl":"https:\/\/secure.gravatar.com\/avatar\/89915563d925342126b8ef0281b93d9d7fc337043e8df017f780908eb9644451?s=96&d=mm&r=g","caption":"St\u00e9phane Miget"},"url":"https:\/\/batijournal.com\/index.php\/author\/stephane\/"}]}},"_links":{"self":[{"href":"https:\/\/batijournal.com\/index.php\/wp-json\/wp\/v2\/posts\/105172","targetHints":{"allow":["GET"]}}],"collection":[{"href":"https:\/\/batijournal.com\/index.php\/wp-json\/wp\/v2\/posts"}],"about":[{"href":"https:\/\/batijournal.com\/index.php\/wp-json\/wp\/v2\/types\/post"}],"author":[{"embeddable":true,"href":"https:\/\/batijournal.com\/index.php\/wp-json\/wp\/v2\/users\/17"}],"replies":[{"embeddable":true,"href":"https:\/\/batijournal.com\/index.php\/wp-json\/wp\/v2\/comments?post=105172"}],"version-history":[{"count":0,"href":"https:\/\/batijournal.com\/index.php\/wp-json\/wp\/v2\/posts\/105172\/revisions"}],"wp:featuredmedia":[{"embeddable":true,"href":"https:\/\/batijournal.com\/index.php\/wp-json\/wp\/v2\/media\/87064"}],"wp:attachment":[{"href":"https:\/\/batijournal.com\/index.php\/wp-json\/wp\/v2\/media?parent=105172"}],"wp:term":[{"taxonomy":"category","embeddable":true,"href":"https:\/\/batijournal.com\/index.php\/wp-json\/wp\/v2\/categories?post=105172"},{"taxonomy":"post_tag","embeddable":true,"href":"https:\/\/batijournal.com\/index.php\/wp-json\/wp\/v2\/tags?post=105172"}],"curies":[{"name":"wp","href":"https:\/\/api.w.org\/{rel}","templated":true}]}}