{"id":105179,"date":"2020-11-24T08:56:25","date_gmt":"2020-11-24T07:56:25","guid":{"rendered":"https:\/\/batijournal.com\/?p=105179"},"modified":"2020-11-24T08:56:25","modified_gmt":"2020-11-24T07:56:25","slug":"lelectricite-renouvelable-continue-sa-progression","status":"publish","type":"post","link":"https:\/\/batijournal.com\/index.php\/lelectricite-renouvelable-continue-sa-progression\/105179\/","title":{"rendered":"L\u2019\u00e9lectricit\u00e9 renouvelable continue sa progression"},"content":{"rendered":"<p>Selon le dernier Panorama de l\u2019\u00e9lectricit\u00e9 renouvelable, la puissance totale du parc \u00e9lectrique EnR (\u00e9olien, solaire, hydro\u00e9lectricit\u00e9 et bio\u00e9nergies) s\u2019\u00e9l\u00e8ve, fin septembre 2020, \u00e0 55 314 MW, elle est en hausse de 2 385 MW sur les douze derniers mois. Sur le troisi\u00e8me trimestre 2020, 604 MW de nouvelles installations ont \u00e9t\u00e9 raccord\u00e9s aux r\u00e9seaux d\u2019\u00e9lectricit\u00e9 m\u00e9tropolitains, les fili\u00e8res \u00e9olienne et solaire comptant respectivement pour 312 MW et pour 283 MW. Les \u00e9nergies renouvelables ont particip\u00e9 \u00e0 hauteur de 24,2 % \u00e0 la couverture de la consommation d\u2019\u00e9lectricit\u00e9 de France m\u00e9tropolitaine au cours du troisi\u00e8me trimestre 2020 (et 27,3 % sur les douze derniers mois) en produisant 23,4 TWh d\u2019\u00e9lectricit\u00e9 renouvelable, chiffre en hausse de 7,2 % par rapport au m\u00eame trimestre de l\u2019ann\u00e9e derni\u00e8re. Ce, dans un contexte o\u00f9 la consommation \u00e9lectrique au troisi\u00e8me trimestre a rebondi par rapport au deuxi\u00e8me trimestre marqu\u00e9 par la crise sanitaire, tout en restant en baisse par rapport \u00e0 celle du troisi\u00e8me trimestre 2019 (- 1,7 TWh).<\/p>\n<p>Afin de r\u00e9pondre aux objectifs de la transition \u00e9nerg\u00e9tique de porter \u00e0 40 % la part des \u00e9nergies renouvelables dans le mix \u00e9lectrique en 2030, les r\u00e9seaux de transport et de distribution continuent d\u2019\u00e9voluer pour permettre l\u2019int\u00e9gration de la production d\u2019\u00e9lectricit\u00e9 renouvelable, tout en garantissant la s\u00e9curit\u00e9 et la s\u00fbret\u00e9 du syst\u00e8me \u00e9lectrique, ainsi que la qualit\u00e9 d\u2019alimentation des consommateurs.<\/p>\n<p>Source : Panorama de l\u2019\u00e9lectricit\u00e9 renouvelable au 30 septembre 2020, \u00e9labor\u00e9 chaque trimestre par le Syndicat des \u00e9nergies renouvelables (SER), l\u2019Agence ORE (Op\u00e9rateurs de R\u00e9seaux d\u2019Energie), l\u2019Association des distributeurs d\u2019\u00e9lectricit\u00e9 en France (ADEeF), Enedis et RTE.<\/p>\n","protected":false},"excerpt":{"rendered":"<p>Selon le dernier Panorama de l\u2019\u00e9lectricit\u00e9 renouvelable, la puissance totale du parc \u00e9lectrique EnR (\u00e9olien, solaire, hydro\u00e9lectricit\u00e9 et bio\u00e9nergies) s\u2019\u00e9l\u00e8ve, fin septembre 2020, \u00e0 55 314 MW, elle est en hausse de 2 385 MW sur les douze derniers mois. Sur le troisi\u00e8me trimestre 2020, 604 MW de nouvelles installations ont \u00e9t\u00e9 raccord\u00e9s aux r\u00e9seaux [&hellip;]<\/p>\n","protected":false},"author":17,"featured_media":105180,"comment_status":"closed","ping_status":"closed","sticky":false,"template":"","format":"standard","meta":{"_et_pb_use_builder":"","_et_pb_old_content":"","_et_gb_content_width":"","footnotes":""},"categories":[10530,6351,10781,10778],"tags":[3152],"class_list":["post-105179","post","type-post","status-publish","format-standard","has-post-thumbnail","hentry","category-actualites","category-energie-environnement","category-publications-planete","category-planete","tag-energie-renouvelable"],"yoast_head":"<!-- This site is optimized with the Yoast SEO plugin v27.4 - https:\/\/yoast.com\/product\/yoast-seo-wordpress\/ -->\n<title>L\u2019\u00e9lectricit\u00e9 renouvelable continue sa progression<\/title>\n<meta name=\"robots\" content=\"index, follow, max-snippet:-1, max-image-preview:large, max-video-preview:-1\" \/>\n<link rel=\"canonical\" href=\"https:\/\/batijournal.com\/index.php\/lelectricite-renouvelable-continue-sa-progression\/105179\/\" \/>\n<meta property=\"og:locale\" content=\"fr_FR\" \/>\n<meta property=\"og:type\" content=\"article\" \/>\n<meta property=\"og:title\" content=\"L\u2019\u00e9lectricit\u00e9 renouvelable continue sa progression\" \/>\n<meta property=\"og:description\" content=\"Selon le dernier Panorama de l\u2019\u00e9lectricit\u00e9 renouvelable, la puissance totale du parc \u00e9lectrique EnR (\u00e9olien, solaire, hydro\u00e9lectricit\u00e9 et bio\u00e9nergies) s\u2019\u00e9l\u00e8ve, fin septembre 2020, \u00e0 55 314 MW, elle est en hausse de 2 385 MW sur les douze derniers mois. Sur le troisi\u00e8me trimestre 2020, 604 MW de nouvelles installations ont \u00e9t\u00e9 raccord\u00e9s aux r\u00e9seaux [&hellip;]\" \/>\n<meta property=\"og:url\" content=\"https:\/\/batijournal.com\/index.php\/lelectricite-renouvelable-continue-sa-progression\/105179\/\" \/>\n<meta property=\"og:site_name\" content=\"Batijournal\" \/>\n<meta property=\"article:published_time\" content=\"2020-11-24T07:56:25+00:00\" \/>\n<meta property=\"og:image\" content=\"https:\/\/batijournal.com\/wp-content\/uploads\/2020\/11\/evolution-puissance-electrique-enr.png\" \/>\n\t<meta property=\"og:image:width\" content=\"1160\" \/>\n\t<meta property=\"og:image:height\" content=\"729\" \/>\n\t<meta property=\"og:image:type\" content=\"image\/png\" \/>\n<meta name=\"author\" content=\"St\u00e9phane Miget\" \/>\n<meta name=\"twitter:card\" content=\"summary_large_image\" \/>\n<meta name=\"twitter:creator\" content=\"@bati_journal\" \/>\n<meta name=\"twitter:site\" content=\"@bati_journal\" \/>\n<meta name=\"twitter:label1\" content=\"\u00c9crit par\" \/>\n\t<meta name=\"twitter:data1\" content=\"St\u00e9phane Miget\" \/>\n\t<meta name=\"twitter:label2\" content=\"Dur\u00e9e de lecture estim\u00e9e\" \/>\n\t<meta name=\"twitter:data2\" content=\"1 minute\" \/>\n<script type=\"application\/ld+json\" class=\"yoast-schema-graph\">{\"@context\":\"https:\\\/\\\/schema.org\",\"@graph\":[{\"@type\":\"Article\",\"@id\":\"https:\\\/\\\/batijournal.com\\\/index.php\\\/lelectricite-renouvelable-continue-sa-progression\\\/105179\\\/#article\",\"isPartOf\":{\"@id\":\"https:\\\/\\\/batijournal.com\\\/index.php\\\/lelectricite-renouvelable-continue-sa-progression\\\/105179\\\/\"},\"author\":{\"name\":\"St\u00e9phane Miget\",\"@id\":\"https:\\\/\\\/batijournal.com\\\/#\\\/schema\\\/person\\\/1dc96ec6957aa1ccb25ebe78bb19f100\"},\"headline\":\"L\u2019\u00e9lectricit\u00e9 renouvelable continue sa progression\",\"datePublished\":\"2020-11-24T07:56:25+00:00\",\"mainEntityOfPage\":{\"@id\":\"https:\\\/\\\/batijournal.com\\\/index.php\\\/lelectricite-renouvelable-continue-sa-progression\\\/105179\\\/\"},\"wordCount\":276,\"image\":{\"@id\":\"https:\\\/\\\/batijournal.com\\\/index.php\\\/lelectricite-renouvelable-continue-sa-progression\\\/105179\\\/#primaryimage\"},\"thumbnailUrl\":\"https:\\\/\\\/batijournal.com\\\/wp-content\\\/uploads\\\/2020\\\/11\\\/evolution-puissance-electrique-enr.png\",\"keywords\":[\"\u00e9nergie renouvelable\"],\"articleSection\":[\"Actualit\u00e9s\",\"\u00c9nergie &amp; Environnement\",\"zz_Actualit\u00e9s - Plan\u00e8te\",\"zz_Plan\u00e8te B\u00e2timent\"],\"inLanguage\":\"fr-FR\"},{\"@type\":\"WebPage\",\"@id\":\"https:\\\/\\\/batijournal.com\\\/index.php\\\/lelectricite-renouvelable-continue-sa-progression\\\/105179\\\/\",\"url\":\"https:\\\/\\\/batijournal.com\\\/index.php\\\/lelectricite-renouvelable-continue-sa-progression\\\/105179\\\/\",\"name\":\"L\u2019\u00e9lectricit\u00e9 renouvelable continue sa progression\",\"isPartOf\":{\"@id\":\"https:\\\/\\\/batijournal.com\\\/#website\"},\"primaryImageOfPage\":{\"@id\":\"https:\\\/\\\/batijournal.com\\\/index.php\\\/lelectricite-renouvelable-continue-sa-progression\\\/105179\\\/#primaryimage\"},\"image\":{\"@id\":\"https:\\\/\\\/batijournal.com\\\/index.php\\\/lelectricite-renouvelable-continue-sa-progression\\\/105179\\\/#primaryimage\"},\"thumbnailUrl\":\"https:\\\/\\\/batijournal.com\\\/wp-content\\\/uploads\\\/2020\\\/11\\\/evolution-puissance-electrique-enr.png\",\"datePublished\":\"2020-11-24T07:56:25+00:00\",\"author\":{\"@id\":\"https:\\\/\\\/batijournal.com\\\/#\\\/schema\\\/person\\\/1dc96ec6957aa1ccb25ebe78bb19f100\"},\"breadcrumb\":{\"@id\":\"https:\\\/\\\/batijournal.com\\\/index.php\\\/lelectricite-renouvelable-continue-sa-progression\\\/105179\\\/#breadcrumb\"},\"inLanguage\":\"fr-FR\",\"potentialAction\":[{\"@type\":\"ReadAction\",\"target\":[\"https:\\\/\\\/batijournal.com\\\/index.php\\\/lelectricite-renouvelable-continue-sa-progression\\\/105179\\\/\"]}]},{\"@type\":\"ImageObject\",\"inLanguage\":\"fr-FR\",\"@id\":\"https:\\\/\\\/batijournal.com\\\/index.php\\\/lelectricite-renouvelable-continue-sa-progression\\\/105179\\\/#primaryimage\",\"url\":\"https:\\\/\\\/batijournal.com\\\/wp-content\\\/uploads\\\/2020\\\/11\\\/evolution-puissance-electrique-enr.png\",\"contentUrl\":\"https:\\\/\\\/batijournal.com\\\/wp-content\\\/uploads\\\/2020\\\/11\\\/evolution-puissance-electrique-enr.png\",\"width\":1160,\"height\":729},{\"@type\":\"BreadcrumbList\",\"@id\":\"https:\\\/\\\/batijournal.com\\\/index.php\\\/lelectricite-renouvelable-continue-sa-progression\\\/105179\\\/#breadcrumb\",\"itemListElement\":[{\"@type\":\"ListItem\",\"position\":1,\"name\":\"Accueil\",\"item\":\"https:\\\/\\\/batijournal.com\\\/\"},{\"@type\":\"ListItem\",\"position\":2,\"name\":\"Actualit\u00e9s\",\"item\":\"https:\\\/\\\/batijournal.com\\\/index.php\\\/category\\\/actualites\\\/\"},{\"@type\":\"ListItem\",\"position\":3,\"name\":\"\u00c9nergie &amp; Environnement\",\"item\":\"https:\\\/\\\/batijournal.com\\\/index.php\\\/category\\\/actualites\\\/energie-environnement\\\/\"},{\"@type\":\"ListItem\",\"position\":4,\"name\":\"L\u2019\u00e9lectricit\u00e9 renouvelable continue sa progression\"}]},{\"@type\":\"WebSite\",\"@id\":\"https:\\\/\\\/batijournal.com\\\/#website\",\"url\":\"https:\\\/\\\/batijournal.com\\\/\",\"name\":\"Batijournal\",\"description\":\"L&#039;actualit\u00e9 du b\u00e2timent\",\"potentialAction\":[{\"@type\":\"SearchAction\",\"target\":{\"@type\":\"EntryPoint\",\"urlTemplate\":\"https:\\\/\\\/batijournal.com\\\/?s={search_term_string}\"},\"query-input\":{\"@type\":\"PropertyValueSpecification\",\"valueRequired\":true,\"valueName\":\"search_term_string\"}}],\"inLanguage\":\"fr-FR\"},{\"@type\":\"Person\",\"@id\":\"https:\\\/\\\/batijournal.com\\\/#\\\/schema\\\/person\\\/1dc96ec6957aa1ccb25ebe78bb19f100\",\"name\":\"St\u00e9phane Miget\",\"image\":{\"@type\":\"ImageObject\",\"inLanguage\":\"fr-FR\",\"@id\":\"https:\\\/\\\/secure.gravatar.com\\\/avatar\\\/89915563d925342126b8ef0281b93d9d7fc337043e8df017f780908eb9644451?s=96&d=mm&r=g\",\"url\":\"https:\\\/\\\/secure.gravatar.com\\\/avatar\\\/89915563d925342126b8ef0281b93d9d7fc337043e8df017f780908eb9644451?s=96&d=mm&r=g\",\"contentUrl\":\"https:\\\/\\\/secure.gravatar.com\\\/avatar\\\/89915563d925342126b8ef0281b93d9d7fc337043e8df017f780908eb9644451?s=96&d=mm&r=g\",\"caption\":\"St\u00e9phane Miget\"},\"url\":\"https:\\\/\\\/batijournal.com\\\/index.php\\\/author\\\/stephane\\\/\"}]}<\/script>\n<!-- \/ Yoast SEO plugin. -->","yoast_head_json":{"title":"L\u2019\u00e9lectricit\u00e9 renouvelable continue sa progression","robots":{"index":"index","follow":"follow","max-snippet":"max-snippet:-1","max-image-preview":"max-image-preview:large","max-video-preview":"max-video-preview:-1"},"canonical":"https:\/\/batijournal.com\/index.php\/lelectricite-renouvelable-continue-sa-progression\/105179\/","og_locale":"fr_FR","og_type":"article","og_title":"L\u2019\u00e9lectricit\u00e9 renouvelable continue sa progression","og_description":"Selon le dernier Panorama de l\u2019\u00e9lectricit\u00e9 renouvelable, la puissance totale du parc \u00e9lectrique EnR (\u00e9olien, solaire, hydro\u00e9lectricit\u00e9 et bio\u00e9nergies) s\u2019\u00e9l\u00e8ve, fin septembre 2020, \u00e0 55 314 MW, elle est en hausse de 2 385 MW sur les douze derniers mois. Sur le troisi\u00e8me trimestre 2020, 604 MW de nouvelles installations ont \u00e9t\u00e9 raccord\u00e9s aux r\u00e9seaux [&hellip;]","og_url":"https:\/\/batijournal.com\/index.php\/lelectricite-renouvelable-continue-sa-progression\/105179\/","og_site_name":"Batijournal","article_published_time":"2020-11-24T07:56:25+00:00","og_image":[{"width":1160,"height":729,"url":"https:\/\/batijournal.com\/wp-content\/uploads\/2020\/11\/evolution-puissance-electrique-enr.png","type":"image\/png"}],"author":"St\u00e9phane Miget","twitter_card":"summary_large_image","twitter_creator":"@bati_journal","twitter_site":"@bati_journal","twitter_misc":{"\u00c9crit par":"St\u00e9phane Miget","Dur\u00e9e de lecture estim\u00e9e":"1 minute"},"schema":{"@context":"https:\/\/schema.org","@graph":[{"@type":"Article","@id":"https:\/\/batijournal.com\/index.php\/lelectricite-renouvelable-continue-sa-progression\/105179\/#article","isPartOf":{"@id":"https:\/\/batijournal.com\/index.php\/lelectricite-renouvelable-continue-sa-progression\/105179\/"},"author":{"name":"St\u00e9phane Miget","@id":"https:\/\/batijournal.com\/#\/schema\/person\/1dc96ec6957aa1ccb25ebe78bb19f100"},"headline":"L\u2019\u00e9lectricit\u00e9 renouvelable continue sa progression","datePublished":"2020-11-24T07:56:25+00:00","mainEntityOfPage":{"@id":"https:\/\/batijournal.com\/index.php\/lelectricite-renouvelable-continue-sa-progression\/105179\/"},"wordCount":276,"image":{"@id":"https:\/\/batijournal.com\/index.php\/lelectricite-renouvelable-continue-sa-progression\/105179\/#primaryimage"},"thumbnailUrl":"https:\/\/batijournal.com\/wp-content\/uploads\/2020\/11\/evolution-puissance-electrique-enr.png","keywords":["\u00e9nergie renouvelable"],"articleSection":["Actualit\u00e9s","\u00c9nergie &amp; Environnement","zz_Actualit\u00e9s - Plan\u00e8te","zz_Plan\u00e8te B\u00e2timent"],"inLanguage":"fr-FR"},{"@type":"WebPage","@id":"https:\/\/batijournal.com\/index.php\/lelectricite-renouvelable-continue-sa-progression\/105179\/","url":"https:\/\/batijournal.com\/index.php\/lelectricite-renouvelable-continue-sa-progression\/105179\/","name":"L\u2019\u00e9lectricit\u00e9 renouvelable continue sa progression","isPartOf":{"@id":"https:\/\/batijournal.com\/#website"},"primaryImageOfPage":{"@id":"https:\/\/batijournal.com\/index.php\/lelectricite-renouvelable-continue-sa-progression\/105179\/#primaryimage"},"image":{"@id":"https:\/\/batijournal.com\/index.php\/lelectricite-renouvelable-continue-sa-progression\/105179\/#primaryimage"},"thumbnailUrl":"https:\/\/batijournal.com\/wp-content\/uploads\/2020\/11\/evolution-puissance-electrique-enr.png","datePublished":"2020-11-24T07:56:25+00:00","author":{"@id":"https:\/\/batijournal.com\/#\/schema\/person\/1dc96ec6957aa1ccb25ebe78bb19f100"},"breadcrumb":{"@id":"https:\/\/batijournal.com\/index.php\/lelectricite-renouvelable-continue-sa-progression\/105179\/#breadcrumb"},"inLanguage":"fr-FR","potentialAction":[{"@type":"ReadAction","target":["https:\/\/batijournal.com\/index.php\/lelectricite-renouvelable-continue-sa-progression\/105179\/"]}]},{"@type":"ImageObject","inLanguage":"fr-FR","@id":"https:\/\/batijournal.com\/index.php\/lelectricite-renouvelable-continue-sa-progression\/105179\/#primaryimage","url":"https:\/\/batijournal.com\/wp-content\/uploads\/2020\/11\/evolution-puissance-electrique-enr.png","contentUrl":"https:\/\/batijournal.com\/wp-content\/uploads\/2020\/11\/evolution-puissance-electrique-enr.png","width":1160,"height":729},{"@type":"BreadcrumbList","@id":"https:\/\/batijournal.com\/index.php\/lelectricite-renouvelable-continue-sa-progression\/105179\/#breadcrumb","itemListElement":[{"@type":"ListItem","position":1,"name":"Accueil","item":"https:\/\/batijournal.com\/"},{"@type":"ListItem","position":2,"name":"Actualit\u00e9s","item":"https:\/\/batijournal.com\/index.php\/category\/actualites\/"},{"@type":"ListItem","position":3,"name":"\u00c9nergie &amp; Environnement","item":"https:\/\/batijournal.com\/index.php\/category\/actualites\/energie-environnement\/"},{"@type":"ListItem","position":4,"name":"L\u2019\u00e9lectricit\u00e9 renouvelable continue sa progression"}]},{"@type":"WebSite","@id":"https:\/\/batijournal.com\/#website","url":"https:\/\/batijournal.com\/","name":"Batijournal","description":"L&#039;actualit\u00e9 du b\u00e2timent","potentialAction":[{"@type":"SearchAction","target":{"@type":"EntryPoint","urlTemplate":"https:\/\/batijournal.com\/?s={search_term_string}"},"query-input":{"@type":"PropertyValueSpecification","valueRequired":true,"valueName":"search_term_string"}}],"inLanguage":"fr-FR"},{"@type":"Person","@id":"https:\/\/batijournal.com\/#\/schema\/person\/1dc96ec6957aa1ccb25ebe78bb19f100","name":"St\u00e9phane Miget","image":{"@type":"ImageObject","inLanguage":"fr-FR","@id":"https:\/\/secure.gravatar.com\/avatar\/89915563d925342126b8ef0281b93d9d7fc337043e8df017f780908eb9644451?s=96&d=mm&r=g","url":"https:\/\/secure.gravatar.com\/avatar\/89915563d925342126b8ef0281b93d9d7fc337043e8df017f780908eb9644451?s=96&d=mm&r=g","contentUrl":"https:\/\/secure.gravatar.com\/avatar\/89915563d925342126b8ef0281b93d9d7fc337043e8df017f780908eb9644451?s=96&d=mm&r=g","caption":"St\u00e9phane Miget"},"url":"https:\/\/batijournal.com\/index.php\/author\/stephane\/"}]}},"_links":{"self":[{"href":"https:\/\/batijournal.com\/index.php\/wp-json\/wp\/v2\/posts\/105179","targetHints":{"allow":["GET"]}}],"collection":[{"href":"https:\/\/batijournal.com\/index.php\/wp-json\/wp\/v2\/posts"}],"about":[{"href":"https:\/\/batijournal.com\/index.php\/wp-json\/wp\/v2\/types\/post"}],"author":[{"embeddable":true,"href":"https:\/\/batijournal.com\/index.php\/wp-json\/wp\/v2\/users\/17"}],"replies":[{"embeddable":true,"href":"https:\/\/batijournal.com\/index.php\/wp-json\/wp\/v2\/comments?post=105179"}],"version-history":[{"count":0,"href":"https:\/\/batijournal.com\/index.php\/wp-json\/wp\/v2\/posts\/105179\/revisions"}],"wp:featuredmedia":[{"embeddable":true,"href":"https:\/\/batijournal.com\/index.php\/wp-json\/wp\/v2\/media\/105180"}],"wp:attachment":[{"href":"https:\/\/batijournal.com\/index.php\/wp-json\/wp\/v2\/media?parent=105179"}],"wp:term":[{"taxonomy":"category","embeddable":true,"href":"https:\/\/batijournal.com\/index.php\/wp-json\/wp\/v2\/categories?post=105179"},{"taxonomy":"post_tag","embeddable":true,"href":"https:\/\/batijournal.com\/index.php\/wp-json\/wp\/v2\/tags?post=105179"}],"curies":[{"name":"wp","href":"https:\/\/api.w.org\/{rel}","templated":true}]}}