{"id":105187,"date":"2020-11-24T13:56:20","date_gmt":"2020-11-24T12:56:20","guid":{"rendered":"https:\/\/batijournal.com\/?p=105187"},"modified":"2020-11-24T13:56:20","modified_gmt":"2020-11-24T12:56:20","slug":"annonces-ministerielles-un-label-et-une-re2020-qui-se-developpera-en-3-phases-entre-2021-et-2030","status":"publish","type":"post","link":"https:\/\/batijournal.com\/index.php\/annonces-ministerielles-un-label-et-une-re2020-qui-se-developpera-en-3-phases-entre-2021-et-2030\/105187\/","title":{"rendered":"Annonces minist\u00e9rielles : Un label et une RE2020 qui se d\u00e9veloppera en 3 phases, entre 2021 et 2030"},"content":{"rendered":"<p><strong>Barbara Pompili, ministre de la Transition \u00e9cologique et Emmanuelle Wargon, ministre d\u00e9l\u00e9gu\u00e9e aupr\u00e8s de la ministre de la Transition \u00e9cologique, charg\u00e9e du Logement, ont pr\u00e9sent\u00e9 ce 24 novembre 2020, la nouvelle r\u00e9glementation environnementale 2020. Cette nouvelle r\u00e9glementation, qui viendra remplacer la RT2012, \u00e9merge de la volont\u00e9 de l\u2019\u00c9tat et du dialogue avec les acteurs qui ont d\u00e9cid\u00e9 d\u2019agir collectivement pour r\u00e9duire les \u00e9missions du b\u00e2timent. Dans cette r\u00e9glementation, l\u2019\u00c9tat et les acteurs du secteur ont d\u00e9cid\u00e9 de prendre en compte non seulement les consommations d\u2019\u00e9nergie, mais aussi les \u00e9missions de carbone, y compris celles li\u00e9es \u00e0 la phase de construction du b\u00e2timent.<\/strong><\/p>\n<p>La RT2012 s\u2019\u00e9tait grandement inspir\u00e9e d\u2019une exp\u00e9rimentation qui l\u2019a pr\u00e9c\u00e9d\u00e9e, \u00e0 travers le label b\u00e2timent basse consommation (BBC). Introduit d\u00e8s 2007, le label BBC, qui \u00e9largissait la RT2005 et permettait d\u2019envisager une nouvelle r\u00e9glementation plus ambitieuse, avait concern\u00e9 plus de 100 000 b\u00e2timents au moment o\u00f9 la RT2012 est entr\u00e9e en vigueur. De la m\u00eame mani\u00e8re, l\u2019\u00c9tat a lanc\u00e9 en 2017 l\u2019exp\u00e9rimentation E+\/C-, pour caract\u00e9riser les b\u00e2timents \u00e0 la fois sobres en \u00e9nergie et en carbone, servant ainsi de point de d\u00e9part pour \u00e9laborer la RE2020. Pour la premi\u00e8re fois, les acteurs de la construction ont pu travailler sur un indicateur carbone en cycle de vie, ce qui a permis de calibrer la r\u00e9glementation environnementale.<\/p>\n<p>Le Gouvernement a choisi que la RE2020, en coh\u00e9rence avec la strat\u00e9gie nationale bas-carbone, dessine une trajectoire progressive, notamment concernant les exigences constructives li\u00e9es \u00e0 la diminution de l\u2019empreinte carbone. Tout d\u2019abord, dans la lign\u00e9e des r\u00e9glementations thermiques pr\u00e9c\u00e9dentes, il s\u2019agit de poursuivre la baisse des consommations des b\u00e2timents neufs, car la meilleure \u00e9nergie est celle qu\u2019on ne consomme pas. La RE2020 sera plus exigeante que la RT2012, en particulier sur la performance de l\u2019isolation quel que soit le mode de chauffage install\u00e9, gr\u00e2ce au renforcement de l\u2019indicateur de besoin bioclimatique (dit Bbio), que la RT2012 mettait peu en avant. Une fois les besoins en \u00e9nergie r\u00e9duits, il est aussi essentiel que cette \u00e9nergie soit la plus d\u00e9carbon\u00e9e possible, notamment \u00e0 travers le recours \u00e0 la chaleur renouvelable (pompe \u00e0 chaleur, biomasse, etc.). \u00c0 ce titre, les exigences de la RE2020 vont entra\u00eener la disparition progressive du chauffage utilisant des \u00e9nergies fossiles dans les logements. Elles m\u00e8neront \u00e9galement \u00e0 ne plus avoir recours \u00e0 des modes de chauffage \u00e9lectriques peu efficaces (radiateurs \u00e0 effet Joule). \u00c0 l\u2019inverse, les modes de chauffage \u00e9lectrique performants (pompes \u00e0 chaleur) et \u00e0 partir de chaleur renouvelable seront syst\u00e9matis\u00e9s.<br \/>\nIl s\u2019agit aussi de diminuer l\u2019impact sur le climat des b\u00e2timents neufs, en prenant en compte l\u2019ensemble des \u00e9missions du b\u00e2timent sur son cycle de vie, d\u00e8s la construction. En effet, pour des b\u00e2timents \u00e9nerg\u00e9tiquement performants, comme ceux construits selon la RT2012, l\u2019essentiel de l\u2019empreinte carbone est li\u00e9 aux phases de construction et d\u00e9molition, qui repr\u00e9sentent entre 60 et 90% de l\u2019impact carbone total calcul\u00e9 sur une dur\u00e9e de 50 ans. Les exigences visant \u00e0 limiter ces impacts permettront d\u2019encourager puis de syst\u00e9matiser les modes constructifs qui \u00e9mettent peu de gaz \u00e0 effet de serre. Cela signifie notamment construire plus souvent puis syst\u00e9matiquement avec du bois et des mat\u00e9riaux biosourc\u00e9s, qui stockent le carbone pendant la dur\u00e9e de vie du b\u00e2timent. \u00c0 travers ces exigences, c\u2019est une transformation profonde de la mani\u00e8re de construire qui s\u2019engage et qui mobilisera l\u2019ensemble de la fili\u00e8re du b\u00e2timent pendant les mois et ann\u00e9es \u00e0 venir.<br \/>\nLe Gouvernement souhaite assurer que les b\u00e2timents de demain seront adapt\u00e9s au changement climatique et seront confortables lors des vagues de chaleur. Les b\u00e2timents devront en effet mieux r\u00e9sister aux \u00e9pisodes de canicule, d\u00e9j\u00e0 courants et qui seront encore plus fr\u00e9quents et intenses \u00e0 l\u2019avenir. Alors que l\u2019inconfort l\u2019\u00e9t\u00e9 est un d\u00e9faut souvent relev\u00e9 de nombreux b\u00e2timents construits selon la RT2012, la r\u00e9glementation RE2020 imposera une exigence sp\u00e9cifique.<br \/>\nLa RE2020 introduit une \u00e9volution m\u00e9thodologique majeure qui place la France \u00e0 la pointe mondiale de la r\u00e9glementation environnementale des b\u00e2timents : la prise en compte de l\u2019impact carbone sur l\u2019ensemble du cycle de vie du b\u00e2timent, y compris ses phases de construction et de d\u00e9molition. Surtout, l\u2019ensemble des nouvelles exigences engage une transformation profonde des types de b\u00e2timents et modes de construction, notamment avec la disparition progressive du chauffage exclusivement au gaz et la mont\u00e9e en puissance rapide des syst\u00e8mes constructifs bas-carbone, notamment bois et biosourc\u00e9s. Pour cette raison, le Gouvernement a choisi d\u2019inscrire la RE2020 dans le temps long, en fixant un cap clair et une trajectoire progressive : la r\u00e9glementation sera progressivement de plus en plus exigeante, depuis son entr\u00e9e en vigueur en 2021, jusqu\u2019\u00e0 2030 avec trois jalons pr\u00e9vus en 2024, 2027 et 2030 qui constituent autant de marches de rehaussement des exigences.<br \/>\nEn parall\u00e8le, un label d\u2019\u00c9tat, qui sera cr\u00e9\u00e9 dans la foul\u00e9e de la RE2020, permettra \u00e0 ceux qui le souhaitent, ma\u00eetres d\u2019ouvrage publics ou priv\u00e9s, d\u2019anticiper les futures exigences de la RE2020, de montrer l\u2019exemple et de pr\u00e9figurer les b\u00e2timents d\u2019apr\u00e8s-demain.<\/p>\n","protected":false},"excerpt":{"rendered":"<p>Barbara Pompili, ministre de la Transition \u00e9cologique et Emmanuelle Wargon, ministre d\u00e9l\u00e9gu\u00e9e aupr\u00e8s de la ministre de la Transition \u00e9cologique, charg\u00e9e du Logement, ont pr\u00e9sent\u00e9 ce 24 novembre 2020, la nouvelle r\u00e9glementation environnementale 2020. Cette nouvelle r\u00e9glementation, qui viendra remplacer la RT2012, \u00e9merge de la volont\u00e9 de l\u2019\u00c9tat et du dialogue avec les acteurs qui [&hellip;]<\/p>\n","protected":false},"author":17,"featured_media":103960,"comment_status":"closed","ping_status":"closed","sticky":false,"template":"","format":"standard","meta":{"_et_pb_use_builder":"","_et_pb_old_content":"","_et_gb_content_width":"","footnotes":""},"categories":[10736,10530,6351,10781,10778],"tags":[12769],"class_list":["post-105187","post","type-post","status-publish","format-standard","has-post-thumbnail","hentry","category-a-la-une","category-actualites","category-energie-environnement","category-publications-planete","category-planete","tag-re2020"],"yoast_head":"<!-- This site is optimized with the Yoast SEO plugin v27.4 - https:\/\/yoast.com\/product\/yoast-seo-wordpress\/ -->\n<title>Annonces minist\u00e9rielles : Un label et une RE2020 qui se d\u00e9veloppera en 3 phases, entre 2021 et 2030<\/title>\n<meta name=\"robots\" content=\"index, follow, max-snippet:-1, max-image-preview:large, max-video-preview:-1\" \/>\n<link rel=\"canonical\" href=\"https:\/\/batijournal.com\/index.php\/annonces-ministerielles-un-label-et-une-re2020-qui-se-developpera-en-3-phases-entre-2021-et-2030\/105187\/\" \/>\n<meta property=\"og:locale\" content=\"fr_FR\" \/>\n<meta property=\"og:type\" content=\"article\" \/>\n<meta property=\"og:title\" content=\"Annonces minist\u00e9rielles : Un label et une RE2020 qui se d\u00e9veloppera en 3 phases, entre 2021 et 2030\" \/>\n<meta property=\"og:description\" content=\"Barbara Pompili, ministre de la Transition \u00e9cologique et Emmanuelle Wargon, ministre d\u00e9l\u00e9gu\u00e9e aupr\u00e8s de la ministre de la Transition \u00e9cologique, charg\u00e9e du Logement, ont pr\u00e9sent\u00e9 ce 24 novembre 2020, la nouvelle r\u00e9glementation environnementale 2020. Cette nouvelle r\u00e9glementation, qui viendra remplacer la RT2012, \u00e9merge de la volont\u00e9 de l\u2019\u00c9tat et du dialogue avec les acteurs qui [&hellip;]\" \/>\n<meta property=\"og:url\" content=\"https:\/\/batijournal.com\/index.php\/annonces-ministerielles-un-label-et-une-re2020-qui-se-developpera-en-3-phases-entre-2021-et-2030\/105187\/\" \/>\n<meta property=\"og:site_name\" content=\"Batijournal\" \/>\n<meta property=\"article:published_time\" content=\"2020-11-24T12:56:20+00:00\" \/>\n<meta property=\"og:image\" content=\"https:\/\/batijournal.com\/wp-content\/uploads\/2020\/03\/chantier-batiment.jpg\" \/>\n\t<meta property=\"og:image:width\" content=\"1200\" \/>\n\t<meta property=\"og:image:height\" content=\"757\" \/>\n\t<meta property=\"og:image:type\" content=\"image\/jpeg\" \/>\n<meta name=\"author\" content=\"St\u00e9phane Miget\" \/>\n<meta name=\"twitter:card\" content=\"summary_large_image\" \/>\n<meta name=\"twitter:creator\" content=\"@bati_journal\" \/>\n<meta name=\"twitter:site\" content=\"@bati_journal\" \/>\n<meta name=\"twitter:label1\" content=\"\u00c9crit par\" \/>\n\t<meta name=\"twitter:data1\" content=\"St\u00e9phane Miget\" \/>\n\t<meta name=\"twitter:label2\" content=\"Dur\u00e9e de lecture estim\u00e9e\" \/>\n\t<meta name=\"twitter:data2\" content=\"5 minutes\" \/>\n<script type=\"application\/ld+json\" class=\"yoast-schema-graph\">{\"@context\":\"https:\\\/\\\/schema.org\",\"@graph\":[{\"@type\":\"Article\",\"@id\":\"https:\\\/\\\/batijournal.com\\\/index.php\\\/annonces-ministerielles-un-label-et-une-re2020-qui-se-developpera-en-3-phases-entre-2021-et-2030\\\/105187\\\/#article\",\"isPartOf\":{\"@id\":\"https:\\\/\\\/batijournal.com\\\/index.php\\\/annonces-ministerielles-un-label-et-une-re2020-qui-se-developpera-en-3-phases-entre-2021-et-2030\\\/105187\\\/\"},\"author\":{\"name\":\"St\u00e9phane Miget\",\"@id\":\"https:\\\/\\\/batijournal.com\\\/#\\\/schema\\\/person\\\/1dc96ec6957aa1ccb25ebe78bb19f100\"},\"headline\":\"Annonces minist\u00e9rielles : Un label et une RE2020 qui se d\u00e9veloppera en 3 phases, entre 2021 et 2030\",\"datePublished\":\"2020-11-24T12:56:20+00:00\",\"mainEntityOfPage\":{\"@id\":\"https:\\\/\\\/batijournal.com\\\/index.php\\\/annonces-ministerielles-un-label-et-une-re2020-qui-se-developpera-en-3-phases-entre-2021-et-2030\\\/105187\\\/\"},\"wordCount\":933,\"image\":{\"@id\":\"https:\\\/\\\/batijournal.com\\\/index.php\\\/annonces-ministerielles-un-label-et-une-re2020-qui-se-developpera-en-3-phases-entre-2021-et-2030\\\/105187\\\/#primaryimage\"},\"thumbnailUrl\":\"https:\\\/\\\/batijournal.com\\\/wp-content\\\/uploads\\\/2020\\\/03\\\/chantier-batiment.jpg\",\"keywords\":[\"RE2020\"],\"articleSection\":[\"A la Une\",\"Actualit\u00e9s\",\"\u00c9nergie &amp; Environnement\",\"zz_Actualit\u00e9s - Plan\u00e8te\",\"zz_Plan\u00e8te B\u00e2timent\"],\"inLanguage\":\"fr-FR\"},{\"@type\":\"WebPage\",\"@id\":\"https:\\\/\\\/batijournal.com\\\/index.php\\\/annonces-ministerielles-un-label-et-une-re2020-qui-se-developpera-en-3-phases-entre-2021-et-2030\\\/105187\\\/\",\"url\":\"https:\\\/\\\/batijournal.com\\\/index.php\\\/annonces-ministerielles-un-label-et-une-re2020-qui-se-developpera-en-3-phases-entre-2021-et-2030\\\/105187\\\/\",\"name\":\"Annonces minist\u00e9rielles : Un label et une RE2020 qui se d\u00e9veloppera en 3 phases, entre 2021 et 2030\",\"isPartOf\":{\"@id\":\"https:\\\/\\\/batijournal.com\\\/#website\"},\"primaryImageOfPage\":{\"@id\":\"https:\\\/\\\/batijournal.com\\\/index.php\\\/annonces-ministerielles-un-label-et-une-re2020-qui-se-developpera-en-3-phases-entre-2021-et-2030\\\/105187\\\/#primaryimage\"},\"image\":{\"@id\":\"https:\\\/\\\/batijournal.com\\\/index.php\\\/annonces-ministerielles-un-label-et-une-re2020-qui-se-developpera-en-3-phases-entre-2021-et-2030\\\/105187\\\/#primaryimage\"},\"thumbnailUrl\":\"https:\\\/\\\/batijournal.com\\\/wp-content\\\/uploads\\\/2020\\\/03\\\/chantier-batiment.jpg\",\"datePublished\":\"2020-11-24T12:56:20+00:00\",\"author\":{\"@id\":\"https:\\\/\\\/batijournal.com\\\/#\\\/schema\\\/person\\\/1dc96ec6957aa1ccb25ebe78bb19f100\"},\"breadcrumb\":{\"@id\":\"https:\\\/\\\/batijournal.com\\\/index.php\\\/annonces-ministerielles-un-label-et-une-re2020-qui-se-developpera-en-3-phases-entre-2021-et-2030\\\/105187\\\/#breadcrumb\"},\"inLanguage\":\"fr-FR\",\"potentialAction\":[{\"@type\":\"ReadAction\",\"target\":[\"https:\\\/\\\/batijournal.com\\\/index.php\\\/annonces-ministerielles-un-label-et-une-re2020-qui-se-developpera-en-3-phases-entre-2021-et-2030\\\/105187\\\/\"]}]},{\"@type\":\"ImageObject\",\"inLanguage\":\"fr-FR\",\"@id\":\"https:\\\/\\\/batijournal.com\\\/index.php\\\/annonces-ministerielles-un-label-et-une-re2020-qui-se-developpera-en-3-phases-entre-2021-et-2030\\\/105187\\\/#primaryimage\",\"url\":\"https:\\\/\\\/batijournal.com\\\/wp-content\\\/uploads\\\/2020\\\/03\\\/chantier-batiment.jpg\",\"contentUrl\":\"https:\\\/\\\/batijournal.com\\\/wp-content\\\/uploads\\\/2020\\\/03\\\/chantier-batiment.jpg\",\"width\":1200,\"height\":757},{\"@type\":\"BreadcrumbList\",\"@id\":\"https:\\\/\\\/batijournal.com\\\/index.php\\\/annonces-ministerielles-un-label-et-une-re2020-qui-se-developpera-en-3-phases-entre-2021-et-2030\\\/105187\\\/#breadcrumb\",\"itemListElement\":[{\"@type\":\"ListItem\",\"position\":1,\"name\":\"Accueil\",\"item\":\"https:\\\/\\\/batijournal.com\\\/\"},{\"@type\":\"ListItem\",\"position\":2,\"name\":\"Actualit\u00e9s\",\"item\":\"https:\\\/\\\/batijournal.com\\\/index.php\\\/category\\\/actualites\\\/\"},{\"@type\":\"ListItem\",\"position\":3,\"name\":\"\u00c9nergie &amp; Environnement\",\"item\":\"https:\\\/\\\/batijournal.com\\\/index.php\\\/category\\\/actualites\\\/energie-environnement\\\/\"},{\"@type\":\"ListItem\",\"position\":4,\"name\":\"Annonces minist\u00e9rielles : Un label et une RE2020 qui se d\u00e9veloppera en 3 phases, entre 2021 et 2030\"}]},{\"@type\":\"WebSite\",\"@id\":\"https:\\\/\\\/batijournal.com\\\/#website\",\"url\":\"https:\\\/\\\/batijournal.com\\\/\",\"name\":\"Batijournal\",\"description\":\"L&#039;actualit\u00e9 du b\u00e2timent\",\"potentialAction\":[{\"@type\":\"SearchAction\",\"target\":{\"@type\":\"EntryPoint\",\"urlTemplate\":\"https:\\\/\\\/batijournal.com\\\/?s={search_term_string}\"},\"query-input\":{\"@type\":\"PropertyValueSpecification\",\"valueRequired\":true,\"valueName\":\"search_term_string\"}}],\"inLanguage\":\"fr-FR\"},{\"@type\":\"Person\",\"@id\":\"https:\\\/\\\/batijournal.com\\\/#\\\/schema\\\/person\\\/1dc96ec6957aa1ccb25ebe78bb19f100\",\"name\":\"St\u00e9phane Miget\",\"image\":{\"@type\":\"ImageObject\",\"inLanguage\":\"fr-FR\",\"@id\":\"https:\\\/\\\/secure.gravatar.com\\\/avatar\\\/89915563d925342126b8ef0281b93d9d7fc337043e8df017f780908eb9644451?s=96&d=mm&r=g\",\"url\":\"https:\\\/\\\/secure.gravatar.com\\\/avatar\\\/89915563d925342126b8ef0281b93d9d7fc337043e8df017f780908eb9644451?s=96&d=mm&r=g\",\"contentUrl\":\"https:\\\/\\\/secure.gravatar.com\\\/avatar\\\/89915563d925342126b8ef0281b93d9d7fc337043e8df017f780908eb9644451?s=96&d=mm&r=g\",\"caption\":\"St\u00e9phane Miget\"},\"url\":\"https:\\\/\\\/batijournal.com\\\/index.php\\\/author\\\/stephane\\\/\"}]}<\/script>\n<!-- \/ Yoast SEO plugin. -->","yoast_head_json":{"title":"Annonces minist\u00e9rielles : Un label et une RE2020 qui se d\u00e9veloppera en 3 phases, entre 2021 et 2030","robots":{"index":"index","follow":"follow","max-snippet":"max-snippet:-1","max-image-preview":"max-image-preview:large","max-video-preview":"max-video-preview:-1"},"canonical":"https:\/\/batijournal.com\/index.php\/annonces-ministerielles-un-label-et-une-re2020-qui-se-developpera-en-3-phases-entre-2021-et-2030\/105187\/","og_locale":"fr_FR","og_type":"article","og_title":"Annonces minist\u00e9rielles : Un label et une RE2020 qui se d\u00e9veloppera en 3 phases, entre 2021 et 2030","og_description":"Barbara Pompili, ministre de la Transition \u00e9cologique et Emmanuelle Wargon, ministre d\u00e9l\u00e9gu\u00e9e aupr\u00e8s de la ministre de la Transition \u00e9cologique, charg\u00e9e du Logement, ont pr\u00e9sent\u00e9 ce 24 novembre 2020, la nouvelle r\u00e9glementation environnementale 2020. Cette nouvelle r\u00e9glementation, qui viendra remplacer la RT2012, \u00e9merge de la volont\u00e9 de l\u2019\u00c9tat et du dialogue avec les acteurs qui [&hellip;]","og_url":"https:\/\/batijournal.com\/index.php\/annonces-ministerielles-un-label-et-une-re2020-qui-se-developpera-en-3-phases-entre-2021-et-2030\/105187\/","og_site_name":"Batijournal","article_published_time":"2020-11-24T12:56:20+00:00","og_image":[{"width":1200,"height":757,"url":"https:\/\/batijournal.com\/wp-content\/uploads\/2020\/03\/chantier-batiment.jpg","type":"image\/jpeg"}],"author":"St\u00e9phane Miget","twitter_card":"summary_large_image","twitter_creator":"@bati_journal","twitter_site":"@bati_journal","twitter_misc":{"\u00c9crit par":"St\u00e9phane Miget","Dur\u00e9e de lecture estim\u00e9e":"5 minutes"},"schema":{"@context":"https:\/\/schema.org","@graph":[{"@type":"Article","@id":"https:\/\/batijournal.com\/index.php\/annonces-ministerielles-un-label-et-une-re2020-qui-se-developpera-en-3-phases-entre-2021-et-2030\/105187\/#article","isPartOf":{"@id":"https:\/\/batijournal.com\/index.php\/annonces-ministerielles-un-label-et-une-re2020-qui-se-developpera-en-3-phases-entre-2021-et-2030\/105187\/"},"author":{"name":"St\u00e9phane Miget","@id":"https:\/\/batijournal.com\/#\/schema\/person\/1dc96ec6957aa1ccb25ebe78bb19f100"},"headline":"Annonces minist\u00e9rielles : Un label et une RE2020 qui se d\u00e9veloppera en 3 phases, entre 2021 et 2030","datePublished":"2020-11-24T12:56:20+00:00","mainEntityOfPage":{"@id":"https:\/\/batijournal.com\/index.php\/annonces-ministerielles-un-label-et-une-re2020-qui-se-developpera-en-3-phases-entre-2021-et-2030\/105187\/"},"wordCount":933,"image":{"@id":"https:\/\/batijournal.com\/index.php\/annonces-ministerielles-un-label-et-une-re2020-qui-se-developpera-en-3-phases-entre-2021-et-2030\/105187\/#primaryimage"},"thumbnailUrl":"https:\/\/batijournal.com\/wp-content\/uploads\/2020\/03\/chantier-batiment.jpg","keywords":["RE2020"],"articleSection":["A la Une","Actualit\u00e9s","\u00c9nergie &amp; Environnement","zz_Actualit\u00e9s - Plan\u00e8te","zz_Plan\u00e8te B\u00e2timent"],"inLanguage":"fr-FR"},{"@type":"WebPage","@id":"https:\/\/batijournal.com\/index.php\/annonces-ministerielles-un-label-et-une-re2020-qui-se-developpera-en-3-phases-entre-2021-et-2030\/105187\/","url":"https:\/\/batijournal.com\/index.php\/annonces-ministerielles-un-label-et-une-re2020-qui-se-developpera-en-3-phases-entre-2021-et-2030\/105187\/","name":"Annonces minist\u00e9rielles : Un label et une RE2020 qui se d\u00e9veloppera en 3 phases, entre 2021 et 2030","isPartOf":{"@id":"https:\/\/batijournal.com\/#website"},"primaryImageOfPage":{"@id":"https:\/\/batijournal.com\/index.php\/annonces-ministerielles-un-label-et-une-re2020-qui-se-developpera-en-3-phases-entre-2021-et-2030\/105187\/#primaryimage"},"image":{"@id":"https:\/\/batijournal.com\/index.php\/annonces-ministerielles-un-label-et-une-re2020-qui-se-developpera-en-3-phases-entre-2021-et-2030\/105187\/#primaryimage"},"thumbnailUrl":"https:\/\/batijournal.com\/wp-content\/uploads\/2020\/03\/chantier-batiment.jpg","datePublished":"2020-11-24T12:56:20+00:00","author":{"@id":"https:\/\/batijournal.com\/#\/schema\/person\/1dc96ec6957aa1ccb25ebe78bb19f100"},"breadcrumb":{"@id":"https:\/\/batijournal.com\/index.php\/annonces-ministerielles-un-label-et-une-re2020-qui-se-developpera-en-3-phases-entre-2021-et-2030\/105187\/#breadcrumb"},"inLanguage":"fr-FR","potentialAction":[{"@type":"ReadAction","target":["https:\/\/batijournal.com\/index.php\/annonces-ministerielles-un-label-et-une-re2020-qui-se-developpera-en-3-phases-entre-2021-et-2030\/105187\/"]}]},{"@type":"ImageObject","inLanguage":"fr-FR","@id":"https:\/\/batijournal.com\/index.php\/annonces-ministerielles-un-label-et-une-re2020-qui-se-developpera-en-3-phases-entre-2021-et-2030\/105187\/#primaryimage","url":"https:\/\/batijournal.com\/wp-content\/uploads\/2020\/03\/chantier-batiment.jpg","contentUrl":"https:\/\/batijournal.com\/wp-content\/uploads\/2020\/03\/chantier-batiment.jpg","width":1200,"height":757},{"@type":"BreadcrumbList","@id":"https:\/\/batijournal.com\/index.php\/annonces-ministerielles-un-label-et-une-re2020-qui-se-developpera-en-3-phases-entre-2021-et-2030\/105187\/#breadcrumb","itemListElement":[{"@type":"ListItem","position":1,"name":"Accueil","item":"https:\/\/batijournal.com\/"},{"@type":"ListItem","position":2,"name":"Actualit\u00e9s","item":"https:\/\/batijournal.com\/index.php\/category\/actualites\/"},{"@type":"ListItem","position":3,"name":"\u00c9nergie &amp; Environnement","item":"https:\/\/batijournal.com\/index.php\/category\/actualites\/energie-environnement\/"},{"@type":"ListItem","position":4,"name":"Annonces minist\u00e9rielles : Un label et une RE2020 qui se d\u00e9veloppera en 3 phases, entre 2021 et 2030"}]},{"@type":"WebSite","@id":"https:\/\/batijournal.com\/#website","url":"https:\/\/batijournal.com\/","name":"Batijournal","description":"L&#039;actualit\u00e9 du b\u00e2timent","potentialAction":[{"@type":"SearchAction","target":{"@type":"EntryPoint","urlTemplate":"https:\/\/batijournal.com\/?s={search_term_string}"},"query-input":{"@type":"PropertyValueSpecification","valueRequired":true,"valueName":"search_term_string"}}],"inLanguage":"fr-FR"},{"@type":"Person","@id":"https:\/\/batijournal.com\/#\/schema\/person\/1dc96ec6957aa1ccb25ebe78bb19f100","name":"St\u00e9phane Miget","image":{"@type":"ImageObject","inLanguage":"fr-FR","@id":"https:\/\/secure.gravatar.com\/avatar\/89915563d925342126b8ef0281b93d9d7fc337043e8df017f780908eb9644451?s=96&d=mm&r=g","url":"https:\/\/secure.gravatar.com\/avatar\/89915563d925342126b8ef0281b93d9d7fc337043e8df017f780908eb9644451?s=96&d=mm&r=g","contentUrl":"https:\/\/secure.gravatar.com\/avatar\/89915563d925342126b8ef0281b93d9d7fc337043e8df017f780908eb9644451?s=96&d=mm&r=g","caption":"St\u00e9phane Miget"},"url":"https:\/\/batijournal.com\/index.php\/author\/stephane\/"}]}},"_links":{"self":[{"href":"https:\/\/batijournal.com\/index.php\/wp-json\/wp\/v2\/posts\/105187","targetHints":{"allow":["GET"]}}],"collection":[{"href":"https:\/\/batijournal.com\/index.php\/wp-json\/wp\/v2\/posts"}],"about":[{"href":"https:\/\/batijournal.com\/index.php\/wp-json\/wp\/v2\/types\/post"}],"author":[{"embeddable":true,"href":"https:\/\/batijournal.com\/index.php\/wp-json\/wp\/v2\/users\/17"}],"replies":[{"embeddable":true,"href":"https:\/\/batijournal.com\/index.php\/wp-json\/wp\/v2\/comments?post=105187"}],"version-history":[{"count":0,"href":"https:\/\/batijournal.com\/index.php\/wp-json\/wp\/v2\/posts\/105187\/revisions"}],"wp:featuredmedia":[{"embeddable":true,"href":"https:\/\/batijournal.com\/index.php\/wp-json\/wp\/v2\/media\/103960"}],"wp:attachment":[{"href":"https:\/\/batijournal.com\/index.php\/wp-json\/wp\/v2\/media?parent=105187"}],"wp:term":[{"taxonomy":"category","embeddable":true,"href":"https:\/\/batijournal.com\/index.php\/wp-json\/wp\/v2\/categories?post=105187"},{"taxonomy":"post_tag","embeddable":true,"href":"https:\/\/batijournal.com\/index.php\/wp-json\/wp\/v2\/tags?post=105187"}],"curies":[{"name":"wp","href":"https:\/\/api.w.org\/{rel}","templated":true}]}}