{"id":105205,"date":"2020-12-01T06:44:01","date_gmt":"2020-12-01T05:44:01","guid":{"rendered":"https:\/\/batijournal.com\/?p=105205"},"modified":"2020-12-01T06:44:01","modified_gmt":"2020-12-01T05:44:01","slug":"photovoltaique-le-senat-contre-la-retroactivite","status":"publish","type":"post","link":"https:\/\/batijournal.com\/index.php\/photovoltaique-le-senat-contre-la-retroactivite\/105205\/","title":{"rendered":"Photovolta\u00efque : le S\u00e9nat contre la r\u00e9troactivit\u00e9"},"content":{"rendered":"<p>Le S\u00e9nat a rejet\u00e9 \u00e0 l\u2019unanimit\u00e9 la remise en cause des contrats solaires ant\u00e9rieurs \u00e0 2011. Une dizaine d\u2019amendements avaient \u00e9t\u00e9 d\u00e9pos\u00e9s pour appeler \u00e0 la suppression de ce dispositif. Le SER et Enerplan, qui alertent depuis plusieurs semaines les pouvoirs publics sur l\u2019iniquit\u00e9 de cette mesure, soulignent l\u2019importance de ce rejet sans partage. Le S\u00e9nat envoie ici un message clair en manifestant son attachement \u00e0 la parole de l\u2019\u00c9tat et son refus d\u2019une mesure pr\u00e9sent\u00e9e sans aucune \u00e9tude d\u2019impact. C\u2019est la voie de la raison qui se manifeste ici, rappelant que l\u2019on ne peut renier un engagement pris aupr\u00e8s d\u2019une fili\u00e8re industrielle, et au-del\u00e0 fragiliser durablement la dynamique de d\u00e9veloppement des \u00e9nergies renouvelables en France, qui favorise l\u2019activit\u00e9 et l\u2019emploi local dans tous les territoires. Daniel Bour, Pr\u00e9sident d\u2019Enerplan et Jean-Louis Bal, Pr\u00e9sident du SER, en appellent au Premier Ministre et demandent un rendez-vous.<\/p>\n","protected":false},"excerpt":{"rendered":"<p>Le S\u00e9nat a rejet\u00e9 \u00e0 l\u2019unanimit\u00e9 la remise en cause des contrats solaires ant\u00e9rieurs \u00e0 2011. Une dizaine d\u2019amendements avaient \u00e9t\u00e9 d\u00e9pos\u00e9s pour appeler \u00e0 la suppression de ce dispositif. Le SER et Enerplan, qui alertent depuis plusieurs semaines les pouvoirs publics sur l\u2019iniquit\u00e9 de cette mesure, soulignent l\u2019importance de ce rejet sans partage. Le [&hellip;]<\/p>\n","protected":false},"author":17,"featured_media":85158,"comment_status":"closed","ping_status":"closed","sticky":false,"template":"","format":"standard","meta":{"_et_pb_use_builder":"","_et_pb_old_content":"","_et_gb_content_width":"","footnotes":""},"categories":[10530,6351,10781,10778],"tags":[464],"class_list":["post-105205","post","type-post","status-publish","format-standard","has-post-thumbnail","hentry","category-actualites","category-energie-environnement","category-publications-planete","category-planete","tag-photovoltaique"],"yoast_head":"<!-- This site is optimized with the Yoast SEO plugin v27.4 - https:\/\/yoast.com\/product\/yoast-seo-wordpress\/ -->\n<title>Photovolta\u00efque : le S\u00e9nat contre la r\u00e9troactivit\u00e9<\/title>\n<meta name=\"robots\" content=\"index, follow, max-snippet:-1, max-image-preview:large, max-video-preview:-1\" \/>\n<link rel=\"canonical\" href=\"https:\/\/batijournal.com\/index.php\/photovoltaique-le-senat-contre-la-retroactivite\/105205\/\" \/>\n<meta property=\"og:locale\" content=\"fr_FR\" \/>\n<meta property=\"og:type\" content=\"article\" \/>\n<meta property=\"og:title\" content=\"Photovolta\u00efque : le S\u00e9nat contre la r\u00e9troactivit\u00e9\" \/>\n<meta property=\"og:description\" content=\"Le S\u00e9nat a rejet\u00e9 \u00e0 l\u2019unanimit\u00e9 la remise en cause des contrats solaires ant\u00e9rieurs \u00e0 2011. Une dizaine d\u2019amendements avaient \u00e9t\u00e9 d\u00e9pos\u00e9s pour appeler \u00e0 la suppression de ce dispositif. Le SER et Enerplan, qui alertent depuis plusieurs semaines les pouvoirs publics sur l\u2019iniquit\u00e9 de cette mesure, soulignent l\u2019importance de ce rejet sans partage. Le [&hellip;]\" \/>\n<meta property=\"og:url\" content=\"https:\/\/batijournal.com\/index.php\/photovoltaique-le-senat-contre-la-retroactivite\/105205\/\" \/>\n<meta property=\"og:site_name\" content=\"Batijournal\" \/>\n<meta property=\"article:published_time\" content=\"2020-12-01T05:44:01+00:00\" \/>\n<meta property=\"og:image\" content=\"https:\/\/batijournal.com\/wp-content\/uploads\/2015\/03\/96525714.jpg\" \/>\n\t<meta property=\"og:image:width\" content=\"600\" \/>\n\t<meta property=\"og:image:height\" content=\"399\" \/>\n\t<meta property=\"og:image:type\" content=\"image\/jpeg\" \/>\n<meta name=\"author\" content=\"St\u00e9phane Miget\" \/>\n<meta name=\"twitter:card\" content=\"summary_large_image\" \/>\n<meta name=\"twitter:creator\" content=\"@bati_journal\" \/>\n<meta name=\"twitter:site\" content=\"@bati_journal\" \/>\n<meta name=\"twitter:label1\" content=\"\u00c9crit par\" \/>\n\t<meta name=\"twitter:data1\" content=\"St\u00e9phane Miget\" \/>\n\t<meta name=\"twitter:label2\" content=\"Dur\u00e9e de lecture estim\u00e9e\" \/>\n\t<meta name=\"twitter:data2\" content=\"1 minute\" \/>\n<script type=\"application\/ld+json\" class=\"yoast-schema-graph\">{\"@context\":\"https:\\\/\\\/schema.org\",\"@graph\":[{\"@type\":\"Article\",\"@id\":\"https:\\\/\\\/batijournal.com\\\/index.php\\\/photovoltaique-le-senat-contre-la-retroactivite\\\/105205\\\/#article\",\"isPartOf\":{\"@id\":\"https:\\\/\\\/batijournal.com\\\/index.php\\\/photovoltaique-le-senat-contre-la-retroactivite\\\/105205\\\/\"},\"author\":{\"name\":\"St\u00e9phane Miget\",\"@id\":\"https:\\\/\\\/batijournal.com\\\/#\\\/schema\\\/person\\\/1dc96ec6957aa1ccb25ebe78bb19f100\"},\"headline\":\"Photovolta\u00efque : le S\u00e9nat contre la r\u00e9troactivit\u00e9\",\"datePublished\":\"2020-12-01T05:44:01+00:00\",\"mainEntityOfPage\":{\"@id\":\"https:\\\/\\\/batijournal.com\\\/index.php\\\/photovoltaique-le-senat-contre-la-retroactivite\\\/105205\\\/\"},\"wordCount\":174,\"image\":{\"@id\":\"https:\\\/\\\/batijournal.com\\\/index.php\\\/photovoltaique-le-senat-contre-la-retroactivite\\\/105205\\\/#primaryimage\"},\"thumbnailUrl\":\"https:\\\/\\\/batijournal.com\\\/wp-content\\\/uploads\\\/2015\\\/03\\\/96525714.jpg\",\"keywords\":[\"photovolta\u00efque\"],\"articleSection\":[\"Actualit\u00e9s\",\"\u00c9nergie &amp; Environnement\",\"zz_Actualit\u00e9s - Plan\u00e8te\",\"zz_Plan\u00e8te B\u00e2timent\"],\"inLanguage\":\"fr-FR\"},{\"@type\":\"WebPage\",\"@id\":\"https:\\\/\\\/batijournal.com\\\/index.php\\\/photovoltaique-le-senat-contre-la-retroactivite\\\/105205\\\/\",\"url\":\"https:\\\/\\\/batijournal.com\\\/index.php\\\/photovoltaique-le-senat-contre-la-retroactivite\\\/105205\\\/\",\"name\":\"Photovolta\u00efque : le S\u00e9nat contre la r\u00e9troactivit\u00e9\",\"isPartOf\":{\"@id\":\"https:\\\/\\\/batijournal.com\\\/#website\"},\"primaryImageOfPage\":{\"@id\":\"https:\\\/\\\/batijournal.com\\\/index.php\\\/photovoltaique-le-senat-contre-la-retroactivite\\\/105205\\\/#primaryimage\"},\"image\":{\"@id\":\"https:\\\/\\\/batijournal.com\\\/index.php\\\/photovoltaique-le-senat-contre-la-retroactivite\\\/105205\\\/#primaryimage\"},\"thumbnailUrl\":\"https:\\\/\\\/batijournal.com\\\/wp-content\\\/uploads\\\/2015\\\/03\\\/96525714.jpg\",\"datePublished\":\"2020-12-01T05:44:01+00:00\",\"author\":{\"@id\":\"https:\\\/\\\/batijournal.com\\\/#\\\/schema\\\/person\\\/1dc96ec6957aa1ccb25ebe78bb19f100\"},\"breadcrumb\":{\"@id\":\"https:\\\/\\\/batijournal.com\\\/index.php\\\/photovoltaique-le-senat-contre-la-retroactivite\\\/105205\\\/#breadcrumb\"},\"inLanguage\":\"fr-FR\",\"potentialAction\":[{\"@type\":\"ReadAction\",\"target\":[\"https:\\\/\\\/batijournal.com\\\/index.php\\\/photovoltaique-le-senat-contre-la-retroactivite\\\/105205\\\/\"]}]},{\"@type\":\"ImageObject\",\"inLanguage\":\"fr-FR\",\"@id\":\"https:\\\/\\\/batijournal.com\\\/index.php\\\/photovoltaique-le-senat-contre-la-retroactivite\\\/105205\\\/#primaryimage\",\"url\":\"https:\\\/\\\/batijournal.com\\\/wp-content\\\/uploads\\\/2015\\\/03\\\/96525714.jpg\",\"contentUrl\":\"https:\\\/\\\/batijournal.com\\\/wp-content\\\/uploads\\\/2015\\\/03\\\/96525714.jpg\",\"width\":600,\"height\":399,\"caption\":\"photovolta\u00efque\"},{\"@type\":\"BreadcrumbList\",\"@id\":\"https:\\\/\\\/batijournal.com\\\/index.php\\\/photovoltaique-le-senat-contre-la-retroactivite\\\/105205\\\/#breadcrumb\",\"itemListElement\":[{\"@type\":\"ListItem\",\"position\":1,\"name\":\"Accueil\",\"item\":\"https:\\\/\\\/batijournal.com\\\/\"},{\"@type\":\"ListItem\",\"position\":2,\"name\":\"Actualit\u00e9s\",\"item\":\"https:\\\/\\\/batijournal.com\\\/index.php\\\/category\\\/actualites\\\/\"},{\"@type\":\"ListItem\",\"position\":3,\"name\":\"\u00c9nergie &amp; Environnement\",\"item\":\"https:\\\/\\\/batijournal.com\\\/index.php\\\/category\\\/actualites\\\/energie-environnement\\\/\"},{\"@type\":\"ListItem\",\"position\":4,\"name\":\"Photovolta\u00efque : le S\u00e9nat contre la r\u00e9troactivit\u00e9\"}]},{\"@type\":\"WebSite\",\"@id\":\"https:\\\/\\\/batijournal.com\\\/#website\",\"url\":\"https:\\\/\\\/batijournal.com\\\/\",\"name\":\"Batijournal\",\"description\":\"L&#039;actualit\u00e9 du b\u00e2timent\",\"potentialAction\":[{\"@type\":\"SearchAction\",\"target\":{\"@type\":\"EntryPoint\",\"urlTemplate\":\"https:\\\/\\\/batijournal.com\\\/?s={search_term_string}\"},\"query-input\":{\"@type\":\"PropertyValueSpecification\",\"valueRequired\":true,\"valueName\":\"search_term_string\"}}],\"inLanguage\":\"fr-FR\"},{\"@type\":\"Person\",\"@id\":\"https:\\\/\\\/batijournal.com\\\/#\\\/schema\\\/person\\\/1dc96ec6957aa1ccb25ebe78bb19f100\",\"name\":\"St\u00e9phane Miget\",\"image\":{\"@type\":\"ImageObject\",\"inLanguage\":\"fr-FR\",\"@id\":\"https:\\\/\\\/secure.gravatar.com\\\/avatar\\\/89915563d925342126b8ef0281b93d9d7fc337043e8df017f780908eb9644451?s=96&d=mm&r=g\",\"url\":\"https:\\\/\\\/secure.gravatar.com\\\/avatar\\\/89915563d925342126b8ef0281b93d9d7fc337043e8df017f780908eb9644451?s=96&d=mm&r=g\",\"contentUrl\":\"https:\\\/\\\/secure.gravatar.com\\\/avatar\\\/89915563d925342126b8ef0281b93d9d7fc337043e8df017f780908eb9644451?s=96&d=mm&r=g\",\"caption\":\"St\u00e9phane Miget\"},\"url\":\"https:\\\/\\\/batijournal.com\\\/index.php\\\/author\\\/stephane\\\/\"}]}<\/script>\n<!-- \/ Yoast SEO plugin. -->","yoast_head_json":{"title":"Photovolta\u00efque : le S\u00e9nat contre la r\u00e9troactivit\u00e9","robots":{"index":"index","follow":"follow","max-snippet":"max-snippet:-1","max-image-preview":"max-image-preview:large","max-video-preview":"max-video-preview:-1"},"canonical":"https:\/\/batijournal.com\/index.php\/photovoltaique-le-senat-contre-la-retroactivite\/105205\/","og_locale":"fr_FR","og_type":"article","og_title":"Photovolta\u00efque : le S\u00e9nat contre la r\u00e9troactivit\u00e9","og_description":"Le S\u00e9nat a rejet\u00e9 \u00e0 l\u2019unanimit\u00e9 la remise en cause des contrats solaires ant\u00e9rieurs \u00e0 2011. Une dizaine d\u2019amendements avaient \u00e9t\u00e9 d\u00e9pos\u00e9s pour appeler \u00e0 la suppression de ce dispositif. Le SER et Enerplan, qui alertent depuis plusieurs semaines les pouvoirs publics sur l\u2019iniquit\u00e9 de cette mesure, soulignent l\u2019importance de ce rejet sans partage. Le [&hellip;]","og_url":"https:\/\/batijournal.com\/index.php\/photovoltaique-le-senat-contre-la-retroactivite\/105205\/","og_site_name":"Batijournal","article_published_time":"2020-12-01T05:44:01+00:00","og_image":[{"width":600,"height":399,"url":"https:\/\/batijournal.com\/wp-content\/uploads\/2015\/03\/96525714.jpg","type":"image\/jpeg"}],"author":"St\u00e9phane Miget","twitter_card":"summary_large_image","twitter_creator":"@bati_journal","twitter_site":"@bati_journal","twitter_misc":{"\u00c9crit par":"St\u00e9phane Miget","Dur\u00e9e de lecture estim\u00e9e":"1 minute"},"schema":{"@context":"https:\/\/schema.org","@graph":[{"@type":"Article","@id":"https:\/\/batijournal.com\/index.php\/photovoltaique-le-senat-contre-la-retroactivite\/105205\/#article","isPartOf":{"@id":"https:\/\/batijournal.com\/index.php\/photovoltaique-le-senat-contre-la-retroactivite\/105205\/"},"author":{"name":"St\u00e9phane Miget","@id":"https:\/\/batijournal.com\/#\/schema\/person\/1dc96ec6957aa1ccb25ebe78bb19f100"},"headline":"Photovolta\u00efque : le S\u00e9nat contre la r\u00e9troactivit\u00e9","datePublished":"2020-12-01T05:44:01+00:00","mainEntityOfPage":{"@id":"https:\/\/batijournal.com\/index.php\/photovoltaique-le-senat-contre-la-retroactivite\/105205\/"},"wordCount":174,"image":{"@id":"https:\/\/batijournal.com\/index.php\/photovoltaique-le-senat-contre-la-retroactivite\/105205\/#primaryimage"},"thumbnailUrl":"https:\/\/batijournal.com\/wp-content\/uploads\/2015\/03\/96525714.jpg","keywords":["photovolta\u00efque"],"articleSection":["Actualit\u00e9s","\u00c9nergie &amp; Environnement","zz_Actualit\u00e9s - Plan\u00e8te","zz_Plan\u00e8te B\u00e2timent"],"inLanguage":"fr-FR"},{"@type":"WebPage","@id":"https:\/\/batijournal.com\/index.php\/photovoltaique-le-senat-contre-la-retroactivite\/105205\/","url":"https:\/\/batijournal.com\/index.php\/photovoltaique-le-senat-contre-la-retroactivite\/105205\/","name":"Photovolta\u00efque : le S\u00e9nat contre la r\u00e9troactivit\u00e9","isPartOf":{"@id":"https:\/\/batijournal.com\/#website"},"primaryImageOfPage":{"@id":"https:\/\/batijournal.com\/index.php\/photovoltaique-le-senat-contre-la-retroactivite\/105205\/#primaryimage"},"image":{"@id":"https:\/\/batijournal.com\/index.php\/photovoltaique-le-senat-contre-la-retroactivite\/105205\/#primaryimage"},"thumbnailUrl":"https:\/\/batijournal.com\/wp-content\/uploads\/2015\/03\/96525714.jpg","datePublished":"2020-12-01T05:44:01+00:00","author":{"@id":"https:\/\/batijournal.com\/#\/schema\/person\/1dc96ec6957aa1ccb25ebe78bb19f100"},"breadcrumb":{"@id":"https:\/\/batijournal.com\/index.php\/photovoltaique-le-senat-contre-la-retroactivite\/105205\/#breadcrumb"},"inLanguage":"fr-FR","potentialAction":[{"@type":"ReadAction","target":["https:\/\/batijournal.com\/index.php\/photovoltaique-le-senat-contre-la-retroactivite\/105205\/"]}]},{"@type":"ImageObject","inLanguage":"fr-FR","@id":"https:\/\/batijournal.com\/index.php\/photovoltaique-le-senat-contre-la-retroactivite\/105205\/#primaryimage","url":"https:\/\/batijournal.com\/wp-content\/uploads\/2015\/03\/96525714.jpg","contentUrl":"https:\/\/batijournal.com\/wp-content\/uploads\/2015\/03\/96525714.jpg","width":600,"height":399,"caption":"photovolta\u00efque"},{"@type":"BreadcrumbList","@id":"https:\/\/batijournal.com\/index.php\/photovoltaique-le-senat-contre-la-retroactivite\/105205\/#breadcrumb","itemListElement":[{"@type":"ListItem","position":1,"name":"Accueil","item":"https:\/\/batijournal.com\/"},{"@type":"ListItem","position":2,"name":"Actualit\u00e9s","item":"https:\/\/batijournal.com\/index.php\/category\/actualites\/"},{"@type":"ListItem","position":3,"name":"\u00c9nergie &amp; Environnement","item":"https:\/\/batijournal.com\/index.php\/category\/actualites\/energie-environnement\/"},{"@type":"ListItem","position":4,"name":"Photovolta\u00efque : le S\u00e9nat contre la r\u00e9troactivit\u00e9"}]},{"@type":"WebSite","@id":"https:\/\/batijournal.com\/#website","url":"https:\/\/batijournal.com\/","name":"Batijournal","description":"L&#039;actualit\u00e9 du b\u00e2timent","potentialAction":[{"@type":"SearchAction","target":{"@type":"EntryPoint","urlTemplate":"https:\/\/batijournal.com\/?s={search_term_string}"},"query-input":{"@type":"PropertyValueSpecification","valueRequired":true,"valueName":"search_term_string"}}],"inLanguage":"fr-FR"},{"@type":"Person","@id":"https:\/\/batijournal.com\/#\/schema\/person\/1dc96ec6957aa1ccb25ebe78bb19f100","name":"St\u00e9phane Miget","image":{"@type":"ImageObject","inLanguage":"fr-FR","@id":"https:\/\/secure.gravatar.com\/avatar\/89915563d925342126b8ef0281b93d9d7fc337043e8df017f780908eb9644451?s=96&d=mm&r=g","url":"https:\/\/secure.gravatar.com\/avatar\/89915563d925342126b8ef0281b93d9d7fc337043e8df017f780908eb9644451?s=96&d=mm&r=g","contentUrl":"https:\/\/secure.gravatar.com\/avatar\/89915563d925342126b8ef0281b93d9d7fc337043e8df017f780908eb9644451?s=96&d=mm&r=g","caption":"St\u00e9phane Miget"},"url":"https:\/\/batijournal.com\/index.php\/author\/stephane\/"}]}},"_links":{"self":[{"href":"https:\/\/batijournal.com\/index.php\/wp-json\/wp\/v2\/posts\/105205","targetHints":{"allow":["GET"]}}],"collection":[{"href":"https:\/\/batijournal.com\/index.php\/wp-json\/wp\/v2\/posts"}],"about":[{"href":"https:\/\/batijournal.com\/index.php\/wp-json\/wp\/v2\/types\/post"}],"author":[{"embeddable":true,"href":"https:\/\/batijournal.com\/index.php\/wp-json\/wp\/v2\/users\/17"}],"replies":[{"embeddable":true,"href":"https:\/\/batijournal.com\/index.php\/wp-json\/wp\/v2\/comments?post=105205"}],"version-history":[{"count":0,"href":"https:\/\/batijournal.com\/index.php\/wp-json\/wp\/v2\/posts\/105205\/revisions"}],"wp:featuredmedia":[{"embeddable":true,"href":"https:\/\/batijournal.com\/index.php\/wp-json\/wp\/v2\/media\/85158"}],"wp:attachment":[{"href":"https:\/\/batijournal.com\/index.php\/wp-json\/wp\/v2\/media?parent=105205"}],"wp:term":[{"taxonomy":"category","embeddable":true,"href":"https:\/\/batijournal.com\/index.php\/wp-json\/wp\/v2\/categories?post=105205"},{"taxonomy":"post_tag","embeddable":true,"href":"https:\/\/batijournal.com\/index.php\/wp-json\/wp\/v2\/tags?post=105205"}],"curies":[{"name":"wp","href":"https:\/\/api.w.org\/{rel}","templated":true}]}}