{"id":105218,"date":"2020-12-02T11:34:54","date_gmt":"2020-12-02T10:34:54","guid":{"rendered":"https:\/\/batijournal.com\/?p=105218"},"modified":"2020-12-02T11:34:54","modified_gmt":"2020-12-02T10:34:54","slug":"un-ouvrage-sur-les-forts-alpins-du-xixe-et-xxe-siecles","status":"publish","type":"post","link":"https:\/\/batijournal.com\/index.php\/un-ouvrage-sur-les-forts-alpins-du-xixe-et-xxe-siecles\/105218\/","title":{"rendered":"Un ouvrage sur les forts alpins du XIXe et XXe si\u00e8cles"},"content":{"rendered":"<p>Les Alpes m\u00e9ridionales offrent une richesse peu comparable en ouvrages fortifi\u00e9s, de par l\u2019histoire, la g\u00e9ographie, les d\u00e9placements des fronti\u00e8res r\u00e9currents. Trois Villes et Pays d\u2019Art et d\u2019Histoire (VPAH) ont voulu avec la DRAC Provence-Alpes-C\u00f4te-d&rsquo;Azur donner sur ces territoires une carte blanche \u00e0 un auteur-photographe, Michel Eisenlohr, lequel s\u2019est immerg\u00e9 dans le patrimoine fortifi\u00e9 des XIXe et XXe, enfonc\u00e9 dans le paysage ou au contraire impressionnante silhouette vertigineuse. Au fil des saisons, de 2015 \u00e0 2020, Michel Eisenlohr a recherch\u00e9 une autre perception de ces lieux, celle o\u00f9 les histoires c\u00f4toient celles des hommes et de l&rsquo;infime. Le beau texte de Bernard Collet parle de ces confins, de ces \u00e9motions, de ces paysages, de ces conditions avec toute sa sensibilit\u00e9 et ses perplexit\u00e9s.<\/p>\n<p>Photo : Fort alpin sous le givre hivernal &#8211; Michel Eisenlohr<br \/>\nAuteur photographe : Michel Eisenlohr<br \/>\nTexte : Bernard Collet<br \/>\n\u00c9dition : Arnaud Bizalion \u00e9diteur<\/p>\n","protected":false},"excerpt":{"rendered":"<p>Les Alpes m\u00e9ridionales offrent une richesse peu comparable en ouvrages fortifi\u00e9s, de par l\u2019histoire, la g\u00e9ographie, les d\u00e9placements des fronti\u00e8res r\u00e9currents. Trois Villes et Pays d\u2019Art et d\u2019Histoire (VPAH) ont voulu avec la DRAC Provence-Alpes-C\u00f4te-d&rsquo;Azur donner sur ces territoires une carte blanche \u00e0 un auteur-photographe, Michel Eisenlohr, lequel s\u2019est immerg\u00e9 dans le patrimoine fortifi\u00e9 des [&hellip;]<\/p>\n","protected":false},"author":17,"featured_media":105221,"comment_status":"closed","ping_status":"closed","sticky":false,"template":"","format":"standard","meta":{"_et_pb_use_builder":"","_et_pb_old_content":"","_et_gb_content_width":"","footnotes":""},"categories":[10530,6340,10789,10785],"tags":[868],"class_list":["post-105218","post","type-post","status-publish","format-standard","has-post-thumbnail","hentry","category-actualites","category-architecture-conception","category-publications-atrium","category-atrium","tag-livre"],"yoast_head":"<!-- This site is optimized with the Yoast SEO plugin v27.4 - https:\/\/yoast.com\/product\/yoast-seo-wordpress\/ -->\n<title>Un ouvrage sur les forts alpins du XIXe et XXe si\u00e8cles<\/title>\n<meta name=\"robots\" content=\"index, follow, max-snippet:-1, max-image-preview:large, max-video-preview:-1\" \/>\n<link rel=\"canonical\" href=\"https:\/\/batijournal.com\/index.php\/un-ouvrage-sur-les-forts-alpins-du-xixe-et-xxe-siecles\/105218\/\" \/>\n<meta property=\"og:locale\" content=\"fr_FR\" \/>\n<meta property=\"og:type\" content=\"article\" \/>\n<meta property=\"og:title\" content=\"Un ouvrage sur les forts alpins du XIXe et XXe si\u00e8cles\" \/>\n<meta property=\"og:description\" content=\"Les Alpes m\u00e9ridionales offrent une richesse peu comparable en ouvrages fortifi\u00e9s, de par l\u2019histoire, la g\u00e9ographie, les d\u00e9placements des fronti\u00e8res r\u00e9currents. Trois Villes et Pays d\u2019Art et d\u2019Histoire (VPAH) ont voulu avec la DRAC Provence-Alpes-C\u00f4te-d&rsquo;Azur donner sur ces territoires une carte blanche \u00e0 un auteur-photographe, Michel Eisenlohr, lequel s\u2019est immerg\u00e9 dans le patrimoine fortifi\u00e9 des [&hellip;]\" \/>\n<meta property=\"og:url\" content=\"https:\/\/batijournal.com\/index.php\/un-ouvrage-sur-les-forts-alpins-du-xixe-et-xxe-siecles\/105218\/\" \/>\n<meta property=\"og:site_name\" content=\"Batijournal\" \/>\n<meta property=\"article:published_time\" content=\"2020-12-02T10:34:54+00:00\" \/>\n<meta property=\"og:image\" content=\"https:\/\/batijournal.com\/wp-content\/uploads\/2020\/12\/fortgivre.jpg\" \/>\n\t<meta property=\"og:image:width\" content=\"826\" \/>\n\t<meta property=\"og:image:height\" content=\"518\" \/>\n\t<meta property=\"og:image:type\" content=\"image\/jpeg\" \/>\n<meta name=\"author\" content=\"St\u00e9phane Miget\" \/>\n<meta name=\"twitter:card\" content=\"summary_large_image\" \/>\n<meta name=\"twitter:creator\" content=\"@bati_journal\" \/>\n<meta name=\"twitter:site\" content=\"@bati_journal\" \/>\n<meta name=\"twitter:label1\" content=\"\u00c9crit par\" \/>\n\t<meta name=\"twitter:data1\" content=\"St\u00e9phane Miget\" \/>\n\t<meta name=\"twitter:label2\" content=\"Dur\u00e9e de lecture estim\u00e9e\" \/>\n\t<meta name=\"twitter:data2\" content=\"1 minute\" \/>\n<script type=\"application\/ld+json\" class=\"yoast-schema-graph\">{\"@context\":\"https:\\\/\\\/schema.org\",\"@graph\":[{\"@type\":\"Article\",\"@id\":\"https:\\\/\\\/batijournal.com\\\/index.php\\\/un-ouvrage-sur-les-forts-alpins-du-xixe-et-xxe-siecles\\\/105218\\\/#article\",\"isPartOf\":{\"@id\":\"https:\\\/\\\/batijournal.com\\\/index.php\\\/un-ouvrage-sur-les-forts-alpins-du-xixe-et-xxe-siecles\\\/105218\\\/\"},\"author\":{\"name\":\"St\u00e9phane Miget\",\"@id\":\"https:\\\/\\\/batijournal.com\\\/#\\\/schema\\\/person\\\/1dc96ec6957aa1ccb25ebe78bb19f100\"},\"headline\":\"Un ouvrage sur les forts alpins du XIXe et XXe si\u00e8cles\",\"datePublished\":\"2020-12-02T10:34:54+00:00\",\"mainEntityOfPage\":{\"@id\":\"https:\\\/\\\/batijournal.com\\\/index.php\\\/un-ouvrage-sur-les-forts-alpins-du-xixe-et-xxe-siecles\\\/105218\\\/\"},\"wordCount\":167,\"image\":{\"@id\":\"https:\\\/\\\/batijournal.com\\\/index.php\\\/un-ouvrage-sur-les-forts-alpins-du-xixe-et-xxe-siecles\\\/105218\\\/#primaryimage\"},\"thumbnailUrl\":\"https:\\\/\\\/batijournal.com\\\/wp-content\\\/uploads\\\/2020\\\/12\\\/fortgivre.jpg\",\"keywords\":[\"livre\"],\"articleSection\":[\"Actualit\u00e9s\",\"Architecture &amp; Conception\",\"zz_Actualit\u00e9s - Atrium\",\"zz_Atrium Patrimoine\"],\"inLanguage\":\"fr-FR\"},{\"@type\":\"WebPage\",\"@id\":\"https:\\\/\\\/batijournal.com\\\/index.php\\\/un-ouvrage-sur-les-forts-alpins-du-xixe-et-xxe-siecles\\\/105218\\\/\",\"url\":\"https:\\\/\\\/batijournal.com\\\/index.php\\\/un-ouvrage-sur-les-forts-alpins-du-xixe-et-xxe-siecles\\\/105218\\\/\",\"name\":\"Un ouvrage sur les forts alpins du XIXe et XXe si\u00e8cles\",\"isPartOf\":{\"@id\":\"https:\\\/\\\/batijournal.com\\\/#website\"},\"primaryImageOfPage\":{\"@id\":\"https:\\\/\\\/batijournal.com\\\/index.php\\\/un-ouvrage-sur-les-forts-alpins-du-xixe-et-xxe-siecles\\\/105218\\\/#primaryimage\"},\"image\":{\"@id\":\"https:\\\/\\\/batijournal.com\\\/index.php\\\/un-ouvrage-sur-les-forts-alpins-du-xixe-et-xxe-siecles\\\/105218\\\/#primaryimage\"},\"thumbnailUrl\":\"https:\\\/\\\/batijournal.com\\\/wp-content\\\/uploads\\\/2020\\\/12\\\/fortgivre.jpg\",\"datePublished\":\"2020-12-02T10:34:54+00:00\",\"author\":{\"@id\":\"https:\\\/\\\/batijournal.com\\\/#\\\/schema\\\/person\\\/1dc96ec6957aa1ccb25ebe78bb19f100\"},\"breadcrumb\":{\"@id\":\"https:\\\/\\\/batijournal.com\\\/index.php\\\/un-ouvrage-sur-les-forts-alpins-du-xixe-et-xxe-siecles\\\/105218\\\/#breadcrumb\"},\"inLanguage\":\"fr-FR\",\"potentialAction\":[{\"@type\":\"ReadAction\",\"target\":[\"https:\\\/\\\/batijournal.com\\\/index.php\\\/un-ouvrage-sur-les-forts-alpins-du-xixe-et-xxe-siecles\\\/105218\\\/\"]}]},{\"@type\":\"ImageObject\",\"inLanguage\":\"fr-FR\",\"@id\":\"https:\\\/\\\/batijournal.com\\\/index.php\\\/un-ouvrage-sur-les-forts-alpins-du-xixe-et-xxe-siecles\\\/105218\\\/#primaryimage\",\"url\":\"https:\\\/\\\/batijournal.com\\\/wp-content\\\/uploads\\\/2020\\\/12\\\/fortgivre.jpg\",\"contentUrl\":\"https:\\\/\\\/batijournal.com\\\/wp-content\\\/uploads\\\/2020\\\/12\\\/fortgivre.jpg\",\"width\":826,\"height\":518},{\"@type\":\"BreadcrumbList\",\"@id\":\"https:\\\/\\\/batijournal.com\\\/index.php\\\/un-ouvrage-sur-les-forts-alpins-du-xixe-et-xxe-siecles\\\/105218\\\/#breadcrumb\",\"itemListElement\":[{\"@type\":\"ListItem\",\"position\":1,\"name\":\"Accueil\",\"item\":\"https:\\\/\\\/batijournal.com\\\/\"},{\"@type\":\"ListItem\",\"position\":2,\"name\":\"Actualit\u00e9s\",\"item\":\"https:\\\/\\\/batijournal.com\\\/index.php\\\/category\\\/actualites\\\/\"},{\"@type\":\"ListItem\",\"position\":3,\"name\":\"Architecture &amp; Conception\",\"item\":\"https:\\\/\\\/batijournal.com\\\/index.php\\\/category\\\/actualites\\\/architecture-conception\\\/\"},{\"@type\":\"ListItem\",\"position\":4,\"name\":\"Un ouvrage sur les forts alpins du XIXe et XXe si\u00e8cles\"}]},{\"@type\":\"WebSite\",\"@id\":\"https:\\\/\\\/batijournal.com\\\/#website\",\"url\":\"https:\\\/\\\/batijournal.com\\\/\",\"name\":\"Batijournal\",\"description\":\"L&#039;actualit\u00e9 du b\u00e2timent\",\"potentialAction\":[{\"@type\":\"SearchAction\",\"target\":{\"@type\":\"EntryPoint\",\"urlTemplate\":\"https:\\\/\\\/batijournal.com\\\/?s={search_term_string}\"},\"query-input\":{\"@type\":\"PropertyValueSpecification\",\"valueRequired\":true,\"valueName\":\"search_term_string\"}}],\"inLanguage\":\"fr-FR\"},{\"@type\":\"Person\",\"@id\":\"https:\\\/\\\/batijournal.com\\\/#\\\/schema\\\/person\\\/1dc96ec6957aa1ccb25ebe78bb19f100\",\"name\":\"St\u00e9phane Miget\",\"image\":{\"@type\":\"ImageObject\",\"inLanguage\":\"fr-FR\",\"@id\":\"https:\\\/\\\/secure.gravatar.com\\\/avatar\\\/89915563d925342126b8ef0281b93d9d7fc337043e8df017f780908eb9644451?s=96&d=mm&r=g\",\"url\":\"https:\\\/\\\/secure.gravatar.com\\\/avatar\\\/89915563d925342126b8ef0281b93d9d7fc337043e8df017f780908eb9644451?s=96&d=mm&r=g\",\"contentUrl\":\"https:\\\/\\\/secure.gravatar.com\\\/avatar\\\/89915563d925342126b8ef0281b93d9d7fc337043e8df017f780908eb9644451?s=96&d=mm&r=g\",\"caption\":\"St\u00e9phane Miget\"},\"url\":\"https:\\\/\\\/batijournal.com\\\/index.php\\\/author\\\/stephane\\\/\"}]}<\/script>\n<!-- \/ Yoast SEO plugin. -->","yoast_head_json":{"title":"Un ouvrage sur les forts alpins du XIXe et XXe si\u00e8cles","robots":{"index":"index","follow":"follow","max-snippet":"max-snippet:-1","max-image-preview":"max-image-preview:large","max-video-preview":"max-video-preview:-1"},"canonical":"https:\/\/batijournal.com\/index.php\/un-ouvrage-sur-les-forts-alpins-du-xixe-et-xxe-siecles\/105218\/","og_locale":"fr_FR","og_type":"article","og_title":"Un ouvrage sur les forts alpins du XIXe et XXe si\u00e8cles","og_description":"Les Alpes m\u00e9ridionales offrent une richesse peu comparable en ouvrages fortifi\u00e9s, de par l\u2019histoire, la g\u00e9ographie, les d\u00e9placements des fronti\u00e8res r\u00e9currents. Trois Villes et Pays d\u2019Art et d\u2019Histoire (VPAH) ont voulu avec la DRAC Provence-Alpes-C\u00f4te-d&rsquo;Azur donner sur ces territoires une carte blanche \u00e0 un auteur-photographe, Michel Eisenlohr, lequel s\u2019est immerg\u00e9 dans le patrimoine fortifi\u00e9 des [&hellip;]","og_url":"https:\/\/batijournal.com\/index.php\/un-ouvrage-sur-les-forts-alpins-du-xixe-et-xxe-siecles\/105218\/","og_site_name":"Batijournal","article_published_time":"2020-12-02T10:34:54+00:00","og_image":[{"width":826,"height":518,"url":"https:\/\/batijournal.com\/wp-content\/uploads\/2020\/12\/fortgivre.jpg","type":"image\/jpeg"}],"author":"St\u00e9phane Miget","twitter_card":"summary_large_image","twitter_creator":"@bati_journal","twitter_site":"@bati_journal","twitter_misc":{"\u00c9crit par":"St\u00e9phane Miget","Dur\u00e9e de lecture estim\u00e9e":"1 minute"},"schema":{"@context":"https:\/\/schema.org","@graph":[{"@type":"Article","@id":"https:\/\/batijournal.com\/index.php\/un-ouvrage-sur-les-forts-alpins-du-xixe-et-xxe-siecles\/105218\/#article","isPartOf":{"@id":"https:\/\/batijournal.com\/index.php\/un-ouvrage-sur-les-forts-alpins-du-xixe-et-xxe-siecles\/105218\/"},"author":{"name":"St\u00e9phane Miget","@id":"https:\/\/batijournal.com\/#\/schema\/person\/1dc96ec6957aa1ccb25ebe78bb19f100"},"headline":"Un ouvrage sur les forts alpins du XIXe et XXe si\u00e8cles","datePublished":"2020-12-02T10:34:54+00:00","mainEntityOfPage":{"@id":"https:\/\/batijournal.com\/index.php\/un-ouvrage-sur-les-forts-alpins-du-xixe-et-xxe-siecles\/105218\/"},"wordCount":167,"image":{"@id":"https:\/\/batijournal.com\/index.php\/un-ouvrage-sur-les-forts-alpins-du-xixe-et-xxe-siecles\/105218\/#primaryimage"},"thumbnailUrl":"https:\/\/batijournal.com\/wp-content\/uploads\/2020\/12\/fortgivre.jpg","keywords":["livre"],"articleSection":["Actualit\u00e9s","Architecture &amp; Conception","zz_Actualit\u00e9s - Atrium","zz_Atrium Patrimoine"],"inLanguage":"fr-FR"},{"@type":"WebPage","@id":"https:\/\/batijournal.com\/index.php\/un-ouvrage-sur-les-forts-alpins-du-xixe-et-xxe-siecles\/105218\/","url":"https:\/\/batijournal.com\/index.php\/un-ouvrage-sur-les-forts-alpins-du-xixe-et-xxe-siecles\/105218\/","name":"Un ouvrage sur les forts alpins du XIXe et XXe si\u00e8cles","isPartOf":{"@id":"https:\/\/batijournal.com\/#website"},"primaryImageOfPage":{"@id":"https:\/\/batijournal.com\/index.php\/un-ouvrage-sur-les-forts-alpins-du-xixe-et-xxe-siecles\/105218\/#primaryimage"},"image":{"@id":"https:\/\/batijournal.com\/index.php\/un-ouvrage-sur-les-forts-alpins-du-xixe-et-xxe-siecles\/105218\/#primaryimage"},"thumbnailUrl":"https:\/\/batijournal.com\/wp-content\/uploads\/2020\/12\/fortgivre.jpg","datePublished":"2020-12-02T10:34:54+00:00","author":{"@id":"https:\/\/batijournal.com\/#\/schema\/person\/1dc96ec6957aa1ccb25ebe78bb19f100"},"breadcrumb":{"@id":"https:\/\/batijournal.com\/index.php\/un-ouvrage-sur-les-forts-alpins-du-xixe-et-xxe-siecles\/105218\/#breadcrumb"},"inLanguage":"fr-FR","potentialAction":[{"@type":"ReadAction","target":["https:\/\/batijournal.com\/index.php\/un-ouvrage-sur-les-forts-alpins-du-xixe-et-xxe-siecles\/105218\/"]}]},{"@type":"ImageObject","inLanguage":"fr-FR","@id":"https:\/\/batijournal.com\/index.php\/un-ouvrage-sur-les-forts-alpins-du-xixe-et-xxe-siecles\/105218\/#primaryimage","url":"https:\/\/batijournal.com\/wp-content\/uploads\/2020\/12\/fortgivre.jpg","contentUrl":"https:\/\/batijournal.com\/wp-content\/uploads\/2020\/12\/fortgivre.jpg","width":826,"height":518},{"@type":"BreadcrumbList","@id":"https:\/\/batijournal.com\/index.php\/un-ouvrage-sur-les-forts-alpins-du-xixe-et-xxe-siecles\/105218\/#breadcrumb","itemListElement":[{"@type":"ListItem","position":1,"name":"Accueil","item":"https:\/\/batijournal.com\/"},{"@type":"ListItem","position":2,"name":"Actualit\u00e9s","item":"https:\/\/batijournal.com\/index.php\/category\/actualites\/"},{"@type":"ListItem","position":3,"name":"Architecture &amp; Conception","item":"https:\/\/batijournal.com\/index.php\/category\/actualites\/architecture-conception\/"},{"@type":"ListItem","position":4,"name":"Un ouvrage sur les forts alpins du XIXe et XXe si\u00e8cles"}]},{"@type":"WebSite","@id":"https:\/\/batijournal.com\/#website","url":"https:\/\/batijournal.com\/","name":"Batijournal","description":"L&#039;actualit\u00e9 du b\u00e2timent","potentialAction":[{"@type":"SearchAction","target":{"@type":"EntryPoint","urlTemplate":"https:\/\/batijournal.com\/?s={search_term_string}"},"query-input":{"@type":"PropertyValueSpecification","valueRequired":true,"valueName":"search_term_string"}}],"inLanguage":"fr-FR"},{"@type":"Person","@id":"https:\/\/batijournal.com\/#\/schema\/person\/1dc96ec6957aa1ccb25ebe78bb19f100","name":"St\u00e9phane Miget","image":{"@type":"ImageObject","inLanguage":"fr-FR","@id":"https:\/\/secure.gravatar.com\/avatar\/89915563d925342126b8ef0281b93d9d7fc337043e8df017f780908eb9644451?s=96&d=mm&r=g","url":"https:\/\/secure.gravatar.com\/avatar\/89915563d925342126b8ef0281b93d9d7fc337043e8df017f780908eb9644451?s=96&d=mm&r=g","contentUrl":"https:\/\/secure.gravatar.com\/avatar\/89915563d925342126b8ef0281b93d9d7fc337043e8df017f780908eb9644451?s=96&d=mm&r=g","caption":"St\u00e9phane Miget"},"url":"https:\/\/batijournal.com\/index.php\/author\/stephane\/"}]}},"_links":{"self":[{"href":"https:\/\/batijournal.com\/index.php\/wp-json\/wp\/v2\/posts\/105218","targetHints":{"allow":["GET"]}}],"collection":[{"href":"https:\/\/batijournal.com\/index.php\/wp-json\/wp\/v2\/posts"}],"about":[{"href":"https:\/\/batijournal.com\/index.php\/wp-json\/wp\/v2\/types\/post"}],"author":[{"embeddable":true,"href":"https:\/\/batijournal.com\/index.php\/wp-json\/wp\/v2\/users\/17"}],"replies":[{"embeddable":true,"href":"https:\/\/batijournal.com\/index.php\/wp-json\/wp\/v2\/comments?post=105218"}],"version-history":[{"count":0,"href":"https:\/\/batijournal.com\/index.php\/wp-json\/wp\/v2\/posts\/105218\/revisions"}],"wp:featuredmedia":[{"embeddable":true,"href":"https:\/\/batijournal.com\/index.php\/wp-json\/wp\/v2\/media\/105221"}],"wp:attachment":[{"href":"https:\/\/batijournal.com\/index.php\/wp-json\/wp\/v2\/media?parent=105218"}],"wp:term":[{"taxonomy":"category","embeddable":true,"href":"https:\/\/batijournal.com\/index.php\/wp-json\/wp\/v2\/categories?post=105218"},{"taxonomy":"post_tag","embeddable":true,"href":"https:\/\/batijournal.com\/index.php\/wp-json\/wp\/v2\/tags?post=105218"}],"curies":[{"name":"wp","href":"https:\/\/api.w.org\/{rel}","templated":true}]}}