{"id":105223,"date":"2020-12-02T11:35:56","date_gmt":"2020-12-02T10:35:56","guid":{"rendered":"https:\/\/batijournal.com\/?p=105223"},"modified":"2020-12-02T11:35:56","modified_gmt":"2020-12-02T10:35:56","slug":"le-musee-de-paladru-sera-termine-fin-2021","status":"publish","type":"post","link":"https:\/\/batijournal.com\/index.php\/le-musee-de-paladru-sera-termine-fin-2021\/105223\/","title":{"rendered":"Le mus\u00e9e de Paladru sera termin\u00e9 fin 2021"},"content":{"rendered":"<p>Deux sites arch\u00e9ologiques, l\u2019un de l\u2019\u00e9poque n\u00e9olithique (dit des Baigneurs), l\u2019autre autour de l\u2019an mil (Colleti\u00e8re), sont \u00e0 l\u2019origine de d\u00e9couvertes majeures sur les modes d\u2019occupation des rives du lac de Paladru. La variation dans le temps du niveau des eaux a permis de conserver des formes d\u2019habitat et de modes de vie g\u00e9n\u00e9ralement disparus en milieu sec. Les fouilles programm\u00e9es men\u00e9es pendant pr\u00e8s de trente ans, ont donn\u00e9 lieu \u00e0 la d\u00e9couverte de collections arch\u00e9ologiques d\u2019importance exceptionnelle pour la connaissance des p\u00e9riodes n\u00e9olithiques et m\u00e9di\u00e9vales. Le futur mus\u00e9e situ\u00e9 sur la Commune des villages-du-lac-de-Paladru pr\u00e9sentera une s\u00e9lection de 500 objets originaux des p\u00e9riodes n\u00e9olithiques, antiques et m\u00e9di\u00e9vales trouv\u00e9s lors des fouilles et remarquablement bien conserv\u00e9s par les eaux du lac. Le public d\u00e9couvrira la vie quotidienne il y a mille et 5 mille ans ainsi que les techniques de conservation des objets issus de fouilles subaquatiques gr\u00e2ce \u00e0 une sc\u00e9nographie innovante. Le b\u00e2timent con\u00e7u par le cabinet Basalt Architecture \u00e9voque une pirogue, objet embl\u00e9matique de la collection, sa r\u00e9alisation est li\u00e9e \u00e0 celle d\u2019un projet urbain dans la continuit\u00e9 du village.<\/p>\n<p>Photo du chantier : Jean-Paul Corlin &#8211; Wikimedia<\/p>\n<p>&nbsp;<\/p>\n","protected":false},"excerpt":{"rendered":"<p>Deux sites arch\u00e9ologiques, l\u2019un de l\u2019\u00e9poque n\u00e9olithique (dit des Baigneurs), l\u2019autre autour de l\u2019an mil (Colleti\u00e8re), sont \u00e0 l\u2019origine de d\u00e9couvertes majeures sur les modes d\u2019occupation des rives du lac de Paladru. La variation dans le temps du niveau des eaux a permis de conserver des formes d\u2019habitat et de modes de vie g\u00e9n\u00e9ralement disparus [&hellip;]<\/p>\n","protected":false},"author":17,"featured_media":105220,"comment_status":"closed","ping_status":"closed","sticky":false,"template":"","format":"standard","meta":{"_et_pb_use_builder":"","_et_pb_old_content":"","_et_gb_content_width":"","footnotes":""},"categories":[10530,6340,10789,10785],"tags":[3640],"class_list":["post-105223","post","type-post","status-publish","format-standard","has-post-thumbnail","hentry","category-actualites","category-architecture-conception","category-publications-atrium","category-atrium","tag-musee"],"yoast_head":"<!-- This site is optimized with the Yoast SEO plugin v27.4 - https:\/\/yoast.com\/product\/yoast-seo-wordpress\/ -->\n<title>Le mus\u00e9e de Paladru sera termin\u00e9 fin 2021<\/title>\n<meta name=\"robots\" content=\"index, follow, max-snippet:-1, max-image-preview:large, max-video-preview:-1\" \/>\n<link rel=\"canonical\" href=\"https:\/\/batijournal.com\/index.php\/le-musee-de-paladru-sera-termine-fin-2021\/105223\/\" \/>\n<meta property=\"og:locale\" content=\"fr_FR\" \/>\n<meta property=\"og:type\" content=\"article\" \/>\n<meta property=\"og:title\" content=\"Le mus\u00e9e de Paladru sera termin\u00e9 fin 2021\" \/>\n<meta property=\"og:description\" content=\"Deux sites arch\u00e9ologiques, l\u2019un de l\u2019\u00e9poque n\u00e9olithique (dit des Baigneurs), l\u2019autre autour de l\u2019an mil (Colleti\u00e8re), sont \u00e0 l\u2019origine de d\u00e9couvertes majeures sur les modes d\u2019occupation des rives du lac de Paladru. La variation dans le temps du niveau des eaux a permis de conserver des formes d\u2019habitat et de modes de vie g\u00e9n\u00e9ralement disparus [&hellip;]\" \/>\n<meta property=\"og:url\" content=\"https:\/\/batijournal.com\/index.php\/le-musee-de-paladru-sera-termine-fin-2021\/105223\/\" \/>\n<meta property=\"og:site_name\" content=\"Batijournal\" \/>\n<meta property=\"article:published_time\" content=\"2020-12-02T10:35:56+00:00\" \/>\n<meta property=\"og:image\" content=\"https:\/\/batijournal.com\/wp-content\/uploads\/2020\/12\/800px-Travaux_musee_de_Paladru.jpg\" \/>\n\t<meta property=\"og:image:width\" content=\"800\" \/>\n\t<meta property=\"og:image:height\" content=\"561\" \/>\n\t<meta property=\"og:image:type\" content=\"image\/jpeg\" \/>\n<meta name=\"author\" content=\"St\u00e9phane Miget\" \/>\n<meta name=\"twitter:card\" content=\"summary_large_image\" \/>\n<meta name=\"twitter:creator\" content=\"@bati_journal\" \/>\n<meta name=\"twitter:site\" content=\"@bati_journal\" \/>\n<meta name=\"twitter:label1\" content=\"\u00c9crit par\" \/>\n\t<meta name=\"twitter:data1\" content=\"St\u00e9phane Miget\" \/>\n\t<meta name=\"twitter:label2\" content=\"Dur\u00e9e de lecture estim\u00e9e\" \/>\n\t<meta name=\"twitter:data2\" content=\"1 minute\" \/>\n<script type=\"application\/ld+json\" class=\"yoast-schema-graph\">{\"@context\":\"https:\\\/\\\/schema.org\",\"@graph\":[{\"@type\":\"Article\",\"@id\":\"https:\\\/\\\/batijournal.com\\\/index.php\\\/le-musee-de-paladru-sera-termine-fin-2021\\\/105223\\\/#article\",\"isPartOf\":{\"@id\":\"https:\\\/\\\/batijournal.com\\\/index.php\\\/le-musee-de-paladru-sera-termine-fin-2021\\\/105223\\\/\"},\"author\":{\"name\":\"St\u00e9phane Miget\",\"@id\":\"https:\\\/\\\/batijournal.com\\\/#\\\/schema\\\/person\\\/1dc96ec6957aa1ccb25ebe78bb19f100\"},\"headline\":\"Le mus\u00e9e de Paladru sera termin\u00e9 fin 2021\",\"datePublished\":\"2020-12-02T10:35:56+00:00\",\"mainEntityOfPage\":{\"@id\":\"https:\\\/\\\/batijournal.com\\\/index.php\\\/le-musee-de-paladru-sera-termine-fin-2021\\\/105223\\\/\"},\"wordCount\":233,\"image\":{\"@id\":\"https:\\\/\\\/batijournal.com\\\/index.php\\\/le-musee-de-paladru-sera-termine-fin-2021\\\/105223\\\/#primaryimage\"},\"thumbnailUrl\":\"https:\\\/\\\/batijournal.com\\\/wp-content\\\/uploads\\\/2020\\\/12\\\/800px-Travaux_musee_de_Paladru.jpg\",\"keywords\":[\"mus\u00e9e\"],\"articleSection\":[\"Actualit\u00e9s\",\"Architecture &amp; Conception\",\"zz_Actualit\u00e9s - Atrium\",\"zz_Atrium Patrimoine\"],\"inLanguage\":\"fr-FR\"},{\"@type\":\"WebPage\",\"@id\":\"https:\\\/\\\/batijournal.com\\\/index.php\\\/le-musee-de-paladru-sera-termine-fin-2021\\\/105223\\\/\",\"url\":\"https:\\\/\\\/batijournal.com\\\/index.php\\\/le-musee-de-paladru-sera-termine-fin-2021\\\/105223\\\/\",\"name\":\"Le mus\u00e9e de Paladru sera termin\u00e9 fin 2021\",\"isPartOf\":{\"@id\":\"https:\\\/\\\/batijournal.com\\\/#website\"},\"primaryImageOfPage\":{\"@id\":\"https:\\\/\\\/batijournal.com\\\/index.php\\\/le-musee-de-paladru-sera-termine-fin-2021\\\/105223\\\/#primaryimage\"},\"image\":{\"@id\":\"https:\\\/\\\/batijournal.com\\\/index.php\\\/le-musee-de-paladru-sera-termine-fin-2021\\\/105223\\\/#primaryimage\"},\"thumbnailUrl\":\"https:\\\/\\\/batijournal.com\\\/wp-content\\\/uploads\\\/2020\\\/12\\\/800px-Travaux_musee_de_Paladru.jpg\",\"datePublished\":\"2020-12-02T10:35:56+00:00\",\"author\":{\"@id\":\"https:\\\/\\\/batijournal.com\\\/#\\\/schema\\\/person\\\/1dc96ec6957aa1ccb25ebe78bb19f100\"},\"breadcrumb\":{\"@id\":\"https:\\\/\\\/batijournal.com\\\/index.php\\\/le-musee-de-paladru-sera-termine-fin-2021\\\/105223\\\/#breadcrumb\"},\"inLanguage\":\"fr-FR\",\"potentialAction\":[{\"@type\":\"ReadAction\",\"target\":[\"https:\\\/\\\/batijournal.com\\\/index.php\\\/le-musee-de-paladru-sera-termine-fin-2021\\\/105223\\\/\"]}]},{\"@type\":\"ImageObject\",\"inLanguage\":\"fr-FR\",\"@id\":\"https:\\\/\\\/batijournal.com\\\/index.php\\\/le-musee-de-paladru-sera-termine-fin-2021\\\/105223\\\/#primaryimage\",\"url\":\"https:\\\/\\\/batijournal.com\\\/wp-content\\\/uploads\\\/2020\\\/12\\\/800px-Travaux_musee_de_Paladru.jpg\",\"contentUrl\":\"https:\\\/\\\/batijournal.com\\\/wp-content\\\/uploads\\\/2020\\\/12\\\/800px-Travaux_musee_de_Paladru.jpg\",\"width\":800,\"height\":561},{\"@type\":\"BreadcrumbList\",\"@id\":\"https:\\\/\\\/batijournal.com\\\/index.php\\\/le-musee-de-paladru-sera-termine-fin-2021\\\/105223\\\/#breadcrumb\",\"itemListElement\":[{\"@type\":\"ListItem\",\"position\":1,\"name\":\"Accueil\",\"item\":\"https:\\\/\\\/batijournal.com\\\/\"},{\"@type\":\"ListItem\",\"position\":2,\"name\":\"Actualit\u00e9s\",\"item\":\"https:\\\/\\\/batijournal.com\\\/index.php\\\/category\\\/actualites\\\/\"},{\"@type\":\"ListItem\",\"position\":3,\"name\":\"Architecture &amp; Conception\",\"item\":\"https:\\\/\\\/batijournal.com\\\/index.php\\\/category\\\/actualites\\\/architecture-conception\\\/\"},{\"@type\":\"ListItem\",\"position\":4,\"name\":\"Le mus\u00e9e de Paladru sera termin\u00e9 fin 2021\"}]},{\"@type\":\"WebSite\",\"@id\":\"https:\\\/\\\/batijournal.com\\\/#website\",\"url\":\"https:\\\/\\\/batijournal.com\\\/\",\"name\":\"Batijournal\",\"description\":\"L&#039;actualit\u00e9 du b\u00e2timent\",\"potentialAction\":[{\"@type\":\"SearchAction\",\"target\":{\"@type\":\"EntryPoint\",\"urlTemplate\":\"https:\\\/\\\/batijournal.com\\\/?s={search_term_string}\"},\"query-input\":{\"@type\":\"PropertyValueSpecification\",\"valueRequired\":true,\"valueName\":\"search_term_string\"}}],\"inLanguage\":\"fr-FR\"},{\"@type\":\"Person\",\"@id\":\"https:\\\/\\\/batijournal.com\\\/#\\\/schema\\\/person\\\/1dc96ec6957aa1ccb25ebe78bb19f100\",\"name\":\"St\u00e9phane Miget\",\"image\":{\"@type\":\"ImageObject\",\"inLanguage\":\"fr-FR\",\"@id\":\"https:\\\/\\\/secure.gravatar.com\\\/avatar\\\/89915563d925342126b8ef0281b93d9d7fc337043e8df017f780908eb9644451?s=96&d=mm&r=g\",\"url\":\"https:\\\/\\\/secure.gravatar.com\\\/avatar\\\/89915563d925342126b8ef0281b93d9d7fc337043e8df017f780908eb9644451?s=96&d=mm&r=g\",\"contentUrl\":\"https:\\\/\\\/secure.gravatar.com\\\/avatar\\\/89915563d925342126b8ef0281b93d9d7fc337043e8df017f780908eb9644451?s=96&d=mm&r=g\",\"caption\":\"St\u00e9phane Miget\"},\"url\":\"https:\\\/\\\/batijournal.com\\\/index.php\\\/author\\\/stephane\\\/\"}]}<\/script>\n<!-- \/ Yoast SEO plugin. -->","yoast_head_json":{"title":"Le mus\u00e9e de Paladru sera termin\u00e9 fin 2021","robots":{"index":"index","follow":"follow","max-snippet":"max-snippet:-1","max-image-preview":"max-image-preview:large","max-video-preview":"max-video-preview:-1"},"canonical":"https:\/\/batijournal.com\/index.php\/le-musee-de-paladru-sera-termine-fin-2021\/105223\/","og_locale":"fr_FR","og_type":"article","og_title":"Le mus\u00e9e de Paladru sera termin\u00e9 fin 2021","og_description":"Deux sites arch\u00e9ologiques, l\u2019un de l\u2019\u00e9poque n\u00e9olithique (dit des Baigneurs), l\u2019autre autour de l\u2019an mil (Colleti\u00e8re), sont \u00e0 l\u2019origine de d\u00e9couvertes majeures sur les modes d\u2019occupation des rives du lac de Paladru. La variation dans le temps du niveau des eaux a permis de conserver des formes d\u2019habitat et de modes de vie g\u00e9n\u00e9ralement disparus [&hellip;]","og_url":"https:\/\/batijournal.com\/index.php\/le-musee-de-paladru-sera-termine-fin-2021\/105223\/","og_site_name":"Batijournal","article_published_time":"2020-12-02T10:35:56+00:00","og_image":[{"width":800,"height":561,"url":"https:\/\/batijournal.com\/wp-content\/uploads\/2020\/12\/800px-Travaux_musee_de_Paladru.jpg","type":"image\/jpeg"}],"author":"St\u00e9phane Miget","twitter_card":"summary_large_image","twitter_creator":"@bati_journal","twitter_site":"@bati_journal","twitter_misc":{"\u00c9crit par":"St\u00e9phane Miget","Dur\u00e9e de lecture estim\u00e9e":"1 minute"},"schema":{"@context":"https:\/\/schema.org","@graph":[{"@type":"Article","@id":"https:\/\/batijournal.com\/index.php\/le-musee-de-paladru-sera-termine-fin-2021\/105223\/#article","isPartOf":{"@id":"https:\/\/batijournal.com\/index.php\/le-musee-de-paladru-sera-termine-fin-2021\/105223\/"},"author":{"name":"St\u00e9phane Miget","@id":"https:\/\/batijournal.com\/#\/schema\/person\/1dc96ec6957aa1ccb25ebe78bb19f100"},"headline":"Le mus\u00e9e de Paladru sera termin\u00e9 fin 2021","datePublished":"2020-12-02T10:35:56+00:00","mainEntityOfPage":{"@id":"https:\/\/batijournal.com\/index.php\/le-musee-de-paladru-sera-termine-fin-2021\/105223\/"},"wordCount":233,"image":{"@id":"https:\/\/batijournal.com\/index.php\/le-musee-de-paladru-sera-termine-fin-2021\/105223\/#primaryimage"},"thumbnailUrl":"https:\/\/batijournal.com\/wp-content\/uploads\/2020\/12\/800px-Travaux_musee_de_Paladru.jpg","keywords":["mus\u00e9e"],"articleSection":["Actualit\u00e9s","Architecture &amp; Conception","zz_Actualit\u00e9s - Atrium","zz_Atrium Patrimoine"],"inLanguage":"fr-FR"},{"@type":"WebPage","@id":"https:\/\/batijournal.com\/index.php\/le-musee-de-paladru-sera-termine-fin-2021\/105223\/","url":"https:\/\/batijournal.com\/index.php\/le-musee-de-paladru-sera-termine-fin-2021\/105223\/","name":"Le mus\u00e9e de Paladru sera termin\u00e9 fin 2021","isPartOf":{"@id":"https:\/\/batijournal.com\/#website"},"primaryImageOfPage":{"@id":"https:\/\/batijournal.com\/index.php\/le-musee-de-paladru-sera-termine-fin-2021\/105223\/#primaryimage"},"image":{"@id":"https:\/\/batijournal.com\/index.php\/le-musee-de-paladru-sera-termine-fin-2021\/105223\/#primaryimage"},"thumbnailUrl":"https:\/\/batijournal.com\/wp-content\/uploads\/2020\/12\/800px-Travaux_musee_de_Paladru.jpg","datePublished":"2020-12-02T10:35:56+00:00","author":{"@id":"https:\/\/batijournal.com\/#\/schema\/person\/1dc96ec6957aa1ccb25ebe78bb19f100"},"breadcrumb":{"@id":"https:\/\/batijournal.com\/index.php\/le-musee-de-paladru-sera-termine-fin-2021\/105223\/#breadcrumb"},"inLanguage":"fr-FR","potentialAction":[{"@type":"ReadAction","target":["https:\/\/batijournal.com\/index.php\/le-musee-de-paladru-sera-termine-fin-2021\/105223\/"]}]},{"@type":"ImageObject","inLanguage":"fr-FR","@id":"https:\/\/batijournal.com\/index.php\/le-musee-de-paladru-sera-termine-fin-2021\/105223\/#primaryimage","url":"https:\/\/batijournal.com\/wp-content\/uploads\/2020\/12\/800px-Travaux_musee_de_Paladru.jpg","contentUrl":"https:\/\/batijournal.com\/wp-content\/uploads\/2020\/12\/800px-Travaux_musee_de_Paladru.jpg","width":800,"height":561},{"@type":"BreadcrumbList","@id":"https:\/\/batijournal.com\/index.php\/le-musee-de-paladru-sera-termine-fin-2021\/105223\/#breadcrumb","itemListElement":[{"@type":"ListItem","position":1,"name":"Accueil","item":"https:\/\/batijournal.com\/"},{"@type":"ListItem","position":2,"name":"Actualit\u00e9s","item":"https:\/\/batijournal.com\/index.php\/category\/actualites\/"},{"@type":"ListItem","position":3,"name":"Architecture &amp; Conception","item":"https:\/\/batijournal.com\/index.php\/category\/actualites\/architecture-conception\/"},{"@type":"ListItem","position":4,"name":"Le mus\u00e9e de Paladru sera termin\u00e9 fin 2021"}]},{"@type":"WebSite","@id":"https:\/\/batijournal.com\/#website","url":"https:\/\/batijournal.com\/","name":"Batijournal","description":"L&#039;actualit\u00e9 du b\u00e2timent","potentialAction":[{"@type":"SearchAction","target":{"@type":"EntryPoint","urlTemplate":"https:\/\/batijournal.com\/?s={search_term_string}"},"query-input":{"@type":"PropertyValueSpecification","valueRequired":true,"valueName":"search_term_string"}}],"inLanguage":"fr-FR"},{"@type":"Person","@id":"https:\/\/batijournal.com\/#\/schema\/person\/1dc96ec6957aa1ccb25ebe78bb19f100","name":"St\u00e9phane Miget","image":{"@type":"ImageObject","inLanguage":"fr-FR","@id":"https:\/\/secure.gravatar.com\/avatar\/89915563d925342126b8ef0281b93d9d7fc337043e8df017f780908eb9644451?s=96&d=mm&r=g","url":"https:\/\/secure.gravatar.com\/avatar\/89915563d925342126b8ef0281b93d9d7fc337043e8df017f780908eb9644451?s=96&d=mm&r=g","contentUrl":"https:\/\/secure.gravatar.com\/avatar\/89915563d925342126b8ef0281b93d9d7fc337043e8df017f780908eb9644451?s=96&d=mm&r=g","caption":"St\u00e9phane Miget"},"url":"https:\/\/batijournal.com\/index.php\/author\/stephane\/"}]}},"_links":{"self":[{"href":"https:\/\/batijournal.com\/index.php\/wp-json\/wp\/v2\/posts\/105223","targetHints":{"allow":["GET"]}}],"collection":[{"href":"https:\/\/batijournal.com\/index.php\/wp-json\/wp\/v2\/posts"}],"about":[{"href":"https:\/\/batijournal.com\/index.php\/wp-json\/wp\/v2\/types\/post"}],"author":[{"embeddable":true,"href":"https:\/\/batijournal.com\/index.php\/wp-json\/wp\/v2\/users\/17"}],"replies":[{"embeddable":true,"href":"https:\/\/batijournal.com\/index.php\/wp-json\/wp\/v2\/comments?post=105223"}],"version-history":[{"count":0,"href":"https:\/\/batijournal.com\/index.php\/wp-json\/wp\/v2\/posts\/105223\/revisions"}],"wp:featuredmedia":[{"embeddable":true,"href":"https:\/\/batijournal.com\/index.php\/wp-json\/wp\/v2\/media\/105220"}],"wp:attachment":[{"href":"https:\/\/batijournal.com\/index.php\/wp-json\/wp\/v2\/media?parent=105223"}],"wp:term":[{"taxonomy":"category","embeddable":true,"href":"https:\/\/batijournal.com\/index.php\/wp-json\/wp\/v2\/categories?post=105223"},{"taxonomy":"post_tag","embeddable":true,"href":"https:\/\/batijournal.com\/index.php\/wp-json\/wp\/v2\/tags?post=105223"}],"curies":[{"name":"wp","href":"https:\/\/api.w.org\/{rel}","templated":true}]}}