{"id":105224,"date":"2020-12-02T11:36:59","date_gmt":"2020-12-02T10:36:59","guid":{"rendered":"https:\/\/batijournal.com\/?p=105224"},"modified":"2020-12-02T11:37:15","modified_gmt":"2020-12-02T10:37:15","slug":"restauration-du-massif-occidental-de-la-cathedrale-saint-mammes-de-langres","status":"publish","type":"post","link":"https:\/\/batijournal.com\/index.php\/restauration-du-massif-occidental-de-la-cathedrale-saint-mammes-de-langres\/105224\/","title":{"rendered":"Restauration du massif occidental de la cath\u00e9drale Saint-Mamm\u00e8s de Langres"},"content":{"rendered":"<p>Le chantier de restauration du massif occidental de la cath\u00e9drale Saint-Mamm\u00e8s de Langres a d\u00e9but\u00e9. D\u2019une dur\u00e9e estim\u00e9e \u00e0 37 mois, cette intervention, de 2,57 millions d\u2019euros, est financ\u00e9e \u00e0 100% par l\u2019\u00c9tat \u2013 DRAC Grand Est, ma\u00eetre d\u2019ouvrage, et r\u00e9alis\u00e9e sous la ma\u00eetrise d\u2019\u0153uvre de Charlotte Hubert, Architecte en chef des monuments historiques. Cette nouvelle campagne de restauration intervient apr\u00e8s deux importantes interventions men\u00e9es sur les toitures du monument, celles du ch\u0153ur en 2014\/2015 et du d\u00e9ambulatoire et des chapelles absidiales en 2017\/2019. L\u2019\u00e9tat sanitaire du massif n\u00e9cessite la reprise compl\u00e8te des \u00e9l\u00e9ments assurant l\u2019\u00e9tanch\u00e9it\u00e9 des parties saillantes, notamment les glacis des corniches \u00e9l\u00e9ments qui facilitent l&rsquo;\u00e9coulement des eaux de ruissellement. Le massif occidental n\u2019ayant connu que peu de modifications depuis sa construction, le parti de restauration propose la conservation des dispositions actuelles, purg\u00e9es des bandeaux en ciment ; le traitement des \u00e9l\u00e9ments m\u00e9talliques et la consolidation des ma\u00e7onneries apr\u00e8s nettoyage ; la restauration des sculptures ; la restauration des vitraux ;\u00a0la r\u00e9vision et la remise en peinture des menuiseries ; la r\u00e9vision des couvertures des terrasses ; le remplacement des \u00e9vacuations et descentes d&rsquo;eaux pluviales ; la mise en \u0153uvre de dispositifs anti-volatiles et la r\u00e9fection de la cour Nord-Ouest.<\/p>\n<p>Photo : DRAC Grand Est<\/p>\n<p>&nbsp;<\/p>\n","protected":false},"excerpt":{"rendered":"<p>Le chantier de restauration du massif occidental de la cath\u00e9drale Saint-Mamm\u00e8s de Langres a d\u00e9but\u00e9. D\u2019une dur\u00e9e estim\u00e9e \u00e0 37 mois, cette intervention, de 2,57 millions d\u2019euros, est financ\u00e9e \u00e0 100% par l\u2019\u00c9tat \u2013 DRAC Grand Est, ma\u00eetre d\u2019ouvrage, et r\u00e9alis\u00e9e sous la ma\u00eetrise d\u2019\u0153uvre de Charlotte Hubert, Architecte en chef des monuments historiques. Cette [&hellip;]<\/p>\n","protected":false},"author":17,"featured_media":105219,"comment_status":"closed","ping_status":"closed","sticky":false,"template":"","format":"standard","meta":{"_et_pb_use_builder":"","_et_pb_old_content":"","_et_gb_content_width":"","footnotes":""},"categories":[10530,6340,10789,10785],"tags":[6758],"class_list":["post-105224","post","type-post","status-publish","format-standard","has-post-thumbnail","hentry","category-actualites","category-architecture-conception","category-publications-atrium","category-atrium","tag-cathedrale"],"yoast_head":"<!-- This site is optimized with the Yoast SEO plugin v27.4 - https:\/\/yoast.com\/product\/yoast-seo-wordpress\/ -->\n<title>Restauration du massif occidental de la cath\u00e9drale Saint-Mamm\u00e8s de Langres<\/title>\n<meta name=\"robots\" content=\"index, follow, max-snippet:-1, max-image-preview:large, max-video-preview:-1\" \/>\n<link rel=\"canonical\" href=\"https:\/\/batijournal.com\/index.php\/restauration-du-massif-occidental-de-la-cathedrale-saint-mammes-de-langres\/105224\/\" \/>\n<meta property=\"og:locale\" content=\"fr_FR\" \/>\n<meta property=\"og:type\" content=\"article\" \/>\n<meta property=\"og:title\" content=\"Restauration du massif occidental de la cath\u00e9drale Saint-Mamm\u00e8s de Langres\" \/>\n<meta property=\"og:description\" content=\"Le chantier de restauration du massif occidental de la cath\u00e9drale Saint-Mamm\u00e8s de Langres a d\u00e9but\u00e9. D\u2019une dur\u00e9e estim\u00e9e \u00e0 37 mois, cette intervention, de 2,57 millions d\u2019euros, est financ\u00e9e \u00e0 100% par l\u2019\u00c9tat \u2013 DRAC Grand Est, ma\u00eetre d\u2019ouvrage, et r\u00e9alis\u00e9e sous la ma\u00eetrise d\u2019\u0153uvre de Charlotte Hubert, Architecte en chef des monuments historiques. Cette [&hellip;]\" \/>\n<meta property=\"og:url\" content=\"https:\/\/batijournal.com\/index.php\/restauration-du-massif-occidental-de-la-cathedrale-saint-mammes-de-langres\/105224\/\" \/>\n<meta property=\"og:site_name\" content=\"Batijournal\" \/>\n<meta property=\"article:published_time\" content=\"2020-12-02T10:36:59+00:00\" \/>\n<meta property=\"article:modified_time\" content=\"2020-12-02T10:37:15+00:00\" \/>\n<meta property=\"og:image\" content=\"https:\/\/batijournal.com\/wp-content\/uploads\/2020\/12\/langres_cathedrale_massif_occidental_2.jpg\" \/>\n\t<meta property=\"og:image:width\" content=\"826\" \/>\n\t<meta property=\"og:image:height\" content=\"615\" \/>\n\t<meta property=\"og:image:type\" content=\"image\/jpeg\" \/>\n<meta name=\"author\" content=\"St\u00e9phane Miget\" \/>\n<meta name=\"twitter:card\" content=\"summary_large_image\" \/>\n<meta name=\"twitter:creator\" content=\"@bati_journal\" \/>\n<meta name=\"twitter:site\" content=\"@bati_journal\" \/>\n<meta name=\"twitter:label1\" content=\"\u00c9crit par\" \/>\n\t<meta name=\"twitter:data1\" content=\"St\u00e9phane Miget\" \/>\n\t<meta name=\"twitter:label2\" content=\"Dur\u00e9e de lecture estim\u00e9e\" \/>\n\t<meta name=\"twitter:data2\" content=\"1 minute\" \/>\n<script type=\"application\/ld+json\" class=\"yoast-schema-graph\">{\"@context\":\"https:\\\/\\\/schema.org\",\"@graph\":[{\"@type\":\"Article\",\"@id\":\"https:\\\/\\\/batijournal.com\\\/index.php\\\/restauration-du-massif-occidental-de-la-cathedrale-saint-mammes-de-langres\\\/105224\\\/#article\",\"isPartOf\":{\"@id\":\"https:\\\/\\\/batijournal.com\\\/index.php\\\/restauration-du-massif-occidental-de-la-cathedrale-saint-mammes-de-langres\\\/105224\\\/\"},\"author\":{\"name\":\"St\u00e9phane Miget\",\"@id\":\"https:\\\/\\\/batijournal.com\\\/#\\\/schema\\\/person\\\/1dc96ec6957aa1ccb25ebe78bb19f100\"},\"headline\":\"Restauration du massif occidental de la cath\u00e9drale Saint-Mamm\u00e8s de Langres\",\"datePublished\":\"2020-12-02T10:36:59+00:00\",\"dateModified\":\"2020-12-02T10:37:15+00:00\",\"mainEntityOfPage\":{\"@id\":\"https:\\\/\\\/batijournal.com\\\/index.php\\\/restauration-du-massif-occidental-de-la-cathedrale-saint-mammes-de-langres\\\/105224\\\/\"},\"wordCount\":242,\"image\":{\"@id\":\"https:\\\/\\\/batijournal.com\\\/index.php\\\/restauration-du-massif-occidental-de-la-cathedrale-saint-mammes-de-langres\\\/105224\\\/#primaryimage\"},\"thumbnailUrl\":\"https:\\\/\\\/batijournal.com\\\/wp-content\\\/uploads\\\/2020\\\/12\\\/langres_cathedrale_massif_occidental_2.jpg\",\"keywords\":[\"cathedrale\"],\"articleSection\":[\"Actualit\u00e9s\",\"Architecture &amp; Conception\",\"zz_Actualit\u00e9s - Atrium\",\"zz_Atrium Patrimoine\"],\"inLanguage\":\"fr-FR\"},{\"@type\":\"WebPage\",\"@id\":\"https:\\\/\\\/batijournal.com\\\/index.php\\\/restauration-du-massif-occidental-de-la-cathedrale-saint-mammes-de-langres\\\/105224\\\/\",\"url\":\"https:\\\/\\\/batijournal.com\\\/index.php\\\/restauration-du-massif-occidental-de-la-cathedrale-saint-mammes-de-langres\\\/105224\\\/\",\"name\":\"Restauration du massif occidental de la cath\u00e9drale Saint-Mamm\u00e8s de Langres\",\"isPartOf\":{\"@id\":\"https:\\\/\\\/batijournal.com\\\/#website\"},\"primaryImageOfPage\":{\"@id\":\"https:\\\/\\\/batijournal.com\\\/index.php\\\/restauration-du-massif-occidental-de-la-cathedrale-saint-mammes-de-langres\\\/105224\\\/#primaryimage\"},\"image\":{\"@id\":\"https:\\\/\\\/batijournal.com\\\/index.php\\\/restauration-du-massif-occidental-de-la-cathedrale-saint-mammes-de-langres\\\/105224\\\/#primaryimage\"},\"thumbnailUrl\":\"https:\\\/\\\/batijournal.com\\\/wp-content\\\/uploads\\\/2020\\\/12\\\/langres_cathedrale_massif_occidental_2.jpg\",\"datePublished\":\"2020-12-02T10:36:59+00:00\",\"dateModified\":\"2020-12-02T10:37:15+00:00\",\"author\":{\"@id\":\"https:\\\/\\\/batijournal.com\\\/#\\\/schema\\\/person\\\/1dc96ec6957aa1ccb25ebe78bb19f100\"},\"breadcrumb\":{\"@id\":\"https:\\\/\\\/batijournal.com\\\/index.php\\\/restauration-du-massif-occidental-de-la-cathedrale-saint-mammes-de-langres\\\/105224\\\/#breadcrumb\"},\"inLanguage\":\"fr-FR\",\"potentialAction\":[{\"@type\":\"ReadAction\",\"target\":[\"https:\\\/\\\/batijournal.com\\\/index.php\\\/restauration-du-massif-occidental-de-la-cathedrale-saint-mammes-de-langres\\\/105224\\\/\"]}]},{\"@type\":\"ImageObject\",\"inLanguage\":\"fr-FR\",\"@id\":\"https:\\\/\\\/batijournal.com\\\/index.php\\\/restauration-du-massif-occidental-de-la-cathedrale-saint-mammes-de-langres\\\/105224\\\/#primaryimage\",\"url\":\"https:\\\/\\\/batijournal.com\\\/wp-content\\\/uploads\\\/2020\\\/12\\\/langres_cathedrale_massif_occidental_2.jpg\",\"contentUrl\":\"https:\\\/\\\/batijournal.com\\\/wp-content\\\/uploads\\\/2020\\\/12\\\/langres_cathedrale_massif_occidental_2.jpg\",\"width\":826,\"height\":615},{\"@type\":\"BreadcrumbList\",\"@id\":\"https:\\\/\\\/batijournal.com\\\/index.php\\\/restauration-du-massif-occidental-de-la-cathedrale-saint-mammes-de-langres\\\/105224\\\/#breadcrumb\",\"itemListElement\":[{\"@type\":\"ListItem\",\"position\":1,\"name\":\"Accueil\",\"item\":\"https:\\\/\\\/batijournal.com\\\/\"},{\"@type\":\"ListItem\",\"position\":2,\"name\":\"Actualit\u00e9s\",\"item\":\"https:\\\/\\\/batijournal.com\\\/index.php\\\/category\\\/actualites\\\/\"},{\"@type\":\"ListItem\",\"position\":3,\"name\":\"Architecture &amp; Conception\",\"item\":\"https:\\\/\\\/batijournal.com\\\/index.php\\\/category\\\/actualites\\\/architecture-conception\\\/\"},{\"@type\":\"ListItem\",\"position\":4,\"name\":\"Restauration du massif occidental de la cath\u00e9drale Saint-Mamm\u00e8s de Langres\"}]},{\"@type\":\"WebSite\",\"@id\":\"https:\\\/\\\/batijournal.com\\\/#website\",\"url\":\"https:\\\/\\\/batijournal.com\\\/\",\"name\":\"Batijournal\",\"description\":\"L&#039;actualit\u00e9 du b\u00e2timent\",\"potentialAction\":[{\"@type\":\"SearchAction\",\"target\":{\"@type\":\"EntryPoint\",\"urlTemplate\":\"https:\\\/\\\/batijournal.com\\\/?s={search_term_string}\"},\"query-input\":{\"@type\":\"PropertyValueSpecification\",\"valueRequired\":true,\"valueName\":\"search_term_string\"}}],\"inLanguage\":\"fr-FR\"},{\"@type\":\"Person\",\"@id\":\"https:\\\/\\\/batijournal.com\\\/#\\\/schema\\\/person\\\/1dc96ec6957aa1ccb25ebe78bb19f100\",\"name\":\"St\u00e9phane Miget\",\"image\":{\"@type\":\"ImageObject\",\"inLanguage\":\"fr-FR\",\"@id\":\"https:\\\/\\\/secure.gravatar.com\\\/avatar\\\/89915563d925342126b8ef0281b93d9d7fc337043e8df017f780908eb9644451?s=96&d=mm&r=g\",\"url\":\"https:\\\/\\\/secure.gravatar.com\\\/avatar\\\/89915563d925342126b8ef0281b93d9d7fc337043e8df017f780908eb9644451?s=96&d=mm&r=g\",\"contentUrl\":\"https:\\\/\\\/secure.gravatar.com\\\/avatar\\\/89915563d925342126b8ef0281b93d9d7fc337043e8df017f780908eb9644451?s=96&d=mm&r=g\",\"caption\":\"St\u00e9phane Miget\"},\"url\":\"https:\\\/\\\/batijournal.com\\\/index.php\\\/author\\\/stephane\\\/\"}]}<\/script>\n<!-- \/ Yoast SEO plugin. -->","yoast_head_json":{"title":"Restauration du massif occidental de la cath\u00e9drale Saint-Mamm\u00e8s de Langres","robots":{"index":"index","follow":"follow","max-snippet":"max-snippet:-1","max-image-preview":"max-image-preview:large","max-video-preview":"max-video-preview:-1"},"canonical":"https:\/\/batijournal.com\/index.php\/restauration-du-massif-occidental-de-la-cathedrale-saint-mammes-de-langres\/105224\/","og_locale":"fr_FR","og_type":"article","og_title":"Restauration du massif occidental de la cath\u00e9drale Saint-Mamm\u00e8s de Langres","og_description":"Le chantier de restauration du massif occidental de la cath\u00e9drale Saint-Mamm\u00e8s de Langres a d\u00e9but\u00e9. D\u2019une dur\u00e9e estim\u00e9e \u00e0 37 mois, cette intervention, de 2,57 millions d\u2019euros, est financ\u00e9e \u00e0 100% par l\u2019\u00c9tat \u2013 DRAC Grand Est, ma\u00eetre d\u2019ouvrage, et r\u00e9alis\u00e9e sous la ma\u00eetrise d\u2019\u0153uvre de Charlotte Hubert, Architecte en chef des monuments historiques. Cette [&hellip;]","og_url":"https:\/\/batijournal.com\/index.php\/restauration-du-massif-occidental-de-la-cathedrale-saint-mammes-de-langres\/105224\/","og_site_name":"Batijournal","article_published_time":"2020-12-02T10:36:59+00:00","article_modified_time":"2020-12-02T10:37:15+00:00","og_image":[{"width":826,"height":615,"url":"https:\/\/batijournal.com\/wp-content\/uploads\/2020\/12\/langres_cathedrale_massif_occidental_2.jpg","type":"image\/jpeg"}],"author":"St\u00e9phane Miget","twitter_card":"summary_large_image","twitter_creator":"@bati_journal","twitter_site":"@bati_journal","twitter_misc":{"\u00c9crit par":"St\u00e9phane Miget","Dur\u00e9e de lecture estim\u00e9e":"1 minute"},"schema":{"@context":"https:\/\/schema.org","@graph":[{"@type":"Article","@id":"https:\/\/batijournal.com\/index.php\/restauration-du-massif-occidental-de-la-cathedrale-saint-mammes-de-langres\/105224\/#article","isPartOf":{"@id":"https:\/\/batijournal.com\/index.php\/restauration-du-massif-occidental-de-la-cathedrale-saint-mammes-de-langres\/105224\/"},"author":{"name":"St\u00e9phane Miget","@id":"https:\/\/batijournal.com\/#\/schema\/person\/1dc96ec6957aa1ccb25ebe78bb19f100"},"headline":"Restauration du massif occidental de la cath\u00e9drale Saint-Mamm\u00e8s de Langres","datePublished":"2020-12-02T10:36:59+00:00","dateModified":"2020-12-02T10:37:15+00:00","mainEntityOfPage":{"@id":"https:\/\/batijournal.com\/index.php\/restauration-du-massif-occidental-de-la-cathedrale-saint-mammes-de-langres\/105224\/"},"wordCount":242,"image":{"@id":"https:\/\/batijournal.com\/index.php\/restauration-du-massif-occidental-de-la-cathedrale-saint-mammes-de-langres\/105224\/#primaryimage"},"thumbnailUrl":"https:\/\/batijournal.com\/wp-content\/uploads\/2020\/12\/langres_cathedrale_massif_occidental_2.jpg","keywords":["cathedrale"],"articleSection":["Actualit\u00e9s","Architecture &amp; Conception","zz_Actualit\u00e9s - Atrium","zz_Atrium Patrimoine"],"inLanguage":"fr-FR"},{"@type":"WebPage","@id":"https:\/\/batijournal.com\/index.php\/restauration-du-massif-occidental-de-la-cathedrale-saint-mammes-de-langres\/105224\/","url":"https:\/\/batijournal.com\/index.php\/restauration-du-massif-occidental-de-la-cathedrale-saint-mammes-de-langres\/105224\/","name":"Restauration du massif occidental de la cath\u00e9drale Saint-Mamm\u00e8s de Langres","isPartOf":{"@id":"https:\/\/batijournal.com\/#website"},"primaryImageOfPage":{"@id":"https:\/\/batijournal.com\/index.php\/restauration-du-massif-occidental-de-la-cathedrale-saint-mammes-de-langres\/105224\/#primaryimage"},"image":{"@id":"https:\/\/batijournal.com\/index.php\/restauration-du-massif-occidental-de-la-cathedrale-saint-mammes-de-langres\/105224\/#primaryimage"},"thumbnailUrl":"https:\/\/batijournal.com\/wp-content\/uploads\/2020\/12\/langres_cathedrale_massif_occidental_2.jpg","datePublished":"2020-12-02T10:36:59+00:00","dateModified":"2020-12-02T10:37:15+00:00","author":{"@id":"https:\/\/batijournal.com\/#\/schema\/person\/1dc96ec6957aa1ccb25ebe78bb19f100"},"breadcrumb":{"@id":"https:\/\/batijournal.com\/index.php\/restauration-du-massif-occidental-de-la-cathedrale-saint-mammes-de-langres\/105224\/#breadcrumb"},"inLanguage":"fr-FR","potentialAction":[{"@type":"ReadAction","target":["https:\/\/batijournal.com\/index.php\/restauration-du-massif-occidental-de-la-cathedrale-saint-mammes-de-langres\/105224\/"]}]},{"@type":"ImageObject","inLanguage":"fr-FR","@id":"https:\/\/batijournal.com\/index.php\/restauration-du-massif-occidental-de-la-cathedrale-saint-mammes-de-langres\/105224\/#primaryimage","url":"https:\/\/batijournal.com\/wp-content\/uploads\/2020\/12\/langres_cathedrale_massif_occidental_2.jpg","contentUrl":"https:\/\/batijournal.com\/wp-content\/uploads\/2020\/12\/langres_cathedrale_massif_occidental_2.jpg","width":826,"height":615},{"@type":"BreadcrumbList","@id":"https:\/\/batijournal.com\/index.php\/restauration-du-massif-occidental-de-la-cathedrale-saint-mammes-de-langres\/105224\/#breadcrumb","itemListElement":[{"@type":"ListItem","position":1,"name":"Accueil","item":"https:\/\/batijournal.com\/"},{"@type":"ListItem","position":2,"name":"Actualit\u00e9s","item":"https:\/\/batijournal.com\/index.php\/category\/actualites\/"},{"@type":"ListItem","position":3,"name":"Architecture &amp; Conception","item":"https:\/\/batijournal.com\/index.php\/category\/actualites\/architecture-conception\/"},{"@type":"ListItem","position":4,"name":"Restauration du massif occidental de la cath\u00e9drale Saint-Mamm\u00e8s de Langres"}]},{"@type":"WebSite","@id":"https:\/\/batijournal.com\/#website","url":"https:\/\/batijournal.com\/","name":"Batijournal","description":"L&#039;actualit\u00e9 du b\u00e2timent","potentialAction":[{"@type":"SearchAction","target":{"@type":"EntryPoint","urlTemplate":"https:\/\/batijournal.com\/?s={search_term_string}"},"query-input":{"@type":"PropertyValueSpecification","valueRequired":true,"valueName":"search_term_string"}}],"inLanguage":"fr-FR"},{"@type":"Person","@id":"https:\/\/batijournal.com\/#\/schema\/person\/1dc96ec6957aa1ccb25ebe78bb19f100","name":"St\u00e9phane Miget","image":{"@type":"ImageObject","inLanguage":"fr-FR","@id":"https:\/\/secure.gravatar.com\/avatar\/89915563d925342126b8ef0281b93d9d7fc337043e8df017f780908eb9644451?s=96&d=mm&r=g","url":"https:\/\/secure.gravatar.com\/avatar\/89915563d925342126b8ef0281b93d9d7fc337043e8df017f780908eb9644451?s=96&d=mm&r=g","contentUrl":"https:\/\/secure.gravatar.com\/avatar\/89915563d925342126b8ef0281b93d9d7fc337043e8df017f780908eb9644451?s=96&d=mm&r=g","caption":"St\u00e9phane Miget"},"url":"https:\/\/batijournal.com\/index.php\/author\/stephane\/"}]}},"_links":{"self":[{"href":"https:\/\/batijournal.com\/index.php\/wp-json\/wp\/v2\/posts\/105224","targetHints":{"allow":["GET"]}}],"collection":[{"href":"https:\/\/batijournal.com\/index.php\/wp-json\/wp\/v2\/posts"}],"about":[{"href":"https:\/\/batijournal.com\/index.php\/wp-json\/wp\/v2\/types\/post"}],"author":[{"embeddable":true,"href":"https:\/\/batijournal.com\/index.php\/wp-json\/wp\/v2\/users\/17"}],"replies":[{"embeddable":true,"href":"https:\/\/batijournal.com\/index.php\/wp-json\/wp\/v2\/comments?post=105224"}],"version-history":[{"count":0,"href":"https:\/\/batijournal.com\/index.php\/wp-json\/wp\/v2\/posts\/105224\/revisions"}],"wp:featuredmedia":[{"embeddable":true,"href":"https:\/\/batijournal.com\/index.php\/wp-json\/wp\/v2\/media\/105219"}],"wp:attachment":[{"href":"https:\/\/batijournal.com\/index.php\/wp-json\/wp\/v2\/media?parent=105224"}],"wp:term":[{"taxonomy":"category","embeddable":true,"href":"https:\/\/batijournal.com\/index.php\/wp-json\/wp\/v2\/categories?post=105224"},{"taxonomy":"post_tag","embeddable":true,"href":"https:\/\/batijournal.com\/index.php\/wp-json\/wp\/v2\/tags?post=105224"}],"curies":[{"name":"wp","href":"https:\/\/api.w.org\/{rel}","templated":true}]}}