{"id":105230,"date":"2020-12-03T07:20:01","date_gmt":"2020-12-03T06:20:01","guid":{"rendered":"https:\/\/batijournal.com\/?p=105230"},"modified":"2020-12-03T07:20:01","modified_gmt":"2020-12-03T06:20:01","slug":"balcons-points-de-vigilance","status":"publish","type":"post","link":"https:\/\/batijournal.com\/index.php\/balcons-points-de-vigilance\/105230\/","title":{"rendered":"Balcons : points de vigilance"},"content":{"rendered":"<p>A la suite de l\u2019effondrement d\u2019un balcon \u00e0 Angers en 2016 ayant entrain\u00e9 la mort tragique de quatre personnes, le minist\u00e8re de la Coh\u00e9sion des territoires, en collaboration avec la Direction de l\u2019Habitat de l\u2019Urbanisme et des Paysages (DHUP), ont missionn\u00e9 l\u2019Agence Qualit\u00e9 Construction (AQC) sur une \u00e9tude traitant de la sinistralit\u00e9 des balcons. Encore peu connue et arrivant pourtant plusieurs par an en France, c\u2019est une premi\u00e8re \u00e9tape franchie dans la connaissance de ce type d\u2019\u00e9v\u00e9nements : l\u2019\u00e9tude a \u00e9t\u00e9 publi\u00e9e il y a quelques jours. Elle a pour objectif de faire un \u00e9tat des lieux des d\u00e9sordres observ\u00e9s sur les balcons, de la fissuration \u00e0 l\u2019effondrement, puis de cat\u00e9goriser les pathologies rencontr\u00e9es et d\u2019en faire une analyse, afin de permettre \u00e0 la fili\u00e8re d\u2019en tirer des conclusions et de prendre des dispositions. Fond\u00e9e sur un \u00e9chantillon de 348 rapports d\u2019expertise, elle \u00e9tablit une classification des pathologies par nature de mat\u00e9riau. Elle propose des perspectives d\u2019am\u00e9lioration globale des bonnes pratiques.<\/p>\n","protected":false},"excerpt":{"rendered":"<p>A la suite de l\u2019effondrement d\u2019un balcon \u00e0 Angers en 2016 ayant entrain\u00e9 la mort tragique de quatre personnes, le minist\u00e8re de la Coh\u00e9sion des territoires, en collaboration avec la Direction de l\u2019Habitat de l\u2019Urbanisme et des Paysages (DHUP), ont missionn\u00e9 l\u2019Agence Qualit\u00e9 Construction (AQC) sur une \u00e9tude traitant de la sinistralit\u00e9 des balcons. Encore [&hellip;]<\/p>\n","protected":false},"author":17,"featured_media":105231,"comment_status":"closed","ping_status":"closed","sticky":false,"template":"","format":"standard","meta":{"_et_pb_use_builder":"","_et_pb_old_content":"","_et_gb_content_width":"","footnotes":""},"categories":[10530,6340,10771,10775],"tags":[12954],"class_list":["post-105230","post","type-post","status-publish","format-standard","has-post-thumbnail","hentry","category-actualites","category-architecture-conception","category-5facades","category-actualites-5facades","tag-balcon"],"yoast_head":"<!-- This site is optimized with the Yoast SEO plugin v27.4 - https:\/\/yoast.com\/product\/yoast-seo-wordpress\/ -->\n<title>Balcons : points de vigilance<\/title>\n<meta name=\"robots\" content=\"index, follow, max-snippet:-1, max-image-preview:large, max-video-preview:-1\" \/>\n<link rel=\"canonical\" href=\"https:\/\/batijournal.com\/index.php\/balcons-points-de-vigilance\/105230\/\" \/>\n<meta property=\"og:locale\" content=\"fr_FR\" \/>\n<meta property=\"og:type\" content=\"article\" \/>\n<meta property=\"og:title\" content=\"Balcons : points de vigilance\" \/>\n<meta property=\"og:description\" content=\"A la suite de l\u2019effondrement d\u2019un balcon \u00e0 Angers en 2016 ayant entrain\u00e9 la mort tragique de quatre personnes, le minist\u00e8re de la Coh\u00e9sion des territoires, en collaboration avec la Direction de l\u2019Habitat de l\u2019Urbanisme et des Paysages (DHUP), ont missionn\u00e9 l\u2019Agence Qualit\u00e9 Construction (AQC) sur une \u00e9tude traitant de la sinistralit\u00e9 des balcons. Encore [&hellip;]\" \/>\n<meta property=\"og:url\" content=\"https:\/\/batijournal.com\/index.php\/balcons-points-de-vigilance\/105230\/\" \/>\n<meta property=\"og:site_name\" content=\"Batijournal\" \/>\n<meta property=\"article:published_time\" content=\"2020-12-03T06:20:01+00:00\" \/>\n<meta property=\"og:image\" content=\"https:\/\/batijournal.com\/wp-content\/uploads\/2020\/12\/desordres-balcons.jpg\" \/>\n\t<meta property=\"og:image:width\" content=\"1000\" \/>\n\t<meta property=\"og:image:height\" content=\"831\" \/>\n\t<meta property=\"og:image:type\" content=\"image\/jpeg\" \/>\n<meta name=\"author\" content=\"St\u00e9phane Miget\" \/>\n<meta name=\"twitter:card\" content=\"summary_large_image\" \/>\n<meta name=\"twitter:creator\" content=\"@bati_journal\" \/>\n<meta name=\"twitter:site\" content=\"@bati_journal\" \/>\n<meta name=\"twitter:label1\" content=\"\u00c9crit par\" \/>\n\t<meta name=\"twitter:data1\" content=\"St\u00e9phane Miget\" \/>\n\t<meta name=\"twitter:label2\" content=\"Dur\u00e9e de lecture estim\u00e9e\" \/>\n\t<meta name=\"twitter:data2\" content=\"1 minute\" \/>\n<script type=\"application\/ld+json\" class=\"yoast-schema-graph\">{\"@context\":\"https:\\\/\\\/schema.org\",\"@graph\":[{\"@type\":\"Article\",\"@id\":\"https:\\\/\\\/batijournal.com\\\/index.php\\\/balcons-points-de-vigilance\\\/105230\\\/#article\",\"isPartOf\":{\"@id\":\"https:\\\/\\\/batijournal.com\\\/index.php\\\/balcons-points-de-vigilance\\\/105230\\\/\"},\"author\":{\"name\":\"St\u00e9phane Miget\",\"@id\":\"https:\\\/\\\/batijournal.com\\\/#\\\/schema\\\/person\\\/1dc96ec6957aa1ccb25ebe78bb19f100\"},\"headline\":\"Balcons : points de vigilance\",\"datePublished\":\"2020-12-03T06:20:01+00:00\",\"mainEntityOfPage\":{\"@id\":\"https:\\\/\\\/batijournal.com\\\/index.php\\\/balcons-points-de-vigilance\\\/105230\\\/\"},\"wordCount\":185,\"image\":{\"@id\":\"https:\\\/\\\/batijournal.com\\\/index.php\\\/balcons-points-de-vigilance\\\/105230\\\/#primaryimage\"},\"thumbnailUrl\":\"https:\\\/\\\/batijournal.com\\\/wp-content\\\/uploads\\\/2020\\\/12\\\/desordres-balcons.jpg\",\"keywords\":[\"balcon\"],\"articleSection\":[\"Actualit\u00e9s\",\"Architecture &amp; Conception\",\"zz_5fa\u00e7ades\",\"zz_Actualit\u00e9s - 5fa\u00e7ades\"],\"inLanguage\":\"fr-FR\"},{\"@type\":\"WebPage\",\"@id\":\"https:\\\/\\\/batijournal.com\\\/index.php\\\/balcons-points-de-vigilance\\\/105230\\\/\",\"url\":\"https:\\\/\\\/batijournal.com\\\/index.php\\\/balcons-points-de-vigilance\\\/105230\\\/\",\"name\":\"Balcons : points de vigilance\",\"isPartOf\":{\"@id\":\"https:\\\/\\\/batijournal.com\\\/#website\"},\"primaryImageOfPage\":{\"@id\":\"https:\\\/\\\/batijournal.com\\\/index.php\\\/balcons-points-de-vigilance\\\/105230\\\/#primaryimage\"},\"image\":{\"@id\":\"https:\\\/\\\/batijournal.com\\\/index.php\\\/balcons-points-de-vigilance\\\/105230\\\/#primaryimage\"},\"thumbnailUrl\":\"https:\\\/\\\/batijournal.com\\\/wp-content\\\/uploads\\\/2020\\\/12\\\/desordres-balcons.jpg\",\"datePublished\":\"2020-12-03T06:20:01+00:00\",\"author\":{\"@id\":\"https:\\\/\\\/batijournal.com\\\/#\\\/schema\\\/person\\\/1dc96ec6957aa1ccb25ebe78bb19f100\"},\"breadcrumb\":{\"@id\":\"https:\\\/\\\/batijournal.com\\\/index.php\\\/balcons-points-de-vigilance\\\/105230\\\/#breadcrumb\"},\"inLanguage\":\"fr-FR\",\"potentialAction\":[{\"@type\":\"ReadAction\",\"target\":[\"https:\\\/\\\/batijournal.com\\\/index.php\\\/balcons-points-de-vigilance\\\/105230\\\/\"]}]},{\"@type\":\"ImageObject\",\"inLanguage\":\"fr-FR\",\"@id\":\"https:\\\/\\\/batijournal.com\\\/index.php\\\/balcons-points-de-vigilance\\\/105230\\\/#primaryimage\",\"url\":\"https:\\\/\\\/batijournal.com\\\/wp-content\\\/uploads\\\/2020\\\/12\\\/desordres-balcons.jpg\",\"contentUrl\":\"https:\\\/\\\/batijournal.com\\\/wp-content\\\/uploads\\\/2020\\\/12\\\/desordres-balcons.jpg\",\"width\":1000,\"height\":831},{\"@type\":\"BreadcrumbList\",\"@id\":\"https:\\\/\\\/batijournal.com\\\/index.php\\\/balcons-points-de-vigilance\\\/105230\\\/#breadcrumb\",\"itemListElement\":[{\"@type\":\"ListItem\",\"position\":1,\"name\":\"Accueil\",\"item\":\"https:\\\/\\\/batijournal.com\\\/\"},{\"@type\":\"ListItem\",\"position\":2,\"name\":\"Actualit\u00e9s\",\"item\":\"https:\\\/\\\/batijournal.com\\\/index.php\\\/category\\\/actualites\\\/\"},{\"@type\":\"ListItem\",\"position\":3,\"name\":\"Architecture &amp; Conception\",\"item\":\"https:\\\/\\\/batijournal.com\\\/index.php\\\/category\\\/actualites\\\/architecture-conception\\\/\"},{\"@type\":\"ListItem\",\"position\":4,\"name\":\"Balcons : points de vigilance\"}]},{\"@type\":\"WebSite\",\"@id\":\"https:\\\/\\\/batijournal.com\\\/#website\",\"url\":\"https:\\\/\\\/batijournal.com\\\/\",\"name\":\"Batijournal\",\"description\":\"L&#039;actualit\u00e9 du b\u00e2timent\",\"potentialAction\":[{\"@type\":\"SearchAction\",\"target\":{\"@type\":\"EntryPoint\",\"urlTemplate\":\"https:\\\/\\\/batijournal.com\\\/?s={search_term_string}\"},\"query-input\":{\"@type\":\"PropertyValueSpecification\",\"valueRequired\":true,\"valueName\":\"search_term_string\"}}],\"inLanguage\":\"fr-FR\"},{\"@type\":\"Person\",\"@id\":\"https:\\\/\\\/batijournal.com\\\/#\\\/schema\\\/person\\\/1dc96ec6957aa1ccb25ebe78bb19f100\",\"name\":\"St\u00e9phane Miget\",\"image\":{\"@type\":\"ImageObject\",\"inLanguage\":\"fr-FR\",\"@id\":\"https:\\\/\\\/secure.gravatar.com\\\/avatar\\\/89915563d925342126b8ef0281b93d9d7fc337043e8df017f780908eb9644451?s=96&d=mm&r=g\",\"url\":\"https:\\\/\\\/secure.gravatar.com\\\/avatar\\\/89915563d925342126b8ef0281b93d9d7fc337043e8df017f780908eb9644451?s=96&d=mm&r=g\",\"contentUrl\":\"https:\\\/\\\/secure.gravatar.com\\\/avatar\\\/89915563d925342126b8ef0281b93d9d7fc337043e8df017f780908eb9644451?s=96&d=mm&r=g\",\"caption\":\"St\u00e9phane Miget\"},\"url\":\"https:\\\/\\\/batijournal.com\\\/index.php\\\/author\\\/stephane\\\/\"}]}<\/script>\n<!-- \/ Yoast SEO plugin. -->","yoast_head_json":{"title":"Balcons : points de vigilance","robots":{"index":"index","follow":"follow","max-snippet":"max-snippet:-1","max-image-preview":"max-image-preview:large","max-video-preview":"max-video-preview:-1"},"canonical":"https:\/\/batijournal.com\/index.php\/balcons-points-de-vigilance\/105230\/","og_locale":"fr_FR","og_type":"article","og_title":"Balcons : points de vigilance","og_description":"A la suite de l\u2019effondrement d\u2019un balcon \u00e0 Angers en 2016 ayant entrain\u00e9 la mort tragique de quatre personnes, le minist\u00e8re de la Coh\u00e9sion des territoires, en collaboration avec la Direction de l\u2019Habitat de l\u2019Urbanisme et des Paysages (DHUP), ont missionn\u00e9 l\u2019Agence Qualit\u00e9 Construction (AQC) sur une \u00e9tude traitant de la sinistralit\u00e9 des balcons. Encore [&hellip;]","og_url":"https:\/\/batijournal.com\/index.php\/balcons-points-de-vigilance\/105230\/","og_site_name":"Batijournal","article_published_time":"2020-12-03T06:20:01+00:00","og_image":[{"width":1000,"height":831,"url":"https:\/\/batijournal.com\/wp-content\/uploads\/2020\/12\/desordres-balcons.jpg","type":"image\/jpeg"}],"author":"St\u00e9phane Miget","twitter_card":"summary_large_image","twitter_creator":"@bati_journal","twitter_site":"@bati_journal","twitter_misc":{"\u00c9crit par":"St\u00e9phane Miget","Dur\u00e9e de lecture estim\u00e9e":"1 minute"},"schema":{"@context":"https:\/\/schema.org","@graph":[{"@type":"Article","@id":"https:\/\/batijournal.com\/index.php\/balcons-points-de-vigilance\/105230\/#article","isPartOf":{"@id":"https:\/\/batijournal.com\/index.php\/balcons-points-de-vigilance\/105230\/"},"author":{"name":"St\u00e9phane Miget","@id":"https:\/\/batijournal.com\/#\/schema\/person\/1dc96ec6957aa1ccb25ebe78bb19f100"},"headline":"Balcons : points de vigilance","datePublished":"2020-12-03T06:20:01+00:00","mainEntityOfPage":{"@id":"https:\/\/batijournal.com\/index.php\/balcons-points-de-vigilance\/105230\/"},"wordCount":185,"image":{"@id":"https:\/\/batijournal.com\/index.php\/balcons-points-de-vigilance\/105230\/#primaryimage"},"thumbnailUrl":"https:\/\/batijournal.com\/wp-content\/uploads\/2020\/12\/desordres-balcons.jpg","keywords":["balcon"],"articleSection":["Actualit\u00e9s","Architecture &amp; Conception","zz_5fa\u00e7ades","zz_Actualit\u00e9s - 5fa\u00e7ades"],"inLanguage":"fr-FR"},{"@type":"WebPage","@id":"https:\/\/batijournal.com\/index.php\/balcons-points-de-vigilance\/105230\/","url":"https:\/\/batijournal.com\/index.php\/balcons-points-de-vigilance\/105230\/","name":"Balcons : points de vigilance","isPartOf":{"@id":"https:\/\/batijournal.com\/#website"},"primaryImageOfPage":{"@id":"https:\/\/batijournal.com\/index.php\/balcons-points-de-vigilance\/105230\/#primaryimage"},"image":{"@id":"https:\/\/batijournal.com\/index.php\/balcons-points-de-vigilance\/105230\/#primaryimage"},"thumbnailUrl":"https:\/\/batijournal.com\/wp-content\/uploads\/2020\/12\/desordres-balcons.jpg","datePublished":"2020-12-03T06:20:01+00:00","author":{"@id":"https:\/\/batijournal.com\/#\/schema\/person\/1dc96ec6957aa1ccb25ebe78bb19f100"},"breadcrumb":{"@id":"https:\/\/batijournal.com\/index.php\/balcons-points-de-vigilance\/105230\/#breadcrumb"},"inLanguage":"fr-FR","potentialAction":[{"@type":"ReadAction","target":["https:\/\/batijournal.com\/index.php\/balcons-points-de-vigilance\/105230\/"]}]},{"@type":"ImageObject","inLanguage":"fr-FR","@id":"https:\/\/batijournal.com\/index.php\/balcons-points-de-vigilance\/105230\/#primaryimage","url":"https:\/\/batijournal.com\/wp-content\/uploads\/2020\/12\/desordres-balcons.jpg","contentUrl":"https:\/\/batijournal.com\/wp-content\/uploads\/2020\/12\/desordres-balcons.jpg","width":1000,"height":831},{"@type":"BreadcrumbList","@id":"https:\/\/batijournal.com\/index.php\/balcons-points-de-vigilance\/105230\/#breadcrumb","itemListElement":[{"@type":"ListItem","position":1,"name":"Accueil","item":"https:\/\/batijournal.com\/"},{"@type":"ListItem","position":2,"name":"Actualit\u00e9s","item":"https:\/\/batijournal.com\/index.php\/category\/actualites\/"},{"@type":"ListItem","position":3,"name":"Architecture &amp; Conception","item":"https:\/\/batijournal.com\/index.php\/category\/actualites\/architecture-conception\/"},{"@type":"ListItem","position":4,"name":"Balcons : points de vigilance"}]},{"@type":"WebSite","@id":"https:\/\/batijournal.com\/#website","url":"https:\/\/batijournal.com\/","name":"Batijournal","description":"L&#039;actualit\u00e9 du b\u00e2timent","potentialAction":[{"@type":"SearchAction","target":{"@type":"EntryPoint","urlTemplate":"https:\/\/batijournal.com\/?s={search_term_string}"},"query-input":{"@type":"PropertyValueSpecification","valueRequired":true,"valueName":"search_term_string"}}],"inLanguage":"fr-FR"},{"@type":"Person","@id":"https:\/\/batijournal.com\/#\/schema\/person\/1dc96ec6957aa1ccb25ebe78bb19f100","name":"St\u00e9phane Miget","image":{"@type":"ImageObject","inLanguage":"fr-FR","@id":"https:\/\/secure.gravatar.com\/avatar\/89915563d925342126b8ef0281b93d9d7fc337043e8df017f780908eb9644451?s=96&d=mm&r=g","url":"https:\/\/secure.gravatar.com\/avatar\/89915563d925342126b8ef0281b93d9d7fc337043e8df017f780908eb9644451?s=96&d=mm&r=g","contentUrl":"https:\/\/secure.gravatar.com\/avatar\/89915563d925342126b8ef0281b93d9d7fc337043e8df017f780908eb9644451?s=96&d=mm&r=g","caption":"St\u00e9phane Miget"},"url":"https:\/\/batijournal.com\/index.php\/author\/stephane\/"}]}},"_links":{"self":[{"href":"https:\/\/batijournal.com\/index.php\/wp-json\/wp\/v2\/posts\/105230","targetHints":{"allow":["GET"]}}],"collection":[{"href":"https:\/\/batijournal.com\/index.php\/wp-json\/wp\/v2\/posts"}],"about":[{"href":"https:\/\/batijournal.com\/index.php\/wp-json\/wp\/v2\/types\/post"}],"author":[{"embeddable":true,"href":"https:\/\/batijournal.com\/index.php\/wp-json\/wp\/v2\/users\/17"}],"replies":[{"embeddable":true,"href":"https:\/\/batijournal.com\/index.php\/wp-json\/wp\/v2\/comments?post=105230"}],"version-history":[{"count":0,"href":"https:\/\/batijournal.com\/index.php\/wp-json\/wp\/v2\/posts\/105230\/revisions"}],"wp:featuredmedia":[{"embeddable":true,"href":"https:\/\/batijournal.com\/index.php\/wp-json\/wp\/v2\/media\/105231"}],"wp:attachment":[{"href":"https:\/\/batijournal.com\/index.php\/wp-json\/wp\/v2\/media?parent=105230"}],"wp:term":[{"taxonomy":"category","embeddable":true,"href":"https:\/\/batijournal.com\/index.php\/wp-json\/wp\/v2\/categories?post=105230"},{"taxonomy":"post_tag","embeddable":true,"href":"https:\/\/batijournal.com\/index.php\/wp-json\/wp\/v2\/tags?post=105230"}],"curies":[{"name":"wp","href":"https:\/\/api.w.org\/{rel}","templated":true}]}}