{"id":105236,"date":"2020-12-03T08:01:03","date_gmt":"2020-12-03T07:01:03","guid":{"rendered":"https:\/\/batijournal.com\/?p=105236"},"modified":"2020-12-03T08:01:03","modified_gmt":"2020-12-03T07:01:03","slug":"wicona-simplique-fortement-dans-le-recyclage-et-le-reemploi-des-materiaux","status":"publish","type":"post","link":"https:\/\/batijournal.com\/index.php\/wicona-simplique-fortement-dans-le-recyclage-et-le-reemploi-des-materiaux\/105236\/","title":{"rendered":"WICONA s&rsquo;implique fortement dans le recyclage et le r\u00e9emploi des mat\u00e9riaux"},"content":{"rendered":"<p>WICONA, \u00e0 l\u2019instar de sa maison m\u00e8re le groupe norv\u00e9gien de l\u2019aluminium Hydro, a fait du recyclage une priorit\u00e9. En 2019, la marque commence \u00e0 commercialiser des solutions int\u00e9grant l\u2019aluminium recycl\u00e9 Hydro CIRCAL\u00ae 75R. Les principes de l\u2019\u00e9conomie circulaire impliquent en amont, d\u2019\u00e9coconcevoir le b\u00e2timent selon le concept de banque de mat\u00e9riaux et en aval, lors de la phase d\u2019exploitation, de g\u00e9rer les ressources du b\u00e2timent afin qu\u2019elles soient remploy\u00e9es ou upcycl\u00e9es en fin d\u2019usage. Partageant la vision d\u2019Upcylea selon laquelle un b\u00e2timent est une \u00ab banque de mat\u00e9riaux \u00bb, WICONA a d\u00e9cid\u00e9, d\u2019une part, de rejoindre l\u2019Alliance des B\u00e2timents Circulaires, fond\u00e9e par ses soins et d\u2019autre part, de passer ses solutions au crible des crit\u00e8res de son Passeport Circulaire. Ses premiers produits, caract\u00e9ris\u00e9s dans des Passeports Circulaires, sont disponibles d\u00e9sormais sur la plateforme de gestion circulaire des ressources myUpcyclea. WICONA est aussi le premier gammiste \u00e0 rejoindre l\u2019Association Circolab, une communaut\u00e9 d\u2019acteurs du secteur de l\u2019immobilier engag\u00e9s en faveur du d\u00e9veloppement de l\u2019\u00e9conomie circulaire et notamment du r\u00e9emploi de produits et mat\u00e9riaux du b\u00e2timent.<\/p>\n","protected":false},"excerpt":{"rendered":"<p>WICONA, \u00e0 l\u2019instar de sa maison m\u00e8re le groupe norv\u00e9gien de l\u2019aluminium Hydro, a fait du recyclage une priorit\u00e9. En 2019, la marque commence \u00e0 commercialiser des solutions int\u00e9grant l\u2019aluminium recycl\u00e9 Hydro CIRCAL\u00ae 75R. Les principes de l\u2019\u00e9conomie circulaire impliquent en amont, d\u2019\u00e9coconcevoir le b\u00e2timent selon le concept de banque de mat\u00e9riaux et en aval, [&hellip;]<\/p>\n","protected":false},"author":17,"featured_media":105237,"comment_status":"closed","ping_status":"closed","sticky":false,"template":"","format":"standard","meta":{"_et_pb_use_builder":"","_et_pb_old_content":"","_et_gb_content_width":"","footnotes":""},"categories":[10530,6351,10771,10775,10781,10778],"tags":[11430],"class_list":["post-105236","post","type-post","status-publish","format-standard","has-post-thumbnail","hentry","category-actualites","category-energie-environnement","category-5facades","category-actualites-5facades","category-publications-planete","category-planete","tag-economie-circulaire"],"yoast_head":"<!-- This site is optimized with the Yoast SEO plugin v27.4 - https:\/\/yoast.com\/product\/yoast-seo-wordpress\/ -->\n<title>WICONA s&#039;implique fortement dans le recyclage et le r\u00e9emploi des mat\u00e9riaux<\/title>\n<meta name=\"robots\" content=\"index, follow, max-snippet:-1, max-image-preview:large, max-video-preview:-1\" \/>\n<link rel=\"canonical\" href=\"https:\/\/batijournal.com\/index.php\/wicona-simplique-fortement-dans-le-recyclage-et-le-reemploi-des-materiaux\/105236\/\" \/>\n<meta property=\"og:locale\" content=\"fr_FR\" \/>\n<meta property=\"og:type\" content=\"article\" \/>\n<meta property=\"og:title\" content=\"WICONA s&#039;implique fortement dans le recyclage et le r\u00e9emploi des mat\u00e9riaux\" \/>\n<meta property=\"og:description\" content=\"WICONA, \u00e0 l\u2019instar de sa maison m\u00e8re le groupe norv\u00e9gien de l\u2019aluminium Hydro, a fait du recyclage une priorit\u00e9. En 2019, la marque commence \u00e0 commercialiser des solutions int\u00e9grant l\u2019aluminium recycl\u00e9 Hydro CIRCAL\u00ae 75R. Les principes de l\u2019\u00e9conomie circulaire impliquent en amont, d\u2019\u00e9coconcevoir le b\u00e2timent selon le concept de banque de mat\u00e9riaux et en aval, [&hellip;]\" \/>\n<meta property=\"og:url\" content=\"https:\/\/batijournal.com\/index.php\/wicona-simplique-fortement-dans-le-recyclage-et-le-reemploi-des-materiaux\/105236\/\" \/>\n<meta property=\"og:site_name\" content=\"Batijournal\" \/>\n<meta property=\"article:published_time\" content=\"2020-12-03T07:01:03+00:00\" \/>\n<meta property=\"og:image\" content=\"https:\/\/batijournal.com\/wp-content\/uploads\/2020\/12\/2020_Circolab-logo.jpg\" \/>\n\t<meta property=\"og:image:width\" content=\"1200\" \/>\n\t<meta property=\"og:image:height\" content=\"767\" \/>\n\t<meta property=\"og:image:type\" content=\"image\/jpeg\" \/>\n<meta name=\"author\" content=\"St\u00e9phane Miget\" \/>\n<meta name=\"twitter:card\" content=\"summary_large_image\" \/>\n<meta name=\"twitter:creator\" content=\"@bati_journal\" \/>\n<meta name=\"twitter:site\" content=\"@bati_journal\" \/>\n<meta name=\"twitter:label1\" content=\"\u00c9crit par\" \/>\n\t<meta name=\"twitter:data1\" content=\"St\u00e9phane Miget\" \/>\n\t<meta name=\"twitter:label2\" content=\"Dur\u00e9e de lecture estim\u00e9e\" \/>\n\t<meta name=\"twitter:data2\" content=\"1 minute\" \/>\n<script type=\"application\/ld+json\" class=\"yoast-schema-graph\">{\"@context\":\"https:\\\/\\\/schema.org\",\"@graph\":[{\"@type\":\"Article\",\"@id\":\"https:\\\/\\\/batijournal.com\\\/index.php\\\/wicona-simplique-fortement-dans-le-recyclage-et-le-reemploi-des-materiaux\\\/105236\\\/#article\",\"isPartOf\":{\"@id\":\"https:\\\/\\\/batijournal.com\\\/index.php\\\/wicona-simplique-fortement-dans-le-recyclage-et-le-reemploi-des-materiaux\\\/105236\\\/\"},\"author\":{\"name\":\"St\u00e9phane Miget\",\"@id\":\"https:\\\/\\\/batijournal.com\\\/#\\\/schema\\\/person\\\/1dc96ec6957aa1ccb25ebe78bb19f100\"},\"headline\":\"WICONA s&rsquo;implique fortement dans le recyclage et le r\u00e9emploi des mat\u00e9riaux\",\"datePublished\":\"2020-12-03T07:01:03+00:00\",\"mainEntityOfPage\":{\"@id\":\"https:\\\/\\\/batijournal.com\\\/index.php\\\/wicona-simplique-fortement-dans-le-recyclage-et-le-reemploi-des-materiaux\\\/105236\\\/\"},\"wordCount\":222,\"image\":{\"@id\":\"https:\\\/\\\/batijournal.com\\\/index.php\\\/wicona-simplique-fortement-dans-le-recyclage-et-le-reemploi-des-materiaux\\\/105236\\\/#primaryimage\"},\"thumbnailUrl\":\"https:\\\/\\\/batijournal.com\\\/wp-content\\\/uploads\\\/2020\\\/12\\\/2020_Circolab-logo.jpg\",\"keywords\":[\"\u00e9conomie circulaire\"],\"articleSection\":[\"Actualit\u00e9s\",\"\u00c9nergie &amp; Environnement\",\"zz_5fa\u00e7ades\",\"zz_Actualit\u00e9s - 5fa\u00e7ades\",\"zz_Actualit\u00e9s - Plan\u00e8te\",\"zz_Plan\u00e8te B\u00e2timent\"],\"inLanguage\":\"fr-FR\"},{\"@type\":\"WebPage\",\"@id\":\"https:\\\/\\\/batijournal.com\\\/index.php\\\/wicona-simplique-fortement-dans-le-recyclage-et-le-reemploi-des-materiaux\\\/105236\\\/\",\"url\":\"https:\\\/\\\/batijournal.com\\\/index.php\\\/wicona-simplique-fortement-dans-le-recyclage-et-le-reemploi-des-materiaux\\\/105236\\\/\",\"name\":\"WICONA s'implique fortement dans le recyclage et le r\u00e9emploi des mat\u00e9riaux\",\"isPartOf\":{\"@id\":\"https:\\\/\\\/batijournal.com\\\/#website\"},\"primaryImageOfPage\":{\"@id\":\"https:\\\/\\\/batijournal.com\\\/index.php\\\/wicona-simplique-fortement-dans-le-recyclage-et-le-reemploi-des-materiaux\\\/105236\\\/#primaryimage\"},\"image\":{\"@id\":\"https:\\\/\\\/batijournal.com\\\/index.php\\\/wicona-simplique-fortement-dans-le-recyclage-et-le-reemploi-des-materiaux\\\/105236\\\/#primaryimage\"},\"thumbnailUrl\":\"https:\\\/\\\/batijournal.com\\\/wp-content\\\/uploads\\\/2020\\\/12\\\/2020_Circolab-logo.jpg\",\"datePublished\":\"2020-12-03T07:01:03+00:00\",\"author\":{\"@id\":\"https:\\\/\\\/batijournal.com\\\/#\\\/schema\\\/person\\\/1dc96ec6957aa1ccb25ebe78bb19f100\"},\"breadcrumb\":{\"@id\":\"https:\\\/\\\/batijournal.com\\\/index.php\\\/wicona-simplique-fortement-dans-le-recyclage-et-le-reemploi-des-materiaux\\\/105236\\\/#breadcrumb\"},\"inLanguage\":\"fr-FR\",\"potentialAction\":[{\"@type\":\"ReadAction\",\"target\":[\"https:\\\/\\\/batijournal.com\\\/index.php\\\/wicona-simplique-fortement-dans-le-recyclage-et-le-reemploi-des-materiaux\\\/105236\\\/\"]}]},{\"@type\":\"ImageObject\",\"inLanguage\":\"fr-FR\",\"@id\":\"https:\\\/\\\/batijournal.com\\\/index.php\\\/wicona-simplique-fortement-dans-le-recyclage-et-le-reemploi-des-materiaux\\\/105236\\\/#primaryimage\",\"url\":\"https:\\\/\\\/batijournal.com\\\/wp-content\\\/uploads\\\/2020\\\/12\\\/2020_Circolab-logo.jpg\",\"contentUrl\":\"https:\\\/\\\/batijournal.com\\\/wp-content\\\/uploads\\\/2020\\\/12\\\/2020_Circolab-logo.jpg\",\"width\":1200,\"height\":767},{\"@type\":\"BreadcrumbList\",\"@id\":\"https:\\\/\\\/batijournal.com\\\/index.php\\\/wicona-simplique-fortement-dans-le-recyclage-et-le-reemploi-des-materiaux\\\/105236\\\/#breadcrumb\",\"itemListElement\":[{\"@type\":\"ListItem\",\"position\":1,\"name\":\"Accueil\",\"item\":\"https:\\\/\\\/batijournal.com\\\/\"},{\"@type\":\"ListItem\",\"position\":2,\"name\":\"Actualit\u00e9s\",\"item\":\"https:\\\/\\\/batijournal.com\\\/index.php\\\/category\\\/actualites\\\/\"},{\"@type\":\"ListItem\",\"position\":3,\"name\":\"\u00c9nergie &amp; Environnement\",\"item\":\"https:\\\/\\\/batijournal.com\\\/index.php\\\/category\\\/actualites\\\/energie-environnement\\\/\"},{\"@type\":\"ListItem\",\"position\":4,\"name\":\"WICONA s&rsquo;implique fortement dans le recyclage et le r\u00e9emploi des mat\u00e9riaux\"}]},{\"@type\":\"WebSite\",\"@id\":\"https:\\\/\\\/batijournal.com\\\/#website\",\"url\":\"https:\\\/\\\/batijournal.com\\\/\",\"name\":\"Batijournal\",\"description\":\"L&#039;actualit\u00e9 du b\u00e2timent\",\"potentialAction\":[{\"@type\":\"SearchAction\",\"target\":{\"@type\":\"EntryPoint\",\"urlTemplate\":\"https:\\\/\\\/batijournal.com\\\/?s={search_term_string}\"},\"query-input\":{\"@type\":\"PropertyValueSpecification\",\"valueRequired\":true,\"valueName\":\"search_term_string\"}}],\"inLanguage\":\"fr-FR\"},{\"@type\":\"Person\",\"@id\":\"https:\\\/\\\/batijournal.com\\\/#\\\/schema\\\/person\\\/1dc96ec6957aa1ccb25ebe78bb19f100\",\"name\":\"St\u00e9phane Miget\",\"image\":{\"@type\":\"ImageObject\",\"inLanguage\":\"fr-FR\",\"@id\":\"https:\\\/\\\/secure.gravatar.com\\\/avatar\\\/89915563d925342126b8ef0281b93d9d7fc337043e8df017f780908eb9644451?s=96&d=mm&r=g\",\"url\":\"https:\\\/\\\/secure.gravatar.com\\\/avatar\\\/89915563d925342126b8ef0281b93d9d7fc337043e8df017f780908eb9644451?s=96&d=mm&r=g\",\"contentUrl\":\"https:\\\/\\\/secure.gravatar.com\\\/avatar\\\/89915563d925342126b8ef0281b93d9d7fc337043e8df017f780908eb9644451?s=96&d=mm&r=g\",\"caption\":\"St\u00e9phane Miget\"},\"url\":\"https:\\\/\\\/batijournal.com\\\/index.php\\\/author\\\/stephane\\\/\"}]}<\/script>\n<!-- \/ Yoast SEO plugin. -->","yoast_head_json":{"title":"WICONA s'implique fortement dans le recyclage et le r\u00e9emploi des mat\u00e9riaux","robots":{"index":"index","follow":"follow","max-snippet":"max-snippet:-1","max-image-preview":"max-image-preview:large","max-video-preview":"max-video-preview:-1"},"canonical":"https:\/\/batijournal.com\/index.php\/wicona-simplique-fortement-dans-le-recyclage-et-le-reemploi-des-materiaux\/105236\/","og_locale":"fr_FR","og_type":"article","og_title":"WICONA s'implique fortement dans le recyclage et le r\u00e9emploi des mat\u00e9riaux","og_description":"WICONA, \u00e0 l\u2019instar de sa maison m\u00e8re le groupe norv\u00e9gien de l\u2019aluminium Hydro, a fait du recyclage une priorit\u00e9. En 2019, la marque commence \u00e0 commercialiser des solutions int\u00e9grant l\u2019aluminium recycl\u00e9 Hydro CIRCAL\u00ae 75R. Les principes de l\u2019\u00e9conomie circulaire impliquent en amont, d\u2019\u00e9coconcevoir le b\u00e2timent selon le concept de banque de mat\u00e9riaux et en aval, [&hellip;]","og_url":"https:\/\/batijournal.com\/index.php\/wicona-simplique-fortement-dans-le-recyclage-et-le-reemploi-des-materiaux\/105236\/","og_site_name":"Batijournal","article_published_time":"2020-12-03T07:01:03+00:00","og_image":[{"width":1200,"height":767,"url":"https:\/\/batijournal.com\/wp-content\/uploads\/2020\/12\/2020_Circolab-logo.jpg","type":"image\/jpeg"}],"author":"St\u00e9phane Miget","twitter_card":"summary_large_image","twitter_creator":"@bati_journal","twitter_site":"@bati_journal","twitter_misc":{"\u00c9crit par":"St\u00e9phane Miget","Dur\u00e9e de lecture estim\u00e9e":"1 minute"},"schema":{"@context":"https:\/\/schema.org","@graph":[{"@type":"Article","@id":"https:\/\/batijournal.com\/index.php\/wicona-simplique-fortement-dans-le-recyclage-et-le-reemploi-des-materiaux\/105236\/#article","isPartOf":{"@id":"https:\/\/batijournal.com\/index.php\/wicona-simplique-fortement-dans-le-recyclage-et-le-reemploi-des-materiaux\/105236\/"},"author":{"name":"St\u00e9phane Miget","@id":"https:\/\/batijournal.com\/#\/schema\/person\/1dc96ec6957aa1ccb25ebe78bb19f100"},"headline":"WICONA s&rsquo;implique fortement dans le recyclage et le r\u00e9emploi des mat\u00e9riaux","datePublished":"2020-12-03T07:01:03+00:00","mainEntityOfPage":{"@id":"https:\/\/batijournal.com\/index.php\/wicona-simplique-fortement-dans-le-recyclage-et-le-reemploi-des-materiaux\/105236\/"},"wordCount":222,"image":{"@id":"https:\/\/batijournal.com\/index.php\/wicona-simplique-fortement-dans-le-recyclage-et-le-reemploi-des-materiaux\/105236\/#primaryimage"},"thumbnailUrl":"https:\/\/batijournal.com\/wp-content\/uploads\/2020\/12\/2020_Circolab-logo.jpg","keywords":["\u00e9conomie circulaire"],"articleSection":["Actualit\u00e9s","\u00c9nergie &amp; Environnement","zz_5fa\u00e7ades","zz_Actualit\u00e9s - 5fa\u00e7ades","zz_Actualit\u00e9s - Plan\u00e8te","zz_Plan\u00e8te B\u00e2timent"],"inLanguage":"fr-FR"},{"@type":"WebPage","@id":"https:\/\/batijournal.com\/index.php\/wicona-simplique-fortement-dans-le-recyclage-et-le-reemploi-des-materiaux\/105236\/","url":"https:\/\/batijournal.com\/index.php\/wicona-simplique-fortement-dans-le-recyclage-et-le-reemploi-des-materiaux\/105236\/","name":"WICONA s'implique fortement dans le recyclage et le r\u00e9emploi des mat\u00e9riaux","isPartOf":{"@id":"https:\/\/batijournal.com\/#website"},"primaryImageOfPage":{"@id":"https:\/\/batijournal.com\/index.php\/wicona-simplique-fortement-dans-le-recyclage-et-le-reemploi-des-materiaux\/105236\/#primaryimage"},"image":{"@id":"https:\/\/batijournal.com\/index.php\/wicona-simplique-fortement-dans-le-recyclage-et-le-reemploi-des-materiaux\/105236\/#primaryimage"},"thumbnailUrl":"https:\/\/batijournal.com\/wp-content\/uploads\/2020\/12\/2020_Circolab-logo.jpg","datePublished":"2020-12-03T07:01:03+00:00","author":{"@id":"https:\/\/batijournal.com\/#\/schema\/person\/1dc96ec6957aa1ccb25ebe78bb19f100"},"breadcrumb":{"@id":"https:\/\/batijournal.com\/index.php\/wicona-simplique-fortement-dans-le-recyclage-et-le-reemploi-des-materiaux\/105236\/#breadcrumb"},"inLanguage":"fr-FR","potentialAction":[{"@type":"ReadAction","target":["https:\/\/batijournal.com\/index.php\/wicona-simplique-fortement-dans-le-recyclage-et-le-reemploi-des-materiaux\/105236\/"]}]},{"@type":"ImageObject","inLanguage":"fr-FR","@id":"https:\/\/batijournal.com\/index.php\/wicona-simplique-fortement-dans-le-recyclage-et-le-reemploi-des-materiaux\/105236\/#primaryimage","url":"https:\/\/batijournal.com\/wp-content\/uploads\/2020\/12\/2020_Circolab-logo.jpg","contentUrl":"https:\/\/batijournal.com\/wp-content\/uploads\/2020\/12\/2020_Circolab-logo.jpg","width":1200,"height":767},{"@type":"BreadcrumbList","@id":"https:\/\/batijournal.com\/index.php\/wicona-simplique-fortement-dans-le-recyclage-et-le-reemploi-des-materiaux\/105236\/#breadcrumb","itemListElement":[{"@type":"ListItem","position":1,"name":"Accueil","item":"https:\/\/batijournal.com\/"},{"@type":"ListItem","position":2,"name":"Actualit\u00e9s","item":"https:\/\/batijournal.com\/index.php\/category\/actualites\/"},{"@type":"ListItem","position":3,"name":"\u00c9nergie &amp; Environnement","item":"https:\/\/batijournal.com\/index.php\/category\/actualites\/energie-environnement\/"},{"@type":"ListItem","position":4,"name":"WICONA s&rsquo;implique fortement dans le recyclage et le r\u00e9emploi des mat\u00e9riaux"}]},{"@type":"WebSite","@id":"https:\/\/batijournal.com\/#website","url":"https:\/\/batijournal.com\/","name":"Batijournal","description":"L&#039;actualit\u00e9 du b\u00e2timent","potentialAction":[{"@type":"SearchAction","target":{"@type":"EntryPoint","urlTemplate":"https:\/\/batijournal.com\/?s={search_term_string}"},"query-input":{"@type":"PropertyValueSpecification","valueRequired":true,"valueName":"search_term_string"}}],"inLanguage":"fr-FR"},{"@type":"Person","@id":"https:\/\/batijournal.com\/#\/schema\/person\/1dc96ec6957aa1ccb25ebe78bb19f100","name":"St\u00e9phane Miget","image":{"@type":"ImageObject","inLanguage":"fr-FR","@id":"https:\/\/secure.gravatar.com\/avatar\/89915563d925342126b8ef0281b93d9d7fc337043e8df017f780908eb9644451?s=96&d=mm&r=g","url":"https:\/\/secure.gravatar.com\/avatar\/89915563d925342126b8ef0281b93d9d7fc337043e8df017f780908eb9644451?s=96&d=mm&r=g","contentUrl":"https:\/\/secure.gravatar.com\/avatar\/89915563d925342126b8ef0281b93d9d7fc337043e8df017f780908eb9644451?s=96&d=mm&r=g","caption":"St\u00e9phane Miget"},"url":"https:\/\/batijournal.com\/index.php\/author\/stephane\/"}]}},"_links":{"self":[{"href":"https:\/\/batijournal.com\/index.php\/wp-json\/wp\/v2\/posts\/105236","targetHints":{"allow":["GET"]}}],"collection":[{"href":"https:\/\/batijournal.com\/index.php\/wp-json\/wp\/v2\/posts"}],"about":[{"href":"https:\/\/batijournal.com\/index.php\/wp-json\/wp\/v2\/types\/post"}],"author":[{"embeddable":true,"href":"https:\/\/batijournal.com\/index.php\/wp-json\/wp\/v2\/users\/17"}],"replies":[{"embeddable":true,"href":"https:\/\/batijournal.com\/index.php\/wp-json\/wp\/v2\/comments?post=105236"}],"version-history":[{"count":0,"href":"https:\/\/batijournal.com\/index.php\/wp-json\/wp\/v2\/posts\/105236\/revisions"}],"wp:featuredmedia":[{"embeddable":true,"href":"https:\/\/batijournal.com\/index.php\/wp-json\/wp\/v2\/media\/105237"}],"wp:attachment":[{"href":"https:\/\/batijournal.com\/index.php\/wp-json\/wp\/v2\/media?parent=105236"}],"wp:term":[{"taxonomy":"category","embeddable":true,"href":"https:\/\/batijournal.com\/index.php\/wp-json\/wp\/v2\/categories?post=105236"},{"taxonomy":"post_tag","embeddable":true,"href":"https:\/\/batijournal.com\/index.php\/wp-json\/wp\/v2\/tags?post=105236"}],"curies":[{"name":"wp","href":"https:\/\/api.w.org\/{rel}","templated":true}]}}