{"id":105242,"date":"2020-12-04T08:30:13","date_gmt":"2020-12-04T07:30:13","guid":{"rendered":"https:\/\/batijournal.com\/?p=105242"},"modified":"2020-12-04T08:30:13","modified_gmt":"2020-12-04T07:30:13","slug":"les-constructeurs-du-bois-devient-specialiste-des-ecoquartiers-intergenerationnels","status":"publish","type":"post","link":"https:\/\/batijournal.com\/index.php\/les-constructeurs-du-bois-devient-specialiste-des-ecoquartiers-intergenerationnels\/105242\/","title":{"rendered":"Les Constructeurs du Bois devient sp\u00e9cialiste des \u00e9coquartiers interg\u00e9n\u00e9rationnels"},"content":{"rendered":"<p>Cr\u00e9e en 2011 par Fran\u00e7ois DUCHAINE son PDG, la soci\u00e9t\u00e9 Les Constructeurs du Bois est sp\u00e9cialis\u00e9e dans l\u2019\u00e9co-construction bois avec une expertise reconnue dans la promotion de r\u00e9sidences seniors et de maisons m\u00e9dicales dans le Grand Est de la France. D\u00e8s 2021, la soci\u00e9t\u00e9 va \u00e9largir son positionnement \u00e0 la r\u00e9alisation d\u2019\u00e9coquartiers interg\u00e9n\u00e9rationnels avec un premier site pilote \u00e0 Epinal soutenu par l\u2019ADEME. Parall\u00e8lement, LCB va innover sur le march\u00e9 des R\u00e9sidences Services Seniors en lan\u00e7ant une offre de services cl\u00e9 en main. Le chantier qui vient de d\u00e9marrer sera livre d\u00e8s 2023. Sur une friche industrielle de 9 000 m2, le programme porte sur un ensemble de plus de 4 500 m2 de b\u00e2timents durables.\u00a0R\u00e9parti sur quatre b\u00e2timents de bois r\u00e9alis\u00e9s par des charpentiers et des fabricants de panneaux vosgiens, le dispositif comprend au total 48 logements dont une dizaine va \u00eatre acquise par Epinal habitat (bailleur social de l&rsquo;agglom\u00e9ration). Suite au succ\u00e8s r\u00e9cent de son entr\u00e9e en Bourse visant notamment \u00e0 renforcer sa notori\u00e9t\u00e9 locale et son d\u00e9ploiement commercial, l&rsquo;entreprise souhaite aujourd&rsquo;hui d\u00e9montrer son savoir-faire en \u00e9coquartier interg\u00e9n\u00e9rationnel \u00e0 travers ce site pilote.<\/p>\n","protected":false},"excerpt":{"rendered":"<p>Cr\u00e9e en 2011 par Fran\u00e7ois DUCHAINE son PDG, la soci\u00e9t\u00e9 Les Constructeurs du Bois est sp\u00e9cialis\u00e9e dans l\u2019\u00e9co-construction bois avec une expertise reconnue dans la promotion de r\u00e9sidences seniors et de maisons m\u00e9dicales dans le Grand Est de la France. D\u00e8s 2021, la soci\u00e9t\u00e9 va \u00e9largir son positionnement \u00e0 la r\u00e9alisation d\u2019\u00e9coquartiers interg\u00e9n\u00e9rationnels avec un [&hellip;]<\/p>\n","protected":false},"author":17,"featured_media":105243,"comment_status":"closed","ping_status":"closed","sticky":false,"template":"","format":"standard","meta":{"_et_pb_use_builder":"","_et_pb_old_content":"","_et_gb_content_width":"","footnotes":""},"categories":[10530,6340,10769,10764],"tags":[5805],"class_list":["post-105242","post","type-post","status-publish","format-standard","has-post-thumbnail","hentry","category-actualites","category-architecture-conception","category-publications","category-woodsurfer","tag-eco-quartiers"],"yoast_head":"<!-- This site is optimized with the Yoast SEO plugin v27.4 - https:\/\/yoast.com\/product\/yoast-seo-wordpress\/ -->\n<title>Les Constructeurs du Bois devient sp\u00e9cialiste des \u00e9coquartiers interg\u00e9n\u00e9rationnels<\/title>\n<meta name=\"robots\" content=\"index, follow, max-snippet:-1, max-image-preview:large, max-video-preview:-1\" \/>\n<link rel=\"canonical\" href=\"https:\/\/batijournal.com\/index.php\/les-constructeurs-du-bois-devient-specialiste-des-ecoquartiers-intergenerationnels\/105242\/\" \/>\n<meta property=\"og:locale\" content=\"fr_FR\" \/>\n<meta property=\"og:type\" content=\"article\" \/>\n<meta property=\"og:title\" content=\"Les Constructeurs du Bois devient sp\u00e9cialiste des \u00e9coquartiers interg\u00e9n\u00e9rationnels\" \/>\n<meta property=\"og:description\" content=\"Cr\u00e9e en 2011 par Fran\u00e7ois DUCHAINE son PDG, la soci\u00e9t\u00e9 Les Constructeurs du Bois est sp\u00e9cialis\u00e9e dans l\u2019\u00e9co-construction bois avec une expertise reconnue dans la promotion de r\u00e9sidences seniors et de maisons m\u00e9dicales dans le Grand Est de la France. D\u00e8s 2021, la soci\u00e9t\u00e9 va \u00e9largir son positionnement \u00e0 la r\u00e9alisation d\u2019\u00e9coquartiers interg\u00e9n\u00e9rationnels avec un [&hellip;]\" \/>\n<meta property=\"og:url\" content=\"https:\/\/batijournal.com\/index.php\/les-constructeurs-du-bois-devient-specialiste-des-ecoquartiers-intergenerationnels\/105242\/\" \/>\n<meta property=\"og:site_name\" content=\"Batijournal\" \/>\n<meta property=\"article:published_time\" content=\"2020-12-04T07:30:13+00:00\" \/>\n<meta property=\"og:image\" content=\"https:\/\/batijournal.com\/wp-content\/uploads\/2020\/12\/ecoquartier.png\" \/>\n\t<meta property=\"og:image:width\" content=\"719\" \/>\n\t<meta property=\"og:image:height\" content=\"499\" \/>\n\t<meta property=\"og:image:type\" content=\"image\/png\" \/>\n<meta name=\"author\" content=\"St\u00e9phane Miget\" \/>\n<meta name=\"twitter:card\" content=\"summary_large_image\" \/>\n<meta name=\"twitter:creator\" content=\"@bati_journal\" \/>\n<meta name=\"twitter:site\" content=\"@bati_journal\" \/>\n<meta name=\"twitter:label1\" content=\"\u00c9crit par\" \/>\n\t<meta name=\"twitter:data1\" content=\"St\u00e9phane Miget\" \/>\n\t<meta name=\"twitter:label2\" content=\"Dur\u00e9e de lecture estim\u00e9e\" \/>\n\t<meta name=\"twitter:data2\" content=\"1 minute\" \/>\n<script type=\"application\/ld+json\" class=\"yoast-schema-graph\">{\"@context\":\"https:\\\/\\\/schema.org\",\"@graph\":[{\"@type\":\"Article\",\"@id\":\"https:\\\/\\\/batijournal.com\\\/index.php\\\/les-constructeurs-du-bois-devient-specialiste-des-ecoquartiers-intergenerationnels\\\/105242\\\/#article\",\"isPartOf\":{\"@id\":\"https:\\\/\\\/batijournal.com\\\/index.php\\\/les-constructeurs-du-bois-devient-specialiste-des-ecoquartiers-intergenerationnels\\\/105242\\\/\"},\"author\":{\"name\":\"St\u00e9phane Miget\",\"@id\":\"https:\\\/\\\/batijournal.com\\\/#\\\/schema\\\/person\\\/1dc96ec6957aa1ccb25ebe78bb19f100\"},\"headline\":\"Les Constructeurs du Bois devient sp\u00e9cialiste des \u00e9coquartiers interg\u00e9n\u00e9rationnels\",\"datePublished\":\"2020-12-04T07:30:13+00:00\",\"mainEntityOfPage\":{\"@id\":\"https:\\\/\\\/batijournal.com\\\/index.php\\\/les-constructeurs-du-bois-devient-specialiste-des-ecoquartiers-intergenerationnels\\\/105242\\\/\"},\"wordCount\":223,\"image\":{\"@id\":\"https:\\\/\\\/batijournal.com\\\/index.php\\\/les-constructeurs-du-bois-devient-specialiste-des-ecoquartiers-intergenerationnels\\\/105242\\\/#primaryimage\"},\"thumbnailUrl\":\"https:\\\/\\\/batijournal.com\\\/wp-content\\\/uploads\\\/2020\\\/12\\\/ecoquartier.png\",\"keywords\":[\"\u00e9co-quartiers\"],\"articleSection\":[\"Actualit\u00e9s\",\"Architecture &amp; Conception\",\"zz_Actualit\u00e9s - Woodsurfer\",\"zz_Woodsurfer\"],\"inLanguage\":\"fr-FR\"},{\"@type\":\"WebPage\",\"@id\":\"https:\\\/\\\/batijournal.com\\\/index.php\\\/les-constructeurs-du-bois-devient-specialiste-des-ecoquartiers-intergenerationnels\\\/105242\\\/\",\"url\":\"https:\\\/\\\/batijournal.com\\\/index.php\\\/les-constructeurs-du-bois-devient-specialiste-des-ecoquartiers-intergenerationnels\\\/105242\\\/\",\"name\":\"Les Constructeurs du Bois devient sp\u00e9cialiste des \u00e9coquartiers interg\u00e9n\u00e9rationnels\",\"isPartOf\":{\"@id\":\"https:\\\/\\\/batijournal.com\\\/#website\"},\"primaryImageOfPage\":{\"@id\":\"https:\\\/\\\/batijournal.com\\\/index.php\\\/les-constructeurs-du-bois-devient-specialiste-des-ecoquartiers-intergenerationnels\\\/105242\\\/#primaryimage\"},\"image\":{\"@id\":\"https:\\\/\\\/batijournal.com\\\/index.php\\\/les-constructeurs-du-bois-devient-specialiste-des-ecoquartiers-intergenerationnels\\\/105242\\\/#primaryimage\"},\"thumbnailUrl\":\"https:\\\/\\\/batijournal.com\\\/wp-content\\\/uploads\\\/2020\\\/12\\\/ecoquartier.png\",\"datePublished\":\"2020-12-04T07:30:13+00:00\",\"author\":{\"@id\":\"https:\\\/\\\/batijournal.com\\\/#\\\/schema\\\/person\\\/1dc96ec6957aa1ccb25ebe78bb19f100\"},\"breadcrumb\":{\"@id\":\"https:\\\/\\\/batijournal.com\\\/index.php\\\/les-constructeurs-du-bois-devient-specialiste-des-ecoquartiers-intergenerationnels\\\/105242\\\/#breadcrumb\"},\"inLanguage\":\"fr-FR\",\"potentialAction\":[{\"@type\":\"ReadAction\",\"target\":[\"https:\\\/\\\/batijournal.com\\\/index.php\\\/les-constructeurs-du-bois-devient-specialiste-des-ecoquartiers-intergenerationnels\\\/105242\\\/\"]}]},{\"@type\":\"ImageObject\",\"inLanguage\":\"fr-FR\",\"@id\":\"https:\\\/\\\/batijournal.com\\\/index.php\\\/les-constructeurs-du-bois-devient-specialiste-des-ecoquartiers-intergenerationnels\\\/105242\\\/#primaryimage\",\"url\":\"https:\\\/\\\/batijournal.com\\\/wp-content\\\/uploads\\\/2020\\\/12\\\/ecoquartier.png\",\"contentUrl\":\"https:\\\/\\\/batijournal.com\\\/wp-content\\\/uploads\\\/2020\\\/12\\\/ecoquartier.png\",\"width\":719,\"height\":499},{\"@type\":\"BreadcrumbList\",\"@id\":\"https:\\\/\\\/batijournal.com\\\/index.php\\\/les-constructeurs-du-bois-devient-specialiste-des-ecoquartiers-intergenerationnels\\\/105242\\\/#breadcrumb\",\"itemListElement\":[{\"@type\":\"ListItem\",\"position\":1,\"name\":\"Accueil\",\"item\":\"https:\\\/\\\/batijournal.com\\\/\"},{\"@type\":\"ListItem\",\"position\":2,\"name\":\"Actualit\u00e9s\",\"item\":\"https:\\\/\\\/batijournal.com\\\/index.php\\\/category\\\/actualites\\\/\"},{\"@type\":\"ListItem\",\"position\":3,\"name\":\"Architecture &amp; Conception\",\"item\":\"https:\\\/\\\/batijournal.com\\\/index.php\\\/category\\\/actualites\\\/architecture-conception\\\/\"},{\"@type\":\"ListItem\",\"position\":4,\"name\":\"Les Constructeurs du Bois devient sp\u00e9cialiste des \u00e9coquartiers interg\u00e9n\u00e9rationnels\"}]},{\"@type\":\"WebSite\",\"@id\":\"https:\\\/\\\/batijournal.com\\\/#website\",\"url\":\"https:\\\/\\\/batijournal.com\\\/\",\"name\":\"Batijournal\",\"description\":\"L&#039;actualit\u00e9 du b\u00e2timent\",\"potentialAction\":[{\"@type\":\"SearchAction\",\"target\":{\"@type\":\"EntryPoint\",\"urlTemplate\":\"https:\\\/\\\/batijournal.com\\\/?s={search_term_string}\"},\"query-input\":{\"@type\":\"PropertyValueSpecification\",\"valueRequired\":true,\"valueName\":\"search_term_string\"}}],\"inLanguage\":\"fr-FR\"},{\"@type\":\"Person\",\"@id\":\"https:\\\/\\\/batijournal.com\\\/#\\\/schema\\\/person\\\/1dc96ec6957aa1ccb25ebe78bb19f100\",\"name\":\"St\u00e9phane Miget\",\"image\":{\"@type\":\"ImageObject\",\"inLanguage\":\"fr-FR\",\"@id\":\"https:\\\/\\\/secure.gravatar.com\\\/avatar\\\/89915563d925342126b8ef0281b93d9d7fc337043e8df017f780908eb9644451?s=96&d=mm&r=g\",\"url\":\"https:\\\/\\\/secure.gravatar.com\\\/avatar\\\/89915563d925342126b8ef0281b93d9d7fc337043e8df017f780908eb9644451?s=96&d=mm&r=g\",\"contentUrl\":\"https:\\\/\\\/secure.gravatar.com\\\/avatar\\\/89915563d925342126b8ef0281b93d9d7fc337043e8df017f780908eb9644451?s=96&d=mm&r=g\",\"caption\":\"St\u00e9phane Miget\"},\"url\":\"https:\\\/\\\/batijournal.com\\\/index.php\\\/author\\\/stephane\\\/\"}]}<\/script>\n<!-- \/ Yoast SEO plugin. -->","yoast_head_json":{"title":"Les Constructeurs du Bois devient sp\u00e9cialiste des \u00e9coquartiers interg\u00e9n\u00e9rationnels","robots":{"index":"index","follow":"follow","max-snippet":"max-snippet:-1","max-image-preview":"max-image-preview:large","max-video-preview":"max-video-preview:-1"},"canonical":"https:\/\/batijournal.com\/index.php\/les-constructeurs-du-bois-devient-specialiste-des-ecoquartiers-intergenerationnels\/105242\/","og_locale":"fr_FR","og_type":"article","og_title":"Les Constructeurs du Bois devient sp\u00e9cialiste des \u00e9coquartiers interg\u00e9n\u00e9rationnels","og_description":"Cr\u00e9e en 2011 par Fran\u00e7ois DUCHAINE son PDG, la soci\u00e9t\u00e9 Les Constructeurs du Bois est sp\u00e9cialis\u00e9e dans l\u2019\u00e9co-construction bois avec une expertise reconnue dans la promotion de r\u00e9sidences seniors et de maisons m\u00e9dicales dans le Grand Est de la France. D\u00e8s 2021, la soci\u00e9t\u00e9 va \u00e9largir son positionnement \u00e0 la r\u00e9alisation d\u2019\u00e9coquartiers interg\u00e9n\u00e9rationnels avec un [&hellip;]","og_url":"https:\/\/batijournal.com\/index.php\/les-constructeurs-du-bois-devient-specialiste-des-ecoquartiers-intergenerationnels\/105242\/","og_site_name":"Batijournal","article_published_time":"2020-12-04T07:30:13+00:00","og_image":[{"width":719,"height":499,"url":"https:\/\/batijournal.com\/wp-content\/uploads\/2020\/12\/ecoquartier.png","type":"image\/png"}],"author":"St\u00e9phane Miget","twitter_card":"summary_large_image","twitter_creator":"@bati_journal","twitter_site":"@bati_journal","twitter_misc":{"\u00c9crit par":"St\u00e9phane Miget","Dur\u00e9e de lecture estim\u00e9e":"1 minute"},"schema":{"@context":"https:\/\/schema.org","@graph":[{"@type":"Article","@id":"https:\/\/batijournal.com\/index.php\/les-constructeurs-du-bois-devient-specialiste-des-ecoquartiers-intergenerationnels\/105242\/#article","isPartOf":{"@id":"https:\/\/batijournal.com\/index.php\/les-constructeurs-du-bois-devient-specialiste-des-ecoquartiers-intergenerationnels\/105242\/"},"author":{"name":"St\u00e9phane Miget","@id":"https:\/\/batijournal.com\/#\/schema\/person\/1dc96ec6957aa1ccb25ebe78bb19f100"},"headline":"Les Constructeurs du Bois devient sp\u00e9cialiste des \u00e9coquartiers interg\u00e9n\u00e9rationnels","datePublished":"2020-12-04T07:30:13+00:00","mainEntityOfPage":{"@id":"https:\/\/batijournal.com\/index.php\/les-constructeurs-du-bois-devient-specialiste-des-ecoquartiers-intergenerationnels\/105242\/"},"wordCount":223,"image":{"@id":"https:\/\/batijournal.com\/index.php\/les-constructeurs-du-bois-devient-specialiste-des-ecoquartiers-intergenerationnels\/105242\/#primaryimage"},"thumbnailUrl":"https:\/\/batijournal.com\/wp-content\/uploads\/2020\/12\/ecoquartier.png","keywords":["\u00e9co-quartiers"],"articleSection":["Actualit\u00e9s","Architecture &amp; Conception","zz_Actualit\u00e9s - Woodsurfer","zz_Woodsurfer"],"inLanguage":"fr-FR"},{"@type":"WebPage","@id":"https:\/\/batijournal.com\/index.php\/les-constructeurs-du-bois-devient-specialiste-des-ecoquartiers-intergenerationnels\/105242\/","url":"https:\/\/batijournal.com\/index.php\/les-constructeurs-du-bois-devient-specialiste-des-ecoquartiers-intergenerationnels\/105242\/","name":"Les Constructeurs du Bois devient sp\u00e9cialiste des \u00e9coquartiers interg\u00e9n\u00e9rationnels","isPartOf":{"@id":"https:\/\/batijournal.com\/#website"},"primaryImageOfPage":{"@id":"https:\/\/batijournal.com\/index.php\/les-constructeurs-du-bois-devient-specialiste-des-ecoquartiers-intergenerationnels\/105242\/#primaryimage"},"image":{"@id":"https:\/\/batijournal.com\/index.php\/les-constructeurs-du-bois-devient-specialiste-des-ecoquartiers-intergenerationnels\/105242\/#primaryimage"},"thumbnailUrl":"https:\/\/batijournal.com\/wp-content\/uploads\/2020\/12\/ecoquartier.png","datePublished":"2020-12-04T07:30:13+00:00","author":{"@id":"https:\/\/batijournal.com\/#\/schema\/person\/1dc96ec6957aa1ccb25ebe78bb19f100"},"breadcrumb":{"@id":"https:\/\/batijournal.com\/index.php\/les-constructeurs-du-bois-devient-specialiste-des-ecoquartiers-intergenerationnels\/105242\/#breadcrumb"},"inLanguage":"fr-FR","potentialAction":[{"@type":"ReadAction","target":["https:\/\/batijournal.com\/index.php\/les-constructeurs-du-bois-devient-specialiste-des-ecoquartiers-intergenerationnels\/105242\/"]}]},{"@type":"ImageObject","inLanguage":"fr-FR","@id":"https:\/\/batijournal.com\/index.php\/les-constructeurs-du-bois-devient-specialiste-des-ecoquartiers-intergenerationnels\/105242\/#primaryimage","url":"https:\/\/batijournal.com\/wp-content\/uploads\/2020\/12\/ecoquartier.png","contentUrl":"https:\/\/batijournal.com\/wp-content\/uploads\/2020\/12\/ecoquartier.png","width":719,"height":499},{"@type":"BreadcrumbList","@id":"https:\/\/batijournal.com\/index.php\/les-constructeurs-du-bois-devient-specialiste-des-ecoquartiers-intergenerationnels\/105242\/#breadcrumb","itemListElement":[{"@type":"ListItem","position":1,"name":"Accueil","item":"https:\/\/batijournal.com\/"},{"@type":"ListItem","position":2,"name":"Actualit\u00e9s","item":"https:\/\/batijournal.com\/index.php\/category\/actualites\/"},{"@type":"ListItem","position":3,"name":"Architecture &amp; Conception","item":"https:\/\/batijournal.com\/index.php\/category\/actualites\/architecture-conception\/"},{"@type":"ListItem","position":4,"name":"Les Constructeurs du Bois devient sp\u00e9cialiste des \u00e9coquartiers interg\u00e9n\u00e9rationnels"}]},{"@type":"WebSite","@id":"https:\/\/batijournal.com\/#website","url":"https:\/\/batijournal.com\/","name":"Batijournal","description":"L&#039;actualit\u00e9 du b\u00e2timent","potentialAction":[{"@type":"SearchAction","target":{"@type":"EntryPoint","urlTemplate":"https:\/\/batijournal.com\/?s={search_term_string}"},"query-input":{"@type":"PropertyValueSpecification","valueRequired":true,"valueName":"search_term_string"}}],"inLanguage":"fr-FR"},{"@type":"Person","@id":"https:\/\/batijournal.com\/#\/schema\/person\/1dc96ec6957aa1ccb25ebe78bb19f100","name":"St\u00e9phane Miget","image":{"@type":"ImageObject","inLanguage":"fr-FR","@id":"https:\/\/secure.gravatar.com\/avatar\/89915563d925342126b8ef0281b93d9d7fc337043e8df017f780908eb9644451?s=96&d=mm&r=g","url":"https:\/\/secure.gravatar.com\/avatar\/89915563d925342126b8ef0281b93d9d7fc337043e8df017f780908eb9644451?s=96&d=mm&r=g","contentUrl":"https:\/\/secure.gravatar.com\/avatar\/89915563d925342126b8ef0281b93d9d7fc337043e8df017f780908eb9644451?s=96&d=mm&r=g","caption":"St\u00e9phane Miget"},"url":"https:\/\/batijournal.com\/index.php\/author\/stephane\/"}]}},"_links":{"self":[{"href":"https:\/\/batijournal.com\/index.php\/wp-json\/wp\/v2\/posts\/105242","targetHints":{"allow":["GET"]}}],"collection":[{"href":"https:\/\/batijournal.com\/index.php\/wp-json\/wp\/v2\/posts"}],"about":[{"href":"https:\/\/batijournal.com\/index.php\/wp-json\/wp\/v2\/types\/post"}],"author":[{"embeddable":true,"href":"https:\/\/batijournal.com\/index.php\/wp-json\/wp\/v2\/users\/17"}],"replies":[{"embeddable":true,"href":"https:\/\/batijournal.com\/index.php\/wp-json\/wp\/v2\/comments?post=105242"}],"version-history":[{"count":0,"href":"https:\/\/batijournal.com\/index.php\/wp-json\/wp\/v2\/posts\/105242\/revisions"}],"wp:featuredmedia":[{"embeddable":true,"href":"https:\/\/batijournal.com\/index.php\/wp-json\/wp\/v2\/media\/105243"}],"wp:attachment":[{"href":"https:\/\/batijournal.com\/index.php\/wp-json\/wp\/v2\/media?parent=105242"}],"wp:term":[{"taxonomy":"category","embeddable":true,"href":"https:\/\/batijournal.com\/index.php\/wp-json\/wp\/v2\/categories?post=105242"},{"taxonomy":"post_tag","embeddable":true,"href":"https:\/\/batijournal.com\/index.php\/wp-json\/wp\/v2\/tags?post=105242"}],"curies":[{"name":"wp","href":"https:\/\/api.w.org\/{rel}","templated":true}]}}