{"id":105246,"date":"2020-12-04T10:28:47","date_gmt":"2020-12-04T09:28:47","guid":{"rendered":"https:\/\/batijournal.com\/?p=105246"},"modified":"2020-12-04T10:28:47","modified_gmt":"2020-12-04T09:28:47","slug":"premier-batiment-de-logements-etudiants-en-bois-du-campus-de-paris-saclay","status":"publish","type":"post","link":"https:\/\/batijournal.com\/index.php\/premier-batiment-de-logements-etudiants-en-bois-du-campus-de-paris-saclay\/105246\/","title":{"rendered":"Premier b\u00e2timent de logements \u00e9tudiants en bois du Campus de Paris-Saclay"},"content":{"rendered":"<p>L\u2019EPA Paris-Saclay a sign\u00e9 un acte de vente avec le groupement men\u00e9 par Demathieu Bard Immobilier, promoteur immobilier en charge de la ma\u00eetrise d\u2019ouvrage de la premi\u00e8re r\u00e9sidence \u00e9tudiante en bois du Campus urbain de Paris-Saclay. Elle sera con\u00e7ue sur le mod\u00e8le des \u00ab hacker houses \u00bb con\u00e7ues par Seed Up. Le programme comprend 122 logements priv\u00e9s, soit 233 lits, pour \u00e9tudiant sur 5 509 m\u00b2 Surface Plancher Construit (lot S1.2). Situ\u00e9e au sud de la ZAC du quartier de l\u2019Ecole polytechnique, \u00e0 Palaiseau, \u00e0 proximit\u00e9 notamment des \u00e9coles de Telecom Paris et Telecom Sud Paris, cette r\u00e9sidence sera livr\u00e9e en septembre 2022. L\u2019agence d\u2019architecture Atelier WOA avait pr\u00e9alablement \u00e9t\u00e9 s\u00e9lectionn\u00e9e pour la ma\u00eetrise d\u2019\u0153uvre.<\/p>\n<p>Cette r\u00e9sidence \u00e9tudiante proposera un programme de gestion innovant m\u00ealant logements \u00e9tudiants \u00ab classiques \u00bb et des espaces dits \u00ab hackers \u00bb au sein desquels les \u00e9tudiants auront acc\u00e8s \u00e0 des \u00e9quipements de pointe comme un studio de musique, un fablab, un espace reprographie ou encore un atelier m\u00e9canique. La r\u00e9sidence proposera \u00e0 l\u2019ensemble des \u00e9tudiants y vivant une grande diversit\u00e9 de typologies de logements de sorte \u00e0 r\u00e9pondre \u00e0 la diversit\u00e9 des profils \u00e9tudiants. Ainsi, 12 typologies seront propos\u00e9es, allant du T1 au T7. Des espaces communs ouverts \u00e0 tous les r\u00e9sidents seront propos\u00e9s en rez-de-chauss\u00e9e du b\u00e2timent : espace de d\u00e9tente, cuisine commune, espace de travail, salle de sport.<\/p>\n<p><strong>Un b\u00e2timent bas-carbone et exemplaire en mati\u00e8re environnementale<\/strong><\/p>\n<p>Le projet con\u00e7u par l\u2019Atelier WOA, conform\u00e9ment au cahier des charges fix\u00e9 par l\u2019EPA Paris-Saclay, respectera des ambitions environnementales \u00e9lev\u00e9es. Le b\u00e2timent sera con\u00e7u en structure majoritairement en bois (seuls les noyaux et l\u2019infrastructure du b\u00e2timent seront en b\u00e9ton) avec des fa\u00e7ades en ossature bois. Ainsi, pr\u00e8s de 80% de la structure du b\u00e2timent sera en bois et mat\u00e9riaux biosourc\u00e9s. Cela va dans le sens de l\u2019implication de l\u2019EPA Paris-Saclay dans le Pacte Bois Biosourc\u00e9s sign\u00e9 le 5 novembre 2020, par lequel l\u2019EPA s\u2019engage \u00e0 r\u00e9aliser 40% de Surface de Plancher de ses constructions en bois et biosourc\u00e9s avec un objectif d\u2019utilisation de 30% de bois d\u2019origine France et 100% du bois utilis\u00e9 g\u00e9r\u00e9es durablement (certifi\u00e9 FSC ou PEFC ou \u00e9quivalent). Le projet, \u00e0 terme, sera certifi\u00e9 NF Habitat HQE niveau \u00ab Excellent \u00bb, obtiendra le label BBCA et Biosourc\u00e9 de niveau 2 et sera labellis\u00e9 E+C- au niveau E3C2. Il sera \u00e0 ce titre, le premier projet du Campus urbain \u00e0 \u00eatre certifi\u00e9 E3C2 et BBCA.<\/p>\n<p>Am\u00e9nageur : EPA Paris-Saclay<br \/>\nMa\u00eetrise d\u2019ouvrage : Demathieu Bard Immobilier<br \/>\nMa\u00eetrise d\u2019\u0153uvre : Atelier WOA<br \/>\nSurface de plancher : 5 509m\u00b2<br \/>\nD\u00e9but des travaux : novembre 2020<br \/>\nLivraison : septembre 2022<\/p>\n<p>Visuel : Atelier WOA<\/p>\n","protected":false},"excerpt":{"rendered":"<p>L\u2019EPA Paris-Saclay a sign\u00e9 un acte de vente avec le groupement men\u00e9 par Demathieu Bard Immobilier, promoteur immobilier en charge de la ma\u00eetrise d\u2019ouvrage de la premi\u00e8re r\u00e9sidence \u00e9tudiante en bois du Campus urbain de Paris-Saclay. Elle sera con\u00e7ue sur le mod\u00e8le des \u00ab hacker houses \u00bb con\u00e7ues par Seed Up. Le programme comprend 122 [&hellip;]<\/p>\n","protected":false},"author":17,"featured_media":105247,"comment_status":"closed","ping_status":"closed","sticky":false,"template":"","format":"standard","meta":{"_et_pb_use_builder":"","_et_pb_old_content":"","_et_gb_content_width":"","footnotes":""},"categories":[10530,6340,10781,10769,10778,10764],"tags":[11149,374],"class_list":["post-105246","post","type-post","status-publish","format-standard","has-post-thumbnail","hentry","category-actualites","category-architecture-conception","category-publications-planete","category-publications","category-planete","category-woodsurfer","tag-bbca","tag-construction-bois-2"],"yoast_head":"<!-- This site is optimized with the Yoast SEO plugin v27.4 - https:\/\/yoast.com\/product\/yoast-seo-wordpress\/ -->\n<title>Premier b\u00e2timent de logements \u00e9tudiants en bois du Campus de Paris-Saclay<\/title>\n<meta name=\"robots\" content=\"index, follow, max-snippet:-1, max-image-preview:large, max-video-preview:-1\" \/>\n<link rel=\"canonical\" href=\"https:\/\/batijournal.com\/index.php\/premier-batiment-de-logements-etudiants-en-bois-du-campus-de-paris-saclay\/105246\/\" \/>\n<meta property=\"og:locale\" content=\"fr_FR\" \/>\n<meta property=\"og:type\" content=\"article\" \/>\n<meta property=\"og:title\" content=\"Premier b\u00e2timent de logements \u00e9tudiants en bois du Campus de Paris-Saclay\" \/>\n<meta property=\"og:description\" content=\"L\u2019EPA Paris-Saclay a sign\u00e9 un acte de vente avec le groupement men\u00e9 par Demathieu Bard Immobilier, promoteur immobilier en charge de la ma\u00eetrise d\u2019ouvrage de la premi\u00e8re r\u00e9sidence \u00e9tudiante en bois du Campus urbain de Paris-Saclay. Elle sera con\u00e7ue sur le mod\u00e8le des \u00ab hacker houses \u00bb con\u00e7ues par Seed Up. Le programme comprend 122 [&hellip;]\" \/>\n<meta property=\"og:url\" content=\"https:\/\/batijournal.com\/index.php\/premier-batiment-de-logements-etudiants-en-bois-du-campus-de-paris-saclay\/105246\/\" \/>\n<meta property=\"og:site_name\" content=\"Batijournal\" \/>\n<meta property=\"article:published_time\" content=\"2020-12-04T09:28:47+00:00\" \/>\n<meta property=\"og:image\" content=\"https:\/\/batijournal.com\/wp-content\/uploads\/2020\/12\/residence-etudiants-Visuel-_Atelier-WOA.jpg\" \/>\n\t<meta property=\"og:image:width\" content=\"845\" \/>\n\t<meta property=\"og:image:height\" content=\"638\" \/>\n\t<meta property=\"og:image:type\" content=\"image\/jpeg\" \/>\n<meta name=\"author\" content=\"St\u00e9phane Miget\" \/>\n<meta name=\"twitter:card\" content=\"summary_large_image\" \/>\n<meta name=\"twitter:creator\" content=\"@bati_journal\" \/>\n<meta name=\"twitter:site\" content=\"@bati_journal\" \/>\n<meta name=\"twitter:label1\" content=\"\u00c9crit par\" \/>\n\t<meta name=\"twitter:data1\" content=\"St\u00e9phane Miget\" \/>\n\t<meta name=\"twitter:label2\" content=\"Dur\u00e9e de lecture estim\u00e9e\" \/>\n\t<meta name=\"twitter:data2\" content=\"2 minutes\" \/>\n<script type=\"application\/ld+json\" class=\"yoast-schema-graph\">{\"@context\":\"https:\\\/\\\/schema.org\",\"@graph\":[{\"@type\":\"Article\",\"@id\":\"https:\\\/\\\/batijournal.com\\\/index.php\\\/premier-batiment-de-logements-etudiants-en-bois-du-campus-de-paris-saclay\\\/105246\\\/#article\",\"isPartOf\":{\"@id\":\"https:\\\/\\\/batijournal.com\\\/index.php\\\/premier-batiment-de-logements-etudiants-en-bois-du-campus-de-paris-saclay\\\/105246\\\/\"},\"author\":{\"name\":\"St\u00e9phane Miget\",\"@id\":\"https:\\\/\\\/batijournal.com\\\/#\\\/schema\\\/person\\\/1dc96ec6957aa1ccb25ebe78bb19f100\"},\"headline\":\"Premier b\u00e2timent de logements \u00e9tudiants en bois du Campus de Paris-Saclay\",\"datePublished\":\"2020-12-04T09:28:47+00:00\",\"mainEntityOfPage\":{\"@id\":\"https:\\\/\\\/batijournal.com\\\/index.php\\\/premier-batiment-de-logements-etudiants-en-bois-du-campus-de-paris-saclay\\\/105246\\\/\"},\"wordCount\":475,\"image\":{\"@id\":\"https:\\\/\\\/batijournal.com\\\/index.php\\\/premier-batiment-de-logements-etudiants-en-bois-du-campus-de-paris-saclay\\\/105246\\\/#primaryimage\"},\"thumbnailUrl\":\"https:\\\/\\\/batijournal.com\\\/wp-content\\\/uploads\\\/2020\\\/12\\\/residence-etudiants-Visuel-_Atelier-WOA.jpg\",\"keywords\":[\"BBCA\",\"construction bois\"],\"articleSection\":[\"Actualit\u00e9s\",\"Architecture &amp; Conception\",\"zz_Actualit\u00e9s - Plan\u00e8te\",\"zz_Actualit\u00e9s - Woodsurfer\",\"zz_Plan\u00e8te B\u00e2timent\",\"zz_Woodsurfer\"],\"inLanguage\":\"fr-FR\"},{\"@type\":\"WebPage\",\"@id\":\"https:\\\/\\\/batijournal.com\\\/index.php\\\/premier-batiment-de-logements-etudiants-en-bois-du-campus-de-paris-saclay\\\/105246\\\/\",\"url\":\"https:\\\/\\\/batijournal.com\\\/index.php\\\/premier-batiment-de-logements-etudiants-en-bois-du-campus-de-paris-saclay\\\/105246\\\/\",\"name\":\"Premier b\u00e2timent de logements \u00e9tudiants en bois du Campus de Paris-Saclay\",\"isPartOf\":{\"@id\":\"https:\\\/\\\/batijournal.com\\\/#website\"},\"primaryImageOfPage\":{\"@id\":\"https:\\\/\\\/batijournal.com\\\/index.php\\\/premier-batiment-de-logements-etudiants-en-bois-du-campus-de-paris-saclay\\\/105246\\\/#primaryimage\"},\"image\":{\"@id\":\"https:\\\/\\\/batijournal.com\\\/index.php\\\/premier-batiment-de-logements-etudiants-en-bois-du-campus-de-paris-saclay\\\/105246\\\/#primaryimage\"},\"thumbnailUrl\":\"https:\\\/\\\/batijournal.com\\\/wp-content\\\/uploads\\\/2020\\\/12\\\/residence-etudiants-Visuel-_Atelier-WOA.jpg\",\"datePublished\":\"2020-12-04T09:28:47+00:00\",\"author\":{\"@id\":\"https:\\\/\\\/batijournal.com\\\/#\\\/schema\\\/person\\\/1dc96ec6957aa1ccb25ebe78bb19f100\"},\"breadcrumb\":{\"@id\":\"https:\\\/\\\/batijournal.com\\\/index.php\\\/premier-batiment-de-logements-etudiants-en-bois-du-campus-de-paris-saclay\\\/105246\\\/#breadcrumb\"},\"inLanguage\":\"fr-FR\",\"potentialAction\":[{\"@type\":\"ReadAction\",\"target\":[\"https:\\\/\\\/batijournal.com\\\/index.php\\\/premier-batiment-de-logements-etudiants-en-bois-du-campus-de-paris-saclay\\\/105246\\\/\"]}]},{\"@type\":\"ImageObject\",\"inLanguage\":\"fr-FR\",\"@id\":\"https:\\\/\\\/batijournal.com\\\/index.php\\\/premier-batiment-de-logements-etudiants-en-bois-du-campus-de-paris-saclay\\\/105246\\\/#primaryimage\",\"url\":\"https:\\\/\\\/batijournal.com\\\/wp-content\\\/uploads\\\/2020\\\/12\\\/residence-etudiants-Visuel-_Atelier-WOA.jpg\",\"contentUrl\":\"https:\\\/\\\/batijournal.com\\\/wp-content\\\/uploads\\\/2020\\\/12\\\/residence-etudiants-Visuel-_Atelier-WOA.jpg\",\"width\":845,\"height\":638},{\"@type\":\"BreadcrumbList\",\"@id\":\"https:\\\/\\\/batijournal.com\\\/index.php\\\/premier-batiment-de-logements-etudiants-en-bois-du-campus-de-paris-saclay\\\/105246\\\/#breadcrumb\",\"itemListElement\":[{\"@type\":\"ListItem\",\"position\":1,\"name\":\"Accueil\",\"item\":\"https:\\\/\\\/batijournal.com\\\/\"},{\"@type\":\"ListItem\",\"position\":2,\"name\":\"Actualit\u00e9s\",\"item\":\"https:\\\/\\\/batijournal.com\\\/index.php\\\/category\\\/actualites\\\/\"},{\"@type\":\"ListItem\",\"position\":3,\"name\":\"Architecture &amp; Conception\",\"item\":\"https:\\\/\\\/batijournal.com\\\/index.php\\\/category\\\/actualites\\\/architecture-conception\\\/\"},{\"@type\":\"ListItem\",\"position\":4,\"name\":\"Premier b\u00e2timent de logements \u00e9tudiants en bois du Campus de Paris-Saclay\"}]},{\"@type\":\"WebSite\",\"@id\":\"https:\\\/\\\/batijournal.com\\\/#website\",\"url\":\"https:\\\/\\\/batijournal.com\\\/\",\"name\":\"Batijournal\",\"description\":\"L&#039;actualit\u00e9 du b\u00e2timent\",\"potentialAction\":[{\"@type\":\"SearchAction\",\"target\":{\"@type\":\"EntryPoint\",\"urlTemplate\":\"https:\\\/\\\/batijournal.com\\\/?s={search_term_string}\"},\"query-input\":{\"@type\":\"PropertyValueSpecification\",\"valueRequired\":true,\"valueName\":\"search_term_string\"}}],\"inLanguage\":\"fr-FR\"},{\"@type\":\"Person\",\"@id\":\"https:\\\/\\\/batijournal.com\\\/#\\\/schema\\\/person\\\/1dc96ec6957aa1ccb25ebe78bb19f100\",\"name\":\"St\u00e9phane Miget\",\"image\":{\"@type\":\"ImageObject\",\"inLanguage\":\"fr-FR\",\"@id\":\"https:\\\/\\\/secure.gravatar.com\\\/avatar\\\/89915563d925342126b8ef0281b93d9d7fc337043e8df017f780908eb9644451?s=96&d=mm&r=g\",\"url\":\"https:\\\/\\\/secure.gravatar.com\\\/avatar\\\/89915563d925342126b8ef0281b93d9d7fc337043e8df017f780908eb9644451?s=96&d=mm&r=g\",\"contentUrl\":\"https:\\\/\\\/secure.gravatar.com\\\/avatar\\\/89915563d925342126b8ef0281b93d9d7fc337043e8df017f780908eb9644451?s=96&d=mm&r=g\",\"caption\":\"St\u00e9phane Miget\"},\"url\":\"https:\\\/\\\/batijournal.com\\\/index.php\\\/author\\\/stephane\\\/\"}]}<\/script>\n<!-- \/ Yoast SEO plugin. -->","yoast_head_json":{"title":"Premier b\u00e2timent de logements \u00e9tudiants en bois du Campus de Paris-Saclay","robots":{"index":"index","follow":"follow","max-snippet":"max-snippet:-1","max-image-preview":"max-image-preview:large","max-video-preview":"max-video-preview:-1"},"canonical":"https:\/\/batijournal.com\/index.php\/premier-batiment-de-logements-etudiants-en-bois-du-campus-de-paris-saclay\/105246\/","og_locale":"fr_FR","og_type":"article","og_title":"Premier b\u00e2timent de logements \u00e9tudiants en bois du Campus de Paris-Saclay","og_description":"L\u2019EPA Paris-Saclay a sign\u00e9 un acte de vente avec le groupement men\u00e9 par Demathieu Bard Immobilier, promoteur immobilier en charge de la ma\u00eetrise d\u2019ouvrage de la premi\u00e8re r\u00e9sidence \u00e9tudiante en bois du Campus urbain de Paris-Saclay. Elle sera con\u00e7ue sur le mod\u00e8le des \u00ab hacker houses \u00bb con\u00e7ues par Seed Up. Le programme comprend 122 [&hellip;]","og_url":"https:\/\/batijournal.com\/index.php\/premier-batiment-de-logements-etudiants-en-bois-du-campus-de-paris-saclay\/105246\/","og_site_name":"Batijournal","article_published_time":"2020-12-04T09:28:47+00:00","og_image":[{"width":845,"height":638,"url":"https:\/\/batijournal.com\/wp-content\/uploads\/2020\/12\/residence-etudiants-Visuel-_Atelier-WOA.jpg","type":"image\/jpeg"}],"author":"St\u00e9phane Miget","twitter_card":"summary_large_image","twitter_creator":"@bati_journal","twitter_site":"@bati_journal","twitter_misc":{"\u00c9crit par":"St\u00e9phane Miget","Dur\u00e9e de lecture estim\u00e9e":"2 minutes"},"schema":{"@context":"https:\/\/schema.org","@graph":[{"@type":"Article","@id":"https:\/\/batijournal.com\/index.php\/premier-batiment-de-logements-etudiants-en-bois-du-campus-de-paris-saclay\/105246\/#article","isPartOf":{"@id":"https:\/\/batijournal.com\/index.php\/premier-batiment-de-logements-etudiants-en-bois-du-campus-de-paris-saclay\/105246\/"},"author":{"name":"St\u00e9phane Miget","@id":"https:\/\/batijournal.com\/#\/schema\/person\/1dc96ec6957aa1ccb25ebe78bb19f100"},"headline":"Premier b\u00e2timent de logements \u00e9tudiants en bois du Campus de Paris-Saclay","datePublished":"2020-12-04T09:28:47+00:00","mainEntityOfPage":{"@id":"https:\/\/batijournal.com\/index.php\/premier-batiment-de-logements-etudiants-en-bois-du-campus-de-paris-saclay\/105246\/"},"wordCount":475,"image":{"@id":"https:\/\/batijournal.com\/index.php\/premier-batiment-de-logements-etudiants-en-bois-du-campus-de-paris-saclay\/105246\/#primaryimage"},"thumbnailUrl":"https:\/\/batijournal.com\/wp-content\/uploads\/2020\/12\/residence-etudiants-Visuel-_Atelier-WOA.jpg","keywords":["BBCA","construction bois"],"articleSection":["Actualit\u00e9s","Architecture &amp; Conception","zz_Actualit\u00e9s - Plan\u00e8te","zz_Actualit\u00e9s - Woodsurfer","zz_Plan\u00e8te B\u00e2timent","zz_Woodsurfer"],"inLanguage":"fr-FR"},{"@type":"WebPage","@id":"https:\/\/batijournal.com\/index.php\/premier-batiment-de-logements-etudiants-en-bois-du-campus-de-paris-saclay\/105246\/","url":"https:\/\/batijournal.com\/index.php\/premier-batiment-de-logements-etudiants-en-bois-du-campus-de-paris-saclay\/105246\/","name":"Premier b\u00e2timent de logements \u00e9tudiants en bois du Campus de Paris-Saclay","isPartOf":{"@id":"https:\/\/batijournal.com\/#website"},"primaryImageOfPage":{"@id":"https:\/\/batijournal.com\/index.php\/premier-batiment-de-logements-etudiants-en-bois-du-campus-de-paris-saclay\/105246\/#primaryimage"},"image":{"@id":"https:\/\/batijournal.com\/index.php\/premier-batiment-de-logements-etudiants-en-bois-du-campus-de-paris-saclay\/105246\/#primaryimage"},"thumbnailUrl":"https:\/\/batijournal.com\/wp-content\/uploads\/2020\/12\/residence-etudiants-Visuel-_Atelier-WOA.jpg","datePublished":"2020-12-04T09:28:47+00:00","author":{"@id":"https:\/\/batijournal.com\/#\/schema\/person\/1dc96ec6957aa1ccb25ebe78bb19f100"},"breadcrumb":{"@id":"https:\/\/batijournal.com\/index.php\/premier-batiment-de-logements-etudiants-en-bois-du-campus-de-paris-saclay\/105246\/#breadcrumb"},"inLanguage":"fr-FR","potentialAction":[{"@type":"ReadAction","target":["https:\/\/batijournal.com\/index.php\/premier-batiment-de-logements-etudiants-en-bois-du-campus-de-paris-saclay\/105246\/"]}]},{"@type":"ImageObject","inLanguage":"fr-FR","@id":"https:\/\/batijournal.com\/index.php\/premier-batiment-de-logements-etudiants-en-bois-du-campus-de-paris-saclay\/105246\/#primaryimage","url":"https:\/\/batijournal.com\/wp-content\/uploads\/2020\/12\/residence-etudiants-Visuel-_Atelier-WOA.jpg","contentUrl":"https:\/\/batijournal.com\/wp-content\/uploads\/2020\/12\/residence-etudiants-Visuel-_Atelier-WOA.jpg","width":845,"height":638},{"@type":"BreadcrumbList","@id":"https:\/\/batijournal.com\/index.php\/premier-batiment-de-logements-etudiants-en-bois-du-campus-de-paris-saclay\/105246\/#breadcrumb","itemListElement":[{"@type":"ListItem","position":1,"name":"Accueil","item":"https:\/\/batijournal.com\/"},{"@type":"ListItem","position":2,"name":"Actualit\u00e9s","item":"https:\/\/batijournal.com\/index.php\/category\/actualites\/"},{"@type":"ListItem","position":3,"name":"Architecture &amp; Conception","item":"https:\/\/batijournal.com\/index.php\/category\/actualites\/architecture-conception\/"},{"@type":"ListItem","position":4,"name":"Premier b\u00e2timent de logements \u00e9tudiants en bois du Campus de Paris-Saclay"}]},{"@type":"WebSite","@id":"https:\/\/batijournal.com\/#website","url":"https:\/\/batijournal.com\/","name":"Batijournal","description":"L&#039;actualit\u00e9 du b\u00e2timent","potentialAction":[{"@type":"SearchAction","target":{"@type":"EntryPoint","urlTemplate":"https:\/\/batijournal.com\/?s={search_term_string}"},"query-input":{"@type":"PropertyValueSpecification","valueRequired":true,"valueName":"search_term_string"}}],"inLanguage":"fr-FR"},{"@type":"Person","@id":"https:\/\/batijournal.com\/#\/schema\/person\/1dc96ec6957aa1ccb25ebe78bb19f100","name":"St\u00e9phane Miget","image":{"@type":"ImageObject","inLanguage":"fr-FR","@id":"https:\/\/secure.gravatar.com\/avatar\/89915563d925342126b8ef0281b93d9d7fc337043e8df017f780908eb9644451?s=96&d=mm&r=g","url":"https:\/\/secure.gravatar.com\/avatar\/89915563d925342126b8ef0281b93d9d7fc337043e8df017f780908eb9644451?s=96&d=mm&r=g","contentUrl":"https:\/\/secure.gravatar.com\/avatar\/89915563d925342126b8ef0281b93d9d7fc337043e8df017f780908eb9644451?s=96&d=mm&r=g","caption":"St\u00e9phane Miget"},"url":"https:\/\/batijournal.com\/index.php\/author\/stephane\/"}]}},"_links":{"self":[{"href":"https:\/\/batijournal.com\/index.php\/wp-json\/wp\/v2\/posts\/105246","targetHints":{"allow":["GET"]}}],"collection":[{"href":"https:\/\/batijournal.com\/index.php\/wp-json\/wp\/v2\/posts"}],"about":[{"href":"https:\/\/batijournal.com\/index.php\/wp-json\/wp\/v2\/types\/post"}],"author":[{"embeddable":true,"href":"https:\/\/batijournal.com\/index.php\/wp-json\/wp\/v2\/users\/17"}],"replies":[{"embeddable":true,"href":"https:\/\/batijournal.com\/index.php\/wp-json\/wp\/v2\/comments?post=105246"}],"version-history":[{"count":0,"href":"https:\/\/batijournal.com\/index.php\/wp-json\/wp\/v2\/posts\/105246\/revisions"}],"wp:featuredmedia":[{"embeddable":true,"href":"https:\/\/batijournal.com\/index.php\/wp-json\/wp\/v2\/media\/105247"}],"wp:attachment":[{"href":"https:\/\/batijournal.com\/index.php\/wp-json\/wp\/v2\/media?parent=105246"}],"wp:term":[{"taxonomy":"category","embeddable":true,"href":"https:\/\/batijournal.com\/index.php\/wp-json\/wp\/v2\/categories?post=105246"},{"taxonomy":"post_tag","embeddable":true,"href":"https:\/\/batijournal.com\/index.php\/wp-json\/wp\/v2\/tags?post=105246"}],"curies":[{"name":"wp","href":"https:\/\/api.w.org\/{rel}","templated":true}]}}