{"id":105250,"date":"2020-12-04T11:31:27","date_gmt":"2020-12-04T10:31:27","guid":{"rendered":"https:\/\/batijournal.com\/?p=105250"},"modified":"2020-12-04T11:31:27","modified_gmt":"2020-12-04T10:31:27","slug":"camille-hugel-charpentiere-bois-participe-a-la-promotion-des-metiers-du-batiment","status":"publish","type":"post","link":"https:\/\/batijournal.com\/index.php\/camille-hugel-charpentiere-bois-participe-a-la-promotion-des-metiers-du-batiment\/105250\/","title":{"rendered":"Camille Hugel, charpenti\u00e8re bois, participe \u00e0 la promotion des m\u00e9tiers du b\u00e2timent"},"content":{"rendered":"<p>\u00c0 l\u2019initiative de l\u2019ensemble des f\u00e9d\u00e9rations professionnelles d\u2019employeurs et des organisations syndicales de salari\u00e9s, le secteur de la construction m\u00e8ne campagne sur le th\u00e8me \u00ab La construction. Demain s\u2019invente avec vous \u00bb. Pilot\u00e9e par le CCCA-BTP, cette campagne nationale s\u2019adresse aux jeunes pour leur faire d\u00e9couvrir la diversit\u00e9 et la richesse des m\u00e9tiers de la construction et leur donner envie de rejoindre le secteur, en s\u2019y formant par l\u2019apprentissage. Elle se d\u00e9ploie jusqu\u2019au mois de mars 2021, autour de 6 films publicitaires diffus\u00e9s \u00e0 la TV et sur Internet, un plan m\u00e9dia sur les r\u00e9seaux sociaux, des partenariats avec des youtubeurs, un site Internet con\u00e7u pour r\u00e9pondre aux interrogations des jeunes et les accompagner dans leur orientation, notamment avec un moteur de recherche des formations en apprentissage aux m\u00e9tiers du BTP sur l\u2019ensemble du territoire, un formulaire d\u2019inscription, des fiches m\u00e9tiers, ou encore des t\u00e9moignages de professionnels&#8230; Les 6 films pour vivre la construction de l\u2019int\u00e9rieur mettent \u00e0 l\u2019honneur six jeunes professionnels passionn\u00e9s sur un chantier au c\u0153ur de l\u2019action de leur m\u00e9tier.<\/p>\n<p>Pour visionner le film avec Camille Hugel, charpenti\u00e8re bois : <a href=\"https:\/\/vimeo.com\/484519351\/37ee617bfd\">https:\/\/vimeo.com\/484519351\/37ee617bfd<\/a><\/p>\n<p><a href=\"http:\/\/www.laconstruction.fr\">www.laconstruction.fr<\/a><\/p>\n<p>&nbsp;<\/p>\n","protected":false},"excerpt":{"rendered":"<p>\u00c0 l\u2019initiative de l\u2019ensemble des f\u00e9d\u00e9rations professionnelles d\u2019employeurs et des organisations syndicales de salari\u00e9s, le secteur de la construction m\u00e8ne campagne sur le th\u00e8me \u00ab La construction. Demain s\u2019invente avec vous \u00bb. Pilot\u00e9e par le CCCA-BTP, cette campagne nationale s\u2019adresse aux jeunes pour leur faire d\u00e9couvrir la diversit\u00e9 et la richesse des m\u00e9tiers de la [&hellip;]<\/p>\n","protected":false},"author":17,"featured_media":105251,"comment_status":"closed","ping_status":"closed","sticky":false,"template":"","format":"standard","meta":{"_et_pb_use_builder":"","_et_pb_old_content":"","_et_gb_content_width":"","footnotes":""},"categories":[10530,6362,10769,10764],"tags":[12896,4659],"class_list":["post-105250","post","type-post","status-publish","format-standard","has-post-thumbnail","hentry","category-actualites","category-services-equipements","category-publications","category-woodsurfer","tag-apprentissage","tag-metiers"],"yoast_head":"<!-- This site is optimized with the Yoast SEO plugin v27.4 - https:\/\/yoast.com\/product\/yoast-seo-wordpress\/ -->\n<title>Camille Hugel, charpenti\u00e8re bois, participe \u00e0 la promotion des m\u00e9tiers du b\u00e2timent<\/title>\n<meta name=\"robots\" content=\"index, follow, max-snippet:-1, max-image-preview:large, max-video-preview:-1\" \/>\n<link rel=\"canonical\" href=\"https:\/\/batijournal.com\/index.php\/camille-hugel-charpentiere-bois-participe-a-la-promotion-des-metiers-du-batiment\/105250\/\" \/>\n<meta property=\"og:locale\" content=\"fr_FR\" \/>\n<meta property=\"og:type\" content=\"article\" \/>\n<meta property=\"og:title\" content=\"Camille Hugel, charpenti\u00e8re bois, participe \u00e0 la promotion des m\u00e9tiers du b\u00e2timent\" \/>\n<meta property=\"og:description\" content=\"\u00c0 l\u2019initiative de l\u2019ensemble des f\u00e9d\u00e9rations professionnelles d\u2019employeurs et des organisations syndicales de salari\u00e9s, le secteur de la construction m\u00e8ne campagne sur le th\u00e8me \u00ab La construction. Demain s\u2019invente avec vous \u00bb. Pilot\u00e9e par le CCCA-BTP, cette campagne nationale s\u2019adresse aux jeunes pour leur faire d\u00e9couvrir la diversit\u00e9 et la richesse des m\u00e9tiers de la [&hellip;]\" \/>\n<meta property=\"og:url\" content=\"https:\/\/batijournal.com\/index.php\/camille-hugel-charpentiere-bois-participe-a-la-promotion-des-metiers-du-batiment\/105250\/\" \/>\n<meta property=\"og:site_name\" content=\"Batijournal\" \/>\n<meta property=\"article:published_time\" content=\"2020-12-04T10:31:27+00:00\" \/>\n<meta property=\"og:image\" content=\"https:\/\/batijournal.com\/wp-content\/uploads\/2020\/12\/promotion-construction.jpg\" \/>\n\t<meta property=\"og:image:width\" content=\"800\" \/>\n\t<meta property=\"og:image:height\" content=\"1131\" \/>\n\t<meta property=\"og:image:type\" content=\"image\/jpeg\" \/>\n<meta name=\"author\" content=\"St\u00e9phane Miget\" \/>\n<meta name=\"twitter:card\" content=\"summary_large_image\" \/>\n<meta name=\"twitter:creator\" content=\"@bati_journal\" \/>\n<meta name=\"twitter:site\" content=\"@bati_journal\" \/>\n<meta name=\"twitter:label1\" content=\"\u00c9crit par\" \/>\n\t<meta name=\"twitter:data1\" content=\"St\u00e9phane Miget\" \/>\n\t<meta name=\"twitter:label2\" content=\"Dur\u00e9e de lecture estim\u00e9e\" \/>\n\t<meta name=\"twitter:data2\" content=\"1 minute\" \/>\n<script type=\"application\/ld+json\" class=\"yoast-schema-graph\">{\"@context\":\"https:\\\/\\\/schema.org\",\"@graph\":[{\"@type\":\"Article\",\"@id\":\"https:\\\/\\\/batijournal.com\\\/index.php\\\/camille-hugel-charpentiere-bois-participe-a-la-promotion-des-metiers-du-batiment\\\/105250\\\/#article\",\"isPartOf\":{\"@id\":\"https:\\\/\\\/batijournal.com\\\/index.php\\\/camille-hugel-charpentiere-bois-participe-a-la-promotion-des-metiers-du-batiment\\\/105250\\\/\"},\"author\":{\"name\":\"St\u00e9phane Miget\",\"@id\":\"https:\\\/\\\/batijournal.com\\\/#\\\/schema\\\/person\\\/1dc96ec6957aa1ccb25ebe78bb19f100\"},\"headline\":\"Camille Hugel, charpenti\u00e8re bois, participe \u00e0 la promotion des m\u00e9tiers du b\u00e2timent\",\"datePublished\":\"2020-12-04T10:31:27+00:00\",\"mainEntityOfPage\":{\"@id\":\"https:\\\/\\\/batijournal.com\\\/index.php\\\/camille-hugel-charpentiere-bois-participe-a-la-promotion-des-metiers-du-batiment\\\/105250\\\/\"},\"wordCount\":232,\"image\":{\"@id\":\"https:\\\/\\\/batijournal.com\\\/index.php\\\/camille-hugel-charpentiere-bois-participe-a-la-promotion-des-metiers-du-batiment\\\/105250\\\/#primaryimage\"},\"thumbnailUrl\":\"https:\\\/\\\/batijournal.com\\\/wp-content\\\/uploads\\\/2020\\\/12\\\/promotion-construction.jpg\",\"keywords\":[\"apprentissage\",\"m\u00e9tiers\"],\"articleSection\":[\"Actualit\u00e9s\",\"Divers\",\"zz_Actualit\u00e9s - Woodsurfer\",\"zz_Woodsurfer\"],\"inLanguage\":\"fr-FR\"},{\"@type\":\"WebPage\",\"@id\":\"https:\\\/\\\/batijournal.com\\\/index.php\\\/camille-hugel-charpentiere-bois-participe-a-la-promotion-des-metiers-du-batiment\\\/105250\\\/\",\"url\":\"https:\\\/\\\/batijournal.com\\\/index.php\\\/camille-hugel-charpentiere-bois-participe-a-la-promotion-des-metiers-du-batiment\\\/105250\\\/\",\"name\":\"Camille Hugel, charpenti\u00e8re bois, participe \u00e0 la promotion des m\u00e9tiers du b\u00e2timent\",\"isPartOf\":{\"@id\":\"https:\\\/\\\/batijournal.com\\\/#website\"},\"primaryImageOfPage\":{\"@id\":\"https:\\\/\\\/batijournal.com\\\/index.php\\\/camille-hugel-charpentiere-bois-participe-a-la-promotion-des-metiers-du-batiment\\\/105250\\\/#primaryimage\"},\"image\":{\"@id\":\"https:\\\/\\\/batijournal.com\\\/index.php\\\/camille-hugel-charpentiere-bois-participe-a-la-promotion-des-metiers-du-batiment\\\/105250\\\/#primaryimage\"},\"thumbnailUrl\":\"https:\\\/\\\/batijournal.com\\\/wp-content\\\/uploads\\\/2020\\\/12\\\/promotion-construction.jpg\",\"datePublished\":\"2020-12-04T10:31:27+00:00\",\"author\":{\"@id\":\"https:\\\/\\\/batijournal.com\\\/#\\\/schema\\\/person\\\/1dc96ec6957aa1ccb25ebe78bb19f100\"},\"breadcrumb\":{\"@id\":\"https:\\\/\\\/batijournal.com\\\/index.php\\\/camille-hugel-charpentiere-bois-participe-a-la-promotion-des-metiers-du-batiment\\\/105250\\\/#breadcrumb\"},\"inLanguage\":\"fr-FR\",\"potentialAction\":[{\"@type\":\"ReadAction\",\"target\":[\"https:\\\/\\\/batijournal.com\\\/index.php\\\/camille-hugel-charpentiere-bois-participe-a-la-promotion-des-metiers-du-batiment\\\/105250\\\/\"]}]},{\"@type\":\"ImageObject\",\"inLanguage\":\"fr-FR\",\"@id\":\"https:\\\/\\\/batijournal.com\\\/index.php\\\/camille-hugel-charpentiere-bois-participe-a-la-promotion-des-metiers-du-batiment\\\/105250\\\/#primaryimage\",\"url\":\"https:\\\/\\\/batijournal.com\\\/wp-content\\\/uploads\\\/2020\\\/12\\\/promotion-construction.jpg\",\"contentUrl\":\"https:\\\/\\\/batijournal.com\\\/wp-content\\\/uploads\\\/2020\\\/12\\\/promotion-construction.jpg\",\"width\":800,\"height\":1131},{\"@type\":\"BreadcrumbList\",\"@id\":\"https:\\\/\\\/batijournal.com\\\/index.php\\\/camille-hugel-charpentiere-bois-participe-a-la-promotion-des-metiers-du-batiment\\\/105250\\\/#breadcrumb\",\"itemListElement\":[{\"@type\":\"ListItem\",\"position\":1,\"name\":\"Accueil\",\"item\":\"https:\\\/\\\/batijournal.com\\\/\"},{\"@type\":\"ListItem\",\"position\":2,\"name\":\"Actualit\u00e9s\",\"item\":\"https:\\\/\\\/batijournal.com\\\/index.php\\\/category\\\/actualites\\\/\"},{\"@type\":\"ListItem\",\"position\":3,\"name\":\"Divers\",\"item\":\"https:\\\/\\\/batijournal.com\\\/index.php\\\/category\\\/actualites\\\/services-equipements\\\/\"},{\"@type\":\"ListItem\",\"position\":4,\"name\":\"Camille Hugel, charpenti\u00e8re bois, participe \u00e0 la promotion des m\u00e9tiers du b\u00e2timent\"}]},{\"@type\":\"WebSite\",\"@id\":\"https:\\\/\\\/batijournal.com\\\/#website\",\"url\":\"https:\\\/\\\/batijournal.com\\\/\",\"name\":\"Batijournal\",\"description\":\"L&#039;actualit\u00e9 du b\u00e2timent\",\"potentialAction\":[{\"@type\":\"SearchAction\",\"target\":{\"@type\":\"EntryPoint\",\"urlTemplate\":\"https:\\\/\\\/batijournal.com\\\/?s={search_term_string}\"},\"query-input\":{\"@type\":\"PropertyValueSpecification\",\"valueRequired\":true,\"valueName\":\"search_term_string\"}}],\"inLanguage\":\"fr-FR\"},{\"@type\":\"Person\",\"@id\":\"https:\\\/\\\/batijournal.com\\\/#\\\/schema\\\/person\\\/1dc96ec6957aa1ccb25ebe78bb19f100\",\"name\":\"St\u00e9phane Miget\",\"image\":{\"@type\":\"ImageObject\",\"inLanguage\":\"fr-FR\",\"@id\":\"https:\\\/\\\/secure.gravatar.com\\\/avatar\\\/89915563d925342126b8ef0281b93d9d7fc337043e8df017f780908eb9644451?s=96&d=mm&r=g\",\"url\":\"https:\\\/\\\/secure.gravatar.com\\\/avatar\\\/89915563d925342126b8ef0281b93d9d7fc337043e8df017f780908eb9644451?s=96&d=mm&r=g\",\"contentUrl\":\"https:\\\/\\\/secure.gravatar.com\\\/avatar\\\/89915563d925342126b8ef0281b93d9d7fc337043e8df017f780908eb9644451?s=96&d=mm&r=g\",\"caption\":\"St\u00e9phane Miget\"},\"url\":\"https:\\\/\\\/batijournal.com\\\/index.php\\\/author\\\/stephane\\\/\"}]}<\/script>\n<!-- \/ Yoast SEO plugin. -->","yoast_head_json":{"title":"Camille Hugel, charpenti\u00e8re bois, participe \u00e0 la promotion des m\u00e9tiers du b\u00e2timent","robots":{"index":"index","follow":"follow","max-snippet":"max-snippet:-1","max-image-preview":"max-image-preview:large","max-video-preview":"max-video-preview:-1"},"canonical":"https:\/\/batijournal.com\/index.php\/camille-hugel-charpentiere-bois-participe-a-la-promotion-des-metiers-du-batiment\/105250\/","og_locale":"fr_FR","og_type":"article","og_title":"Camille Hugel, charpenti\u00e8re bois, participe \u00e0 la promotion des m\u00e9tiers du b\u00e2timent","og_description":"\u00c0 l\u2019initiative de l\u2019ensemble des f\u00e9d\u00e9rations professionnelles d\u2019employeurs et des organisations syndicales de salari\u00e9s, le secteur de la construction m\u00e8ne campagne sur le th\u00e8me \u00ab La construction. Demain s\u2019invente avec vous \u00bb. Pilot\u00e9e par le CCCA-BTP, cette campagne nationale s\u2019adresse aux jeunes pour leur faire d\u00e9couvrir la diversit\u00e9 et la richesse des m\u00e9tiers de la [&hellip;]","og_url":"https:\/\/batijournal.com\/index.php\/camille-hugel-charpentiere-bois-participe-a-la-promotion-des-metiers-du-batiment\/105250\/","og_site_name":"Batijournal","article_published_time":"2020-12-04T10:31:27+00:00","og_image":[{"width":800,"height":1131,"url":"https:\/\/batijournal.com\/wp-content\/uploads\/2020\/12\/promotion-construction.jpg","type":"image\/jpeg"}],"author":"St\u00e9phane Miget","twitter_card":"summary_large_image","twitter_creator":"@bati_journal","twitter_site":"@bati_journal","twitter_misc":{"\u00c9crit par":"St\u00e9phane Miget","Dur\u00e9e de lecture estim\u00e9e":"1 minute"},"schema":{"@context":"https:\/\/schema.org","@graph":[{"@type":"Article","@id":"https:\/\/batijournal.com\/index.php\/camille-hugel-charpentiere-bois-participe-a-la-promotion-des-metiers-du-batiment\/105250\/#article","isPartOf":{"@id":"https:\/\/batijournal.com\/index.php\/camille-hugel-charpentiere-bois-participe-a-la-promotion-des-metiers-du-batiment\/105250\/"},"author":{"name":"St\u00e9phane Miget","@id":"https:\/\/batijournal.com\/#\/schema\/person\/1dc96ec6957aa1ccb25ebe78bb19f100"},"headline":"Camille Hugel, charpenti\u00e8re bois, participe \u00e0 la promotion des m\u00e9tiers du b\u00e2timent","datePublished":"2020-12-04T10:31:27+00:00","mainEntityOfPage":{"@id":"https:\/\/batijournal.com\/index.php\/camille-hugel-charpentiere-bois-participe-a-la-promotion-des-metiers-du-batiment\/105250\/"},"wordCount":232,"image":{"@id":"https:\/\/batijournal.com\/index.php\/camille-hugel-charpentiere-bois-participe-a-la-promotion-des-metiers-du-batiment\/105250\/#primaryimage"},"thumbnailUrl":"https:\/\/batijournal.com\/wp-content\/uploads\/2020\/12\/promotion-construction.jpg","keywords":["apprentissage","m\u00e9tiers"],"articleSection":["Actualit\u00e9s","Divers","zz_Actualit\u00e9s - Woodsurfer","zz_Woodsurfer"],"inLanguage":"fr-FR"},{"@type":"WebPage","@id":"https:\/\/batijournal.com\/index.php\/camille-hugel-charpentiere-bois-participe-a-la-promotion-des-metiers-du-batiment\/105250\/","url":"https:\/\/batijournal.com\/index.php\/camille-hugel-charpentiere-bois-participe-a-la-promotion-des-metiers-du-batiment\/105250\/","name":"Camille Hugel, charpenti\u00e8re bois, participe \u00e0 la promotion des m\u00e9tiers du b\u00e2timent","isPartOf":{"@id":"https:\/\/batijournal.com\/#website"},"primaryImageOfPage":{"@id":"https:\/\/batijournal.com\/index.php\/camille-hugel-charpentiere-bois-participe-a-la-promotion-des-metiers-du-batiment\/105250\/#primaryimage"},"image":{"@id":"https:\/\/batijournal.com\/index.php\/camille-hugel-charpentiere-bois-participe-a-la-promotion-des-metiers-du-batiment\/105250\/#primaryimage"},"thumbnailUrl":"https:\/\/batijournal.com\/wp-content\/uploads\/2020\/12\/promotion-construction.jpg","datePublished":"2020-12-04T10:31:27+00:00","author":{"@id":"https:\/\/batijournal.com\/#\/schema\/person\/1dc96ec6957aa1ccb25ebe78bb19f100"},"breadcrumb":{"@id":"https:\/\/batijournal.com\/index.php\/camille-hugel-charpentiere-bois-participe-a-la-promotion-des-metiers-du-batiment\/105250\/#breadcrumb"},"inLanguage":"fr-FR","potentialAction":[{"@type":"ReadAction","target":["https:\/\/batijournal.com\/index.php\/camille-hugel-charpentiere-bois-participe-a-la-promotion-des-metiers-du-batiment\/105250\/"]}]},{"@type":"ImageObject","inLanguage":"fr-FR","@id":"https:\/\/batijournal.com\/index.php\/camille-hugel-charpentiere-bois-participe-a-la-promotion-des-metiers-du-batiment\/105250\/#primaryimage","url":"https:\/\/batijournal.com\/wp-content\/uploads\/2020\/12\/promotion-construction.jpg","contentUrl":"https:\/\/batijournal.com\/wp-content\/uploads\/2020\/12\/promotion-construction.jpg","width":800,"height":1131},{"@type":"BreadcrumbList","@id":"https:\/\/batijournal.com\/index.php\/camille-hugel-charpentiere-bois-participe-a-la-promotion-des-metiers-du-batiment\/105250\/#breadcrumb","itemListElement":[{"@type":"ListItem","position":1,"name":"Accueil","item":"https:\/\/batijournal.com\/"},{"@type":"ListItem","position":2,"name":"Actualit\u00e9s","item":"https:\/\/batijournal.com\/index.php\/category\/actualites\/"},{"@type":"ListItem","position":3,"name":"Divers","item":"https:\/\/batijournal.com\/index.php\/category\/actualites\/services-equipements\/"},{"@type":"ListItem","position":4,"name":"Camille Hugel, charpenti\u00e8re bois, participe \u00e0 la promotion des m\u00e9tiers du b\u00e2timent"}]},{"@type":"WebSite","@id":"https:\/\/batijournal.com\/#website","url":"https:\/\/batijournal.com\/","name":"Batijournal","description":"L&#039;actualit\u00e9 du b\u00e2timent","potentialAction":[{"@type":"SearchAction","target":{"@type":"EntryPoint","urlTemplate":"https:\/\/batijournal.com\/?s={search_term_string}"},"query-input":{"@type":"PropertyValueSpecification","valueRequired":true,"valueName":"search_term_string"}}],"inLanguage":"fr-FR"},{"@type":"Person","@id":"https:\/\/batijournal.com\/#\/schema\/person\/1dc96ec6957aa1ccb25ebe78bb19f100","name":"St\u00e9phane Miget","image":{"@type":"ImageObject","inLanguage":"fr-FR","@id":"https:\/\/secure.gravatar.com\/avatar\/89915563d925342126b8ef0281b93d9d7fc337043e8df017f780908eb9644451?s=96&d=mm&r=g","url":"https:\/\/secure.gravatar.com\/avatar\/89915563d925342126b8ef0281b93d9d7fc337043e8df017f780908eb9644451?s=96&d=mm&r=g","contentUrl":"https:\/\/secure.gravatar.com\/avatar\/89915563d925342126b8ef0281b93d9d7fc337043e8df017f780908eb9644451?s=96&d=mm&r=g","caption":"St\u00e9phane Miget"},"url":"https:\/\/batijournal.com\/index.php\/author\/stephane\/"}]}},"_links":{"self":[{"href":"https:\/\/batijournal.com\/index.php\/wp-json\/wp\/v2\/posts\/105250","targetHints":{"allow":["GET"]}}],"collection":[{"href":"https:\/\/batijournal.com\/index.php\/wp-json\/wp\/v2\/posts"}],"about":[{"href":"https:\/\/batijournal.com\/index.php\/wp-json\/wp\/v2\/types\/post"}],"author":[{"embeddable":true,"href":"https:\/\/batijournal.com\/index.php\/wp-json\/wp\/v2\/users\/17"}],"replies":[{"embeddable":true,"href":"https:\/\/batijournal.com\/index.php\/wp-json\/wp\/v2\/comments?post=105250"}],"version-history":[{"count":0,"href":"https:\/\/batijournal.com\/index.php\/wp-json\/wp\/v2\/posts\/105250\/revisions"}],"wp:featuredmedia":[{"embeddable":true,"href":"https:\/\/batijournal.com\/index.php\/wp-json\/wp\/v2\/media\/105251"}],"wp:attachment":[{"href":"https:\/\/batijournal.com\/index.php\/wp-json\/wp\/v2\/media?parent=105250"}],"wp:term":[{"taxonomy":"category","embeddable":true,"href":"https:\/\/batijournal.com\/index.php\/wp-json\/wp\/v2\/categories?post=105250"},{"taxonomy":"post_tag","embeddable":true,"href":"https:\/\/batijournal.com\/index.php\/wp-json\/wp\/v2\/tags?post=105250"}],"curies":[{"name":"wp","href":"https:\/\/api.w.org\/{rel}","templated":true}]}}