{"id":105269,"date":"2020-12-09T07:12:19","date_gmt":"2020-12-09T06:12:19","guid":{"rendered":"https:\/\/batijournal.com\/?p=105269"},"modified":"2020-12-09T07:12:19","modified_gmt":"2020-12-09T06:12:19","slug":"une-maquette-monumentale-de-la-charpente-de-notre-dame-de-paris-au-lycee-des-metiers-et-du-batiment-de-felletin","status":"publish","type":"post","link":"https:\/\/batijournal.com\/index.php\/une-maquette-monumentale-de-la-charpente-de-notre-dame-de-paris-au-lycee-des-metiers-et-du-batiment-de-felletin\/105269\/","title":{"rendered":"Une maquette monumentale de la charpente de Notre-Dame de Paris au Lyc\u00e9e des M\u00e9tiers et du B\u00e2timent de Felletin"},"content":{"rendered":"<p>Issue de la dynamique lanc\u00e9e par le pr\u00e9sident du Conseil r\u00e9gional de Nouvelle-Aquitaine, Alain Rousset, au lendemain de l\u2019incendie de la cath\u00e9drale Notre-Dame de Paris, la r\u00e9alisation d\u2019une maquette monumentale de la charpente a mobilis\u00e9 en Nouvelle-Aquitaine les acteurs de la formation et les professionnels des m\u00e9tiers d\u2019art, du patrimoine, du b\u00e2timent, du bois et de la for\u00eat, dont le campus For\u00eat-Bois. Cette reproduction de la charpente r\u00e9alis\u00e9e de plus de 14 m\u00e8tres de haut (\u00e0 l\u2019\u00e9chelle 1\/10) ainsi qu\u2019une trav\u00e9e de la cath\u00e9drale reconstitu\u00e9e en taille r\u00e9elle, font l\u2019objet d\u2019une exposition qui restera en permanence au Lyc\u00e9e des M\u00e9tiers et du B\u00e2timent de Felletin. T\u00e9moignant du savoir-faire r\u00e9gional et de l\u2019architecture remarquable de l\u2019\u00e9difice, ce lyc\u00e9e comme cette exposition incarnent l\u2019\u00e9cole r\u00e9gionale du patrimoine que la R\u00e9gion Nouvelle- Aquitaine entend cr\u00e9er. Cette \u00e9cole assurera la promotion de l\u2019ensemble des fili\u00e8res de la r\u00e9novation et de la restauration du patrimoine class\u00e9 et du patrimoine b\u00e2ti. C&rsquo;est une mise en r\u00e9seau des lyc\u00e9es, \u00e9coles, universit\u00e9s et instituts de formation initiale, des structures de formation et qualification professionnelle, et des entreprises et des fili\u00e8res.<\/p>\n<p>L\u2019inauguration de la maquette de la cath\u00e9drale Notre-Dame a eu lieu le 7 d\u00e9cembre 2020 au Lyc\u00e9e des M\u00e9tiers et du B\u00e2timent (LMB) de Felletin avec notamment Alain Rousset, pr\u00e9sident du Conseil r\u00e9gional de Nouvelle-Aquitaine, et Jean-Louis Nembrini, vice-pr\u00e9sident en charge de l&rsquo;Education. A l\u2019heure o\u00f9 la R\u00e9gion Nouvelle-Aquitaine d\u00e9veloppe son ambition environnementale avec sa feuille de route N\u00e9o Terra, o\u00f9 le patrimoine a un besoin consid\u00e9rable de conservation et d\u2019am\u00e9lioration, notamment \u00e9nerg\u00e9tique, et dans un contexte de transformation des m\u00e9tiers du b\u00e2timent, particuli\u00e8rement avec le d\u00e9veloppement du num\u00e9rique, l\u2019ambition de l\u2019institution r\u00e9gionale consiste \u00e0 consolider et d\u00e9velopper le lyc\u00e9e des m\u00e9tiers du b\u00e2timent de Felletin. L\u2019objectif est de faire de cet \u00e9tablissement, labellis\u00e9 campus des m\u00e9tiers et des qualifications \u00ab construction durable et \u00e9co-r\u00e9habilitation \u00bb, une r\u00e9f\u00e9rence en mati\u00e8re de formations pour la r\u00e9novation du patrimoine, int\u00e9grant l\u2019usage du BIM. Ce campus a aussi pour vocation de maintenir en \u00e9tat le patrimoine remarquable de la r\u00e9gion et d\u2019\u00eatre une \u00e9cole de la r\u00e9ussite pour les jeunes dans un domaine d\u2019avenir.<br \/>\nDans cette perspective, la R\u00e9gion a engag\u00e9 un plan d\u2019investissement \u00e0 hauteur de 46 millions d\u2019euros pour transformer cet \u00e9tablissement en campus \u00e0 la campagne.<\/p>\n<p>Photo : \u00a9 R\u00e9gion Nouvelle-Aquitaine \/ Yannick Pirot<\/p>\n","protected":false},"excerpt":{"rendered":"<p>Issue de la dynamique lanc\u00e9e par le pr\u00e9sident du Conseil r\u00e9gional de Nouvelle-Aquitaine, Alain Rousset, au lendemain de l\u2019incendie de la cath\u00e9drale Notre-Dame de Paris, la r\u00e9alisation d\u2019une maquette monumentale de la charpente a mobilis\u00e9 en Nouvelle-Aquitaine les acteurs de la formation et les professionnels des m\u00e9tiers d\u2019art, du patrimoine, du b\u00e2timent, du bois et [&hellip;]<\/p>\n","protected":false},"author":17,"featured_media":105270,"comment_status":"closed","ping_status":"closed","sticky":false,"template":"","format":"standard","meta":{"_et_pb_use_builder":"","_et_pb_old_content":"","_et_gb_content_width":"","footnotes":""},"categories":[10530,6340,10789,10769,10785,10764],"tags":[12896,6842],"class_list":["post-105269","post","type-post","status-publish","format-standard","has-post-thumbnail","hentry","category-actualites","category-architecture-conception","category-publications-atrium","category-publications","category-atrium","category-woodsurfer","tag-apprentissage","tag-notre-dame-de-paris"],"yoast_head":"<!-- This site is optimized with the Yoast SEO plugin v27.4 - https:\/\/yoast.com\/product\/yoast-seo-wordpress\/ -->\n<title>Une maquette monumentale de la charpente de Notre-Dame de Paris au Lyc\u00e9e des M\u00e9tiers et du B\u00e2timent de Felletin<\/title>\n<meta name=\"robots\" content=\"index, follow, max-snippet:-1, max-image-preview:large, max-video-preview:-1\" \/>\n<link rel=\"canonical\" href=\"https:\/\/batijournal.com\/index.php\/une-maquette-monumentale-de-la-charpente-de-notre-dame-de-paris-au-lycee-des-metiers-et-du-batiment-de-felletin\/105269\/\" \/>\n<meta property=\"og:locale\" content=\"fr_FR\" \/>\n<meta property=\"og:type\" content=\"article\" \/>\n<meta property=\"og:title\" content=\"Une maquette monumentale de la charpente de Notre-Dame de Paris au Lyc\u00e9e des M\u00e9tiers et du B\u00e2timent de Felletin\" \/>\n<meta property=\"og:description\" content=\"Issue de la dynamique lanc\u00e9e par le pr\u00e9sident du Conseil r\u00e9gional de Nouvelle-Aquitaine, Alain Rousset, au lendemain de l\u2019incendie de la cath\u00e9drale Notre-Dame de Paris, la r\u00e9alisation d\u2019une maquette monumentale de la charpente a mobilis\u00e9 en Nouvelle-Aquitaine les acteurs de la formation et les professionnels des m\u00e9tiers d\u2019art, du patrimoine, du b\u00e2timent, du bois et [&hellip;]\" \/>\n<meta property=\"og:url\" content=\"https:\/\/batijournal.com\/index.php\/une-maquette-monumentale-de-la-charpente-de-notre-dame-de-paris-au-lycee-des-metiers-et-du-batiment-de-felletin\/105269\/\" \/>\n<meta property=\"og:site_name\" content=\"Batijournal\" \/>\n<meta property=\"article:published_time\" content=\"2020-12-09T06:12:19+00:00\" \/>\n<meta property=\"og:image\" content=\"https:\/\/batijournal.com\/wp-content\/uploads\/2020\/12\/Inauguration-Maquette-Notre-Dame-Felletin.jpg\" \/>\n\t<meta property=\"og:image:width\" content=\"667\" \/>\n\t<meta property=\"og:image:height\" content=\"1000\" \/>\n\t<meta property=\"og:image:type\" content=\"image\/jpeg\" \/>\n<meta name=\"author\" content=\"St\u00e9phane Miget\" \/>\n<meta name=\"twitter:card\" content=\"summary_large_image\" \/>\n<meta name=\"twitter:creator\" content=\"@bati_journal\" \/>\n<meta name=\"twitter:site\" content=\"@bati_journal\" \/>\n<meta name=\"twitter:label1\" content=\"\u00c9crit par\" \/>\n\t<meta name=\"twitter:data1\" content=\"St\u00e9phane Miget\" \/>\n\t<meta name=\"twitter:label2\" content=\"Dur\u00e9e de lecture estim\u00e9e\" \/>\n\t<meta name=\"twitter:data2\" content=\"2 minutes\" \/>\n<script type=\"application\/ld+json\" class=\"yoast-schema-graph\">{\"@context\":\"https:\\\/\\\/schema.org\",\"@graph\":[{\"@type\":\"Article\",\"@id\":\"https:\\\/\\\/batijournal.com\\\/index.php\\\/une-maquette-monumentale-de-la-charpente-de-notre-dame-de-paris-au-lycee-des-metiers-et-du-batiment-de-felletin\\\/105269\\\/#article\",\"isPartOf\":{\"@id\":\"https:\\\/\\\/batijournal.com\\\/index.php\\\/une-maquette-monumentale-de-la-charpente-de-notre-dame-de-paris-au-lycee-des-metiers-et-du-batiment-de-felletin\\\/105269\\\/\"},\"author\":{\"name\":\"St\u00e9phane Miget\",\"@id\":\"https:\\\/\\\/batijournal.com\\\/#\\\/schema\\\/person\\\/1dc96ec6957aa1ccb25ebe78bb19f100\"},\"headline\":\"Une maquette monumentale de la charpente de Notre-Dame de Paris au Lyc\u00e9e des M\u00e9tiers et du B\u00e2timent de Felletin\",\"datePublished\":\"2020-12-09T06:12:19+00:00\",\"mainEntityOfPage\":{\"@id\":\"https:\\\/\\\/batijournal.com\\\/index.php\\\/une-maquette-monumentale-de-la-charpente-de-notre-dame-de-paris-au-lycee-des-metiers-et-du-batiment-de-felletin\\\/105269\\\/\"},\"wordCount\":485,\"image\":{\"@id\":\"https:\\\/\\\/batijournal.com\\\/index.php\\\/une-maquette-monumentale-de-la-charpente-de-notre-dame-de-paris-au-lycee-des-metiers-et-du-batiment-de-felletin\\\/105269\\\/#primaryimage\"},\"thumbnailUrl\":\"https:\\\/\\\/batijournal.com\\\/wp-content\\\/uploads\\\/2020\\\/12\\\/Inauguration-Maquette-Notre-Dame-Felletin.jpg\",\"keywords\":[\"apprentissage\",\"notre dame de paris\"],\"articleSection\":[\"Actualit\u00e9s\",\"Architecture &amp; Conception\",\"zz_Actualit\u00e9s - Atrium\",\"zz_Actualit\u00e9s - Woodsurfer\",\"zz_Atrium Patrimoine\",\"zz_Woodsurfer\"],\"inLanguage\":\"fr-FR\"},{\"@type\":\"WebPage\",\"@id\":\"https:\\\/\\\/batijournal.com\\\/index.php\\\/une-maquette-monumentale-de-la-charpente-de-notre-dame-de-paris-au-lycee-des-metiers-et-du-batiment-de-felletin\\\/105269\\\/\",\"url\":\"https:\\\/\\\/batijournal.com\\\/index.php\\\/une-maquette-monumentale-de-la-charpente-de-notre-dame-de-paris-au-lycee-des-metiers-et-du-batiment-de-felletin\\\/105269\\\/\",\"name\":\"Une maquette monumentale de la charpente de Notre-Dame de Paris au Lyc\u00e9e des M\u00e9tiers et du B\u00e2timent de Felletin\",\"isPartOf\":{\"@id\":\"https:\\\/\\\/batijournal.com\\\/#website\"},\"primaryImageOfPage\":{\"@id\":\"https:\\\/\\\/batijournal.com\\\/index.php\\\/une-maquette-monumentale-de-la-charpente-de-notre-dame-de-paris-au-lycee-des-metiers-et-du-batiment-de-felletin\\\/105269\\\/#primaryimage\"},\"image\":{\"@id\":\"https:\\\/\\\/batijournal.com\\\/index.php\\\/une-maquette-monumentale-de-la-charpente-de-notre-dame-de-paris-au-lycee-des-metiers-et-du-batiment-de-felletin\\\/105269\\\/#primaryimage\"},\"thumbnailUrl\":\"https:\\\/\\\/batijournal.com\\\/wp-content\\\/uploads\\\/2020\\\/12\\\/Inauguration-Maquette-Notre-Dame-Felletin.jpg\",\"datePublished\":\"2020-12-09T06:12:19+00:00\",\"author\":{\"@id\":\"https:\\\/\\\/batijournal.com\\\/#\\\/schema\\\/person\\\/1dc96ec6957aa1ccb25ebe78bb19f100\"},\"breadcrumb\":{\"@id\":\"https:\\\/\\\/batijournal.com\\\/index.php\\\/une-maquette-monumentale-de-la-charpente-de-notre-dame-de-paris-au-lycee-des-metiers-et-du-batiment-de-felletin\\\/105269\\\/#breadcrumb\"},\"inLanguage\":\"fr-FR\",\"potentialAction\":[{\"@type\":\"ReadAction\",\"target\":[\"https:\\\/\\\/batijournal.com\\\/index.php\\\/une-maquette-monumentale-de-la-charpente-de-notre-dame-de-paris-au-lycee-des-metiers-et-du-batiment-de-felletin\\\/105269\\\/\"]}]},{\"@type\":\"ImageObject\",\"inLanguage\":\"fr-FR\",\"@id\":\"https:\\\/\\\/batijournal.com\\\/index.php\\\/une-maquette-monumentale-de-la-charpente-de-notre-dame-de-paris-au-lycee-des-metiers-et-du-batiment-de-felletin\\\/105269\\\/#primaryimage\",\"url\":\"https:\\\/\\\/batijournal.com\\\/wp-content\\\/uploads\\\/2020\\\/12\\\/Inauguration-Maquette-Notre-Dame-Felletin.jpg\",\"contentUrl\":\"https:\\\/\\\/batijournal.com\\\/wp-content\\\/uploads\\\/2020\\\/12\\\/Inauguration-Maquette-Notre-Dame-Felletin.jpg\",\"width\":667,\"height\":1000},{\"@type\":\"BreadcrumbList\",\"@id\":\"https:\\\/\\\/batijournal.com\\\/index.php\\\/une-maquette-monumentale-de-la-charpente-de-notre-dame-de-paris-au-lycee-des-metiers-et-du-batiment-de-felletin\\\/105269\\\/#breadcrumb\",\"itemListElement\":[{\"@type\":\"ListItem\",\"position\":1,\"name\":\"Accueil\",\"item\":\"https:\\\/\\\/batijournal.com\\\/\"},{\"@type\":\"ListItem\",\"position\":2,\"name\":\"Actualit\u00e9s\",\"item\":\"https:\\\/\\\/batijournal.com\\\/index.php\\\/category\\\/actualites\\\/\"},{\"@type\":\"ListItem\",\"position\":3,\"name\":\"Architecture &amp; Conception\",\"item\":\"https:\\\/\\\/batijournal.com\\\/index.php\\\/category\\\/actualites\\\/architecture-conception\\\/\"},{\"@type\":\"ListItem\",\"position\":4,\"name\":\"Une maquette monumentale de la charpente de Notre-Dame de Paris au Lyc\u00e9e des M\u00e9tiers et du B\u00e2timent de Felletin\"}]},{\"@type\":\"WebSite\",\"@id\":\"https:\\\/\\\/batijournal.com\\\/#website\",\"url\":\"https:\\\/\\\/batijournal.com\\\/\",\"name\":\"Batijournal\",\"description\":\"L&#039;actualit\u00e9 du b\u00e2timent\",\"potentialAction\":[{\"@type\":\"SearchAction\",\"target\":{\"@type\":\"EntryPoint\",\"urlTemplate\":\"https:\\\/\\\/batijournal.com\\\/?s={search_term_string}\"},\"query-input\":{\"@type\":\"PropertyValueSpecification\",\"valueRequired\":true,\"valueName\":\"search_term_string\"}}],\"inLanguage\":\"fr-FR\"},{\"@type\":\"Person\",\"@id\":\"https:\\\/\\\/batijournal.com\\\/#\\\/schema\\\/person\\\/1dc96ec6957aa1ccb25ebe78bb19f100\",\"name\":\"St\u00e9phane Miget\",\"image\":{\"@type\":\"ImageObject\",\"inLanguage\":\"fr-FR\",\"@id\":\"https:\\\/\\\/secure.gravatar.com\\\/avatar\\\/89915563d925342126b8ef0281b93d9d7fc337043e8df017f780908eb9644451?s=96&d=mm&r=g\",\"url\":\"https:\\\/\\\/secure.gravatar.com\\\/avatar\\\/89915563d925342126b8ef0281b93d9d7fc337043e8df017f780908eb9644451?s=96&d=mm&r=g\",\"contentUrl\":\"https:\\\/\\\/secure.gravatar.com\\\/avatar\\\/89915563d925342126b8ef0281b93d9d7fc337043e8df017f780908eb9644451?s=96&d=mm&r=g\",\"caption\":\"St\u00e9phane Miget\"},\"url\":\"https:\\\/\\\/batijournal.com\\\/index.php\\\/author\\\/stephane\\\/\"}]}<\/script>\n<!-- \/ Yoast SEO plugin. -->","yoast_head_json":{"title":"Une maquette monumentale de la charpente de Notre-Dame de Paris au Lyc\u00e9e des M\u00e9tiers et du B\u00e2timent de Felletin","robots":{"index":"index","follow":"follow","max-snippet":"max-snippet:-1","max-image-preview":"max-image-preview:large","max-video-preview":"max-video-preview:-1"},"canonical":"https:\/\/batijournal.com\/index.php\/une-maquette-monumentale-de-la-charpente-de-notre-dame-de-paris-au-lycee-des-metiers-et-du-batiment-de-felletin\/105269\/","og_locale":"fr_FR","og_type":"article","og_title":"Une maquette monumentale de la charpente de Notre-Dame de Paris au Lyc\u00e9e des M\u00e9tiers et du B\u00e2timent de Felletin","og_description":"Issue de la dynamique lanc\u00e9e par le pr\u00e9sident du Conseil r\u00e9gional de Nouvelle-Aquitaine, Alain Rousset, au lendemain de l\u2019incendie de la cath\u00e9drale Notre-Dame de Paris, la r\u00e9alisation d\u2019une maquette monumentale de la charpente a mobilis\u00e9 en Nouvelle-Aquitaine les acteurs de la formation et les professionnels des m\u00e9tiers d\u2019art, du patrimoine, du b\u00e2timent, du bois et [&hellip;]","og_url":"https:\/\/batijournal.com\/index.php\/une-maquette-monumentale-de-la-charpente-de-notre-dame-de-paris-au-lycee-des-metiers-et-du-batiment-de-felletin\/105269\/","og_site_name":"Batijournal","article_published_time":"2020-12-09T06:12:19+00:00","og_image":[{"width":667,"height":1000,"url":"https:\/\/batijournal.com\/wp-content\/uploads\/2020\/12\/Inauguration-Maquette-Notre-Dame-Felletin.jpg","type":"image\/jpeg"}],"author":"St\u00e9phane Miget","twitter_card":"summary_large_image","twitter_creator":"@bati_journal","twitter_site":"@bati_journal","twitter_misc":{"\u00c9crit par":"St\u00e9phane Miget","Dur\u00e9e de lecture estim\u00e9e":"2 minutes"},"schema":{"@context":"https:\/\/schema.org","@graph":[{"@type":"Article","@id":"https:\/\/batijournal.com\/index.php\/une-maquette-monumentale-de-la-charpente-de-notre-dame-de-paris-au-lycee-des-metiers-et-du-batiment-de-felletin\/105269\/#article","isPartOf":{"@id":"https:\/\/batijournal.com\/index.php\/une-maquette-monumentale-de-la-charpente-de-notre-dame-de-paris-au-lycee-des-metiers-et-du-batiment-de-felletin\/105269\/"},"author":{"name":"St\u00e9phane Miget","@id":"https:\/\/batijournal.com\/#\/schema\/person\/1dc96ec6957aa1ccb25ebe78bb19f100"},"headline":"Une maquette monumentale de la charpente de Notre-Dame de Paris au Lyc\u00e9e des M\u00e9tiers et du B\u00e2timent de Felletin","datePublished":"2020-12-09T06:12:19+00:00","mainEntityOfPage":{"@id":"https:\/\/batijournal.com\/index.php\/une-maquette-monumentale-de-la-charpente-de-notre-dame-de-paris-au-lycee-des-metiers-et-du-batiment-de-felletin\/105269\/"},"wordCount":485,"image":{"@id":"https:\/\/batijournal.com\/index.php\/une-maquette-monumentale-de-la-charpente-de-notre-dame-de-paris-au-lycee-des-metiers-et-du-batiment-de-felletin\/105269\/#primaryimage"},"thumbnailUrl":"https:\/\/batijournal.com\/wp-content\/uploads\/2020\/12\/Inauguration-Maquette-Notre-Dame-Felletin.jpg","keywords":["apprentissage","notre dame de paris"],"articleSection":["Actualit\u00e9s","Architecture &amp; Conception","zz_Actualit\u00e9s - Atrium","zz_Actualit\u00e9s - Woodsurfer","zz_Atrium Patrimoine","zz_Woodsurfer"],"inLanguage":"fr-FR"},{"@type":"WebPage","@id":"https:\/\/batijournal.com\/index.php\/une-maquette-monumentale-de-la-charpente-de-notre-dame-de-paris-au-lycee-des-metiers-et-du-batiment-de-felletin\/105269\/","url":"https:\/\/batijournal.com\/index.php\/une-maquette-monumentale-de-la-charpente-de-notre-dame-de-paris-au-lycee-des-metiers-et-du-batiment-de-felletin\/105269\/","name":"Une maquette monumentale de la charpente de Notre-Dame de Paris au Lyc\u00e9e des M\u00e9tiers et du B\u00e2timent de Felletin","isPartOf":{"@id":"https:\/\/batijournal.com\/#website"},"primaryImageOfPage":{"@id":"https:\/\/batijournal.com\/index.php\/une-maquette-monumentale-de-la-charpente-de-notre-dame-de-paris-au-lycee-des-metiers-et-du-batiment-de-felletin\/105269\/#primaryimage"},"image":{"@id":"https:\/\/batijournal.com\/index.php\/une-maquette-monumentale-de-la-charpente-de-notre-dame-de-paris-au-lycee-des-metiers-et-du-batiment-de-felletin\/105269\/#primaryimage"},"thumbnailUrl":"https:\/\/batijournal.com\/wp-content\/uploads\/2020\/12\/Inauguration-Maquette-Notre-Dame-Felletin.jpg","datePublished":"2020-12-09T06:12:19+00:00","author":{"@id":"https:\/\/batijournal.com\/#\/schema\/person\/1dc96ec6957aa1ccb25ebe78bb19f100"},"breadcrumb":{"@id":"https:\/\/batijournal.com\/index.php\/une-maquette-monumentale-de-la-charpente-de-notre-dame-de-paris-au-lycee-des-metiers-et-du-batiment-de-felletin\/105269\/#breadcrumb"},"inLanguage":"fr-FR","potentialAction":[{"@type":"ReadAction","target":["https:\/\/batijournal.com\/index.php\/une-maquette-monumentale-de-la-charpente-de-notre-dame-de-paris-au-lycee-des-metiers-et-du-batiment-de-felletin\/105269\/"]}]},{"@type":"ImageObject","inLanguage":"fr-FR","@id":"https:\/\/batijournal.com\/index.php\/une-maquette-monumentale-de-la-charpente-de-notre-dame-de-paris-au-lycee-des-metiers-et-du-batiment-de-felletin\/105269\/#primaryimage","url":"https:\/\/batijournal.com\/wp-content\/uploads\/2020\/12\/Inauguration-Maquette-Notre-Dame-Felletin.jpg","contentUrl":"https:\/\/batijournal.com\/wp-content\/uploads\/2020\/12\/Inauguration-Maquette-Notre-Dame-Felletin.jpg","width":667,"height":1000},{"@type":"BreadcrumbList","@id":"https:\/\/batijournal.com\/index.php\/une-maquette-monumentale-de-la-charpente-de-notre-dame-de-paris-au-lycee-des-metiers-et-du-batiment-de-felletin\/105269\/#breadcrumb","itemListElement":[{"@type":"ListItem","position":1,"name":"Accueil","item":"https:\/\/batijournal.com\/"},{"@type":"ListItem","position":2,"name":"Actualit\u00e9s","item":"https:\/\/batijournal.com\/index.php\/category\/actualites\/"},{"@type":"ListItem","position":3,"name":"Architecture &amp; Conception","item":"https:\/\/batijournal.com\/index.php\/category\/actualites\/architecture-conception\/"},{"@type":"ListItem","position":4,"name":"Une maquette monumentale de la charpente de Notre-Dame de Paris au Lyc\u00e9e des M\u00e9tiers et du B\u00e2timent de Felletin"}]},{"@type":"WebSite","@id":"https:\/\/batijournal.com\/#website","url":"https:\/\/batijournal.com\/","name":"Batijournal","description":"L&#039;actualit\u00e9 du b\u00e2timent","potentialAction":[{"@type":"SearchAction","target":{"@type":"EntryPoint","urlTemplate":"https:\/\/batijournal.com\/?s={search_term_string}"},"query-input":{"@type":"PropertyValueSpecification","valueRequired":true,"valueName":"search_term_string"}}],"inLanguage":"fr-FR"},{"@type":"Person","@id":"https:\/\/batijournal.com\/#\/schema\/person\/1dc96ec6957aa1ccb25ebe78bb19f100","name":"St\u00e9phane Miget","image":{"@type":"ImageObject","inLanguage":"fr-FR","@id":"https:\/\/secure.gravatar.com\/avatar\/89915563d925342126b8ef0281b93d9d7fc337043e8df017f780908eb9644451?s=96&d=mm&r=g","url":"https:\/\/secure.gravatar.com\/avatar\/89915563d925342126b8ef0281b93d9d7fc337043e8df017f780908eb9644451?s=96&d=mm&r=g","contentUrl":"https:\/\/secure.gravatar.com\/avatar\/89915563d925342126b8ef0281b93d9d7fc337043e8df017f780908eb9644451?s=96&d=mm&r=g","caption":"St\u00e9phane Miget"},"url":"https:\/\/batijournal.com\/index.php\/author\/stephane\/"}]}},"_links":{"self":[{"href":"https:\/\/batijournal.com\/index.php\/wp-json\/wp\/v2\/posts\/105269","targetHints":{"allow":["GET"]}}],"collection":[{"href":"https:\/\/batijournal.com\/index.php\/wp-json\/wp\/v2\/posts"}],"about":[{"href":"https:\/\/batijournal.com\/index.php\/wp-json\/wp\/v2\/types\/post"}],"author":[{"embeddable":true,"href":"https:\/\/batijournal.com\/index.php\/wp-json\/wp\/v2\/users\/17"}],"replies":[{"embeddable":true,"href":"https:\/\/batijournal.com\/index.php\/wp-json\/wp\/v2\/comments?post=105269"}],"version-history":[{"count":0,"href":"https:\/\/batijournal.com\/index.php\/wp-json\/wp\/v2\/posts\/105269\/revisions"}],"wp:featuredmedia":[{"embeddable":true,"href":"https:\/\/batijournal.com\/index.php\/wp-json\/wp\/v2\/media\/105270"}],"wp:attachment":[{"href":"https:\/\/batijournal.com\/index.php\/wp-json\/wp\/v2\/media?parent=105269"}],"wp:term":[{"taxonomy":"category","embeddable":true,"href":"https:\/\/batijournal.com\/index.php\/wp-json\/wp\/v2\/categories?post=105269"},{"taxonomy":"post_tag","embeddable":true,"href":"https:\/\/batijournal.com\/index.php\/wp-json\/wp\/v2\/tags?post=105269"}],"curies":[{"name":"wp","href":"https:\/\/api.w.org\/{rel}","templated":true}]}}