{"id":105271,"date":"2020-12-09T07:37:56","date_gmt":"2020-12-09T06:37:56","guid":{"rendered":"https:\/\/batijournal.com\/?p=105271"},"modified":"2020-12-09T07:37:56","modified_gmt":"2020-12-09T06:37:56","slug":"le-gisant-de-la-reine-berengere-de-retour-dans-labbaye-royale-de-lepau-72","status":"publish","type":"post","link":"https:\/\/batijournal.com\/index.php\/le-gisant-de-la-reine-berengere-de-retour-dans-labbaye-royale-de-lepau-72\/105271\/","title":{"rendered":"Le gisant de la reine Bereng\u00e8re de retour dans l&rsquo;Abbaye royale de l&rsquo;Epau (72)"},"content":{"rendered":"<p>Apr\u00e8s des ann\u00e9es de recherche et des mois de travaux de restauration, le gisant de la reine Bereng\u00e8re a retrouv\u00e9 sa place d\u2019origine au sein de l\u2019\u00e9glise abbatiale de l\u2019Abbaye royale de l\u2019Epau. Les travaux ont \u00e9t\u00e9\u0301 pilot\u00e9s par le D\u00e9partement, en d\u00e9l\u00e9gation de ma\u00eetrise d\u2019ouvrage de la DRAC des Pays de la Loire sous maitrise d\u2019\u0153uvre du Cabinet ARCHITRAV et de son responsable Fran\u00e7ois Jeanneau (architecte en chef des Monuments Historiques). L\u2019op\u00e9ration de restauration a d\u00e9marr\u00e9\u0301 fin septembre et s\u2019est achev\u00e9e le 30 novembre. Ce chantier de restauration a \u00e9t\u00e9 labellis\u00e9 \u00ab Chantier de France \u00bb et a mobilis\u00e9 les savoirs faire et l\u2019expertise de v\u00e9ritables m\u00e9tiers d\u2019arts ancestraux, tout en y int\u00e9grant les techniques d\u2019investigation innovantes d\u2019aujourd\u2019hui. En 2018, le gisant a fait l\u2019objet d\u2019une \u00e9tude historique et architecturale g\u00e9n\u00e9rale int\u00e9grant des relev\u00e9s de polychromie et un diagnostic sanitaire complet. Gr\u00e2ce \u00e0 cette \u00e9tude, le gisant de la reine a pu \u00eatre d\u00e9plac\u00e9 au ch\u0153ur de l\u2019\u00e9glise abbatiale. L\u2019objectif de ce d\u00e9placement \u00e9tait d\u2019am\u00e9liorer les conditions de conservation et de pr\u00e9sentation du gisant. Sculpt\u00e9 dans la seconde moiti\u00e9 du XIII\u00e8me si\u00e8cle, le gisant de la reine est en pierre calcaire, type cliquart. La repr\u00e9sentation de B\u00e9reng\u00e8re, sans doute id\u00e9alis\u00e9e, porte la couronne, signe distinctif d\u2019une reine. Au Moyen \u00c2ge, le gisant \u00e9tait enti\u00e8rement peint : bleu azurite pour la robe, rouge clair pour le manteau, bleu-vert pour le voile, ocre-jaune pour le lion. Le co\u00fbt de ce d\u00e9placement s\u2019\u00e9l\u00e8ve \u00e0 218 000 \u20ac, soit 36% pris en charge par la DRAC des Pays de la Loire.<\/p>\n<p>Source et photo : Drac Pays de la Loire<\/p>\n<p>&nbsp;<\/p>\n","protected":false},"excerpt":{"rendered":"<p>Apr\u00e8s des ann\u00e9es de recherche et des mois de travaux de restauration, le gisant de la reine Bereng\u00e8re a retrouv\u00e9 sa place d\u2019origine au sein de l\u2019\u00e9glise abbatiale de l\u2019Abbaye royale de l\u2019Epau. Les travaux ont \u00e9t\u00e9\u0301 pilot\u00e9s par le D\u00e9partement, en d\u00e9l\u00e9gation de ma\u00eetrise d\u2019ouvrage de la DRAC des Pays de la Loire sous [&hellip;]<\/p>\n","protected":false},"author":17,"featured_media":105272,"comment_status":"closed","ping_status":"closed","sticky":false,"template":"","format":"standard","meta":{"_et_pb_use_builder":"","_et_pb_old_content":"","_et_gb_content_width":"","footnotes":""},"categories":[10530,6340,10789,10785],"tags":[2662],"class_list":["post-105271","post","type-post","status-publish","format-standard","has-post-thumbnail","hentry","category-actualites","category-architecture-conception","category-publications-atrium","category-atrium","tag-sculpture"],"yoast_head":"<!-- This site is optimized with the Yoast SEO plugin v27.4 - https:\/\/yoast.com\/product\/yoast-seo-wordpress\/ -->\n<title>Le gisant de la reine Bereng\u00e8re de retour dans l&#039;Abbaye royale de l&#039;Epau (72)<\/title>\n<meta name=\"robots\" content=\"index, follow, max-snippet:-1, max-image-preview:large, max-video-preview:-1\" \/>\n<link rel=\"canonical\" href=\"https:\/\/batijournal.com\/index.php\/le-gisant-de-la-reine-berengere-de-retour-dans-labbaye-royale-de-lepau-72\/105271\/\" \/>\n<meta property=\"og:locale\" content=\"fr_FR\" \/>\n<meta property=\"og:type\" content=\"article\" \/>\n<meta property=\"og:title\" content=\"Le gisant de la reine Bereng\u00e8re de retour dans l&#039;Abbaye royale de l&#039;Epau (72)\" \/>\n<meta property=\"og:description\" content=\"Apr\u00e8s des ann\u00e9es de recherche et des mois de travaux de restauration, le gisant de la reine Bereng\u00e8re a retrouv\u00e9 sa place d\u2019origine au sein de l\u2019\u00e9glise abbatiale de l\u2019Abbaye royale de l\u2019Epau. Les travaux ont \u00e9t\u00e9\u0301 pilot\u00e9s par le D\u00e9partement, en d\u00e9l\u00e9gation de ma\u00eetrise d\u2019ouvrage de la DRAC des Pays de la Loire sous [&hellip;]\" \/>\n<meta property=\"og:url\" content=\"https:\/\/batijournal.com\/index.php\/le-gisant-de-la-reine-berengere-de-retour-dans-labbaye-royale-de-lepau-72\/105271\/\" \/>\n<meta property=\"og:site_name\" content=\"Batijournal\" \/>\n<meta property=\"article:published_time\" content=\"2020-12-09T06:37:56+00:00\" \/>\n<meta property=\"og:image\" content=\"https:\/\/batijournal.com\/wp-content\/uploads\/2020\/12\/gisant-Epau.jpg\" \/>\n\t<meta property=\"og:image:width\" content=\"714\" \/>\n\t<meta property=\"og:image:height\" content=\"477\" \/>\n\t<meta property=\"og:image:type\" content=\"image\/jpeg\" \/>\n<meta name=\"author\" content=\"St\u00e9phane Miget\" \/>\n<meta name=\"twitter:card\" content=\"summary_large_image\" \/>\n<meta name=\"twitter:creator\" content=\"@bati_journal\" \/>\n<meta name=\"twitter:site\" content=\"@bati_journal\" \/>\n<meta name=\"twitter:label1\" content=\"\u00c9crit par\" \/>\n\t<meta name=\"twitter:data1\" content=\"St\u00e9phane Miget\" \/>\n\t<meta name=\"twitter:label2\" content=\"Dur\u00e9e de lecture estim\u00e9e\" \/>\n\t<meta name=\"twitter:data2\" content=\"2 minutes\" \/>\n<script type=\"application\/ld+json\" class=\"yoast-schema-graph\">{\"@context\":\"https:\\\/\\\/schema.org\",\"@graph\":[{\"@type\":\"Article\",\"@id\":\"https:\\\/\\\/batijournal.com\\\/index.php\\\/le-gisant-de-la-reine-berengere-de-retour-dans-labbaye-royale-de-lepau-72\\\/105271\\\/#article\",\"isPartOf\":{\"@id\":\"https:\\\/\\\/batijournal.com\\\/index.php\\\/le-gisant-de-la-reine-berengere-de-retour-dans-labbaye-royale-de-lepau-72\\\/105271\\\/\"},\"author\":{\"name\":\"St\u00e9phane Miget\",\"@id\":\"https:\\\/\\\/batijournal.com\\\/#\\\/schema\\\/person\\\/1dc96ec6957aa1ccb25ebe78bb19f100\"},\"headline\":\"Le gisant de la reine Bereng\u00e8re de retour dans l&rsquo;Abbaye royale de l&rsquo;Epau (72)\",\"datePublished\":\"2020-12-09T06:37:56+00:00\",\"mainEntityOfPage\":{\"@id\":\"https:\\\/\\\/batijournal.com\\\/index.php\\\/le-gisant-de-la-reine-berengere-de-retour-dans-labbaye-royale-de-lepau-72\\\/105271\\\/\"},\"wordCount\":328,\"image\":{\"@id\":\"https:\\\/\\\/batijournal.com\\\/index.php\\\/le-gisant-de-la-reine-berengere-de-retour-dans-labbaye-royale-de-lepau-72\\\/105271\\\/#primaryimage\"},\"thumbnailUrl\":\"https:\\\/\\\/batijournal.com\\\/wp-content\\\/uploads\\\/2020\\\/12\\\/gisant-Epau.jpg\",\"keywords\":[\"sculpture\"],\"articleSection\":[\"Actualit\u00e9s\",\"Architecture &amp; Conception\",\"zz_Actualit\u00e9s - Atrium\",\"zz_Atrium Patrimoine\"],\"inLanguage\":\"fr-FR\"},{\"@type\":\"WebPage\",\"@id\":\"https:\\\/\\\/batijournal.com\\\/index.php\\\/le-gisant-de-la-reine-berengere-de-retour-dans-labbaye-royale-de-lepau-72\\\/105271\\\/\",\"url\":\"https:\\\/\\\/batijournal.com\\\/index.php\\\/le-gisant-de-la-reine-berengere-de-retour-dans-labbaye-royale-de-lepau-72\\\/105271\\\/\",\"name\":\"Le gisant de la reine Bereng\u00e8re de retour dans l'Abbaye royale de l'Epau (72)\",\"isPartOf\":{\"@id\":\"https:\\\/\\\/batijournal.com\\\/#website\"},\"primaryImageOfPage\":{\"@id\":\"https:\\\/\\\/batijournal.com\\\/index.php\\\/le-gisant-de-la-reine-berengere-de-retour-dans-labbaye-royale-de-lepau-72\\\/105271\\\/#primaryimage\"},\"image\":{\"@id\":\"https:\\\/\\\/batijournal.com\\\/index.php\\\/le-gisant-de-la-reine-berengere-de-retour-dans-labbaye-royale-de-lepau-72\\\/105271\\\/#primaryimage\"},\"thumbnailUrl\":\"https:\\\/\\\/batijournal.com\\\/wp-content\\\/uploads\\\/2020\\\/12\\\/gisant-Epau.jpg\",\"datePublished\":\"2020-12-09T06:37:56+00:00\",\"author\":{\"@id\":\"https:\\\/\\\/batijournal.com\\\/#\\\/schema\\\/person\\\/1dc96ec6957aa1ccb25ebe78bb19f100\"},\"breadcrumb\":{\"@id\":\"https:\\\/\\\/batijournal.com\\\/index.php\\\/le-gisant-de-la-reine-berengere-de-retour-dans-labbaye-royale-de-lepau-72\\\/105271\\\/#breadcrumb\"},\"inLanguage\":\"fr-FR\",\"potentialAction\":[{\"@type\":\"ReadAction\",\"target\":[\"https:\\\/\\\/batijournal.com\\\/index.php\\\/le-gisant-de-la-reine-berengere-de-retour-dans-labbaye-royale-de-lepau-72\\\/105271\\\/\"]}]},{\"@type\":\"ImageObject\",\"inLanguage\":\"fr-FR\",\"@id\":\"https:\\\/\\\/batijournal.com\\\/index.php\\\/le-gisant-de-la-reine-berengere-de-retour-dans-labbaye-royale-de-lepau-72\\\/105271\\\/#primaryimage\",\"url\":\"https:\\\/\\\/batijournal.com\\\/wp-content\\\/uploads\\\/2020\\\/12\\\/gisant-Epau.jpg\",\"contentUrl\":\"https:\\\/\\\/batijournal.com\\\/wp-content\\\/uploads\\\/2020\\\/12\\\/gisant-Epau.jpg\",\"width\":714,\"height\":477},{\"@type\":\"BreadcrumbList\",\"@id\":\"https:\\\/\\\/batijournal.com\\\/index.php\\\/le-gisant-de-la-reine-berengere-de-retour-dans-labbaye-royale-de-lepau-72\\\/105271\\\/#breadcrumb\",\"itemListElement\":[{\"@type\":\"ListItem\",\"position\":1,\"name\":\"Accueil\",\"item\":\"https:\\\/\\\/batijournal.com\\\/\"},{\"@type\":\"ListItem\",\"position\":2,\"name\":\"Actualit\u00e9s\",\"item\":\"https:\\\/\\\/batijournal.com\\\/index.php\\\/category\\\/actualites\\\/\"},{\"@type\":\"ListItem\",\"position\":3,\"name\":\"Architecture &amp; Conception\",\"item\":\"https:\\\/\\\/batijournal.com\\\/index.php\\\/category\\\/actualites\\\/architecture-conception\\\/\"},{\"@type\":\"ListItem\",\"position\":4,\"name\":\"Le gisant de la reine Bereng\u00e8re de retour dans l&rsquo;Abbaye royale de l&rsquo;Epau (72)\"}]},{\"@type\":\"WebSite\",\"@id\":\"https:\\\/\\\/batijournal.com\\\/#website\",\"url\":\"https:\\\/\\\/batijournal.com\\\/\",\"name\":\"Batijournal\",\"description\":\"L&#039;actualit\u00e9 du b\u00e2timent\",\"potentialAction\":[{\"@type\":\"SearchAction\",\"target\":{\"@type\":\"EntryPoint\",\"urlTemplate\":\"https:\\\/\\\/batijournal.com\\\/?s={search_term_string}\"},\"query-input\":{\"@type\":\"PropertyValueSpecification\",\"valueRequired\":true,\"valueName\":\"search_term_string\"}}],\"inLanguage\":\"fr-FR\"},{\"@type\":\"Person\",\"@id\":\"https:\\\/\\\/batijournal.com\\\/#\\\/schema\\\/person\\\/1dc96ec6957aa1ccb25ebe78bb19f100\",\"name\":\"St\u00e9phane Miget\",\"image\":{\"@type\":\"ImageObject\",\"inLanguage\":\"fr-FR\",\"@id\":\"https:\\\/\\\/secure.gravatar.com\\\/avatar\\\/89915563d925342126b8ef0281b93d9d7fc337043e8df017f780908eb9644451?s=96&d=mm&r=g\",\"url\":\"https:\\\/\\\/secure.gravatar.com\\\/avatar\\\/89915563d925342126b8ef0281b93d9d7fc337043e8df017f780908eb9644451?s=96&d=mm&r=g\",\"contentUrl\":\"https:\\\/\\\/secure.gravatar.com\\\/avatar\\\/89915563d925342126b8ef0281b93d9d7fc337043e8df017f780908eb9644451?s=96&d=mm&r=g\",\"caption\":\"St\u00e9phane Miget\"},\"url\":\"https:\\\/\\\/batijournal.com\\\/index.php\\\/author\\\/stephane\\\/\"}]}<\/script>\n<!-- \/ Yoast SEO plugin. -->","yoast_head_json":{"title":"Le gisant de la reine Bereng\u00e8re de retour dans l'Abbaye royale de l'Epau (72)","robots":{"index":"index","follow":"follow","max-snippet":"max-snippet:-1","max-image-preview":"max-image-preview:large","max-video-preview":"max-video-preview:-1"},"canonical":"https:\/\/batijournal.com\/index.php\/le-gisant-de-la-reine-berengere-de-retour-dans-labbaye-royale-de-lepau-72\/105271\/","og_locale":"fr_FR","og_type":"article","og_title":"Le gisant de la reine Bereng\u00e8re de retour dans l'Abbaye royale de l'Epau (72)","og_description":"Apr\u00e8s des ann\u00e9es de recherche et des mois de travaux de restauration, le gisant de la reine Bereng\u00e8re a retrouv\u00e9 sa place d\u2019origine au sein de l\u2019\u00e9glise abbatiale de l\u2019Abbaye royale de l\u2019Epau. Les travaux ont \u00e9t\u00e9\u0301 pilot\u00e9s par le D\u00e9partement, en d\u00e9l\u00e9gation de ma\u00eetrise d\u2019ouvrage de la DRAC des Pays de la Loire sous [&hellip;]","og_url":"https:\/\/batijournal.com\/index.php\/le-gisant-de-la-reine-berengere-de-retour-dans-labbaye-royale-de-lepau-72\/105271\/","og_site_name":"Batijournal","article_published_time":"2020-12-09T06:37:56+00:00","og_image":[{"width":714,"height":477,"url":"https:\/\/batijournal.com\/wp-content\/uploads\/2020\/12\/gisant-Epau.jpg","type":"image\/jpeg"}],"author":"St\u00e9phane Miget","twitter_card":"summary_large_image","twitter_creator":"@bati_journal","twitter_site":"@bati_journal","twitter_misc":{"\u00c9crit par":"St\u00e9phane Miget","Dur\u00e9e de lecture estim\u00e9e":"2 minutes"},"schema":{"@context":"https:\/\/schema.org","@graph":[{"@type":"Article","@id":"https:\/\/batijournal.com\/index.php\/le-gisant-de-la-reine-berengere-de-retour-dans-labbaye-royale-de-lepau-72\/105271\/#article","isPartOf":{"@id":"https:\/\/batijournal.com\/index.php\/le-gisant-de-la-reine-berengere-de-retour-dans-labbaye-royale-de-lepau-72\/105271\/"},"author":{"name":"St\u00e9phane Miget","@id":"https:\/\/batijournal.com\/#\/schema\/person\/1dc96ec6957aa1ccb25ebe78bb19f100"},"headline":"Le gisant de la reine Bereng\u00e8re de retour dans l&rsquo;Abbaye royale de l&rsquo;Epau (72)","datePublished":"2020-12-09T06:37:56+00:00","mainEntityOfPage":{"@id":"https:\/\/batijournal.com\/index.php\/le-gisant-de-la-reine-berengere-de-retour-dans-labbaye-royale-de-lepau-72\/105271\/"},"wordCount":328,"image":{"@id":"https:\/\/batijournal.com\/index.php\/le-gisant-de-la-reine-berengere-de-retour-dans-labbaye-royale-de-lepau-72\/105271\/#primaryimage"},"thumbnailUrl":"https:\/\/batijournal.com\/wp-content\/uploads\/2020\/12\/gisant-Epau.jpg","keywords":["sculpture"],"articleSection":["Actualit\u00e9s","Architecture &amp; Conception","zz_Actualit\u00e9s - Atrium","zz_Atrium Patrimoine"],"inLanguage":"fr-FR"},{"@type":"WebPage","@id":"https:\/\/batijournal.com\/index.php\/le-gisant-de-la-reine-berengere-de-retour-dans-labbaye-royale-de-lepau-72\/105271\/","url":"https:\/\/batijournal.com\/index.php\/le-gisant-de-la-reine-berengere-de-retour-dans-labbaye-royale-de-lepau-72\/105271\/","name":"Le gisant de la reine Bereng\u00e8re de retour dans l'Abbaye royale de l'Epau (72)","isPartOf":{"@id":"https:\/\/batijournal.com\/#website"},"primaryImageOfPage":{"@id":"https:\/\/batijournal.com\/index.php\/le-gisant-de-la-reine-berengere-de-retour-dans-labbaye-royale-de-lepau-72\/105271\/#primaryimage"},"image":{"@id":"https:\/\/batijournal.com\/index.php\/le-gisant-de-la-reine-berengere-de-retour-dans-labbaye-royale-de-lepau-72\/105271\/#primaryimage"},"thumbnailUrl":"https:\/\/batijournal.com\/wp-content\/uploads\/2020\/12\/gisant-Epau.jpg","datePublished":"2020-12-09T06:37:56+00:00","author":{"@id":"https:\/\/batijournal.com\/#\/schema\/person\/1dc96ec6957aa1ccb25ebe78bb19f100"},"breadcrumb":{"@id":"https:\/\/batijournal.com\/index.php\/le-gisant-de-la-reine-berengere-de-retour-dans-labbaye-royale-de-lepau-72\/105271\/#breadcrumb"},"inLanguage":"fr-FR","potentialAction":[{"@type":"ReadAction","target":["https:\/\/batijournal.com\/index.php\/le-gisant-de-la-reine-berengere-de-retour-dans-labbaye-royale-de-lepau-72\/105271\/"]}]},{"@type":"ImageObject","inLanguage":"fr-FR","@id":"https:\/\/batijournal.com\/index.php\/le-gisant-de-la-reine-berengere-de-retour-dans-labbaye-royale-de-lepau-72\/105271\/#primaryimage","url":"https:\/\/batijournal.com\/wp-content\/uploads\/2020\/12\/gisant-Epau.jpg","contentUrl":"https:\/\/batijournal.com\/wp-content\/uploads\/2020\/12\/gisant-Epau.jpg","width":714,"height":477},{"@type":"BreadcrumbList","@id":"https:\/\/batijournal.com\/index.php\/le-gisant-de-la-reine-berengere-de-retour-dans-labbaye-royale-de-lepau-72\/105271\/#breadcrumb","itemListElement":[{"@type":"ListItem","position":1,"name":"Accueil","item":"https:\/\/batijournal.com\/"},{"@type":"ListItem","position":2,"name":"Actualit\u00e9s","item":"https:\/\/batijournal.com\/index.php\/category\/actualites\/"},{"@type":"ListItem","position":3,"name":"Architecture &amp; Conception","item":"https:\/\/batijournal.com\/index.php\/category\/actualites\/architecture-conception\/"},{"@type":"ListItem","position":4,"name":"Le gisant de la reine Bereng\u00e8re de retour dans l&rsquo;Abbaye royale de l&rsquo;Epau (72)"}]},{"@type":"WebSite","@id":"https:\/\/batijournal.com\/#website","url":"https:\/\/batijournal.com\/","name":"Batijournal","description":"L&#039;actualit\u00e9 du b\u00e2timent","potentialAction":[{"@type":"SearchAction","target":{"@type":"EntryPoint","urlTemplate":"https:\/\/batijournal.com\/?s={search_term_string}"},"query-input":{"@type":"PropertyValueSpecification","valueRequired":true,"valueName":"search_term_string"}}],"inLanguage":"fr-FR"},{"@type":"Person","@id":"https:\/\/batijournal.com\/#\/schema\/person\/1dc96ec6957aa1ccb25ebe78bb19f100","name":"St\u00e9phane Miget","image":{"@type":"ImageObject","inLanguage":"fr-FR","@id":"https:\/\/secure.gravatar.com\/avatar\/89915563d925342126b8ef0281b93d9d7fc337043e8df017f780908eb9644451?s=96&d=mm&r=g","url":"https:\/\/secure.gravatar.com\/avatar\/89915563d925342126b8ef0281b93d9d7fc337043e8df017f780908eb9644451?s=96&d=mm&r=g","contentUrl":"https:\/\/secure.gravatar.com\/avatar\/89915563d925342126b8ef0281b93d9d7fc337043e8df017f780908eb9644451?s=96&d=mm&r=g","caption":"St\u00e9phane Miget"},"url":"https:\/\/batijournal.com\/index.php\/author\/stephane\/"}]}},"_links":{"self":[{"href":"https:\/\/batijournal.com\/index.php\/wp-json\/wp\/v2\/posts\/105271","targetHints":{"allow":["GET"]}}],"collection":[{"href":"https:\/\/batijournal.com\/index.php\/wp-json\/wp\/v2\/posts"}],"about":[{"href":"https:\/\/batijournal.com\/index.php\/wp-json\/wp\/v2\/types\/post"}],"author":[{"embeddable":true,"href":"https:\/\/batijournal.com\/index.php\/wp-json\/wp\/v2\/users\/17"}],"replies":[{"embeddable":true,"href":"https:\/\/batijournal.com\/index.php\/wp-json\/wp\/v2\/comments?post=105271"}],"version-history":[{"count":0,"href":"https:\/\/batijournal.com\/index.php\/wp-json\/wp\/v2\/posts\/105271\/revisions"}],"wp:featuredmedia":[{"embeddable":true,"href":"https:\/\/batijournal.com\/index.php\/wp-json\/wp\/v2\/media\/105272"}],"wp:attachment":[{"href":"https:\/\/batijournal.com\/index.php\/wp-json\/wp\/v2\/media?parent=105271"}],"wp:term":[{"taxonomy":"category","embeddable":true,"href":"https:\/\/batijournal.com\/index.php\/wp-json\/wp\/v2\/categories?post=105271"},{"taxonomy":"post_tag","embeddable":true,"href":"https:\/\/batijournal.com\/index.php\/wp-json\/wp\/v2\/tags?post=105271"}],"curies":[{"name":"wp","href":"https:\/\/api.w.org\/{rel}","templated":true}]}}