{"id":105275,"date":"2020-12-09T07:52:03","date_gmt":"2020-12-09T06:52:03","guid":{"rendered":"https:\/\/batijournal.com\/?p=105275"},"modified":"2020-12-09T07:52:03","modified_gmt":"2020-12-09T06:52:03","slug":"briga-renaissance-dune-ville-oubliee","status":"publish","type":"post","link":"https:\/\/batijournal.com\/index.php\/briga-renaissance-dune-ville-oubliee\/105275\/","title":{"rendered":"BRIGA, renaissance d&rsquo;une ville oubli\u00e9e"},"content":{"rendered":"<p>Depuis sa red\u00e9couverte \u00e0 la fin du XVIIIe si\u00e8cle, le site antique du Bois-l\u2019abb\u00e9 (Eu, Seine-Maritime) n\u2019a cess\u00e9 de passionner la population locale, les \u00e9rudits et chercheurs, qui ont entrepris de nombreuses fouilles, principalement sur un grand sanctuaire. Depuis 2006, une fouille programm\u00e9e, men\u00e9e par \u00c9tienne Mantel (DRAC Normandie) et St\u00e9phane Dubois (INRAP), a port\u00e9 d\u2019abord sur le centre monumental, puis sur un quartier proche o\u00f9 on d\u00e9couvre les maisons et l\u2019\u00e9quipement urbain. Ces recherches extensives d\u00e9montrent la gen\u00e8se d\u2019une ville antique aux origines gauloises, aux confins nord-ouest de l\u2019Empire romain. \u00c0 partir du Ier si\u00e8cle avant notre \u00e8re, la ville se monumentalise et s\u2019agrandit progressivement, \u00e9quip\u00e9e d\u2019un th\u00e9\u00e2tre, de thermes (bains publics), d\u2019une basilique et d\u2019un grand temple. Les nombreux blocs architecturaux sculpt\u00e9s ainsi que les fastueux d\u00e9cors d\u2019enduit peints, tr\u00e8s rares en Gaule du Nord, en t\u00e9moignent. La d\u00e9couverte en 2007 d\u2019une exceptionnelle statuette de Mercure en argent souligne l\u2019importance de cette divinit\u00e9 tut\u00e9laire au sein des cultes locaux de la petite ville gallo-romaine. Il y a un peu plus de 2000 ans, cette ville s\u2019appelait BRIGA.<\/p>\n<p>Exposition du 26 D\u00e9cembre 2020 au 16 Mai 2021 au mus\u00e9e des Antiquit\u00e9s de Rouen<\/p>\n<p>&nbsp;<\/p>\n","protected":false},"excerpt":{"rendered":"<p>Depuis sa red\u00e9couverte \u00e0 la fin du XVIIIe si\u00e8cle, le site antique du Bois-l\u2019abb\u00e9 (Eu, Seine-Maritime) n\u2019a cess\u00e9 de passionner la population locale, les \u00e9rudits et chercheurs, qui ont entrepris de nombreuses fouilles, principalement sur un grand sanctuaire. Depuis 2006, une fouille programm\u00e9e, men\u00e9e par \u00c9tienne Mantel (DRAC Normandie) et St\u00e9phane Dubois (INRAP), a port\u00e9 [&hellip;]<\/p>\n","protected":false},"author":17,"featured_media":105276,"comment_status":"closed","ping_status":"closed","sticky":false,"template":"","format":"standard","meta":{"_et_pb_use_builder":"","_et_pb_old_content":"","_et_gb_content_width":"","footnotes":""},"categories":[10530,6340,10789,10785],"tags":[12875],"class_list":["post-105275","post","type-post","status-publish","format-standard","has-post-thumbnail","hentry","category-actualites","category-architecture-conception","category-publications-atrium","category-atrium","tag-archeologie"],"yoast_head":"<!-- This site is optimized with the Yoast SEO plugin v27.4 - https:\/\/yoast.com\/product\/yoast-seo-wordpress\/ -->\n<title>BRIGA, renaissance d&#039;une ville oubli\u00e9e<\/title>\n<meta name=\"robots\" content=\"index, follow, max-snippet:-1, max-image-preview:large, max-video-preview:-1\" \/>\n<link rel=\"canonical\" href=\"https:\/\/batijournal.com\/index.php\/briga-renaissance-dune-ville-oubliee\/105275\/\" \/>\n<meta property=\"og:locale\" content=\"fr_FR\" \/>\n<meta property=\"og:type\" content=\"article\" \/>\n<meta property=\"og:title\" content=\"BRIGA, renaissance d&#039;une ville oubli\u00e9e\" \/>\n<meta property=\"og:description\" content=\"Depuis sa red\u00e9couverte \u00e0 la fin du XVIIIe si\u00e8cle, le site antique du Bois-l\u2019abb\u00e9 (Eu, Seine-Maritime) n\u2019a cess\u00e9 de passionner la population locale, les \u00e9rudits et chercheurs, qui ont entrepris de nombreuses fouilles, principalement sur un grand sanctuaire. Depuis 2006, une fouille programm\u00e9e, men\u00e9e par \u00c9tienne Mantel (DRAC Normandie) et St\u00e9phane Dubois (INRAP), a port\u00e9 [&hellip;]\" \/>\n<meta property=\"og:url\" content=\"https:\/\/batijournal.com\/index.php\/briga-renaissance-dune-ville-oubliee\/105275\/\" \/>\n<meta property=\"og:site_name\" content=\"Batijournal\" \/>\n<meta property=\"article:published_time\" content=\"2020-12-09T06:52:03+00:00\" \/>\n<meta property=\"og:image\" content=\"https:\/\/batijournal.com\/wp-content\/uploads\/2020\/12\/ruines-briga.jpg\" \/>\n\t<meta property=\"og:image:width\" content=\"824\" \/>\n\t<meta property=\"og:image:height\" content=\"463\" \/>\n\t<meta property=\"og:image:type\" content=\"image\/jpeg\" \/>\n<meta name=\"author\" content=\"St\u00e9phane Miget\" \/>\n<meta name=\"twitter:card\" content=\"summary_large_image\" \/>\n<meta name=\"twitter:creator\" content=\"@bati_journal\" \/>\n<meta name=\"twitter:site\" content=\"@bati_journal\" \/>\n<meta name=\"twitter:label1\" content=\"\u00c9crit par\" \/>\n\t<meta name=\"twitter:data1\" content=\"St\u00e9phane Miget\" \/>\n\t<meta name=\"twitter:label2\" content=\"Dur\u00e9e de lecture estim\u00e9e\" \/>\n\t<meta name=\"twitter:data2\" content=\"1 minute\" \/>\n<script type=\"application\/ld+json\" class=\"yoast-schema-graph\">{\"@context\":\"https:\\\/\\\/schema.org\",\"@graph\":[{\"@type\":\"Article\",\"@id\":\"https:\\\/\\\/batijournal.com\\\/index.php\\\/briga-renaissance-dune-ville-oubliee\\\/105275\\\/#article\",\"isPartOf\":{\"@id\":\"https:\\\/\\\/batijournal.com\\\/index.php\\\/briga-renaissance-dune-ville-oubliee\\\/105275\\\/\"},\"author\":{\"name\":\"St\u00e9phane Miget\",\"@id\":\"https:\\\/\\\/batijournal.com\\\/#\\\/schema\\\/person\\\/1dc96ec6957aa1ccb25ebe78bb19f100\"},\"headline\":\"BRIGA, renaissance d&rsquo;une ville oubli\u00e9e\",\"datePublished\":\"2020-12-09T06:52:03+00:00\",\"mainEntityOfPage\":{\"@id\":\"https:\\\/\\\/batijournal.com\\\/index.php\\\/briga-renaissance-dune-ville-oubliee\\\/105275\\\/\"},\"wordCount\":227,\"image\":{\"@id\":\"https:\\\/\\\/batijournal.com\\\/index.php\\\/briga-renaissance-dune-ville-oubliee\\\/105275\\\/#primaryimage\"},\"thumbnailUrl\":\"https:\\\/\\\/batijournal.com\\\/wp-content\\\/uploads\\\/2020\\\/12\\\/ruines-briga.jpg\",\"keywords\":[\"arch\u00e9ologie\"],\"articleSection\":[\"Actualit\u00e9s\",\"Architecture &amp; Conception\",\"zz_Actualit\u00e9s - Atrium\",\"zz_Atrium Patrimoine\"],\"inLanguage\":\"fr-FR\"},{\"@type\":\"WebPage\",\"@id\":\"https:\\\/\\\/batijournal.com\\\/index.php\\\/briga-renaissance-dune-ville-oubliee\\\/105275\\\/\",\"url\":\"https:\\\/\\\/batijournal.com\\\/index.php\\\/briga-renaissance-dune-ville-oubliee\\\/105275\\\/\",\"name\":\"BRIGA, renaissance d'une ville oubli\u00e9e\",\"isPartOf\":{\"@id\":\"https:\\\/\\\/batijournal.com\\\/#website\"},\"primaryImageOfPage\":{\"@id\":\"https:\\\/\\\/batijournal.com\\\/index.php\\\/briga-renaissance-dune-ville-oubliee\\\/105275\\\/#primaryimage\"},\"image\":{\"@id\":\"https:\\\/\\\/batijournal.com\\\/index.php\\\/briga-renaissance-dune-ville-oubliee\\\/105275\\\/#primaryimage\"},\"thumbnailUrl\":\"https:\\\/\\\/batijournal.com\\\/wp-content\\\/uploads\\\/2020\\\/12\\\/ruines-briga.jpg\",\"datePublished\":\"2020-12-09T06:52:03+00:00\",\"author\":{\"@id\":\"https:\\\/\\\/batijournal.com\\\/#\\\/schema\\\/person\\\/1dc96ec6957aa1ccb25ebe78bb19f100\"},\"breadcrumb\":{\"@id\":\"https:\\\/\\\/batijournal.com\\\/index.php\\\/briga-renaissance-dune-ville-oubliee\\\/105275\\\/#breadcrumb\"},\"inLanguage\":\"fr-FR\",\"potentialAction\":[{\"@type\":\"ReadAction\",\"target\":[\"https:\\\/\\\/batijournal.com\\\/index.php\\\/briga-renaissance-dune-ville-oubliee\\\/105275\\\/\"]}]},{\"@type\":\"ImageObject\",\"inLanguage\":\"fr-FR\",\"@id\":\"https:\\\/\\\/batijournal.com\\\/index.php\\\/briga-renaissance-dune-ville-oubliee\\\/105275\\\/#primaryimage\",\"url\":\"https:\\\/\\\/batijournal.com\\\/wp-content\\\/uploads\\\/2020\\\/12\\\/ruines-briga.jpg\",\"contentUrl\":\"https:\\\/\\\/batijournal.com\\\/wp-content\\\/uploads\\\/2020\\\/12\\\/ruines-briga.jpg\",\"width\":824,\"height\":463},{\"@type\":\"BreadcrumbList\",\"@id\":\"https:\\\/\\\/batijournal.com\\\/index.php\\\/briga-renaissance-dune-ville-oubliee\\\/105275\\\/#breadcrumb\",\"itemListElement\":[{\"@type\":\"ListItem\",\"position\":1,\"name\":\"Accueil\",\"item\":\"https:\\\/\\\/batijournal.com\\\/\"},{\"@type\":\"ListItem\",\"position\":2,\"name\":\"Actualit\u00e9s\",\"item\":\"https:\\\/\\\/batijournal.com\\\/index.php\\\/category\\\/actualites\\\/\"},{\"@type\":\"ListItem\",\"position\":3,\"name\":\"Architecture &amp; Conception\",\"item\":\"https:\\\/\\\/batijournal.com\\\/index.php\\\/category\\\/actualites\\\/architecture-conception\\\/\"},{\"@type\":\"ListItem\",\"position\":4,\"name\":\"BRIGA, renaissance d&rsquo;une ville oubli\u00e9e\"}]},{\"@type\":\"WebSite\",\"@id\":\"https:\\\/\\\/batijournal.com\\\/#website\",\"url\":\"https:\\\/\\\/batijournal.com\\\/\",\"name\":\"Batijournal\",\"description\":\"L&#039;actualit\u00e9 du b\u00e2timent\",\"potentialAction\":[{\"@type\":\"SearchAction\",\"target\":{\"@type\":\"EntryPoint\",\"urlTemplate\":\"https:\\\/\\\/batijournal.com\\\/?s={search_term_string}\"},\"query-input\":{\"@type\":\"PropertyValueSpecification\",\"valueRequired\":true,\"valueName\":\"search_term_string\"}}],\"inLanguage\":\"fr-FR\"},{\"@type\":\"Person\",\"@id\":\"https:\\\/\\\/batijournal.com\\\/#\\\/schema\\\/person\\\/1dc96ec6957aa1ccb25ebe78bb19f100\",\"name\":\"St\u00e9phane Miget\",\"image\":{\"@type\":\"ImageObject\",\"inLanguage\":\"fr-FR\",\"@id\":\"https:\\\/\\\/secure.gravatar.com\\\/avatar\\\/89915563d925342126b8ef0281b93d9d7fc337043e8df017f780908eb9644451?s=96&d=mm&r=g\",\"url\":\"https:\\\/\\\/secure.gravatar.com\\\/avatar\\\/89915563d925342126b8ef0281b93d9d7fc337043e8df017f780908eb9644451?s=96&d=mm&r=g\",\"contentUrl\":\"https:\\\/\\\/secure.gravatar.com\\\/avatar\\\/89915563d925342126b8ef0281b93d9d7fc337043e8df017f780908eb9644451?s=96&d=mm&r=g\",\"caption\":\"St\u00e9phane Miget\"},\"url\":\"https:\\\/\\\/batijournal.com\\\/index.php\\\/author\\\/stephane\\\/\"}]}<\/script>\n<!-- \/ Yoast SEO plugin. -->","yoast_head_json":{"title":"BRIGA, renaissance d'une ville oubli\u00e9e","robots":{"index":"index","follow":"follow","max-snippet":"max-snippet:-1","max-image-preview":"max-image-preview:large","max-video-preview":"max-video-preview:-1"},"canonical":"https:\/\/batijournal.com\/index.php\/briga-renaissance-dune-ville-oubliee\/105275\/","og_locale":"fr_FR","og_type":"article","og_title":"BRIGA, renaissance d'une ville oubli\u00e9e","og_description":"Depuis sa red\u00e9couverte \u00e0 la fin du XVIIIe si\u00e8cle, le site antique du Bois-l\u2019abb\u00e9 (Eu, Seine-Maritime) n\u2019a cess\u00e9 de passionner la population locale, les \u00e9rudits et chercheurs, qui ont entrepris de nombreuses fouilles, principalement sur un grand sanctuaire. Depuis 2006, une fouille programm\u00e9e, men\u00e9e par \u00c9tienne Mantel (DRAC Normandie) et St\u00e9phane Dubois (INRAP), a port\u00e9 [&hellip;]","og_url":"https:\/\/batijournal.com\/index.php\/briga-renaissance-dune-ville-oubliee\/105275\/","og_site_name":"Batijournal","article_published_time":"2020-12-09T06:52:03+00:00","og_image":[{"width":824,"height":463,"url":"https:\/\/batijournal.com\/wp-content\/uploads\/2020\/12\/ruines-briga.jpg","type":"image\/jpeg"}],"author":"St\u00e9phane Miget","twitter_card":"summary_large_image","twitter_creator":"@bati_journal","twitter_site":"@bati_journal","twitter_misc":{"\u00c9crit par":"St\u00e9phane Miget","Dur\u00e9e de lecture estim\u00e9e":"1 minute"},"schema":{"@context":"https:\/\/schema.org","@graph":[{"@type":"Article","@id":"https:\/\/batijournal.com\/index.php\/briga-renaissance-dune-ville-oubliee\/105275\/#article","isPartOf":{"@id":"https:\/\/batijournal.com\/index.php\/briga-renaissance-dune-ville-oubliee\/105275\/"},"author":{"name":"St\u00e9phane Miget","@id":"https:\/\/batijournal.com\/#\/schema\/person\/1dc96ec6957aa1ccb25ebe78bb19f100"},"headline":"BRIGA, renaissance d&rsquo;une ville oubli\u00e9e","datePublished":"2020-12-09T06:52:03+00:00","mainEntityOfPage":{"@id":"https:\/\/batijournal.com\/index.php\/briga-renaissance-dune-ville-oubliee\/105275\/"},"wordCount":227,"image":{"@id":"https:\/\/batijournal.com\/index.php\/briga-renaissance-dune-ville-oubliee\/105275\/#primaryimage"},"thumbnailUrl":"https:\/\/batijournal.com\/wp-content\/uploads\/2020\/12\/ruines-briga.jpg","keywords":["arch\u00e9ologie"],"articleSection":["Actualit\u00e9s","Architecture &amp; Conception","zz_Actualit\u00e9s - Atrium","zz_Atrium Patrimoine"],"inLanguage":"fr-FR"},{"@type":"WebPage","@id":"https:\/\/batijournal.com\/index.php\/briga-renaissance-dune-ville-oubliee\/105275\/","url":"https:\/\/batijournal.com\/index.php\/briga-renaissance-dune-ville-oubliee\/105275\/","name":"BRIGA, renaissance d'une ville oubli\u00e9e","isPartOf":{"@id":"https:\/\/batijournal.com\/#website"},"primaryImageOfPage":{"@id":"https:\/\/batijournal.com\/index.php\/briga-renaissance-dune-ville-oubliee\/105275\/#primaryimage"},"image":{"@id":"https:\/\/batijournal.com\/index.php\/briga-renaissance-dune-ville-oubliee\/105275\/#primaryimage"},"thumbnailUrl":"https:\/\/batijournal.com\/wp-content\/uploads\/2020\/12\/ruines-briga.jpg","datePublished":"2020-12-09T06:52:03+00:00","author":{"@id":"https:\/\/batijournal.com\/#\/schema\/person\/1dc96ec6957aa1ccb25ebe78bb19f100"},"breadcrumb":{"@id":"https:\/\/batijournal.com\/index.php\/briga-renaissance-dune-ville-oubliee\/105275\/#breadcrumb"},"inLanguage":"fr-FR","potentialAction":[{"@type":"ReadAction","target":["https:\/\/batijournal.com\/index.php\/briga-renaissance-dune-ville-oubliee\/105275\/"]}]},{"@type":"ImageObject","inLanguage":"fr-FR","@id":"https:\/\/batijournal.com\/index.php\/briga-renaissance-dune-ville-oubliee\/105275\/#primaryimage","url":"https:\/\/batijournal.com\/wp-content\/uploads\/2020\/12\/ruines-briga.jpg","contentUrl":"https:\/\/batijournal.com\/wp-content\/uploads\/2020\/12\/ruines-briga.jpg","width":824,"height":463},{"@type":"BreadcrumbList","@id":"https:\/\/batijournal.com\/index.php\/briga-renaissance-dune-ville-oubliee\/105275\/#breadcrumb","itemListElement":[{"@type":"ListItem","position":1,"name":"Accueil","item":"https:\/\/batijournal.com\/"},{"@type":"ListItem","position":2,"name":"Actualit\u00e9s","item":"https:\/\/batijournal.com\/index.php\/category\/actualites\/"},{"@type":"ListItem","position":3,"name":"Architecture &amp; Conception","item":"https:\/\/batijournal.com\/index.php\/category\/actualites\/architecture-conception\/"},{"@type":"ListItem","position":4,"name":"BRIGA, renaissance d&rsquo;une ville oubli\u00e9e"}]},{"@type":"WebSite","@id":"https:\/\/batijournal.com\/#website","url":"https:\/\/batijournal.com\/","name":"Batijournal","description":"L&#039;actualit\u00e9 du b\u00e2timent","potentialAction":[{"@type":"SearchAction","target":{"@type":"EntryPoint","urlTemplate":"https:\/\/batijournal.com\/?s={search_term_string}"},"query-input":{"@type":"PropertyValueSpecification","valueRequired":true,"valueName":"search_term_string"}}],"inLanguage":"fr-FR"},{"@type":"Person","@id":"https:\/\/batijournal.com\/#\/schema\/person\/1dc96ec6957aa1ccb25ebe78bb19f100","name":"St\u00e9phane Miget","image":{"@type":"ImageObject","inLanguage":"fr-FR","@id":"https:\/\/secure.gravatar.com\/avatar\/89915563d925342126b8ef0281b93d9d7fc337043e8df017f780908eb9644451?s=96&d=mm&r=g","url":"https:\/\/secure.gravatar.com\/avatar\/89915563d925342126b8ef0281b93d9d7fc337043e8df017f780908eb9644451?s=96&d=mm&r=g","contentUrl":"https:\/\/secure.gravatar.com\/avatar\/89915563d925342126b8ef0281b93d9d7fc337043e8df017f780908eb9644451?s=96&d=mm&r=g","caption":"St\u00e9phane Miget"},"url":"https:\/\/batijournal.com\/index.php\/author\/stephane\/"}]}},"_links":{"self":[{"href":"https:\/\/batijournal.com\/index.php\/wp-json\/wp\/v2\/posts\/105275","targetHints":{"allow":["GET"]}}],"collection":[{"href":"https:\/\/batijournal.com\/index.php\/wp-json\/wp\/v2\/posts"}],"about":[{"href":"https:\/\/batijournal.com\/index.php\/wp-json\/wp\/v2\/types\/post"}],"author":[{"embeddable":true,"href":"https:\/\/batijournal.com\/index.php\/wp-json\/wp\/v2\/users\/17"}],"replies":[{"embeddable":true,"href":"https:\/\/batijournal.com\/index.php\/wp-json\/wp\/v2\/comments?post=105275"}],"version-history":[{"count":0,"href":"https:\/\/batijournal.com\/index.php\/wp-json\/wp\/v2\/posts\/105275\/revisions"}],"wp:featuredmedia":[{"embeddable":true,"href":"https:\/\/batijournal.com\/index.php\/wp-json\/wp\/v2\/media\/105276"}],"wp:attachment":[{"href":"https:\/\/batijournal.com\/index.php\/wp-json\/wp\/v2\/media?parent=105275"}],"wp:term":[{"taxonomy":"category","embeddable":true,"href":"https:\/\/batijournal.com\/index.php\/wp-json\/wp\/v2\/categories?post=105275"},{"taxonomy":"post_tag","embeddable":true,"href":"https:\/\/batijournal.com\/index.php\/wp-json\/wp\/v2\/tags?post=105275"}],"curies":[{"name":"wp","href":"https:\/\/api.w.org\/{rel}","templated":true}]}}