{"id":105300,"date":"2020-12-15T21:08:43","date_gmt":"2020-12-15T20:08:43","guid":{"rendered":"https:\/\/batijournal.com\/?p=105300"},"modified":"2020-12-15T21:08:43","modified_gmt":"2020-12-15T20:08:43","slug":"lassemblee-nationale-preserve-la-tva-a-taux-reduit","status":"publish","type":"post","link":"https:\/\/batijournal.com\/index.php\/lassemblee-nationale-preserve-la-tva-a-taux-reduit\/105300\/","title":{"rendered":"L&rsquo;Assembl\u00e9e nationale pr\u00e9serve la TVA \u00e0 taux r\u00e9duit"},"content":{"rendered":"<p>L\u2019Assembl\u00e9e nationale a adopt\u00e9 d\u00e9finitivement un amendement supprimant la disposition red\u00e9finissant le p\u00e9rim\u00e8tre de la TVA \u00e0 taux r\u00e9duit dans le cadre du Projet de loi de Finances pour 2021. Les S\u00e9nateurs avaient adopt\u00e9 un amendement red\u00e9finissant le p\u00e9rim\u00e8tre de la TVA \u00e0 taux r\u00e9duit (celui de l\u2019ECO-PTZ) du fait de la suppression du CITE au 1er janvier 2021. L\u2019amendement inspir\u00e9 par le gouvernement a \u00e9t\u00e9 pr\u00e9sent\u00e9 sans aucune concertation avec les organisations professionnelles. La CAPEB avait r\u00e9agi et propos\u00e9 aux d\u00e9put\u00e9s, un amendement supprimant la disposition adopt\u00e9e au S\u00e9nat, car non seulement il restreignait le champ du taux r\u00e9duit mais, en plus, il rendait incertain une \u00e9ventuelle mise en \u00e9co-conditionnabilit\u00e9 de cette TVA \u00e0 5,5 %, ce qui aurait \u00e9t\u00e9 \u00e9videmment inacceptable pour la CAPEB. Plus de 130 d\u00e9put\u00e9s ont co-sign\u00e9 l\u2019amendement propos\u00e9 par la CAPEB rappelant la n\u00e9cessit\u00e9 de supprimer cette disposition critique pour la fili\u00e8re. \u00c0 l\u2019Assembl\u00e9e nationale, en s\u00e9ance publique, ce 15 d\u00e9cembre, le Rapporteur G\u00e9n\u00e9ral, conform\u00e9ment au vote de la Commission des Finances a donc fait adopter un amendement supprimant d\u00e9finitivement l\u2019article contest\u00e9 par la CAPEB.<\/p>\n<p>Jean-Christophe Repon, Pr\u00e9sident de la CAPEB d\u00e9clare : <em>\u201cC\u2019est une victoire pour notre r\u00e9seau territorial qui s\u2019est particuli\u00e8rement mobilis\u00e9 aupr\u00e8s des parlementaires pour faire entendre la voix des artisans du b\u00e2timent. Je m\u2019en f\u00e9licite et je salue aussi la sagesse de la repr\u00e9sentation nationale et du gouvernement, qui ont compris toute l\u2019importance de ne pas toucher au p\u00e9rim\u00e8tre de cette mesure. En cette p\u00e9riode \u00e9conomique difficile o\u00f9 le maintien de l\u2019activit\u00e9 est une pr\u00e9occupation majeure des chefs d\u2019entreprise, le r\u00e9tablissement de la TVA r\u00e9duite pour les travaux de r\u00e9novation \u00e9nerg\u00e9tique est un signal encourageant adress\u00e9 au secteur artisanal. Autre signal concluant le \u00ab feuilleton l\u00e9gislatif \u00bb : on ne remet pas en cause la TVA sans concertation pr\u00e9alable avec les acteurs de la fili\u00e8re.\u201d<\/em><\/p>\n","protected":false},"excerpt":{"rendered":"<p>L\u2019Assembl\u00e9e nationale a adopt\u00e9 d\u00e9finitivement un amendement supprimant la disposition red\u00e9finissant le p\u00e9rim\u00e8tre de la TVA \u00e0 taux r\u00e9duit dans le cadre du Projet de loi de Finances pour 2021. Les S\u00e9nateurs avaient adopt\u00e9 un amendement red\u00e9finissant le p\u00e9rim\u00e8tre de la TVA \u00e0 taux r\u00e9duit (celui de l\u2019ECO-PTZ) du fait de la suppression du CITE [&hellip;]<\/p>\n","protected":false},"author":17,"featured_media":90824,"comment_status":"closed","ping_status":"closed","sticky":false,"template":"","format":"standard","meta":{"_et_pb_use_builder":"","_et_pb_old_content":"","_et_gb_content_width":"","footnotes":""},"categories":[10530,6345,10781,10778],"tags":[647,1693],"class_list":["post-105300","post","type-post","status-publish","format-standard","has-post-thumbnail","hentry","category-actualites","category-economie-marches","category-publications-planete","category-planete","tag-capeb","tag-tva"],"yoast_head":"<!-- This site is optimized with the Yoast SEO plugin v27.4 - https:\/\/yoast.com\/product\/yoast-seo-wordpress\/ -->\n<title>L&#039;Assembl\u00e9e nationale pr\u00e9serve la TVA \u00e0 taux r\u00e9duit<\/title>\n<meta name=\"robots\" content=\"index, follow, max-snippet:-1, max-image-preview:large, max-video-preview:-1\" \/>\n<link rel=\"canonical\" href=\"https:\/\/batijournal.com\/index.php\/lassemblee-nationale-preserve-la-tva-a-taux-reduit\/105300\/\" \/>\n<meta property=\"og:locale\" content=\"fr_FR\" \/>\n<meta property=\"og:type\" content=\"article\" \/>\n<meta property=\"og:title\" content=\"L&#039;Assembl\u00e9e nationale pr\u00e9serve la TVA \u00e0 taux r\u00e9duit\" \/>\n<meta property=\"og:description\" content=\"L\u2019Assembl\u00e9e nationale a adopt\u00e9 d\u00e9finitivement un amendement supprimant la disposition red\u00e9finissant le p\u00e9rim\u00e8tre de la TVA \u00e0 taux r\u00e9duit dans le cadre du Projet de loi de Finances pour 2021. Les S\u00e9nateurs avaient adopt\u00e9 un amendement red\u00e9finissant le p\u00e9rim\u00e8tre de la TVA \u00e0 taux r\u00e9duit (celui de l\u2019ECO-PTZ) du fait de la suppression du CITE [&hellip;]\" \/>\n<meta property=\"og:url\" content=\"https:\/\/batijournal.com\/index.php\/lassemblee-nationale-preserve-la-tva-a-taux-reduit\/105300\/\" \/>\n<meta property=\"og:site_name\" content=\"Batijournal\" \/>\n<meta property=\"article:published_time\" content=\"2020-12-15T20:08:43+00:00\" \/>\n<meta property=\"og:image\" content=\"https:\/\/batijournal.com\/wp-content\/uploads\/2015\/12\/tva-2.jpg\" \/>\n\t<meta property=\"og:image:width\" content=\"1100\" \/>\n\t<meta property=\"og:image:height\" content=\"660\" \/>\n\t<meta property=\"og:image:type\" content=\"image\/jpeg\" \/>\n<meta name=\"author\" content=\"St\u00e9phane Miget\" \/>\n<meta name=\"twitter:card\" content=\"summary_large_image\" \/>\n<meta name=\"twitter:creator\" content=\"@bati_journal\" \/>\n<meta name=\"twitter:site\" content=\"@bati_journal\" \/>\n<meta name=\"twitter:label1\" content=\"\u00c9crit par\" \/>\n\t<meta name=\"twitter:data1\" content=\"St\u00e9phane Miget\" \/>\n\t<meta name=\"twitter:label2\" content=\"Dur\u00e9e de lecture estim\u00e9e\" \/>\n\t<meta name=\"twitter:data2\" content=\"2 minutes\" \/>\n<script type=\"application\/ld+json\" class=\"yoast-schema-graph\">{\"@context\":\"https:\\\/\\\/schema.org\",\"@graph\":[{\"@type\":\"Article\",\"@id\":\"https:\\\/\\\/batijournal.com\\\/index.php\\\/lassemblee-nationale-preserve-la-tva-a-taux-reduit\\\/105300\\\/#article\",\"isPartOf\":{\"@id\":\"https:\\\/\\\/batijournal.com\\\/index.php\\\/lassemblee-nationale-preserve-la-tva-a-taux-reduit\\\/105300\\\/\"},\"author\":{\"name\":\"St\u00e9phane Miget\",\"@id\":\"https:\\\/\\\/batijournal.com\\\/#\\\/schema\\\/person\\\/1dc96ec6957aa1ccb25ebe78bb19f100\"},\"headline\":\"L&rsquo;Assembl\u00e9e nationale pr\u00e9serve la TVA \u00e0 taux r\u00e9duit\",\"datePublished\":\"2020-12-15T20:08:43+00:00\",\"mainEntityOfPage\":{\"@id\":\"https:\\\/\\\/batijournal.com\\\/index.php\\\/lassemblee-nationale-preserve-la-tva-a-taux-reduit\\\/105300\\\/\"},\"wordCount\":362,\"image\":{\"@id\":\"https:\\\/\\\/batijournal.com\\\/index.php\\\/lassemblee-nationale-preserve-la-tva-a-taux-reduit\\\/105300\\\/#primaryimage\"},\"thumbnailUrl\":\"https:\\\/\\\/batijournal.com\\\/wp-content\\\/uploads\\\/2015\\\/12\\\/tva-2.jpg\",\"keywords\":[\"CAPEB\",\"tva\"],\"articleSection\":[\"Actualit\u00e9s\",\"\u00c9conomie &amp; March\u00e9s\",\"zz_Actualit\u00e9s - Plan\u00e8te\",\"zz_Plan\u00e8te B\u00e2timent\"],\"inLanguage\":\"fr-FR\"},{\"@type\":\"WebPage\",\"@id\":\"https:\\\/\\\/batijournal.com\\\/index.php\\\/lassemblee-nationale-preserve-la-tva-a-taux-reduit\\\/105300\\\/\",\"url\":\"https:\\\/\\\/batijournal.com\\\/index.php\\\/lassemblee-nationale-preserve-la-tva-a-taux-reduit\\\/105300\\\/\",\"name\":\"L'Assembl\u00e9e nationale pr\u00e9serve la TVA \u00e0 taux r\u00e9duit\",\"isPartOf\":{\"@id\":\"https:\\\/\\\/batijournal.com\\\/#website\"},\"primaryImageOfPage\":{\"@id\":\"https:\\\/\\\/batijournal.com\\\/index.php\\\/lassemblee-nationale-preserve-la-tva-a-taux-reduit\\\/105300\\\/#primaryimage\"},\"image\":{\"@id\":\"https:\\\/\\\/batijournal.com\\\/index.php\\\/lassemblee-nationale-preserve-la-tva-a-taux-reduit\\\/105300\\\/#primaryimage\"},\"thumbnailUrl\":\"https:\\\/\\\/batijournal.com\\\/wp-content\\\/uploads\\\/2015\\\/12\\\/tva-2.jpg\",\"datePublished\":\"2020-12-15T20:08:43+00:00\",\"author\":{\"@id\":\"https:\\\/\\\/batijournal.com\\\/#\\\/schema\\\/person\\\/1dc96ec6957aa1ccb25ebe78bb19f100\"},\"breadcrumb\":{\"@id\":\"https:\\\/\\\/batijournal.com\\\/index.php\\\/lassemblee-nationale-preserve-la-tva-a-taux-reduit\\\/105300\\\/#breadcrumb\"},\"inLanguage\":\"fr-FR\",\"potentialAction\":[{\"@type\":\"ReadAction\",\"target\":[\"https:\\\/\\\/batijournal.com\\\/index.php\\\/lassemblee-nationale-preserve-la-tva-a-taux-reduit\\\/105300\\\/\"]}]},{\"@type\":\"ImageObject\",\"inLanguage\":\"fr-FR\",\"@id\":\"https:\\\/\\\/batijournal.com\\\/index.php\\\/lassemblee-nationale-preserve-la-tva-a-taux-reduit\\\/105300\\\/#primaryimage\",\"url\":\"https:\\\/\\\/batijournal.com\\\/wp-content\\\/uploads\\\/2015\\\/12\\\/tva-2.jpg\",\"contentUrl\":\"https:\\\/\\\/batijournal.com\\\/wp-content\\\/uploads\\\/2015\\\/12\\\/tva-2.jpg\",\"width\":1100,\"height\":660,\"caption\":\"taux reduits tva et capeb\"},{\"@type\":\"BreadcrumbList\",\"@id\":\"https:\\\/\\\/batijournal.com\\\/index.php\\\/lassemblee-nationale-preserve-la-tva-a-taux-reduit\\\/105300\\\/#breadcrumb\",\"itemListElement\":[{\"@type\":\"ListItem\",\"position\":1,\"name\":\"Accueil\",\"item\":\"https:\\\/\\\/batijournal.com\\\/\"},{\"@type\":\"ListItem\",\"position\":2,\"name\":\"Actualit\u00e9s\",\"item\":\"https:\\\/\\\/batijournal.com\\\/index.php\\\/category\\\/actualites\\\/\"},{\"@type\":\"ListItem\",\"position\":3,\"name\":\"\u00c9conomie &amp; March\u00e9s\",\"item\":\"https:\\\/\\\/batijournal.com\\\/index.php\\\/category\\\/actualites\\\/economie-marches\\\/\"},{\"@type\":\"ListItem\",\"position\":4,\"name\":\"L&rsquo;Assembl\u00e9e nationale pr\u00e9serve la TVA \u00e0 taux r\u00e9duit\"}]},{\"@type\":\"WebSite\",\"@id\":\"https:\\\/\\\/batijournal.com\\\/#website\",\"url\":\"https:\\\/\\\/batijournal.com\\\/\",\"name\":\"Batijournal\",\"description\":\"L&#039;actualit\u00e9 du b\u00e2timent\",\"potentialAction\":[{\"@type\":\"SearchAction\",\"target\":{\"@type\":\"EntryPoint\",\"urlTemplate\":\"https:\\\/\\\/batijournal.com\\\/?s={search_term_string}\"},\"query-input\":{\"@type\":\"PropertyValueSpecification\",\"valueRequired\":true,\"valueName\":\"search_term_string\"}}],\"inLanguage\":\"fr-FR\"},{\"@type\":\"Person\",\"@id\":\"https:\\\/\\\/batijournal.com\\\/#\\\/schema\\\/person\\\/1dc96ec6957aa1ccb25ebe78bb19f100\",\"name\":\"St\u00e9phane Miget\",\"image\":{\"@type\":\"ImageObject\",\"inLanguage\":\"fr-FR\",\"@id\":\"https:\\\/\\\/secure.gravatar.com\\\/avatar\\\/89915563d925342126b8ef0281b93d9d7fc337043e8df017f780908eb9644451?s=96&d=mm&r=g\",\"url\":\"https:\\\/\\\/secure.gravatar.com\\\/avatar\\\/89915563d925342126b8ef0281b93d9d7fc337043e8df017f780908eb9644451?s=96&d=mm&r=g\",\"contentUrl\":\"https:\\\/\\\/secure.gravatar.com\\\/avatar\\\/89915563d925342126b8ef0281b93d9d7fc337043e8df017f780908eb9644451?s=96&d=mm&r=g\",\"caption\":\"St\u00e9phane Miget\"},\"url\":\"https:\\\/\\\/batijournal.com\\\/index.php\\\/author\\\/stephane\\\/\"}]}<\/script>\n<!-- \/ Yoast SEO plugin. -->","yoast_head_json":{"title":"L'Assembl\u00e9e nationale pr\u00e9serve la TVA \u00e0 taux r\u00e9duit","robots":{"index":"index","follow":"follow","max-snippet":"max-snippet:-1","max-image-preview":"max-image-preview:large","max-video-preview":"max-video-preview:-1"},"canonical":"https:\/\/batijournal.com\/index.php\/lassemblee-nationale-preserve-la-tva-a-taux-reduit\/105300\/","og_locale":"fr_FR","og_type":"article","og_title":"L'Assembl\u00e9e nationale pr\u00e9serve la TVA \u00e0 taux r\u00e9duit","og_description":"L\u2019Assembl\u00e9e nationale a adopt\u00e9 d\u00e9finitivement un amendement supprimant la disposition red\u00e9finissant le p\u00e9rim\u00e8tre de la TVA \u00e0 taux r\u00e9duit dans le cadre du Projet de loi de Finances pour 2021. Les S\u00e9nateurs avaient adopt\u00e9 un amendement red\u00e9finissant le p\u00e9rim\u00e8tre de la TVA \u00e0 taux r\u00e9duit (celui de l\u2019ECO-PTZ) du fait de la suppression du CITE [&hellip;]","og_url":"https:\/\/batijournal.com\/index.php\/lassemblee-nationale-preserve-la-tva-a-taux-reduit\/105300\/","og_site_name":"Batijournal","article_published_time":"2020-12-15T20:08:43+00:00","og_image":[{"width":1100,"height":660,"url":"https:\/\/batijournal.com\/wp-content\/uploads\/2015\/12\/tva-2.jpg","type":"image\/jpeg"}],"author":"St\u00e9phane Miget","twitter_card":"summary_large_image","twitter_creator":"@bati_journal","twitter_site":"@bati_journal","twitter_misc":{"\u00c9crit par":"St\u00e9phane Miget","Dur\u00e9e de lecture estim\u00e9e":"2 minutes"},"schema":{"@context":"https:\/\/schema.org","@graph":[{"@type":"Article","@id":"https:\/\/batijournal.com\/index.php\/lassemblee-nationale-preserve-la-tva-a-taux-reduit\/105300\/#article","isPartOf":{"@id":"https:\/\/batijournal.com\/index.php\/lassemblee-nationale-preserve-la-tva-a-taux-reduit\/105300\/"},"author":{"name":"St\u00e9phane Miget","@id":"https:\/\/batijournal.com\/#\/schema\/person\/1dc96ec6957aa1ccb25ebe78bb19f100"},"headline":"L&rsquo;Assembl\u00e9e nationale pr\u00e9serve la TVA \u00e0 taux r\u00e9duit","datePublished":"2020-12-15T20:08:43+00:00","mainEntityOfPage":{"@id":"https:\/\/batijournal.com\/index.php\/lassemblee-nationale-preserve-la-tva-a-taux-reduit\/105300\/"},"wordCount":362,"image":{"@id":"https:\/\/batijournal.com\/index.php\/lassemblee-nationale-preserve-la-tva-a-taux-reduit\/105300\/#primaryimage"},"thumbnailUrl":"https:\/\/batijournal.com\/wp-content\/uploads\/2015\/12\/tva-2.jpg","keywords":["CAPEB","tva"],"articleSection":["Actualit\u00e9s","\u00c9conomie &amp; March\u00e9s","zz_Actualit\u00e9s - Plan\u00e8te","zz_Plan\u00e8te B\u00e2timent"],"inLanguage":"fr-FR"},{"@type":"WebPage","@id":"https:\/\/batijournal.com\/index.php\/lassemblee-nationale-preserve-la-tva-a-taux-reduit\/105300\/","url":"https:\/\/batijournal.com\/index.php\/lassemblee-nationale-preserve-la-tva-a-taux-reduit\/105300\/","name":"L'Assembl\u00e9e nationale pr\u00e9serve la TVA \u00e0 taux r\u00e9duit","isPartOf":{"@id":"https:\/\/batijournal.com\/#website"},"primaryImageOfPage":{"@id":"https:\/\/batijournal.com\/index.php\/lassemblee-nationale-preserve-la-tva-a-taux-reduit\/105300\/#primaryimage"},"image":{"@id":"https:\/\/batijournal.com\/index.php\/lassemblee-nationale-preserve-la-tva-a-taux-reduit\/105300\/#primaryimage"},"thumbnailUrl":"https:\/\/batijournal.com\/wp-content\/uploads\/2015\/12\/tva-2.jpg","datePublished":"2020-12-15T20:08:43+00:00","author":{"@id":"https:\/\/batijournal.com\/#\/schema\/person\/1dc96ec6957aa1ccb25ebe78bb19f100"},"breadcrumb":{"@id":"https:\/\/batijournal.com\/index.php\/lassemblee-nationale-preserve-la-tva-a-taux-reduit\/105300\/#breadcrumb"},"inLanguage":"fr-FR","potentialAction":[{"@type":"ReadAction","target":["https:\/\/batijournal.com\/index.php\/lassemblee-nationale-preserve-la-tva-a-taux-reduit\/105300\/"]}]},{"@type":"ImageObject","inLanguage":"fr-FR","@id":"https:\/\/batijournal.com\/index.php\/lassemblee-nationale-preserve-la-tva-a-taux-reduit\/105300\/#primaryimage","url":"https:\/\/batijournal.com\/wp-content\/uploads\/2015\/12\/tva-2.jpg","contentUrl":"https:\/\/batijournal.com\/wp-content\/uploads\/2015\/12\/tva-2.jpg","width":1100,"height":660,"caption":"taux reduits tva et capeb"},{"@type":"BreadcrumbList","@id":"https:\/\/batijournal.com\/index.php\/lassemblee-nationale-preserve-la-tva-a-taux-reduit\/105300\/#breadcrumb","itemListElement":[{"@type":"ListItem","position":1,"name":"Accueil","item":"https:\/\/batijournal.com\/"},{"@type":"ListItem","position":2,"name":"Actualit\u00e9s","item":"https:\/\/batijournal.com\/index.php\/category\/actualites\/"},{"@type":"ListItem","position":3,"name":"\u00c9conomie &amp; March\u00e9s","item":"https:\/\/batijournal.com\/index.php\/category\/actualites\/economie-marches\/"},{"@type":"ListItem","position":4,"name":"L&rsquo;Assembl\u00e9e nationale pr\u00e9serve la TVA \u00e0 taux r\u00e9duit"}]},{"@type":"WebSite","@id":"https:\/\/batijournal.com\/#website","url":"https:\/\/batijournal.com\/","name":"Batijournal","description":"L&#039;actualit\u00e9 du b\u00e2timent","potentialAction":[{"@type":"SearchAction","target":{"@type":"EntryPoint","urlTemplate":"https:\/\/batijournal.com\/?s={search_term_string}"},"query-input":{"@type":"PropertyValueSpecification","valueRequired":true,"valueName":"search_term_string"}}],"inLanguage":"fr-FR"},{"@type":"Person","@id":"https:\/\/batijournal.com\/#\/schema\/person\/1dc96ec6957aa1ccb25ebe78bb19f100","name":"St\u00e9phane Miget","image":{"@type":"ImageObject","inLanguage":"fr-FR","@id":"https:\/\/secure.gravatar.com\/avatar\/89915563d925342126b8ef0281b93d9d7fc337043e8df017f780908eb9644451?s=96&d=mm&r=g","url":"https:\/\/secure.gravatar.com\/avatar\/89915563d925342126b8ef0281b93d9d7fc337043e8df017f780908eb9644451?s=96&d=mm&r=g","contentUrl":"https:\/\/secure.gravatar.com\/avatar\/89915563d925342126b8ef0281b93d9d7fc337043e8df017f780908eb9644451?s=96&d=mm&r=g","caption":"St\u00e9phane Miget"},"url":"https:\/\/batijournal.com\/index.php\/author\/stephane\/"}]}},"_links":{"self":[{"href":"https:\/\/batijournal.com\/index.php\/wp-json\/wp\/v2\/posts\/105300","targetHints":{"allow":["GET"]}}],"collection":[{"href":"https:\/\/batijournal.com\/index.php\/wp-json\/wp\/v2\/posts"}],"about":[{"href":"https:\/\/batijournal.com\/index.php\/wp-json\/wp\/v2\/types\/post"}],"author":[{"embeddable":true,"href":"https:\/\/batijournal.com\/index.php\/wp-json\/wp\/v2\/users\/17"}],"replies":[{"embeddable":true,"href":"https:\/\/batijournal.com\/index.php\/wp-json\/wp\/v2\/comments?post=105300"}],"version-history":[{"count":0,"href":"https:\/\/batijournal.com\/index.php\/wp-json\/wp\/v2\/posts\/105300\/revisions"}],"wp:featuredmedia":[{"embeddable":true,"href":"https:\/\/batijournal.com\/index.php\/wp-json\/wp\/v2\/media\/90824"}],"wp:attachment":[{"href":"https:\/\/batijournal.com\/index.php\/wp-json\/wp\/v2\/media?parent=105300"}],"wp:term":[{"taxonomy":"category","embeddable":true,"href":"https:\/\/batijournal.com\/index.php\/wp-json\/wp\/v2\/categories?post=105300"},{"taxonomy":"post_tag","embeddable":true,"href":"https:\/\/batijournal.com\/index.php\/wp-json\/wp\/v2\/tags?post=105300"}],"curies":[{"name":"wp","href":"https:\/\/api.w.org\/{rel}","templated":true}]}}