{"id":105311,"date":"2020-12-16T07:52:04","date_gmt":"2020-12-16T06:52:04","guid":{"rendered":"https:\/\/batijournal.com\/?p=105311"},"modified":"2020-12-16T07:52:04","modified_gmt":"2020-12-16T06:52:04","slug":"le-tresor-de-la-cathedrale-dorleans-est-visible-dans-un-nouvel-ecrin","status":"publish","type":"post","link":"https:\/\/batijournal.com\/index.php\/le-tresor-de-la-cathedrale-dorleans-est-visible-dans-un-nouvel-ecrin\/105311\/","title":{"rendered":"Le tr\u00e9sor de la cath\u00e9drale d\u2019Orl\u00e9ans est visible dans un nouvel \u00e9crin"},"content":{"rendered":"<p>Expos\u00e9 dans deux vitrines mises en place dans la sacristie en 1939, le tr\u00e9sor de la cath\u00e9drale d\u2019Orl\u00e9ans n\u2019\u00e9tait plus visible du public depuis plusieurs d\u00e9cennies. Il b\u00e9n\u00e9ficie depuis 2020 d\u2019un nouvel am\u00e9nagement dans l\u2019une des chapelles du d\u00e9ambulatoire, d\u00e9di\u00e9e \u00e0 saint Michel, qui est d\u00e9sormais vou\u00e9e \u00e0 sa pr\u00e9sentation permanente. Une grande vitrine habill\u00e9e de bois de ch\u00eane a \u00e9t\u00e9 cr\u00e9\u00e9e, offrant une bonne vue d\u2019ensemble des objets et reprenant le volume du confessionnal n\u00e9o-gothique en vis-\u00e0-vis duquel elle est implant\u00e9e. Con\u00e7ue dans le strict respect des normes de s\u00e9curit\u00e9 et de conservation pr\u00e9ventive avec contr\u00f4le et r\u00e9gulation de l\u2019hygrom\u00e9trie int\u00e9rieure, la vitrine b\u00e9n\u00e9ficie d\u2019un \u00e9clairage soign\u00e9, mettant en valeur les pi\u00e8ces d\u2019orf\u00e8vrerie expos\u00e9es. La s\u00e9curit\u00e9 de la chapelle, plac\u00e9e, comme la vitrine, sous alarme \u00e9lectronique, a \u00e9t\u00e9 renforc\u00e9e par la pose, \u00e0 l\u2019ext\u00e9rieur, d\u2019une grille de d\u00e9fense sur chacune des baies et, \u00e0 l\u2019entr\u00e9e, d\u2019une grille haute monumentale ; celle-ci int\u00e8gre, en la renfor\u00e7ant, la cl\u00f4ture du XIXe si\u00e8cle, ce qui a pour effet de maintenir, en partie basse, la continuit\u00e9 de niveau et de d\u00e9cor avec les cl\u00f4tures des autres chapelles.<\/p>\n<p>Ma\u00eetrise d\u2019ouvrage : Drac Centre-Val de Loire<br \/>\nMa\u00eetrise d\u2019\u0153uvre : R\u00e9gis Martin (ACMH)<br \/>\nR\u00e9alisation de la vitrine : Ateliers de la Chapelle<\/p>\n<p>&nbsp;<\/p>\n","protected":false},"excerpt":{"rendered":"<p>Expos\u00e9 dans deux vitrines mises en place dans la sacristie en 1939, le tr\u00e9sor de la cath\u00e9drale d\u2019Orl\u00e9ans n\u2019\u00e9tait plus visible du public depuis plusieurs d\u00e9cennies. Il b\u00e9n\u00e9ficie depuis 2020 d\u2019un nouvel am\u00e9nagement dans l\u2019une des chapelles du d\u00e9ambulatoire, d\u00e9di\u00e9e \u00e0 saint Michel, qui est d\u00e9sormais vou\u00e9e \u00e0 sa pr\u00e9sentation permanente. Une grande vitrine habill\u00e9e [&hellip;]<\/p>\n","protected":false},"author":17,"featured_media":105312,"comment_status":"closed","ping_status":"closed","sticky":false,"template":"","format":"standard","meta":{"_et_pb_use_builder":"","_et_pb_old_content":"","_et_gb_content_width":"","footnotes":""},"categories":[10530,6362,10789,10785],"tags":[6758],"class_list":["post-105311","post","type-post","status-publish","format-standard","has-post-thumbnail","hentry","category-actualites","category-services-equipements","category-publications-atrium","category-atrium","tag-cathedrale"],"yoast_head":"<!-- This site is optimized with the Yoast SEO plugin v27.4 - https:\/\/yoast.com\/product\/yoast-seo-wordpress\/ -->\n<title>Le tr\u00e9sor de la cath\u00e9drale d\u2019Orl\u00e9ans est visible dans un nouvel \u00e9crin<\/title>\n<meta name=\"robots\" content=\"index, follow, max-snippet:-1, max-image-preview:large, max-video-preview:-1\" \/>\n<link rel=\"canonical\" href=\"https:\/\/batijournal.com\/index.php\/le-tresor-de-la-cathedrale-dorleans-est-visible-dans-un-nouvel-ecrin\/105311\/\" \/>\n<meta property=\"og:locale\" content=\"fr_FR\" \/>\n<meta property=\"og:type\" content=\"article\" \/>\n<meta property=\"og:title\" content=\"Le tr\u00e9sor de la cath\u00e9drale d\u2019Orl\u00e9ans est visible dans un nouvel \u00e9crin\" \/>\n<meta property=\"og:description\" content=\"Expos\u00e9 dans deux vitrines mises en place dans la sacristie en 1939, le tr\u00e9sor de la cath\u00e9drale d\u2019Orl\u00e9ans n\u2019\u00e9tait plus visible du public depuis plusieurs d\u00e9cennies. Il b\u00e9n\u00e9ficie depuis 2020 d\u2019un nouvel am\u00e9nagement dans l\u2019une des chapelles du d\u00e9ambulatoire, d\u00e9di\u00e9e \u00e0 saint Michel, qui est d\u00e9sormais vou\u00e9e \u00e0 sa pr\u00e9sentation permanente. Une grande vitrine habill\u00e9e [&hellip;]\" \/>\n<meta property=\"og:url\" content=\"https:\/\/batijournal.com\/index.php\/le-tresor-de-la-cathedrale-dorleans-est-visible-dans-un-nouvel-ecrin\/105311\/\" \/>\n<meta property=\"og:site_name\" content=\"Batijournal\" \/>\n<meta property=\"article:published_time\" content=\"2020-12-16T06:52:04+00:00\" \/>\n<meta property=\"og:image\" content=\"https:\/\/batijournal.com\/wp-content\/uploads\/2020\/12\/Tresor-cathedrale-Orleans.jpg\" \/>\n\t<meta property=\"og:image:width\" content=\"330\" \/>\n\t<meta property=\"og:image:height\" content=\"440\" \/>\n\t<meta property=\"og:image:type\" content=\"image\/jpeg\" \/>\n<meta name=\"author\" content=\"St\u00e9phane Miget\" \/>\n<meta name=\"twitter:card\" content=\"summary_large_image\" \/>\n<meta name=\"twitter:creator\" content=\"@bati_journal\" \/>\n<meta name=\"twitter:site\" content=\"@bati_journal\" \/>\n<meta name=\"twitter:label1\" content=\"\u00c9crit par\" \/>\n\t<meta name=\"twitter:data1\" content=\"St\u00e9phane Miget\" \/>\n\t<meta name=\"twitter:label2\" content=\"Dur\u00e9e de lecture estim\u00e9e\" \/>\n\t<meta name=\"twitter:data2\" content=\"1 minute\" \/>\n<script type=\"application\/ld+json\" class=\"yoast-schema-graph\">{\"@context\":\"https:\\\/\\\/schema.org\",\"@graph\":[{\"@type\":\"Article\",\"@id\":\"https:\\\/\\\/batijournal.com\\\/index.php\\\/le-tresor-de-la-cathedrale-dorleans-est-visible-dans-un-nouvel-ecrin\\\/105311\\\/#article\",\"isPartOf\":{\"@id\":\"https:\\\/\\\/batijournal.com\\\/index.php\\\/le-tresor-de-la-cathedrale-dorleans-est-visible-dans-un-nouvel-ecrin\\\/105311\\\/\"},\"author\":{\"name\":\"St\u00e9phane Miget\",\"@id\":\"https:\\\/\\\/batijournal.com\\\/#\\\/schema\\\/person\\\/1dc96ec6957aa1ccb25ebe78bb19f100\"},\"headline\":\"Le tr\u00e9sor de la cath\u00e9drale d\u2019Orl\u00e9ans est visible dans un nouvel \u00e9crin\",\"datePublished\":\"2020-12-16T06:52:04+00:00\",\"mainEntityOfPage\":{\"@id\":\"https:\\\/\\\/batijournal.com\\\/index.php\\\/le-tresor-de-la-cathedrale-dorleans-est-visible-dans-un-nouvel-ecrin\\\/105311\\\/\"},\"wordCount\":274,\"image\":{\"@id\":\"https:\\\/\\\/batijournal.com\\\/index.php\\\/le-tresor-de-la-cathedrale-dorleans-est-visible-dans-un-nouvel-ecrin\\\/105311\\\/#primaryimage\"},\"thumbnailUrl\":\"https:\\\/\\\/batijournal.com\\\/wp-content\\\/uploads\\\/2020\\\/12\\\/Tresor-cathedrale-Orleans.jpg\",\"keywords\":[\"cathedrale\"],\"articleSection\":[\"Actualit\u00e9s\",\"Divers\",\"zz_Actualit\u00e9s - Atrium\",\"zz_Atrium Patrimoine\"],\"inLanguage\":\"fr-FR\"},{\"@type\":\"WebPage\",\"@id\":\"https:\\\/\\\/batijournal.com\\\/index.php\\\/le-tresor-de-la-cathedrale-dorleans-est-visible-dans-un-nouvel-ecrin\\\/105311\\\/\",\"url\":\"https:\\\/\\\/batijournal.com\\\/index.php\\\/le-tresor-de-la-cathedrale-dorleans-est-visible-dans-un-nouvel-ecrin\\\/105311\\\/\",\"name\":\"Le tr\u00e9sor de la cath\u00e9drale d\u2019Orl\u00e9ans est visible dans un nouvel \u00e9crin\",\"isPartOf\":{\"@id\":\"https:\\\/\\\/batijournal.com\\\/#website\"},\"primaryImageOfPage\":{\"@id\":\"https:\\\/\\\/batijournal.com\\\/index.php\\\/le-tresor-de-la-cathedrale-dorleans-est-visible-dans-un-nouvel-ecrin\\\/105311\\\/#primaryimage\"},\"image\":{\"@id\":\"https:\\\/\\\/batijournal.com\\\/index.php\\\/le-tresor-de-la-cathedrale-dorleans-est-visible-dans-un-nouvel-ecrin\\\/105311\\\/#primaryimage\"},\"thumbnailUrl\":\"https:\\\/\\\/batijournal.com\\\/wp-content\\\/uploads\\\/2020\\\/12\\\/Tresor-cathedrale-Orleans.jpg\",\"datePublished\":\"2020-12-16T06:52:04+00:00\",\"author\":{\"@id\":\"https:\\\/\\\/batijournal.com\\\/#\\\/schema\\\/person\\\/1dc96ec6957aa1ccb25ebe78bb19f100\"},\"breadcrumb\":{\"@id\":\"https:\\\/\\\/batijournal.com\\\/index.php\\\/le-tresor-de-la-cathedrale-dorleans-est-visible-dans-un-nouvel-ecrin\\\/105311\\\/#breadcrumb\"},\"inLanguage\":\"fr-FR\",\"potentialAction\":[{\"@type\":\"ReadAction\",\"target\":[\"https:\\\/\\\/batijournal.com\\\/index.php\\\/le-tresor-de-la-cathedrale-dorleans-est-visible-dans-un-nouvel-ecrin\\\/105311\\\/\"]}]},{\"@type\":\"ImageObject\",\"inLanguage\":\"fr-FR\",\"@id\":\"https:\\\/\\\/batijournal.com\\\/index.php\\\/le-tresor-de-la-cathedrale-dorleans-est-visible-dans-un-nouvel-ecrin\\\/105311\\\/#primaryimage\",\"url\":\"https:\\\/\\\/batijournal.com\\\/wp-content\\\/uploads\\\/2020\\\/12\\\/Tresor-cathedrale-Orleans.jpg\",\"contentUrl\":\"https:\\\/\\\/batijournal.com\\\/wp-content\\\/uploads\\\/2020\\\/12\\\/Tresor-cathedrale-Orleans.jpg\",\"width\":330,\"height\":440},{\"@type\":\"BreadcrumbList\",\"@id\":\"https:\\\/\\\/batijournal.com\\\/index.php\\\/le-tresor-de-la-cathedrale-dorleans-est-visible-dans-un-nouvel-ecrin\\\/105311\\\/#breadcrumb\",\"itemListElement\":[{\"@type\":\"ListItem\",\"position\":1,\"name\":\"Accueil\",\"item\":\"https:\\\/\\\/batijournal.com\\\/\"},{\"@type\":\"ListItem\",\"position\":2,\"name\":\"Actualit\u00e9s\",\"item\":\"https:\\\/\\\/batijournal.com\\\/index.php\\\/category\\\/actualites\\\/\"},{\"@type\":\"ListItem\",\"position\":3,\"name\":\"Divers\",\"item\":\"https:\\\/\\\/batijournal.com\\\/index.php\\\/category\\\/actualites\\\/services-equipements\\\/\"},{\"@type\":\"ListItem\",\"position\":4,\"name\":\"Le tr\u00e9sor de la cath\u00e9drale d\u2019Orl\u00e9ans est visible dans un nouvel \u00e9crin\"}]},{\"@type\":\"WebSite\",\"@id\":\"https:\\\/\\\/batijournal.com\\\/#website\",\"url\":\"https:\\\/\\\/batijournal.com\\\/\",\"name\":\"Batijournal\",\"description\":\"L&#039;actualit\u00e9 du b\u00e2timent\",\"potentialAction\":[{\"@type\":\"SearchAction\",\"target\":{\"@type\":\"EntryPoint\",\"urlTemplate\":\"https:\\\/\\\/batijournal.com\\\/?s={search_term_string}\"},\"query-input\":{\"@type\":\"PropertyValueSpecification\",\"valueRequired\":true,\"valueName\":\"search_term_string\"}}],\"inLanguage\":\"fr-FR\"},{\"@type\":\"Person\",\"@id\":\"https:\\\/\\\/batijournal.com\\\/#\\\/schema\\\/person\\\/1dc96ec6957aa1ccb25ebe78bb19f100\",\"name\":\"St\u00e9phane Miget\",\"image\":{\"@type\":\"ImageObject\",\"inLanguage\":\"fr-FR\",\"@id\":\"https:\\\/\\\/secure.gravatar.com\\\/avatar\\\/89915563d925342126b8ef0281b93d9d7fc337043e8df017f780908eb9644451?s=96&d=mm&r=g\",\"url\":\"https:\\\/\\\/secure.gravatar.com\\\/avatar\\\/89915563d925342126b8ef0281b93d9d7fc337043e8df017f780908eb9644451?s=96&d=mm&r=g\",\"contentUrl\":\"https:\\\/\\\/secure.gravatar.com\\\/avatar\\\/89915563d925342126b8ef0281b93d9d7fc337043e8df017f780908eb9644451?s=96&d=mm&r=g\",\"caption\":\"St\u00e9phane Miget\"},\"url\":\"https:\\\/\\\/batijournal.com\\\/index.php\\\/author\\\/stephane\\\/\"}]}<\/script>\n<!-- \/ Yoast SEO plugin. -->","yoast_head_json":{"title":"Le tr\u00e9sor de la cath\u00e9drale d\u2019Orl\u00e9ans est visible dans un nouvel \u00e9crin","robots":{"index":"index","follow":"follow","max-snippet":"max-snippet:-1","max-image-preview":"max-image-preview:large","max-video-preview":"max-video-preview:-1"},"canonical":"https:\/\/batijournal.com\/index.php\/le-tresor-de-la-cathedrale-dorleans-est-visible-dans-un-nouvel-ecrin\/105311\/","og_locale":"fr_FR","og_type":"article","og_title":"Le tr\u00e9sor de la cath\u00e9drale d\u2019Orl\u00e9ans est visible dans un nouvel \u00e9crin","og_description":"Expos\u00e9 dans deux vitrines mises en place dans la sacristie en 1939, le tr\u00e9sor de la cath\u00e9drale d\u2019Orl\u00e9ans n\u2019\u00e9tait plus visible du public depuis plusieurs d\u00e9cennies. Il b\u00e9n\u00e9ficie depuis 2020 d\u2019un nouvel am\u00e9nagement dans l\u2019une des chapelles du d\u00e9ambulatoire, d\u00e9di\u00e9e \u00e0 saint Michel, qui est d\u00e9sormais vou\u00e9e \u00e0 sa pr\u00e9sentation permanente. Une grande vitrine habill\u00e9e [&hellip;]","og_url":"https:\/\/batijournal.com\/index.php\/le-tresor-de-la-cathedrale-dorleans-est-visible-dans-un-nouvel-ecrin\/105311\/","og_site_name":"Batijournal","article_published_time":"2020-12-16T06:52:04+00:00","og_image":[{"width":330,"height":440,"url":"https:\/\/batijournal.com\/wp-content\/uploads\/2020\/12\/Tresor-cathedrale-Orleans.jpg","type":"image\/jpeg"}],"author":"St\u00e9phane Miget","twitter_card":"summary_large_image","twitter_creator":"@bati_journal","twitter_site":"@bati_journal","twitter_misc":{"\u00c9crit par":"St\u00e9phane Miget","Dur\u00e9e de lecture estim\u00e9e":"1 minute"},"schema":{"@context":"https:\/\/schema.org","@graph":[{"@type":"Article","@id":"https:\/\/batijournal.com\/index.php\/le-tresor-de-la-cathedrale-dorleans-est-visible-dans-un-nouvel-ecrin\/105311\/#article","isPartOf":{"@id":"https:\/\/batijournal.com\/index.php\/le-tresor-de-la-cathedrale-dorleans-est-visible-dans-un-nouvel-ecrin\/105311\/"},"author":{"name":"St\u00e9phane Miget","@id":"https:\/\/batijournal.com\/#\/schema\/person\/1dc96ec6957aa1ccb25ebe78bb19f100"},"headline":"Le tr\u00e9sor de la cath\u00e9drale d\u2019Orl\u00e9ans est visible dans un nouvel \u00e9crin","datePublished":"2020-12-16T06:52:04+00:00","mainEntityOfPage":{"@id":"https:\/\/batijournal.com\/index.php\/le-tresor-de-la-cathedrale-dorleans-est-visible-dans-un-nouvel-ecrin\/105311\/"},"wordCount":274,"image":{"@id":"https:\/\/batijournal.com\/index.php\/le-tresor-de-la-cathedrale-dorleans-est-visible-dans-un-nouvel-ecrin\/105311\/#primaryimage"},"thumbnailUrl":"https:\/\/batijournal.com\/wp-content\/uploads\/2020\/12\/Tresor-cathedrale-Orleans.jpg","keywords":["cathedrale"],"articleSection":["Actualit\u00e9s","Divers","zz_Actualit\u00e9s - Atrium","zz_Atrium Patrimoine"],"inLanguage":"fr-FR"},{"@type":"WebPage","@id":"https:\/\/batijournal.com\/index.php\/le-tresor-de-la-cathedrale-dorleans-est-visible-dans-un-nouvel-ecrin\/105311\/","url":"https:\/\/batijournal.com\/index.php\/le-tresor-de-la-cathedrale-dorleans-est-visible-dans-un-nouvel-ecrin\/105311\/","name":"Le tr\u00e9sor de la cath\u00e9drale d\u2019Orl\u00e9ans est visible dans un nouvel \u00e9crin","isPartOf":{"@id":"https:\/\/batijournal.com\/#website"},"primaryImageOfPage":{"@id":"https:\/\/batijournal.com\/index.php\/le-tresor-de-la-cathedrale-dorleans-est-visible-dans-un-nouvel-ecrin\/105311\/#primaryimage"},"image":{"@id":"https:\/\/batijournal.com\/index.php\/le-tresor-de-la-cathedrale-dorleans-est-visible-dans-un-nouvel-ecrin\/105311\/#primaryimage"},"thumbnailUrl":"https:\/\/batijournal.com\/wp-content\/uploads\/2020\/12\/Tresor-cathedrale-Orleans.jpg","datePublished":"2020-12-16T06:52:04+00:00","author":{"@id":"https:\/\/batijournal.com\/#\/schema\/person\/1dc96ec6957aa1ccb25ebe78bb19f100"},"breadcrumb":{"@id":"https:\/\/batijournal.com\/index.php\/le-tresor-de-la-cathedrale-dorleans-est-visible-dans-un-nouvel-ecrin\/105311\/#breadcrumb"},"inLanguage":"fr-FR","potentialAction":[{"@type":"ReadAction","target":["https:\/\/batijournal.com\/index.php\/le-tresor-de-la-cathedrale-dorleans-est-visible-dans-un-nouvel-ecrin\/105311\/"]}]},{"@type":"ImageObject","inLanguage":"fr-FR","@id":"https:\/\/batijournal.com\/index.php\/le-tresor-de-la-cathedrale-dorleans-est-visible-dans-un-nouvel-ecrin\/105311\/#primaryimage","url":"https:\/\/batijournal.com\/wp-content\/uploads\/2020\/12\/Tresor-cathedrale-Orleans.jpg","contentUrl":"https:\/\/batijournal.com\/wp-content\/uploads\/2020\/12\/Tresor-cathedrale-Orleans.jpg","width":330,"height":440},{"@type":"BreadcrumbList","@id":"https:\/\/batijournal.com\/index.php\/le-tresor-de-la-cathedrale-dorleans-est-visible-dans-un-nouvel-ecrin\/105311\/#breadcrumb","itemListElement":[{"@type":"ListItem","position":1,"name":"Accueil","item":"https:\/\/batijournal.com\/"},{"@type":"ListItem","position":2,"name":"Actualit\u00e9s","item":"https:\/\/batijournal.com\/index.php\/category\/actualites\/"},{"@type":"ListItem","position":3,"name":"Divers","item":"https:\/\/batijournal.com\/index.php\/category\/actualites\/services-equipements\/"},{"@type":"ListItem","position":4,"name":"Le tr\u00e9sor de la cath\u00e9drale d\u2019Orl\u00e9ans est visible dans un nouvel \u00e9crin"}]},{"@type":"WebSite","@id":"https:\/\/batijournal.com\/#website","url":"https:\/\/batijournal.com\/","name":"Batijournal","description":"L&#039;actualit\u00e9 du b\u00e2timent","potentialAction":[{"@type":"SearchAction","target":{"@type":"EntryPoint","urlTemplate":"https:\/\/batijournal.com\/?s={search_term_string}"},"query-input":{"@type":"PropertyValueSpecification","valueRequired":true,"valueName":"search_term_string"}}],"inLanguage":"fr-FR"},{"@type":"Person","@id":"https:\/\/batijournal.com\/#\/schema\/person\/1dc96ec6957aa1ccb25ebe78bb19f100","name":"St\u00e9phane Miget","image":{"@type":"ImageObject","inLanguage":"fr-FR","@id":"https:\/\/secure.gravatar.com\/avatar\/89915563d925342126b8ef0281b93d9d7fc337043e8df017f780908eb9644451?s=96&d=mm&r=g","url":"https:\/\/secure.gravatar.com\/avatar\/89915563d925342126b8ef0281b93d9d7fc337043e8df017f780908eb9644451?s=96&d=mm&r=g","contentUrl":"https:\/\/secure.gravatar.com\/avatar\/89915563d925342126b8ef0281b93d9d7fc337043e8df017f780908eb9644451?s=96&d=mm&r=g","caption":"St\u00e9phane Miget"},"url":"https:\/\/batijournal.com\/index.php\/author\/stephane\/"}]}},"_links":{"self":[{"href":"https:\/\/batijournal.com\/index.php\/wp-json\/wp\/v2\/posts\/105311","targetHints":{"allow":["GET"]}}],"collection":[{"href":"https:\/\/batijournal.com\/index.php\/wp-json\/wp\/v2\/posts"}],"about":[{"href":"https:\/\/batijournal.com\/index.php\/wp-json\/wp\/v2\/types\/post"}],"author":[{"embeddable":true,"href":"https:\/\/batijournal.com\/index.php\/wp-json\/wp\/v2\/users\/17"}],"replies":[{"embeddable":true,"href":"https:\/\/batijournal.com\/index.php\/wp-json\/wp\/v2\/comments?post=105311"}],"version-history":[{"count":0,"href":"https:\/\/batijournal.com\/index.php\/wp-json\/wp\/v2\/posts\/105311\/revisions"}],"wp:featuredmedia":[{"embeddable":true,"href":"https:\/\/batijournal.com\/index.php\/wp-json\/wp\/v2\/media\/105312"}],"wp:attachment":[{"href":"https:\/\/batijournal.com\/index.php\/wp-json\/wp\/v2\/media?parent=105311"}],"wp:term":[{"taxonomy":"category","embeddable":true,"href":"https:\/\/batijournal.com\/index.php\/wp-json\/wp\/v2\/categories?post=105311"},{"taxonomy":"post_tag","embeddable":true,"href":"https:\/\/batijournal.com\/index.php\/wp-json\/wp\/v2\/tags?post=105311"}],"curies":[{"name":"wp","href":"https:\/\/api.w.org\/{rel}","templated":true}]}}