{"id":105325,"date":"2020-12-28T09:40:02","date_gmt":"2020-12-28T08:40:02","guid":{"rendered":"https:\/\/batijournal.com\/?p=105325"},"modified":"2020-12-28T09:40:02","modified_gmt":"2020-12-28T08:40:02","slug":"un-fonds-de-300m-deuros-pour-le-recyclage-des-friches","status":"publish","type":"post","link":"https:\/\/batijournal.com\/index.php\/un-fonds-de-300m-deuros-pour-le-recyclage-des-friches\/105325\/","title":{"rendered":"Un fonds de 300M d&rsquo;euros pour le recyclage des friches"},"content":{"rendered":"<p>La reconqu\u00eate des friches constitue un enjeu majeur d&rsquo;am\u00e9nagement durable des territoires pour r\u00e9pondre aux objectifs crois\u00e9s de ma\u00eetrise de l&rsquo;\u00e9talement urbain, de revitalisation urbaine et, par cons\u00e9quent, de limitation de la consommation des espaces naturels, agricoles et forestiers. Dans le cadre du plan de relance, le Gouvernement d\u00e9ploie un fonds de 300M d&rsquo;euros pour le financement des op\u00e9rations de recyclage des friches. 40M d&rsquo;euros seront consacr\u00e9s \u00e0 la reconversion des friches pollu\u00e9es issues d&rsquo;anciens sites industriels ICPE ou sites miniers dans le cadre d&rsquo;un appel \u00e0 projets national lanc\u00e9 par l&rsquo;ADEME le 6 novembre 2020. 1M d&rsquo;euros seront consacr\u00e9 au d\u00e9veloppement d&rsquo;outils de connaissance du foncier par le Cerema afin d&rsquo;appuyer les collectivit\u00e9s et op\u00e9rateurs dans l&rsquo;inventaire des friches, mais \u00e9galement dans la mise en oeuvre op\u00e9rationnelle des projets. 259M d&rsquo;euros, enti\u00e8rement territorialis\u00e9s, seront consacr\u00e9s au recyclage foncier pour des projets d&rsquo;am\u00e9nagement urbain, de revitalisation des coeurs de ville et de p\u00e9riph\u00e9rie urbaine, et pour des projets de requalification \u00e0 vocation productive.<\/p>\n","protected":false},"excerpt":{"rendered":"<p>La reconqu\u00eate des friches constitue un enjeu majeur d&rsquo;am\u00e9nagement durable des territoires pour r\u00e9pondre aux objectifs crois\u00e9s de ma\u00eetrise de l&rsquo;\u00e9talement urbain, de revitalisation urbaine et, par cons\u00e9quent, de limitation de la consommation des espaces naturels, agricoles et forestiers. Dans le cadre du plan de relance, le Gouvernement d\u00e9ploie un fonds de 300M d&rsquo;euros pour [&hellip;]<\/p>\n","protected":false},"author":17,"featured_media":92803,"comment_status":"closed","ping_status":"closed","sticky":false,"template":"","format":"standard","meta":{"_et_pb_use_builder":"","_et_pb_old_content":"","_et_gb_content_width":"","footnotes":""},"categories":[10530,6351,10781,10778],"tags":[12677],"class_list":["post-105325","post","type-post","status-publish","format-standard","has-post-thumbnail","hentry","category-actualites","category-energie-environnement","category-publications-planete","category-planete","tag-friche-industrielle"],"yoast_head":"<!-- This site is optimized with the Yoast SEO plugin v27.4 - https:\/\/yoast.com\/product\/yoast-seo-wordpress\/ -->\n<title>Un fonds de 300M d&#039;euros pour le recyclage des friches<\/title>\n<meta name=\"robots\" content=\"index, follow, max-snippet:-1, max-image-preview:large, max-video-preview:-1\" \/>\n<link rel=\"canonical\" href=\"https:\/\/batijournal.com\/index.php\/un-fonds-de-300m-deuros-pour-le-recyclage-des-friches\/105325\/\" \/>\n<meta property=\"og:locale\" content=\"fr_FR\" \/>\n<meta property=\"og:type\" content=\"article\" \/>\n<meta property=\"og:title\" content=\"Un fonds de 300M d&#039;euros pour le recyclage des friches\" \/>\n<meta property=\"og:description\" content=\"La reconqu\u00eate des friches constitue un enjeu majeur d&rsquo;am\u00e9nagement durable des territoires pour r\u00e9pondre aux objectifs crois\u00e9s de ma\u00eetrise de l&rsquo;\u00e9talement urbain, de revitalisation urbaine et, par cons\u00e9quent, de limitation de la consommation des espaces naturels, agricoles et forestiers. Dans le cadre du plan de relance, le Gouvernement d\u00e9ploie un fonds de 300M d&rsquo;euros pour [&hellip;]\" \/>\n<meta property=\"og:url\" content=\"https:\/\/batijournal.com\/index.php\/un-fonds-de-300m-deuros-pour-le-recyclage-des-friches\/105325\/\" \/>\n<meta property=\"og:site_name\" content=\"Batijournal\" \/>\n<meta property=\"article:published_time\" content=\"2020-12-28T08:40:02+00:00\" \/>\n<meta property=\"og:image\" content=\"https:\/\/batijournal.com\/wp-content\/uploads\/2016\/05\/dechets-inertes.jpg\" \/>\n\t<meta property=\"og:image:width\" content=\"1000\" \/>\n\t<meta property=\"og:image:height\" content=\"627\" \/>\n\t<meta property=\"og:image:type\" content=\"image\/jpeg\" \/>\n<meta name=\"author\" content=\"St\u00e9phane Miget\" \/>\n<meta name=\"twitter:card\" content=\"summary_large_image\" \/>\n<meta name=\"twitter:creator\" content=\"@bati_journal\" \/>\n<meta name=\"twitter:site\" content=\"@bati_journal\" \/>\n<meta name=\"twitter:label1\" content=\"\u00c9crit par\" \/>\n\t<meta name=\"twitter:data1\" content=\"St\u00e9phane Miget\" \/>\n\t<meta name=\"twitter:label2\" content=\"Dur\u00e9e de lecture estim\u00e9e\" \/>\n\t<meta name=\"twitter:data2\" content=\"1 minute\" \/>\n<script type=\"application\/ld+json\" class=\"yoast-schema-graph\">{\"@context\":\"https:\\\/\\\/schema.org\",\"@graph\":[{\"@type\":\"Article\",\"@id\":\"https:\\\/\\\/batijournal.com\\\/index.php\\\/un-fonds-de-300m-deuros-pour-le-recyclage-des-friches\\\/105325\\\/#article\",\"isPartOf\":{\"@id\":\"https:\\\/\\\/batijournal.com\\\/index.php\\\/un-fonds-de-300m-deuros-pour-le-recyclage-des-friches\\\/105325\\\/\"},\"author\":{\"name\":\"St\u00e9phane Miget\",\"@id\":\"https:\\\/\\\/batijournal.com\\\/#\\\/schema\\\/person\\\/1dc96ec6957aa1ccb25ebe78bb19f100\"},\"headline\":\"Un fonds de 300M d&rsquo;euros pour le recyclage des friches\",\"datePublished\":\"2020-12-28T08:40:02+00:00\",\"mainEntityOfPage\":{\"@id\":\"https:\\\/\\\/batijournal.com\\\/index.php\\\/un-fonds-de-300m-deuros-pour-le-recyclage-des-friches\\\/105325\\\/\"},\"wordCount\":202,\"image\":{\"@id\":\"https:\\\/\\\/batijournal.com\\\/index.php\\\/un-fonds-de-300m-deuros-pour-le-recyclage-des-friches\\\/105325\\\/#primaryimage\"},\"thumbnailUrl\":\"https:\\\/\\\/batijournal.com\\\/wp-content\\\/uploads\\\/2016\\\/05\\\/dechets-inertes.jpg\",\"keywords\":[\"friche industrielle\"],\"articleSection\":[\"Actualit\u00e9s\",\"\u00c9nergie &amp; Environnement\",\"zz_Actualit\u00e9s - Plan\u00e8te\",\"zz_Plan\u00e8te B\u00e2timent\"],\"inLanguage\":\"fr-FR\"},{\"@type\":\"WebPage\",\"@id\":\"https:\\\/\\\/batijournal.com\\\/index.php\\\/un-fonds-de-300m-deuros-pour-le-recyclage-des-friches\\\/105325\\\/\",\"url\":\"https:\\\/\\\/batijournal.com\\\/index.php\\\/un-fonds-de-300m-deuros-pour-le-recyclage-des-friches\\\/105325\\\/\",\"name\":\"Un fonds de 300M d'euros pour le recyclage des friches\",\"isPartOf\":{\"@id\":\"https:\\\/\\\/batijournal.com\\\/#website\"},\"primaryImageOfPage\":{\"@id\":\"https:\\\/\\\/batijournal.com\\\/index.php\\\/un-fonds-de-300m-deuros-pour-le-recyclage-des-friches\\\/105325\\\/#primaryimage\"},\"image\":{\"@id\":\"https:\\\/\\\/batijournal.com\\\/index.php\\\/un-fonds-de-300m-deuros-pour-le-recyclage-des-friches\\\/105325\\\/#primaryimage\"},\"thumbnailUrl\":\"https:\\\/\\\/batijournal.com\\\/wp-content\\\/uploads\\\/2016\\\/05\\\/dechets-inertes.jpg\",\"datePublished\":\"2020-12-28T08:40:02+00:00\",\"author\":{\"@id\":\"https:\\\/\\\/batijournal.com\\\/#\\\/schema\\\/person\\\/1dc96ec6957aa1ccb25ebe78bb19f100\"},\"breadcrumb\":{\"@id\":\"https:\\\/\\\/batijournal.com\\\/index.php\\\/un-fonds-de-300m-deuros-pour-le-recyclage-des-friches\\\/105325\\\/#breadcrumb\"},\"inLanguage\":\"fr-FR\",\"potentialAction\":[{\"@type\":\"ReadAction\",\"target\":[\"https:\\\/\\\/batijournal.com\\\/index.php\\\/un-fonds-de-300m-deuros-pour-le-recyclage-des-friches\\\/105325\\\/\"]}]},{\"@type\":\"ImageObject\",\"inLanguage\":\"fr-FR\",\"@id\":\"https:\\\/\\\/batijournal.com\\\/index.php\\\/un-fonds-de-300m-deuros-pour-le-recyclage-des-friches\\\/105325\\\/#primaryimage\",\"url\":\"https:\\\/\\\/batijournal.com\\\/wp-content\\\/uploads\\\/2016\\\/05\\\/dechets-inertes.jpg\",\"contentUrl\":\"https:\\\/\\\/batijournal.com\\\/wp-content\\\/uploads\\\/2016\\\/05\\\/dechets-inertes.jpg\",\"width\":1000,\"height\":627},{\"@type\":\"BreadcrumbList\",\"@id\":\"https:\\\/\\\/batijournal.com\\\/index.php\\\/un-fonds-de-300m-deuros-pour-le-recyclage-des-friches\\\/105325\\\/#breadcrumb\",\"itemListElement\":[{\"@type\":\"ListItem\",\"position\":1,\"name\":\"Accueil\",\"item\":\"https:\\\/\\\/batijournal.com\\\/\"},{\"@type\":\"ListItem\",\"position\":2,\"name\":\"Actualit\u00e9s\",\"item\":\"https:\\\/\\\/batijournal.com\\\/index.php\\\/category\\\/actualites\\\/\"},{\"@type\":\"ListItem\",\"position\":3,\"name\":\"\u00c9nergie &amp; Environnement\",\"item\":\"https:\\\/\\\/batijournal.com\\\/index.php\\\/category\\\/actualites\\\/energie-environnement\\\/\"},{\"@type\":\"ListItem\",\"position\":4,\"name\":\"Un fonds de 300M d&rsquo;euros pour le recyclage des friches\"}]},{\"@type\":\"WebSite\",\"@id\":\"https:\\\/\\\/batijournal.com\\\/#website\",\"url\":\"https:\\\/\\\/batijournal.com\\\/\",\"name\":\"Batijournal\",\"description\":\"L&#039;actualit\u00e9 du b\u00e2timent\",\"potentialAction\":[{\"@type\":\"SearchAction\",\"target\":{\"@type\":\"EntryPoint\",\"urlTemplate\":\"https:\\\/\\\/batijournal.com\\\/?s={search_term_string}\"},\"query-input\":{\"@type\":\"PropertyValueSpecification\",\"valueRequired\":true,\"valueName\":\"search_term_string\"}}],\"inLanguage\":\"fr-FR\"},{\"@type\":\"Person\",\"@id\":\"https:\\\/\\\/batijournal.com\\\/#\\\/schema\\\/person\\\/1dc96ec6957aa1ccb25ebe78bb19f100\",\"name\":\"St\u00e9phane Miget\",\"image\":{\"@type\":\"ImageObject\",\"inLanguage\":\"fr-FR\",\"@id\":\"https:\\\/\\\/secure.gravatar.com\\\/avatar\\\/89915563d925342126b8ef0281b93d9d7fc337043e8df017f780908eb9644451?s=96&d=mm&r=g\",\"url\":\"https:\\\/\\\/secure.gravatar.com\\\/avatar\\\/89915563d925342126b8ef0281b93d9d7fc337043e8df017f780908eb9644451?s=96&d=mm&r=g\",\"contentUrl\":\"https:\\\/\\\/secure.gravatar.com\\\/avatar\\\/89915563d925342126b8ef0281b93d9d7fc337043e8df017f780908eb9644451?s=96&d=mm&r=g\",\"caption\":\"St\u00e9phane Miget\"},\"url\":\"https:\\\/\\\/batijournal.com\\\/index.php\\\/author\\\/stephane\\\/\"}]}<\/script>\n<!-- \/ Yoast SEO plugin. -->","yoast_head_json":{"title":"Un fonds de 300M d'euros pour le recyclage des friches","robots":{"index":"index","follow":"follow","max-snippet":"max-snippet:-1","max-image-preview":"max-image-preview:large","max-video-preview":"max-video-preview:-1"},"canonical":"https:\/\/batijournal.com\/index.php\/un-fonds-de-300m-deuros-pour-le-recyclage-des-friches\/105325\/","og_locale":"fr_FR","og_type":"article","og_title":"Un fonds de 300M d'euros pour le recyclage des friches","og_description":"La reconqu\u00eate des friches constitue un enjeu majeur d&rsquo;am\u00e9nagement durable des territoires pour r\u00e9pondre aux objectifs crois\u00e9s de ma\u00eetrise de l&rsquo;\u00e9talement urbain, de revitalisation urbaine et, par cons\u00e9quent, de limitation de la consommation des espaces naturels, agricoles et forestiers. Dans le cadre du plan de relance, le Gouvernement d\u00e9ploie un fonds de 300M d&rsquo;euros pour [&hellip;]","og_url":"https:\/\/batijournal.com\/index.php\/un-fonds-de-300m-deuros-pour-le-recyclage-des-friches\/105325\/","og_site_name":"Batijournal","article_published_time":"2020-12-28T08:40:02+00:00","og_image":[{"width":1000,"height":627,"url":"https:\/\/batijournal.com\/wp-content\/uploads\/2016\/05\/dechets-inertes.jpg","type":"image\/jpeg"}],"author":"St\u00e9phane Miget","twitter_card":"summary_large_image","twitter_creator":"@bati_journal","twitter_site":"@bati_journal","twitter_misc":{"\u00c9crit par":"St\u00e9phane Miget","Dur\u00e9e de lecture estim\u00e9e":"1 minute"},"schema":{"@context":"https:\/\/schema.org","@graph":[{"@type":"Article","@id":"https:\/\/batijournal.com\/index.php\/un-fonds-de-300m-deuros-pour-le-recyclage-des-friches\/105325\/#article","isPartOf":{"@id":"https:\/\/batijournal.com\/index.php\/un-fonds-de-300m-deuros-pour-le-recyclage-des-friches\/105325\/"},"author":{"name":"St\u00e9phane Miget","@id":"https:\/\/batijournal.com\/#\/schema\/person\/1dc96ec6957aa1ccb25ebe78bb19f100"},"headline":"Un fonds de 300M d&rsquo;euros pour le recyclage des friches","datePublished":"2020-12-28T08:40:02+00:00","mainEntityOfPage":{"@id":"https:\/\/batijournal.com\/index.php\/un-fonds-de-300m-deuros-pour-le-recyclage-des-friches\/105325\/"},"wordCount":202,"image":{"@id":"https:\/\/batijournal.com\/index.php\/un-fonds-de-300m-deuros-pour-le-recyclage-des-friches\/105325\/#primaryimage"},"thumbnailUrl":"https:\/\/batijournal.com\/wp-content\/uploads\/2016\/05\/dechets-inertes.jpg","keywords":["friche industrielle"],"articleSection":["Actualit\u00e9s","\u00c9nergie &amp; Environnement","zz_Actualit\u00e9s - Plan\u00e8te","zz_Plan\u00e8te B\u00e2timent"],"inLanguage":"fr-FR"},{"@type":"WebPage","@id":"https:\/\/batijournal.com\/index.php\/un-fonds-de-300m-deuros-pour-le-recyclage-des-friches\/105325\/","url":"https:\/\/batijournal.com\/index.php\/un-fonds-de-300m-deuros-pour-le-recyclage-des-friches\/105325\/","name":"Un fonds de 300M d'euros pour le recyclage des friches","isPartOf":{"@id":"https:\/\/batijournal.com\/#website"},"primaryImageOfPage":{"@id":"https:\/\/batijournal.com\/index.php\/un-fonds-de-300m-deuros-pour-le-recyclage-des-friches\/105325\/#primaryimage"},"image":{"@id":"https:\/\/batijournal.com\/index.php\/un-fonds-de-300m-deuros-pour-le-recyclage-des-friches\/105325\/#primaryimage"},"thumbnailUrl":"https:\/\/batijournal.com\/wp-content\/uploads\/2016\/05\/dechets-inertes.jpg","datePublished":"2020-12-28T08:40:02+00:00","author":{"@id":"https:\/\/batijournal.com\/#\/schema\/person\/1dc96ec6957aa1ccb25ebe78bb19f100"},"breadcrumb":{"@id":"https:\/\/batijournal.com\/index.php\/un-fonds-de-300m-deuros-pour-le-recyclage-des-friches\/105325\/#breadcrumb"},"inLanguage":"fr-FR","potentialAction":[{"@type":"ReadAction","target":["https:\/\/batijournal.com\/index.php\/un-fonds-de-300m-deuros-pour-le-recyclage-des-friches\/105325\/"]}]},{"@type":"ImageObject","inLanguage":"fr-FR","@id":"https:\/\/batijournal.com\/index.php\/un-fonds-de-300m-deuros-pour-le-recyclage-des-friches\/105325\/#primaryimage","url":"https:\/\/batijournal.com\/wp-content\/uploads\/2016\/05\/dechets-inertes.jpg","contentUrl":"https:\/\/batijournal.com\/wp-content\/uploads\/2016\/05\/dechets-inertes.jpg","width":1000,"height":627},{"@type":"BreadcrumbList","@id":"https:\/\/batijournal.com\/index.php\/un-fonds-de-300m-deuros-pour-le-recyclage-des-friches\/105325\/#breadcrumb","itemListElement":[{"@type":"ListItem","position":1,"name":"Accueil","item":"https:\/\/batijournal.com\/"},{"@type":"ListItem","position":2,"name":"Actualit\u00e9s","item":"https:\/\/batijournal.com\/index.php\/category\/actualites\/"},{"@type":"ListItem","position":3,"name":"\u00c9nergie &amp; Environnement","item":"https:\/\/batijournal.com\/index.php\/category\/actualites\/energie-environnement\/"},{"@type":"ListItem","position":4,"name":"Un fonds de 300M d&rsquo;euros pour le recyclage des friches"}]},{"@type":"WebSite","@id":"https:\/\/batijournal.com\/#website","url":"https:\/\/batijournal.com\/","name":"Batijournal","description":"L&#039;actualit\u00e9 du b\u00e2timent","potentialAction":[{"@type":"SearchAction","target":{"@type":"EntryPoint","urlTemplate":"https:\/\/batijournal.com\/?s={search_term_string}"},"query-input":{"@type":"PropertyValueSpecification","valueRequired":true,"valueName":"search_term_string"}}],"inLanguage":"fr-FR"},{"@type":"Person","@id":"https:\/\/batijournal.com\/#\/schema\/person\/1dc96ec6957aa1ccb25ebe78bb19f100","name":"St\u00e9phane Miget","image":{"@type":"ImageObject","inLanguage":"fr-FR","@id":"https:\/\/secure.gravatar.com\/avatar\/89915563d925342126b8ef0281b93d9d7fc337043e8df017f780908eb9644451?s=96&d=mm&r=g","url":"https:\/\/secure.gravatar.com\/avatar\/89915563d925342126b8ef0281b93d9d7fc337043e8df017f780908eb9644451?s=96&d=mm&r=g","contentUrl":"https:\/\/secure.gravatar.com\/avatar\/89915563d925342126b8ef0281b93d9d7fc337043e8df017f780908eb9644451?s=96&d=mm&r=g","caption":"St\u00e9phane Miget"},"url":"https:\/\/batijournal.com\/index.php\/author\/stephane\/"}]}},"_links":{"self":[{"href":"https:\/\/batijournal.com\/index.php\/wp-json\/wp\/v2\/posts\/105325","targetHints":{"allow":["GET"]}}],"collection":[{"href":"https:\/\/batijournal.com\/index.php\/wp-json\/wp\/v2\/posts"}],"about":[{"href":"https:\/\/batijournal.com\/index.php\/wp-json\/wp\/v2\/types\/post"}],"author":[{"embeddable":true,"href":"https:\/\/batijournal.com\/index.php\/wp-json\/wp\/v2\/users\/17"}],"replies":[{"embeddable":true,"href":"https:\/\/batijournal.com\/index.php\/wp-json\/wp\/v2\/comments?post=105325"}],"version-history":[{"count":0,"href":"https:\/\/batijournal.com\/index.php\/wp-json\/wp\/v2\/posts\/105325\/revisions"}],"wp:featuredmedia":[{"embeddable":true,"href":"https:\/\/batijournal.com\/index.php\/wp-json\/wp\/v2\/media\/92803"}],"wp:attachment":[{"href":"https:\/\/batijournal.com\/index.php\/wp-json\/wp\/v2\/media?parent=105325"}],"wp:term":[{"taxonomy":"category","embeddable":true,"href":"https:\/\/batijournal.com\/index.php\/wp-json\/wp\/v2\/categories?post=105325"},{"taxonomy":"post_tag","embeddable":true,"href":"https:\/\/batijournal.com\/index.php\/wp-json\/wp\/v2\/tags?post=105325"}],"curies":[{"name":"wp","href":"https:\/\/api.w.org\/{rel}","templated":true}]}}