{"id":105328,"date":"2020-12-29T08:43:00","date_gmt":"2020-12-29T07:43:00","guid":{"rendered":"https:\/\/batijournal.com\/?p=105328"},"modified":"2020-12-29T08:43:00","modified_gmt":"2020-12-29T07:43:00","slug":"rente-solaire-le-conseil-constitutionnel-donne-raison-au-gouvernement","status":"publish","type":"post","link":"https:\/\/batijournal.com\/index.php\/rente-solaire-le-conseil-constitutionnel-donne-raison-au-gouvernement\/105328\/","title":{"rendered":"Rente solaire : le Conseil Constitutionnel donne raison au gouvernement"},"content":{"rendered":"<p>L\u2019article 225 de la loi finance qui pr\u00e9voit la r\u00e9duction du tarif d\u2019achat de l\u2019\u00e9lectricit\u00e9 photovolta\u00efques pour les contrats conclus entre 2006 et 2010, a \u00e9t\u00e9 valid\u00e9 par le Conseil Constitutionnel par d\u00e9cision du 28 d\u00e9cembre 2020. Il a retoqu\u00e9 tous les arguments des parlementaires qui contestaient la r\u00e9vision des contrats des gros producteurs d&rsquo;\u00e9nergie solaire avec l&rsquo;Etat.<\/p>\n<p>La r\u00e9duction des tarifs diminuera le montant de la compensation due par l\u2019\u00c9tat au titre des charges de service public de l\u2019\u00e9nergie d\u00e8s 2021, soit environ 400 millions d&rsquo;euros selon le gouvernement. Pour les sages, l\u2019article 225, qui affecte directement les d\u00e9penses budg\u00e9taires de l\u2019ann\u00e9e \u00e0 venir, a sa place dans une loi de finances.<\/p>\n<p>Ils rappellent, en outre, qu&rsquo;il est loisible au l\u00e9gislateur d\u2019apporter \u00e0 la libert\u00e9 contractuelle, qui d\u00e9coule de l\u2019article 4 de la D\u00e9claration de 1789, des limitations li\u00e9es \u00e0 des exigences constitutionnelles ou justifi\u00e9es par l\u2019int\u00e9r\u00eat g\u00e9n\u00e9ral, \u00e0 la condition qu\u2019il n\u2019en r\u00e9sulte pas d\u2019atteintes disproportionn\u00e9es au regard de l\u2019objectif poursuivi.<\/p>\n<p>La baisse importante et rapide des co\u00fbts de production des installations photovolta\u00efques au sol ou sur grande toiture, qui avait \u00e9t\u00e9 mal anticip\u00e9e lors de la fixation des conditions tarifaires, a eu pour cons\u00e9quence une augmentation consid\u00e9rable du profit g\u00e9n\u00e9r\u00e9 par certaines installations de production d\u2019\u00e9lectricit\u00e9 b\u00e9n\u00e9ficiant de ces contrats. En adoptant les dispositions contest\u00e9es, le l\u00e9gislateur a entendu rem\u00e9dier \u00e0 la situation de d\u00e9s\u00e9quilibre contractuel entre les producteurs et les distributeurs d\u2019\u00e9lectricit\u00e9 et ainsi mettre un terme aux effets d\u2019aubaine dont b\u00e9n\u00e9ficiaient certains producteurs, au d\u00e9triment du bon usage des deniers publics et des int\u00e9r\u00eats financiers de l\u2019\u00c9tat, qui supporte les surco\u00fbts incombant aux distributeurs. Ce faisant, le l\u00e9gislateur a poursuivi un objectif d\u2019int\u00e9r\u00eat g\u00e9n\u00e9ral.<br \/>\nSi la r\u00e9duction tarifaire affecte un \u00e9l\u00e9ment essentiel des contrats conclus en application des arr\u00eat\u00e9s pr\u00e9cit\u00e9s, le l\u00e9gislateur a veill\u00e9 \u00e0 ce qu\u2019elle pr\u00e9serve en tout \u00e9tat de cause la rentabilit\u00e9 des installations. En effet, cette r\u00e9duction devra aboutir \u00e0 ce que le prix d\u2019achat corresponde \u00e0 une r\u00e9mun\u00e9ration raisonnable des capitaux immobilis\u00e9s, compte tenu des risques inh\u00e9rents \u00e0 leur exploitation. \u00c0 cet \u00e9gard, la r\u00e9duction du tarif tient compte de l\u2019arr\u00eat\u00e9 tarifaire au titre duquel le contrat est conclu, des caract\u00e9ristiques techniques de l\u2019installation, de sa localisation, de sa date de mise en service et de ses conditions de fonctionnement. D\u2019autre part, si les nouveaux tarifs r\u00e9sultant de l\u2019application des dispositions contest\u00e9es sont de nature \u00e0 compromettre la viabilit\u00e9 \u00e9conomique du producteur, il est pr\u00e9vu que, sur demande motiv\u00e9e du producteur et sous certaines conditions, les ministres charg\u00e9s de l\u2019\u00e9nergie et du budget fixent au cas par cas, sur proposition de la Commission de r\u00e9gulation de l\u2019\u00e9nergie, un niveau de tarif ou une date de prise d\u2019effet de ce tarif diff\u00e9rents ou allongent la dur\u00e9e du contrat d\u2019achat.<br \/>\nD\u00e8s lors, compte tenu du motif d\u2019int\u00e9r\u00eat g\u00e9n\u00e9ral poursuivi et des garanties l\u00e9gales qui pr\u00e9c\u00e8dent, l\u2019atteinte port\u00e9e par les dispositions contest\u00e9es au droit au maintien des conventions l\u00e9galement conclues n\u2019est pas disproportionn\u00e9e.<\/p>\n<p>En ce qui concerne le grief tir\u00e9 de la m\u00e9connaissance du principe d\u2019\u00e9galit\u00e9 devant la loi, selon l\u2019article 6 de la D\u00e9claration de 1789, la loi \u00ab doit \u00eatre la m\u00eame pour tous, soit qu\u2019elle prot\u00e8ge, soit qu\u2019elle punisse \u00bb. Le principe d\u2019\u00e9galit\u00e9 ne s\u2019oppose ni \u00e0 ce que le l\u00e9gislateur r\u00e8gle de fa\u00e7on diff\u00e9rente des situations diff\u00e9rentes, ni \u00e0 ce qu\u2019il d\u00e9roge \u00e0 l\u2019\u00e9galit\u00e9 pour des raisons d\u2019int\u00e9r\u00eat g\u00e9n\u00e9ral, pourvu que, dans l\u2019un et l\u2019autre cas, la diff\u00e9rence de traitement qui en r\u00e9sulte soit en rapport direct avec l\u2019objet de la loi qui l\u2019\u00e9tablit.<br \/>\nLes dispositions contest\u00e9es instituent une diff\u00e9rence de traitement entre les installations d\u2019une puissance sup\u00e9rieure \u00e0 250 kilowatts, auxquelles s\u2019applique la r\u00e9duction tarifaire, et celles dont la puissance est inf\u00e9rieure ou \u00e9gale \u00e0 ce seuil, qui n\u2019y sont pas soumises.<br \/>\nLe l\u00e9gislateur a entendu mettre un terme aux effets d\u2019aubaine excessifs r\u00e9sultant de l\u2019application des tarifs pr\u00e9vus par les arr\u00eat\u00e9s adopt\u00e9s entre 2006 et 2010. Or, le l\u00e9gislateur a pu consid\u00e9rer que les producteurs dont les installations ont une puissance sup\u00e9rieure \u00e0 ce seuil ont b\u00e9n\u00e9fici\u00e9 d\u2019une rentabilit\u00e9 significativement sup\u00e9rieure \u00e0 celle des autres producteurs du fait des \u00e9conomies d\u2019\u00e9chelle r\u00e9alis\u00e9es et des prix d\u2019acquisition des mat\u00e9riels qu\u2019ils ont pu n\u00e9gocier. D\u00e8s lors, ils sont plac\u00e9s, au regard de l\u2019objet de la loi, dans une situation diff\u00e9rente des autres producteurs. Par ailleurs, la diff\u00e9rence de traitement contest\u00e9e est en rapport direct avec l\u2019objet de la loi.<br \/>\nIl r\u00e9sulte de tout ce qui pr\u00e9c\u00e8de que l\u2019article 225, qui ne m\u00e9conna\u00eet pas non plus la garantie des droits, le principe d\u2019\u00e9galit\u00e9 devant les charges publiques ou l\u2019objectif de valeur constitutionnelle d\u2019intelligibilit\u00e9 de la loi, ni aucune autre exigence constitutionnelle, doit \u00eatre d\u00e9clar\u00e9 conforme \u00e0 la Constitution.<\/p>\n","protected":false},"excerpt":{"rendered":"<p>L\u2019article 225 de la loi finance qui pr\u00e9voit la r\u00e9duction du tarif d\u2019achat de l\u2019\u00e9lectricit\u00e9 photovolta\u00efques pour les contrats conclus entre 2006 et 2010, a \u00e9t\u00e9 valid\u00e9 par le Conseil Constitutionnel par d\u00e9cision du 28 d\u00e9cembre 2020. Il a retoqu\u00e9 tous les arguments des parlementaires qui contestaient la r\u00e9vision des contrats des gros producteurs d&rsquo;\u00e9nergie [&hellip;]<\/p>\n","protected":false},"author":17,"featured_media":93627,"comment_status":"closed","ping_status":"closed","sticky":false,"template":"","format":"standard","meta":{"_et_pb_use_builder":"","_et_pb_old_content":"","_et_gb_content_width":"","footnotes":""},"categories":[10530,6351,10781,10778],"tags":[1667,464],"class_list":["post-105328","post","type-post","status-publish","format-standard","has-post-thumbnail","hentry","category-actualites","category-energie-environnement","category-publications-planete","category-planete","tag-energie-solaire","tag-photovoltaique"],"yoast_head":"<!-- This site is optimized with the Yoast SEO plugin v27.4 - https:\/\/yoast.com\/product\/yoast-seo-wordpress\/ -->\n<title>Rente solaire : le Conseil Constitutionnel donne raison au gouvernement<\/title>\n<meta name=\"robots\" content=\"index, follow, max-snippet:-1, max-image-preview:large, max-video-preview:-1\" \/>\n<link rel=\"canonical\" href=\"https:\/\/batijournal.com\/index.php\/rente-solaire-le-conseil-constitutionnel-donne-raison-au-gouvernement\/105328\/\" \/>\n<meta property=\"og:locale\" content=\"fr_FR\" \/>\n<meta property=\"og:type\" content=\"article\" \/>\n<meta property=\"og:title\" content=\"Rente solaire : le Conseil Constitutionnel donne raison au gouvernement\" \/>\n<meta property=\"og:description\" content=\"L\u2019article 225 de la loi finance qui pr\u00e9voit la r\u00e9duction du tarif d\u2019achat de l\u2019\u00e9lectricit\u00e9 photovolta\u00efques pour les contrats conclus entre 2006 et 2010, a \u00e9t\u00e9 valid\u00e9 par le Conseil Constitutionnel par d\u00e9cision du 28 d\u00e9cembre 2020. Il a retoqu\u00e9 tous les arguments des parlementaires qui contestaient la r\u00e9vision des contrats des gros producteurs d&rsquo;\u00e9nergie [&hellip;]\" \/>\n<meta property=\"og:url\" content=\"https:\/\/batijournal.com\/index.php\/rente-solaire-le-conseil-constitutionnel-donne-raison-au-gouvernement\/105328\/\" \/>\n<meta property=\"og:site_name\" content=\"Batijournal\" \/>\n<meta property=\"article:published_time\" content=\"2020-12-29T07:43:00+00:00\" \/>\n<meta property=\"og:image\" content=\"https:\/\/batijournal.com\/wp-content\/uploads\/2016\/09\/photovoltaique3.jpg\" \/>\n\t<meta property=\"og:image:width\" content=\"1000\" \/>\n\t<meta property=\"og:image:height\" content=\"485\" \/>\n\t<meta property=\"og:image:type\" content=\"image\/jpeg\" \/>\n<meta name=\"author\" content=\"St\u00e9phane Miget\" \/>\n<meta name=\"twitter:card\" content=\"summary_large_image\" \/>\n<meta name=\"twitter:creator\" content=\"@bati_journal\" \/>\n<meta name=\"twitter:site\" content=\"@bati_journal\" \/>\n<meta name=\"twitter:label1\" content=\"\u00c9crit par\" \/>\n\t<meta name=\"twitter:data1\" content=\"St\u00e9phane Miget\" \/>\n\t<meta name=\"twitter:label2\" content=\"Dur\u00e9e de lecture estim\u00e9e\" \/>\n\t<meta name=\"twitter:data2\" content=\"5 minutes\" \/>\n<script type=\"application\/ld+json\" class=\"yoast-schema-graph\">{\"@context\":\"https:\\\/\\\/schema.org\",\"@graph\":[{\"@type\":\"Article\",\"@id\":\"https:\\\/\\\/batijournal.com\\\/index.php\\\/rente-solaire-le-conseil-constitutionnel-donne-raison-au-gouvernement\\\/105328\\\/#article\",\"isPartOf\":{\"@id\":\"https:\\\/\\\/batijournal.com\\\/index.php\\\/rente-solaire-le-conseil-constitutionnel-donne-raison-au-gouvernement\\\/105328\\\/\"},\"author\":{\"name\":\"St\u00e9phane Miget\",\"@id\":\"https:\\\/\\\/batijournal.com\\\/#\\\/schema\\\/person\\\/1dc96ec6957aa1ccb25ebe78bb19f100\"},\"headline\":\"Rente solaire : le Conseil Constitutionnel donne raison au gouvernement\",\"datePublished\":\"2020-12-29T07:43:00+00:00\",\"mainEntityOfPage\":{\"@id\":\"https:\\\/\\\/batijournal.com\\\/index.php\\\/rente-solaire-le-conseil-constitutionnel-donne-raison-au-gouvernement\\\/105328\\\/\"},\"wordCount\":945,\"image\":{\"@id\":\"https:\\\/\\\/batijournal.com\\\/index.php\\\/rente-solaire-le-conseil-constitutionnel-donne-raison-au-gouvernement\\\/105328\\\/#primaryimage\"},\"thumbnailUrl\":\"https:\\\/\\\/batijournal.com\\\/wp-content\\\/uploads\\\/2016\\\/09\\\/photovoltaique3.jpg\",\"keywords\":[\"\u00e9nergie solaire\",\"photovolta\u00efque\"],\"articleSection\":[\"Actualit\u00e9s\",\"\u00c9nergie &amp; Environnement\",\"zz_Actualit\u00e9s - Plan\u00e8te\",\"zz_Plan\u00e8te B\u00e2timent\"],\"inLanguage\":\"fr-FR\"},{\"@type\":\"WebPage\",\"@id\":\"https:\\\/\\\/batijournal.com\\\/index.php\\\/rente-solaire-le-conseil-constitutionnel-donne-raison-au-gouvernement\\\/105328\\\/\",\"url\":\"https:\\\/\\\/batijournal.com\\\/index.php\\\/rente-solaire-le-conseil-constitutionnel-donne-raison-au-gouvernement\\\/105328\\\/\",\"name\":\"Rente solaire : le Conseil Constitutionnel donne raison au gouvernement\",\"isPartOf\":{\"@id\":\"https:\\\/\\\/batijournal.com\\\/#website\"},\"primaryImageOfPage\":{\"@id\":\"https:\\\/\\\/batijournal.com\\\/index.php\\\/rente-solaire-le-conseil-constitutionnel-donne-raison-au-gouvernement\\\/105328\\\/#primaryimage\"},\"image\":{\"@id\":\"https:\\\/\\\/batijournal.com\\\/index.php\\\/rente-solaire-le-conseil-constitutionnel-donne-raison-au-gouvernement\\\/105328\\\/#primaryimage\"},\"thumbnailUrl\":\"https:\\\/\\\/batijournal.com\\\/wp-content\\\/uploads\\\/2016\\\/09\\\/photovoltaique3.jpg\",\"datePublished\":\"2020-12-29T07:43:00+00:00\",\"author\":{\"@id\":\"https:\\\/\\\/batijournal.com\\\/#\\\/schema\\\/person\\\/1dc96ec6957aa1ccb25ebe78bb19f100\"},\"breadcrumb\":{\"@id\":\"https:\\\/\\\/batijournal.com\\\/index.php\\\/rente-solaire-le-conseil-constitutionnel-donne-raison-au-gouvernement\\\/105328\\\/#breadcrumb\"},\"inLanguage\":\"fr-FR\",\"potentialAction\":[{\"@type\":\"ReadAction\",\"target\":[\"https:\\\/\\\/batijournal.com\\\/index.php\\\/rente-solaire-le-conseil-constitutionnel-donne-raison-au-gouvernement\\\/105328\\\/\"]}]},{\"@type\":\"ImageObject\",\"inLanguage\":\"fr-FR\",\"@id\":\"https:\\\/\\\/batijournal.com\\\/index.php\\\/rente-solaire-le-conseil-constitutionnel-donne-raison-au-gouvernement\\\/105328\\\/#primaryimage\",\"url\":\"https:\\\/\\\/batijournal.com\\\/wp-content\\\/uploads\\\/2016\\\/09\\\/photovoltaique3.jpg\",\"contentUrl\":\"https:\\\/\\\/batijournal.com\\\/wp-content\\\/uploads\\\/2016\\\/09\\\/photovoltaique3.jpg\",\"width\":1000,\"height\":485},{\"@type\":\"BreadcrumbList\",\"@id\":\"https:\\\/\\\/batijournal.com\\\/index.php\\\/rente-solaire-le-conseil-constitutionnel-donne-raison-au-gouvernement\\\/105328\\\/#breadcrumb\",\"itemListElement\":[{\"@type\":\"ListItem\",\"position\":1,\"name\":\"Accueil\",\"item\":\"https:\\\/\\\/batijournal.com\\\/\"},{\"@type\":\"ListItem\",\"position\":2,\"name\":\"Actualit\u00e9s\",\"item\":\"https:\\\/\\\/batijournal.com\\\/index.php\\\/category\\\/actualites\\\/\"},{\"@type\":\"ListItem\",\"position\":3,\"name\":\"\u00c9nergie &amp; Environnement\",\"item\":\"https:\\\/\\\/batijournal.com\\\/index.php\\\/category\\\/actualites\\\/energie-environnement\\\/\"},{\"@type\":\"ListItem\",\"position\":4,\"name\":\"Rente solaire : le Conseil Constitutionnel donne raison au gouvernement\"}]},{\"@type\":\"WebSite\",\"@id\":\"https:\\\/\\\/batijournal.com\\\/#website\",\"url\":\"https:\\\/\\\/batijournal.com\\\/\",\"name\":\"Batijournal\",\"description\":\"L&#039;actualit\u00e9 du b\u00e2timent\",\"potentialAction\":[{\"@type\":\"SearchAction\",\"target\":{\"@type\":\"EntryPoint\",\"urlTemplate\":\"https:\\\/\\\/batijournal.com\\\/?s={search_term_string}\"},\"query-input\":{\"@type\":\"PropertyValueSpecification\",\"valueRequired\":true,\"valueName\":\"search_term_string\"}}],\"inLanguage\":\"fr-FR\"},{\"@type\":\"Person\",\"@id\":\"https:\\\/\\\/batijournal.com\\\/#\\\/schema\\\/person\\\/1dc96ec6957aa1ccb25ebe78bb19f100\",\"name\":\"St\u00e9phane Miget\",\"image\":{\"@type\":\"ImageObject\",\"inLanguage\":\"fr-FR\",\"@id\":\"https:\\\/\\\/secure.gravatar.com\\\/avatar\\\/89915563d925342126b8ef0281b93d9d7fc337043e8df017f780908eb9644451?s=96&d=mm&r=g\",\"url\":\"https:\\\/\\\/secure.gravatar.com\\\/avatar\\\/89915563d925342126b8ef0281b93d9d7fc337043e8df017f780908eb9644451?s=96&d=mm&r=g\",\"contentUrl\":\"https:\\\/\\\/secure.gravatar.com\\\/avatar\\\/89915563d925342126b8ef0281b93d9d7fc337043e8df017f780908eb9644451?s=96&d=mm&r=g\",\"caption\":\"St\u00e9phane Miget\"},\"url\":\"https:\\\/\\\/batijournal.com\\\/index.php\\\/author\\\/stephane\\\/\"}]}<\/script>\n<!-- \/ Yoast SEO plugin. -->","yoast_head_json":{"title":"Rente solaire : le Conseil Constitutionnel donne raison au gouvernement","robots":{"index":"index","follow":"follow","max-snippet":"max-snippet:-1","max-image-preview":"max-image-preview:large","max-video-preview":"max-video-preview:-1"},"canonical":"https:\/\/batijournal.com\/index.php\/rente-solaire-le-conseil-constitutionnel-donne-raison-au-gouvernement\/105328\/","og_locale":"fr_FR","og_type":"article","og_title":"Rente solaire : le Conseil Constitutionnel donne raison au gouvernement","og_description":"L\u2019article 225 de la loi finance qui pr\u00e9voit la r\u00e9duction du tarif d\u2019achat de l\u2019\u00e9lectricit\u00e9 photovolta\u00efques pour les contrats conclus entre 2006 et 2010, a \u00e9t\u00e9 valid\u00e9 par le Conseil Constitutionnel par d\u00e9cision du 28 d\u00e9cembre 2020. Il a retoqu\u00e9 tous les arguments des parlementaires qui contestaient la r\u00e9vision des contrats des gros producteurs d&rsquo;\u00e9nergie [&hellip;]","og_url":"https:\/\/batijournal.com\/index.php\/rente-solaire-le-conseil-constitutionnel-donne-raison-au-gouvernement\/105328\/","og_site_name":"Batijournal","article_published_time":"2020-12-29T07:43:00+00:00","og_image":[{"width":1000,"height":485,"url":"https:\/\/batijournal.com\/wp-content\/uploads\/2016\/09\/photovoltaique3.jpg","type":"image\/jpeg"}],"author":"St\u00e9phane Miget","twitter_card":"summary_large_image","twitter_creator":"@bati_journal","twitter_site":"@bati_journal","twitter_misc":{"\u00c9crit par":"St\u00e9phane Miget","Dur\u00e9e de lecture estim\u00e9e":"5 minutes"},"schema":{"@context":"https:\/\/schema.org","@graph":[{"@type":"Article","@id":"https:\/\/batijournal.com\/index.php\/rente-solaire-le-conseil-constitutionnel-donne-raison-au-gouvernement\/105328\/#article","isPartOf":{"@id":"https:\/\/batijournal.com\/index.php\/rente-solaire-le-conseil-constitutionnel-donne-raison-au-gouvernement\/105328\/"},"author":{"name":"St\u00e9phane Miget","@id":"https:\/\/batijournal.com\/#\/schema\/person\/1dc96ec6957aa1ccb25ebe78bb19f100"},"headline":"Rente solaire : le Conseil Constitutionnel donne raison au gouvernement","datePublished":"2020-12-29T07:43:00+00:00","mainEntityOfPage":{"@id":"https:\/\/batijournal.com\/index.php\/rente-solaire-le-conseil-constitutionnel-donne-raison-au-gouvernement\/105328\/"},"wordCount":945,"image":{"@id":"https:\/\/batijournal.com\/index.php\/rente-solaire-le-conseil-constitutionnel-donne-raison-au-gouvernement\/105328\/#primaryimage"},"thumbnailUrl":"https:\/\/batijournal.com\/wp-content\/uploads\/2016\/09\/photovoltaique3.jpg","keywords":["\u00e9nergie solaire","photovolta\u00efque"],"articleSection":["Actualit\u00e9s","\u00c9nergie &amp; Environnement","zz_Actualit\u00e9s - Plan\u00e8te","zz_Plan\u00e8te B\u00e2timent"],"inLanguage":"fr-FR"},{"@type":"WebPage","@id":"https:\/\/batijournal.com\/index.php\/rente-solaire-le-conseil-constitutionnel-donne-raison-au-gouvernement\/105328\/","url":"https:\/\/batijournal.com\/index.php\/rente-solaire-le-conseil-constitutionnel-donne-raison-au-gouvernement\/105328\/","name":"Rente solaire : le Conseil Constitutionnel donne raison au gouvernement","isPartOf":{"@id":"https:\/\/batijournal.com\/#website"},"primaryImageOfPage":{"@id":"https:\/\/batijournal.com\/index.php\/rente-solaire-le-conseil-constitutionnel-donne-raison-au-gouvernement\/105328\/#primaryimage"},"image":{"@id":"https:\/\/batijournal.com\/index.php\/rente-solaire-le-conseil-constitutionnel-donne-raison-au-gouvernement\/105328\/#primaryimage"},"thumbnailUrl":"https:\/\/batijournal.com\/wp-content\/uploads\/2016\/09\/photovoltaique3.jpg","datePublished":"2020-12-29T07:43:00+00:00","author":{"@id":"https:\/\/batijournal.com\/#\/schema\/person\/1dc96ec6957aa1ccb25ebe78bb19f100"},"breadcrumb":{"@id":"https:\/\/batijournal.com\/index.php\/rente-solaire-le-conseil-constitutionnel-donne-raison-au-gouvernement\/105328\/#breadcrumb"},"inLanguage":"fr-FR","potentialAction":[{"@type":"ReadAction","target":["https:\/\/batijournal.com\/index.php\/rente-solaire-le-conseil-constitutionnel-donne-raison-au-gouvernement\/105328\/"]}]},{"@type":"ImageObject","inLanguage":"fr-FR","@id":"https:\/\/batijournal.com\/index.php\/rente-solaire-le-conseil-constitutionnel-donne-raison-au-gouvernement\/105328\/#primaryimage","url":"https:\/\/batijournal.com\/wp-content\/uploads\/2016\/09\/photovoltaique3.jpg","contentUrl":"https:\/\/batijournal.com\/wp-content\/uploads\/2016\/09\/photovoltaique3.jpg","width":1000,"height":485},{"@type":"BreadcrumbList","@id":"https:\/\/batijournal.com\/index.php\/rente-solaire-le-conseil-constitutionnel-donne-raison-au-gouvernement\/105328\/#breadcrumb","itemListElement":[{"@type":"ListItem","position":1,"name":"Accueil","item":"https:\/\/batijournal.com\/"},{"@type":"ListItem","position":2,"name":"Actualit\u00e9s","item":"https:\/\/batijournal.com\/index.php\/category\/actualites\/"},{"@type":"ListItem","position":3,"name":"\u00c9nergie &amp; Environnement","item":"https:\/\/batijournal.com\/index.php\/category\/actualites\/energie-environnement\/"},{"@type":"ListItem","position":4,"name":"Rente solaire : le Conseil Constitutionnel donne raison au gouvernement"}]},{"@type":"WebSite","@id":"https:\/\/batijournal.com\/#website","url":"https:\/\/batijournal.com\/","name":"Batijournal","description":"L&#039;actualit\u00e9 du b\u00e2timent","potentialAction":[{"@type":"SearchAction","target":{"@type":"EntryPoint","urlTemplate":"https:\/\/batijournal.com\/?s={search_term_string}"},"query-input":{"@type":"PropertyValueSpecification","valueRequired":true,"valueName":"search_term_string"}}],"inLanguage":"fr-FR"},{"@type":"Person","@id":"https:\/\/batijournal.com\/#\/schema\/person\/1dc96ec6957aa1ccb25ebe78bb19f100","name":"St\u00e9phane Miget","image":{"@type":"ImageObject","inLanguage":"fr-FR","@id":"https:\/\/secure.gravatar.com\/avatar\/89915563d925342126b8ef0281b93d9d7fc337043e8df017f780908eb9644451?s=96&d=mm&r=g","url":"https:\/\/secure.gravatar.com\/avatar\/89915563d925342126b8ef0281b93d9d7fc337043e8df017f780908eb9644451?s=96&d=mm&r=g","contentUrl":"https:\/\/secure.gravatar.com\/avatar\/89915563d925342126b8ef0281b93d9d7fc337043e8df017f780908eb9644451?s=96&d=mm&r=g","caption":"St\u00e9phane Miget"},"url":"https:\/\/batijournal.com\/index.php\/author\/stephane\/"}]}},"_links":{"self":[{"href":"https:\/\/batijournal.com\/index.php\/wp-json\/wp\/v2\/posts\/105328","targetHints":{"allow":["GET"]}}],"collection":[{"href":"https:\/\/batijournal.com\/index.php\/wp-json\/wp\/v2\/posts"}],"about":[{"href":"https:\/\/batijournal.com\/index.php\/wp-json\/wp\/v2\/types\/post"}],"author":[{"embeddable":true,"href":"https:\/\/batijournal.com\/index.php\/wp-json\/wp\/v2\/users\/17"}],"replies":[{"embeddable":true,"href":"https:\/\/batijournal.com\/index.php\/wp-json\/wp\/v2\/comments?post=105328"}],"version-history":[{"count":0,"href":"https:\/\/batijournal.com\/index.php\/wp-json\/wp\/v2\/posts\/105328\/revisions"}],"wp:featuredmedia":[{"embeddable":true,"href":"https:\/\/batijournal.com\/index.php\/wp-json\/wp\/v2\/media\/93627"}],"wp:attachment":[{"href":"https:\/\/batijournal.com\/index.php\/wp-json\/wp\/v2\/media?parent=105328"}],"wp:term":[{"taxonomy":"category","embeddable":true,"href":"https:\/\/batijournal.com\/index.php\/wp-json\/wp\/v2\/categories?post=105328"},{"taxonomy":"post_tag","embeddable":true,"href":"https:\/\/batijournal.com\/index.php\/wp-json\/wp\/v2\/tags?post=105328"}],"curies":[{"name":"wp","href":"https:\/\/api.w.org\/{rel}","templated":true}]}}