{"id":105329,"date":"2021-01-04T07:19:10","date_gmt":"2021-01-04T06:19:10","guid":{"rendered":"https:\/\/batijournal.com\/?p=105329"},"modified":"2021-01-04T07:19:10","modified_gmt":"2021-01-04T06:19:10","slug":"2021-la-transition-entre-cite-et-maprimerenov-continue","status":"publish","type":"post","link":"https:\/\/batijournal.com\/index.php\/2021-la-transition-entre-cite-et-maprimerenov-continue\/105329\/","title":{"rendered":"2021 : la transition entre CITE et MaPrimeR\u00e9nov\u2019 continue"},"content":{"rendered":"<p><strong>La loi de finances pour 2021 a \u00e9t\u00e9 publi\u00e9e au Journal officiel du 30 d\u00e9cembre 2020. Parmi ses 271 articles, certains concernent l&rsquo;am\u00e9lioration \u00e9nerg\u00e9tique des b\u00e2timents, la transformation du CITE vers MaPrimeR\u00e9nov\u2019.<\/strong><\/p>\n<p><strong>Transformation du Cr\u00e9dit d\u2019imp\u00f4t pour la transition \u00e9nerg\u00e9tique (CITE)<\/strong><br \/>\n<em>(LF 2021 : art. 53 \/ CGI : art. 200 quater)<\/em><br \/>\nDans la continuit\u00e9 de la loi de finances pour 2020 qui a organis\u00e9 une refonte du Cr\u00e9dit d\u2019imp\u00f4t pour la transition \u00e9nerg\u00e9tique, des dispositions transitoires sont pr\u00e9vues jusqu\u2019\u00e0 l\u2019extinction du CITE et son remplacement par MaPrimeR\u00e9nov\u2019.<br \/>\nLes contribuables qui justifient de l\u2019acceptation d\u2019un devis et du versement d\u2019un acompte en 2018 et dont les travaux sont pay\u00e9s en 2020 peuvent b\u00e9n\u00e9ficier du CITE dans les conditions applicables avant 2020. Ces dispositions transitoires s\u2019appliquant d\u00e9j\u00e0 aux contribuables qui justifient de l\u2019acceptation d\u2019un devis et du versement d\u2019un acompte en 2019 et dont les travaux sont pay\u00e9s en 2020.<br \/>\nLe texte comporte \u00e9galement des mesures transitoires permettant le b\u00e9n\u00e9fice du CITE dans sa version en vigueur en 2020, pour les d\u00e9penses pay\u00e9es en 2021 pour lesquelles le contribuable peut justifier de l\u2019acceptation d\u2019un devis et du paiement d\u2019un acompte en 2019 ou en 2020. Dans ces deux cas, le contribuable ne peut pas cumuler, pour les m\u00eames d\u00e9penses, le CITE et MaPrimeR\u00e9nov\u2019.<\/p>\n<p><strong>MaPrimeR\u00e9nov\u2019 : ajustement du dispositif<\/strong><br \/>\n<em>(LF 2021 : art. 241 \/ Loi du 28.11.19 de finances pour 2020)<\/em><br \/>\nDans le cadre du plan de relance, le Gouvernement avait annonc\u00e9 l\u2019ouverture de MaPrimeR\u00e9nov\u2019 aux propri\u00e9taires-occupants aux revenus sup\u00e9rieurs, aux propri\u00e9taires-bailleurs et aux syndicats de copropri\u00e9taire. Les conditions de cet \u00e9largissement seront pr\u00e9cis\u00e9es par d\u00e9cret d\u00e9but janvier 2021. \u00c0 noter que le r\u00e9gime MaPrimeR\u00e9nov\u2019 Copropri\u00e9t\u00e9s a quant \u00e0 lui \u00e9t\u00e9 d\u00e9fini par la d\u00e9lib\u00e9ration n\u00b0 2020-54 du Conseil d\u2019administration de l\u2019Anah du 2 d\u00e9cembre 2020 et publi\u00e9e au bulletin officiel du 19 d\u00e9cembre 2020.<br \/>\nConcernant les propri\u00e9taires aux revenus sup\u00e9rieurs, il est pr\u00e9vu qu\u2019ils ne soient \u00e9ligibles \u00e0 la prime que pour certaines cat\u00e9gories de travaux et de d\u00e9penses financ\u00e9es, avec un bar\u00e8me diff\u00e9rent des autres cat\u00e9gories de m\u00e9nages. Aussi, l\u2019article 15 de la loi de finances pour 2020 est modifi\u00e9 pour pr\u00e9ciser que, jusqu\u2019au 31 d\u00e9cembre 2022, par d\u00e9rogation, la prime peut \u00eatre distribu\u00e9e sans conditions de ressources, selon la nature des travaux et les d\u00e9penses financ\u00e9es.<br \/>\nLe plan de relance pr\u00e9voit \u00e9galement que les m\u00e9nages nouvellement \u00e9ligibles \u00e0 MaPrimeR\u00e9nov\u2019 \u00e0 partir du 1er janvier 2021 puissent d\u00e9buter leurs travaux d\u00e8s le 1er octobre 2020. L\u2019article 15 de la loi de finances pour 2020 est ainsi compl\u00e9t\u00e9 de mani\u00e8re \u00e0 ce que l\u2019attribution de la prime soit r\u00e9troactive au 1er octobre 2020. Cette r\u00e9troactivit\u00e9 est exprim\u00e9e de la fa\u00e7on suivante : \u00ab\u00a0entre le 1er janvier et le 31 d\u00e9cembre 2021, le b\u00e9n\u00e9ficiaire peut d\u00e9poser une demande de prime apr\u00e8s avoir commenc\u00e9 ses travaux ou prestations, sous r\u00e9serve que ceux-ci soient justifi\u00e9s par un devis r\u00e9alis\u00e9 entre le 1er octobre et le 31 d\u00e9cembre 2020, qu\u2019ils aient \u00e9t\u00e9 commenc\u00e9s au cours de cette m\u00eame p\u00e9riode,<br \/>\net que le b\u00e9n\u00e9ficiaire ne soit pas \u00e9ligible \u00e0 la prime (dans sa version ant\u00e9rieure) \u00e0 la date de d\u00e9marrage des travaux ou prestations\u00a0\u00bb.<br \/>\nPar ailleurs, pour \u00e9viter des cumuls entre MaPrimeR\u00e9nov\u2019 et le CITE pour les propri\u00e9taires occupants, entre le 1er octobre et le 31 d\u00e9cembre 2020, une disposition est pr\u00e9vue pour autoriser l&rsquo;Anah \u00e0 transmettre syst\u00e9matiquement \u00e0 l&rsquo;administration fiscale les informations dont elle dispose sur les b\u00e9n\u00e9ficiaires de MaPrimeR\u00e9nov&rsquo;. Dans la r\u00e9alisation de cette communication, l\u2019Anah ne peut pas se voir opposer l\u2019obligation au secret professionnel.<br \/>\nEnfin, un seuil en dessous duquel MaPrimeR\u00e9nov\u2019 ne sera pas vers\u00e9e car le montant serait trop faible au regard des co\u00fbts d\u2019instruction, est instaur\u00e9. Parall\u00e8lement, il est pr\u00e9vu la cr\u00e9ation d\u2019un second seuil en de\u00e7\u00e0 duquel l\u2019Anah peut renoncer \u00e0 recouvrer les sommes ind\u00fbment per\u00e7ues. Le montant de ces deux seuils sera pr\u00e9cis\u00e9 par arr\u00eat\u00e9 conjoint des ministres charg\u00e9s du Logement, de l\u2019\u00c9nergie et du Budget.<\/p>\n<p>&nbsp;<\/p>\n<p>Source : Anil<\/p>\n<p>&nbsp;<\/p>\n","protected":false},"excerpt":{"rendered":"<p>La loi de finances pour 2021 a \u00e9t\u00e9 publi\u00e9e au Journal officiel du 30 d\u00e9cembre 2020. Parmi ses 271 articles, certains concernent l&rsquo;am\u00e9lioration \u00e9nerg\u00e9tique des b\u00e2timents, la transformation du CITE vers MaPrimeR\u00e9nov\u2019. Transformation du Cr\u00e9dit d\u2019imp\u00f4t pour la transition \u00e9nerg\u00e9tique (CITE) (LF 2021 : art. 53 \/ CGI : art. 200 quater) Dans la continuit\u00e9 [&hellip;]<\/p>\n","protected":false},"author":17,"featured_media":98496,"comment_status":"closed","ping_status":"closed","sticky":false,"template":"","format":"standard","meta":{"_et_pb_use_builder":"","_et_pb_old_content":"","_et_gb_content_width":"","footnotes":""},"categories":[10736,10530,6351,10781,10778],"tags":[428,12942],"class_list":["post-105329","post","type-post","status-publish","format-standard","has-post-thumbnail","hentry","category-a-la-une","category-actualites","category-energie-environnement","category-publications-planete","category-planete","tag-credit-dimpot","tag-maprimerenov"],"yoast_head":"<!-- This site is optimized with the Yoast SEO plugin v27.4 - https:\/\/yoast.com\/product\/yoast-seo-wordpress\/ -->\n<title>2021 : la transition entre CITE et MaPrimeR\u00e9nov\u2019 continue<\/title>\n<meta name=\"robots\" content=\"index, follow, max-snippet:-1, max-image-preview:large, max-video-preview:-1\" \/>\n<link rel=\"canonical\" href=\"https:\/\/batijournal.com\/index.php\/2021-la-transition-entre-cite-et-maprimerenov-continue\/105329\/\" \/>\n<meta property=\"og:locale\" content=\"fr_FR\" \/>\n<meta property=\"og:type\" content=\"article\" \/>\n<meta property=\"og:title\" content=\"2021 : la transition entre CITE et MaPrimeR\u00e9nov\u2019 continue\" \/>\n<meta property=\"og:description\" content=\"La loi de finances pour 2021 a \u00e9t\u00e9 publi\u00e9e au Journal officiel du 30 d\u00e9cembre 2020. Parmi ses 271 articles, certains concernent l&rsquo;am\u00e9lioration \u00e9nerg\u00e9tique des b\u00e2timents, la transformation du CITE vers MaPrimeR\u00e9nov\u2019. Transformation du Cr\u00e9dit d\u2019imp\u00f4t pour la transition \u00e9nerg\u00e9tique (CITE) (LF 2021 : art. 53 \/ CGI : art. 200 quater) Dans la continuit\u00e9 [&hellip;]\" \/>\n<meta property=\"og:url\" content=\"https:\/\/batijournal.com\/index.php\/2021-la-transition-entre-cite-et-maprimerenov-continue\/105329\/\" \/>\n<meta property=\"og:site_name\" content=\"Batijournal\" \/>\n<meta property=\"article:published_time\" content=\"2021-01-04T06:19:10+00:00\" \/>\n<meta property=\"og:image\" content=\"https:\/\/batijournal.com\/wp-content\/uploads\/2018\/02\/ite.jpg\" \/>\n\t<meta property=\"og:image:width\" content=\"1200\" \/>\n\t<meta property=\"og:image:height\" content=\"779\" \/>\n\t<meta property=\"og:image:type\" content=\"image\/jpeg\" \/>\n<meta name=\"author\" content=\"St\u00e9phane Miget\" \/>\n<meta name=\"twitter:card\" content=\"summary_large_image\" \/>\n<meta name=\"twitter:creator\" content=\"@bati_journal\" \/>\n<meta name=\"twitter:site\" content=\"@bati_journal\" \/>\n<meta name=\"twitter:label1\" content=\"\u00c9crit par\" \/>\n\t<meta name=\"twitter:data1\" content=\"St\u00e9phane Miget\" \/>\n\t<meta name=\"twitter:label2\" content=\"Dur\u00e9e de lecture estim\u00e9e\" \/>\n\t<meta name=\"twitter:data2\" content=\"4 minutes\" \/>\n<script type=\"application\/ld+json\" class=\"yoast-schema-graph\">{\"@context\":\"https:\\\/\\\/schema.org\",\"@graph\":[{\"@type\":\"Article\",\"@id\":\"https:\\\/\\\/batijournal.com\\\/index.php\\\/2021-la-transition-entre-cite-et-maprimerenov-continue\\\/105329\\\/#article\",\"isPartOf\":{\"@id\":\"https:\\\/\\\/batijournal.com\\\/index.php\\\/2021-la-transition-entre-cite-et-maprimerenov-continue\\\/105329\\\/\"},\"author\":{\"name\":\"St\u00e9phane Miget\",\"@id\":\"https:\\\/\\\/batijournal.com\\\/#\\\/schema\\\/person\\\/1dc96ec6957aa1ccb25ebe78bb19f100\"},\"headline\":\"2021 : la transition entre CITE et MaPrimeR\u00e9nov\u2019 continue\",\"datePublished\":\"2021-01-04T06:19:10+00:00\",\"mainEntityOfPage\":{\"@id\":\"https:\\\/\\\/batijournal.com\\\/index.php\\\/2021-la-transition-entre-cite-et-maprimerenov-continue\\\/105329\\\/\"},\"wordCount\":742,\"image\":{\"@id\":\"https:\\\/\\\/batijournal.com\\\/index.php\\\/2021-la-transition-entre-cite-et-maprimerenov-continue\\\/105329\\\/#primaryimage\"},\"thumbnailUrl\":\"https:\\\/\\\/batijournal.com\\\/wp-content\\\/uploads\\\/2018\\\/02\\\/ite.jpg\",\"keywords\":[\"cr\u00e9dit d'imp\u00f4t\",\"MaPrimeRenov\"],\"articleSection\":[\"A la Une\",\"Actualit\u00e9s\",\"\u00c9nergie &amp; Environnement\",\"zz_Actualit\u00e9s - Plan\u00e8te\",\"zz_Plan\u00e8te B\u00e2timent\"],\"inLanguage\":\"fr-FR\"},{\"@type\":\"WebPage\",\"@id\":\"https:\\\/\\\/batijournal.com\\\/index.php\\\/2021-la-transition-entre-cite-et-maprimerenov-continue\\\/105329\\\/\",\"url\":\"https:\\\/\\\/batijournal.com\\\/index.php\\\/2021-la-transition-entre-cite-et-maprimerenov-continue\\\/105329\\\/\",\"name\":\"2021 : la transition entre CITE et MaPrimeR\u00e9nov\u2019 continue\",\"isPartOf\":{\"@id\":\"https:\\\/\\\/batijournal.com\\\/#website\"},\"primaryImageOfPage\":{\"@id\":\"https:\\\/\\\/batijournal.com\\\/index.php\\\/2021-la-transition-entre-cite-et-maprimerenov-continue\\\/105329\\\/#primaryimage\"},\"image\":{\"@id\":\"https:\\\/\\\/batijournal.com\\\/index.php\\\/2021-la-transition-entre-cite-et-maprimerenov-continue\\\/105329\\\/#primaryimage\"},\"thumbnailUrl\":\"https:\\\/\\\/batijournal.com\\\/wp-content\\\/uploads\\\/2018\\\/02\\\/ite.jpg\",\"datePublished\":\"2021-01-04T06:19:10+00:00\",\"author\":{\"@id\":\"https:\\\/\\\/batijournal.com\\\/#\\\/schema\\\/person\\\/1dc96ec6957aa1ccb25ebe78bb19f100\"},\"breadcrumb\":{\"@id\":\"https:\\\/\\\/batijournal.com\\\/index.php\\\/2021-la-transition-entre-cite-et-maprimerenov-continue\\\/105329\\\/#breadcrumb\"},\"inLanguage\":\"fr-FR\",\"potentialAction\":[{\"@type\":\"ReadAction\",\"target\":[\"https:\\\/\\\/batijournal.com\\\/index.php\\\/2021-la-transition-entre-cite-et-maprimerenov-continue\\\/105329\\\/\"]}]},{\"@type\":\"ImageObject\",\"inLanguage\":\"fr-FR\",\"@id\":\"https:\\\/\\\/batijournal.com\\\/index.php\\\/2021-la-transition-entre-cite-et-maprimerenov-continue\\\/105329\\\/#primaryimage\",\"url\":\"https:\\\/\\\/batijournal.com\\\/wp-content\\\/uploads\\\/2018\\\/02\\\/ite.jpg\",\"contentUrl\":\"https:\\\/\\\/batijournal.com\\\/wp-content\\\/uploads\\\/2018\\\/02\\\/ite.jpg\",\"width\":1200,\"height\":779,\"caption\":\"Energie-Climat ADEME\"},{\"@type\":\"BreadcrumbList\",\"@id\":\"https:\\\/\\\/batijournal.com\\\/index.php\\\/2021-la-transition-entre-cite-et-maprimerenov-continue\\\/105329\\\/#breadcrumb\",\"itemListElement\":[{\"@type\":\"ListItem\",\"position\":1,\"name\":\"Accueil\",\"item\":\"https:\\\/\\\/batijournal.com\\\/\"},{\"@type\":\"ListItem\",\"position\":2,\"name\":\"Actualit\u00e9s\",\"item\":\"https:\\\/\\\/batijournal.com\\\/index.php\\\/category\\\/actualites\\\/\"},{\"@type\":\"ListItem\",\"position\":3,\"name\":\"\u00c9nergie &amp; Environnement\",\"item\":\"https:\\\/\\\/batijournal.com\\\/index.php\\\/category\\\/actualites\\\/energie-environnement\\\/\"},{\"@type\":\"ListItem\",\"position\":4,\"name\":\"2021 : la transition entre CITE et MaPrimeR\u00e9nov\u2019 continue\"}]},{\"@type\":\"WebSite\",\"@id\":\"https:\\\/\\\/batijournal.com\\\/#website\",\"url\":\"https:\\\/\\\/batijournal.com\\\/\",\"name\":\"Batijournal\",\"description\":\"L&#039;actualit\u00e9 du b\u00e2timent\",\"potentialAction\":[{\"@type\":\"SearchAction\",\"target\":{\"@type\":\"EntryPoint\",\"urlTemplate\":\"https:\\\/\\\/batijournal.com\\\/?s={search_term_string}\"},\"query-input\":{\"@type\":\"PropertyValueSpecification\",\"valueRequired\":true,\"valueName\":\"search_term_string\"}}],\"inLanguage\":\"fr-FR\"},{\"@type\":\"Person\",\"@id\":\"https:\\\/\\\/batijournal.com\\\/#\\\/schema\\\/person\\\/1dc96ec6957aa1ccb25ebe78bb19f100\",\"name\":\"St\u00e9phane Miget\",\"image\":{\"@type\":\"ImageObject\",\"inLanguage\":\"fr-FR\",\"@id\":\"https:\\\/\\\/secure.gravatar.com\\\/avatar\\\/89915563d925342126b8ef0281b93d9d7fc337043e8df017f780908eb9644451?s=96&d=mm&r=g\",\"url\":\"https:\\\/\\\/secure.gravatar.com\\\/avatar\\\/89915563d925342126b8ef0281b93d9d7fc337043e8df017f780908eb9644451?s=96&d=mm&r=g\",\"contentUrl\":\"https:\\\/\\\/secure.gravatar.com\\\/avatar\\\/89915563d925342126b8ef0281b93d9d7fc337043e8df017f780908eb9644451?s=96&d=mm&r=g\",\"caption\":\"St\u00e9phane Miget\"},\"url\":\"https:\\\/\\\/batijournal.com\\\/index.php\\\/author\\\/stephane\\\/\"}]}<\/script>\n<!-- \/ Yoast SEO plugin. -->","yoast_head_json":{"title":"2021 : la transition entre CITE et MaPrimeR\u00e9nov\u2019 continue","robots":{"index":"index","follow":"follow","max-snippet":"max-snippet:-1","max-image-preview":"max-image-preview:large","max-video-preview":"max-video-preview:-1"},"canonical":"https:\/\/batijournal.com\/index.php\/2021-la-transition-entre-cite-et-maprimerenov-continue\/105329\/","og_locale":"fr_FR","og_type":"article","og_title":"2021 : la transition entre CITE et MaPrimeR\u00e9nov\u2019 continue","og_description":"La loi de finances pour 2021 a \u00e9t\u00e9 publi\u00e9e au Journal officiel du 30 d\u00e9cembre 2020. Parmi ses 271 articles, certains concernent l&rsquo;am\u00e9lioration \u00e9nerg\u00e9tique des b\u00e2timents, la transformation du CITE vers MaPrimeR\u00e9nov\u2019. Transformation du Cr\u00e9dit d\u2019imp\u00f4t pour la transition \u00e9nerg\u00e9tique (CITE) (LF 2021 : art. 53 \/ CGI : art. 200 quater) Dans la continuit\u00e9 [&hellip;]","og_url":"https:\/\/batijournal.com\/index.php\/2021-la-transition-entre-cite-et-maprimerenov-continue\/105329\/","og_site_name":"Batijournal","article_published_time":"2021-01-04T06:19:10+00:00","og_image":[{"width":1200,"height":779,"url":"https:\/\/batijournal.com\/wp-content\/uploads\/2018\/02\/ite.jpg","type":"image\/jpeg"}],"author":"St\u00e9phane Miget","twitter_card":"summary_large_image","twitter_creator":"@bati_journal","twitter_site":"@bati_journal","twitter_misc":{"\u00c9crit par":"St\u00e9phane Miget","Dur\u00e9e de lecture estim\u00e9e":"4 minutes"},"schema":{"@context":"https:\/\/schema.org","@graph":[{"@type":"Article","@id":"https:\/\/batijournal.com\/index.php\/2021-la-transition-entre-cite-et-maprimerenov-continue\/105329\/#article","isPartOf":{"@id":"https:\/\/batijournal.com\/index.php\/2021-la-transition-entre-cite-et-maprimerenov-continue\/105329\/"},"author":{"name":"St\u00e9phane Miget","@id":"https:\/\/batijournal.com\/#\/schema\/person\/1dc96ec6957aa1ccb25ebe78bb19f100"},"headline":"2021 : la transition entre CITE et MaPrimeR\u00e9nov\u2019 continue","datePublished":"2021-01-04T06:19:10+00:00","mainEntityOfPage":{"@id":"https:\/\/batijournal.com\/index.php\/2021-la-transition-entre-cite-et-maprimerenov-continue\/105329\/"},"wordCount":742,"image":{"@id":"https:\/\/batijournal.com\/index.php\/2021-la-transition-entre-cite-et-maprimerenov-continue\/105329\/#primaryimage"},"thumbnailUrl":"https:\/\/batijournal.com\/wp-content\/uploads\/2018\/02\/ite.jpg","keywords":["cr\u00e9dit d'imp\u00f4t","MaPrimeRenov"],"articleSection":["A la Une","Actualit\u00e9s","\u00c9nergie &amp; Environnement","zz_Actualit\u00e9s - Plan\u00e8te","zz_Plan\u00e8te B\u00e2timent"],"inLanguage":"fr-FR"},{"@type":"WebPage","@id":"https:\/\/batijournal.com\/index.php\/2021-la-transition-entre-cite-et-maprimerenov-continue\/105329\/","url":"https:\/\/batijournal.com\/index.php\/2021-la-transition-entre-cite-et-maprimerenov-continue\/105329\/","name":"2021 : la transition entre CITE et MaPrimeR\u00e9nov\u2019 continue","isPartOf":{"@id":"https:\/\/batijournal.com\/#website"},"primaryImageOfPage":{"@id":"https:\/\/batijournal.com\/index.php\/2021-la-transition-entre-cite-et-maprimerenov-continue\/105329\/#primaryimage"},"image":{"@id":"https:\/\/batijournal.com\/index.php\/2021-la-transition-entre-cite-et-maprimerenov-continue\/105329\/#primaryimage"},"thumbnailUrl":"https:\/\/batijournal.com\/wp-content\/uploads\/2018\/02\/ite.jpg","datePublished":"2021-01-04T06:19:10+00:00","author":{"@id":"https:\/\/batijournal.com\/#\/schema\/person\/1dc96ec6957aa1ccb25ebe78bb19f100"},"breadcrumb":{"@id":"https:\/\/batijournal.com\/index.php\/2021-la-transition-entre-cite-et-maprimerenov-continue\/105329\/#breadcrumb"},"inLanguage":"fr-FR","potentialAction":[{"@type":"ReadAction","target":["https:\/\/batijournal.com\/index.php\/2021-la-transition-entre-cite-et-maprimerenov-continue\/105329\/"]}]},{"@type":"ImageObject","inLanguage":"fr-FR","@id":"https:\/\/batijournal.com\/index.php\/2021-la-transition-entre-cite-et-maprimerenov-continue\/105329\/#primaryimage","url":"https:\/\/batijournal.com\/wp-content\/uploads\/2018\/02\/ite.jpg","contentUrl":"https:\/\/batijournal.com\/wp-content\/uploads\/2018\/02\/ite.jpg","width":1200,"height":779,"caption":"Energie-Climat ADEME"},{"@type":"BreadcrumbList","@id":"https:\/\/batijournal.com\/index.php\/2021-la-transition-entre-cite-et-maprimerenov-continue\/105329\/#breadcrumb","itemListElement":[{"@type":"ListItem","position":1,"name":"Accueil","item":"https:\/\/batijournal.com\/"},{"@type":"ListItem","position":2,"name":"Actualit\u00e9s","item":"https:\/\/batijournal.com\/index.php\/category\/actualites\/"},{"@type":"ListItem","position":3,"name":"\u00c9nergie &amp; Environnement","item":"https:\/\/batijournal.com\/index.php\/category\/actualites\/energie-environnement\/"},{"@type":"ListItem","position":4,"name":"2021 : la transition entre CITE et MaPrimeR\u00e9nov\u2019 continue"}]},{"@type":"WebSite","@id":"https:\/\/batijournal.com\/#website","url":"https:\/\/batijournal.com\/","name":"Batijournal","description":"L&#039;actualit\u00e9 du b\u00e2timent","potentialAction":[{"@type":"SearchAction","target":{"@type":"EntryPoint","urlTemplate":"https:\/\/batijournal.com\/?s={search_term_string}"},"query-input":{"@type":"PropertyValueSpecification","valueRequired":true,"valueName":"search_term_string"}}],"inLanguage":"fr-FR"},{"@type":"Person","@id":"https:\/\/batijournal.com\/#\/schema\/person\/1dc96ec6957aa1ccb25ebe78bb19f100","name":"St\u00e9phane Miget","image":{"@type":"ImageObject","inLanguage":"fr-FR","@id":"https:\/\/secure.gravatar.com\/avatar\/89915563d925342126b8ef0281b93d9d7fc337043e8df017f780908eb9644451?s=96&d=mm&r=g","url":"https:\/\/secure.gravatar.com\/avatar\/89915563d925342126b8ef0281b93d9d7fc337043e8df017f780908eb9644451?s=96&d=mm&r=g","contentUrl":"https:\/\/secure.gravatar.com\/avatar\/89915563d925342126b8ef0281b93d9d7fc337043e8df017f780908eb9644451?s=96&d=mm&r=g","caption":"St\u00e9phane Miget"},"url":"https:\/\/batijournal.com\/index.php\/author\/stephane\/"}]}},"_links":{"self":[{"href":"https:\/\/batijournal.com\/index.php\/wp-json\/wp\/v2\/posts\/105329","targetHints":{"allow":["GET"]}}],"collection":[{"href":"https:\/\/batijournal.com\/index.php\/wp-json\/wp\/v2\/posts"}],"about":[{"href":"https:\/\/batijournal.com\/index.php\/wp-json\/wp\/v2\/types\/post"}],"author":[{"embeddable":true,"href":"https:\/\/batijournal.com\/index.php\/wp-json\/wp\/v2\/users\/17"}],"replies":[{"embeddable":true,"href":"https:\/\/batijournal.com\/index.php\/wp-json\/wp\/v2\/comments?post=105329"}],"version-history":[{"count":0,"href":"https:\/\/batijournal.com\/index.php\/wp-json\/wp\/v2\/posts\/105329\/revisions"}],"wp:featuredmedia":[{"embeddable":true,"href":"https:\/\/batijournal.com\/index.php\/wp-json\/wp\/v2\/media\/98496"}],"wp:attachment":[{"href":"https:\/\/batijournal.com\/index.php\/wp-json\/wp\/v2\/media?parent=105329"}],"wp:term":[{"taxonomy":"category","embeddable":true,"href":"https:\/\/batijournal.com\/index.php\/wp-json\/wp\/v2\/categories?post=105329"},{"taxonomy":"post_tag","embeddable":true,"href":"https:\/\/batijournal.com\/index.php\/wp-json\/wp\/v2\/tags?post=105329"}],"curies":[{"name":"wp","href":"https:\/\/api.w.org\/{rel}","templated":true}]}}