{"id":105331,"date":"2021-01-05T08:49:52","date_gmt":"2021-01-05T07:49:52","guid":{"rendered":"https:\/\/batijournal.com\/?p=105331"},"modified":"2021-01-05T08:49:52","modified_gmt":"2021-01-05T07:49:52","slug":"lademe-subventionne-isover-dans-le-cadre-de-son-engagement-en-faveur-de-la-decarbonation","status":"publish","type":"post","link":"https:\/\/batijournal.com\/index.php\/lademe-subventionne-isover-dans-le-cadre-de-son-engagement-en-faveur-de-la-decarbonation\/105331\/","title":{"rendered":"L&rsquo;ADEME subventionne ISOVER dans le cadre de son engagement en faveur de la d\u00e9carbonation"},"content":{"rendered":"<p>ISOVER investit dans un projet r\u00e9pondant aux enjeux de d\u00e9carbonisation industrielle en France pour un montant de 3,8 millions d\u2019euros dont 800 000 euros seront subventionn\u00e9s par l\u2019ADEME, partenaire du plan \u201cFrance Relance\u201d. Une subvention qui valorise les engagements et investissements de l&rsquo;industriel pour ses d\u00e9marches favorables au d\u00e9veloppement durable et \u00e0 la d\u00e9carbonation, notamment dans ses usines fran\u00e7aises. La feuille de route environnementale pour l\u2019usine d\u2019Orange vise -33 % d\u2019\u00e9missions de CO2 \u00e0 l\u2019horizon 2030. Trois axes de d\u00e9veloppement sont pr\u00e9vus pour des travaux d\u00e9butant en septembre prochain. Tout d&rsquo;abord, la modification de la tour de composition verri\u00e8re, qui permettra d\u2019augmenter d\u2019au moins 20 % le taux de mati\u00e8res recycl\u00e9es (calcin externe) passant de 40 % \u00e0 60 % a minima et engendrera des \u00e9conomies d\u2019\u00e9nergie et de CO? gr\u00e2ce \u00e0 une baisse en temp\u00e9rature induite du four. Ce projet permettra d\u2019augmenter le taux de mati\u00e8res recycl\u00e9es dans son four de fusion verri\u00e8re et de r\u00e9duire les \u00e9missions de CO? de 2 800 tonnes\/an, soit une baisse des \u00e9missions de CO? de 4 600 tonnes\/an, calcul\u00e9 sur la base du cycle de vie complet du produit. Ensuite, l\u2019agrandissement de la zone de stockage externe des calcins, avec la cr\u00e9ation de 4 stands d\u2019environ 200 m\u00b2 chacun, permettant une meilleure s\u00e9paration des diverses sources et facilitant leur exploitation. Enfin, les \u00e9quipements permettant de transporter les mati\u00e8res premi\u00e8res vers le four seront remplac\u00e9s par des convoyeurs \u00e0 bande plus adapt\u00e9s.<\/p>\n","protected":false},"excerpt":{"rendered":"<p>ISOVER investit dans un projet r\u00e9pondant aux enjeux de d\u00e9carbonisation industrielle en France pour un montant de 3,8 millions d\u2019euros dont 800 000 euros seront subventionn\u00e9s par l\u2019ADEME, partenaire du plan \u201cFrance Relance\u201d. Une subvention qui valorise les engagements et investissements de l&rsquo;industriel pour ses d\u00e9marches favorables au d\u00e9veloppement durable et \u00e0 la d\u00e9carbonation, notamment [&hellip;]<\/p>\n","protected":false},"author":17,"featured_media":105333,"comment_status":"closed","ping_status":"closed","sticky":false,"template":"","format":"standard","meta":{"_et_pb_use_builder":"","_et_pb_old_content":"","_et_gb_content_width":"","footnotes":""},"categories":[10530,6351,10781,10778],"tags":[7976],"class_list":["post-105331","post","type-post","status-publish","format-standard","has-post-thumbnail","hentry","category-actualites","category-energie-environnement","category-publications-planete","category-planete","tag-empreinte-carbone"],"yoast_head":"<!-- This site is optimized with the Yoast SEO plugin v27.4 - https:\/\/yoast.com\/product\/yoast-seo-wordpress\/ -->\n<title>L&#039;ADEME subventionne ISOVER dans le cadre de son engagement en faveur de la d\u00e9carbonation<\/title>\n<meta name=\"robots\" content=\"index, follow, max-snippet:-1, max-image-preview:large, max-video-preview:-1\" \/>\n<link rel=\"canonical\" href=\"https:\/\/batijournal.com\/index.php\/lademe-subventionne-isover-dans-le-cadre-de-son-engagement-en-faveur-de-la-decarbonation\/105331\/\" \/>\n<meta property=\"og:locale\" content=\"fr_FR\" \/>\n<meta property=\"og:type\" content=\"article\" \/>\n<meta property=\"og:title\" content=\"L&#039;ADEME subventionne ISOVER dans le cadre de son engagement en faveur de la d\u00e9carbonation\" \/>\n<meta property=\"og:description\" content=\"ISOVER investit dans un projet r\u00e9pondant aux enjeux de d\u00e9carbonisation industrielle en France pour un montant de 3,8 millions d\u2019euros dont 800 000 euros seront subventionn\u00e9s par l\u2019ADEME, partenaire du plan \u201cFrance Relance\u201d. Une subvention qui valorise les engagements et investissements de l&rsquo;industriel pour ses d\u00e9marches favorables au d\u00e9veloppement durable et \u00e0 la d\u00e9carbonation, notamment [&hellip;]\" \/>\n<meta property=\"og:url\" content=\"https:\/\/batijournal.com\/index.php\/lademe-subventionne-isover-dans-le-cadre-de-son-engagement-en-faveur-de-la-decarbonation\/105331\/\" \/>\n<meta property=\"og:site_name\" content=\"Batijournal\" \/>\n<meta property=\"article:published_time\" content=\"2021-01-05T07:49:52+00:00\" \/>\n<meta property=\"og:image\" content=\"https:\/\/batijournal.com\/wp-content\/uploads\/2021\/01\/isover-decarbonatation-carbone.png\" \/>\n\t<meta property=\"og:image:width\" content=\"853\" \/>\n\t<meta property=\"og:image:height\" content=\"474\" \/>\n\t<meta property=\"og:image:type\" content=\"image\/png\" \/>\n<meta name=\"author\" content=\"St\u00e9phane Miget\" \/>\n<meta name=\"twitter:card\" content=\"summary_large_image\" \/>\n<meta name=\"twitter:creator\" content=\"@bati_journal\" \/>\n<meta name=\"twitter:site\" content=\"@bati_journal\" \/>\n<meta name=\"twitter:label1\" content=\"\u00c9crit par\" \/>\n\t<meta name=\"twitter:data1\" content=\"St\u00e9phane Miget\" \/>\n\t<meta name=\"twitter:label2\" content=\"Dur\u00e9e de lecture estim\u00e9e\" \/>\n\t<meta name=\"twitter:data2\" content=\"1 minute\" \/>\n<script type=\"application\/ld+json\" class=\"yoast-schema-graph\">{\"@context\":\"https:\\\/\\\/schema.org\",\"@graph\":[{\"@type\":\"Article\",\"@id\":\"https:\\\/\\\/batijournal.com\\\/index.php\\\/lademe-subventionne-isover-dans-le-cadre-de-son-engagement-en-faveur-de-la-decarbonation\\\/105331\\\/#article\",\"isPartOf\":{\"@id\":\"https:\\\/\\\/batijournal.com\\\/index.php\\\/lademe-subventionne-isover-dans-le-cadre-de-son-engagement-en-faveur-de-la-decarbonation\\\/105331\\\/\"},\"author\":{\"name\":\"St\u00e9phane Miget\",\"@id\":\"https:\\\/\\\/batijournal.com\\\/#\\\/schema\\\/person\\\/1dc96ec6957aa1ccb25ebe78bb19f100\"},\"headline\":\"L&rsquo;ADEME subventionne ISOVER dans le cadre de son engagement en faveur de la d\u00e9carbonation\",\"datePublished\":\"2021-01-05T07:49:52+00:00\",\"mainEntityOfPage\":{\"@id\":\"https:\\\/\\\/batijournal.com\\\/index.php\\\/lademe-subventionne-isover-dans-le-cadre-de-son-engagement-en-faveur-de-la-decarbonation\\\/105331\\\/\"},\"wordCount\":274,\"image\":{\"@id\":\"https:\\\/\\\/batijournal.com\\\/index.php\\\/lademe-subventionne-isover-dans-le-cadre-de-son-engagement-en-faveur-de-la-decarbonation\\\/105331\\\/#primaryimage\"},\"thumbnailUrl\":\"https:\\\/\\\/batijournal.com\\\/wp-content\\\/uploads\\\/2021\\\/01\\\/isover-decarbonatation-carbone.png\",\"keywords\":[\"empreinte carbone\"],\"articleSection\":[\"Actualit\u00e9s\",\"\u00c9nergie &amp; Environnement\",\"zz_Actualit\u00e9s - Plan\u00e8te\",\"zz_Plan\u00e8te B\u00e2timent\"],\"inLanguage\":\"fr-FR\"},{\"@type\":\"WebPage\",\"@id\":\"https:\\\/\\\/batijournal.com\\\/index.php\\\/lademe-subventionne-isover-dans-le-cadre-de-son-engagement-en-faveur-de-la-decarbonation\\\/105331\\\/\",\"url\":\"https:\\\/\\\/batijournal.com\\\/index.php\\\/lademe-subventionne-isover-dans-le-cadre-de-son-engagement-en-faveur-de-la-decarbonation\\\/105331\\\/\",\"name\":\"L'ADEME subventionne ISOVER dans le cadre de son engagement en faveur de la d\u00e9carbonation\",\"isPartOf\":{\"@id\":\"https:\\\/\\\/batijournal.com\\\/#website\"},\"primaryImageOfPage\":{\"@id\":\"https:\\\/\\\/batijournal.com\\\/index.php\\\/lademe-subventionne-isover-dans-le-cadre-de-son-engagement-en-faveur-de-la-decarbonation\\\/105331\\\/#primaryimage\"},\"image\":{\"@id\":\"https:\\\/\\\/batijournal.com\\\/index.php\\\/lademe-subventionne-isover-dans-le-cadre-de-son-engagement-en-faveur-de-la-decarbonation\\\/105331\\\/#primaryimage\"},\"thumbnailUrl\":\"https:\\\/\\\/batijournal.com\\\/wp-content\\\/uploads\\\/2021\\\/01\\\/isover-decarbonatation-carbone.png\",\"datePublished\":\"2021-01-05T07:49:52+00:00\",\"author\":{\"@id\":\"https:\\\/\\\/batijournal.com\\\/#\\\/schema\\\/person\\\/1dc96ec6957aa1ccb25ebe78bb19f100\"},\"breadcrumb\":{\"@id\":\"https:\\\/\\\/batijournal.com\\\/index.php\\\/lademe-subventionne-isover-dans-le-cadre-de-son-engagement-en-faveur-de-la-decarbonation\\\/105331\\\/#breadcrumb\"},\"inLanguage\":\"fr-FR\",\"potentialAction\":[{\"@type\":\"ReadAction\",\"target\":[\"https:\\\/\\\/batijournal.com\\\/index.php\\\/lademe-subventionne-isover-dans-le-cadre-de-son-engagement-en-faveur-de-la-decarbonation\\\/105331\\\/\"]}]},{\"@type\":\"ImageObject\",\"inLanguage\":\"fr-FR\",\"@id\":\"https:\\\/\\\/batijournal.com\\\/index.php\\\/lademe-subventionne-isover-dans-le-cadre-de-son-engagement-en-faveur-de-la-decarbonation\\\/105331\\\/#primaryimage\",\"url\":\"https:\\\/\\\/batijournal.com\\\/wp-content\\\/uploads\\\/2021\\\/01\\\/isover-decarbonatation-carbone.png\",\"contentUrl\":\"https:\\\/\\\/batijournal.com\\\/wp-content\\\/uploads\\\/2021\\\/01\\\/isover-decarbonatation-carbone.png\",\"width\":853,\"height\":474},{\"@type\":\"BreadcrumbList\",\"@id\":\"https:\\\/\\\/batijournal.com\\\/index.php\\\/lademe-subventionne-isover-dans-le-cadre-de-son-engagement-en-faveur-de-la-decarbonation\\\/105331\\\/#breadcrumb\",\"itemListElement\":[{\"@type\":\"ListItem\",\"position\":1,\"name\":\"Accueil\",\"item\":\"https:\\\/\\\/batijournal.com\\\/\"},{\"@type\":\"ListItem\",\"position\":2,\"name\":\"Actualit\u00e9s\",\"item\":\"https:\\\/\\\/batijournal.com\\\/index.php\\\/category\\\/actualites\\\/\"},{\"@type\":\"ListItem\",\"position\":3,\"name\":\"\u00c9nergie &amp; Environnement\",\"item\":\"https:\\\/\\\/batijournal.com\\\/index.php\\\/category\\\/actualites\\\/energie-environnement\\\/\"},{\"@type\":\"ListItem\",\"position\":4,\"name\":\"L&rsquo;ADEME subventionne ISOVER dans le cadre de son engagement en faveur de la d\u00e9carbonation\"}]},{\"@type\":\"WebSite\",\"@id\":\"https:\\\/\\\/batijournal.com\\\/#website\",\"url\":\"https:\\\/\\\/batijournal.com\\\/\",\"name\":\"Batijournal\",\"description\":\"L&#039;actualit\u00e9 du b\u00e2timent\",\"potentialAction\":[{\"@type\":\"SearchAction\",\"target\":{\"@type\":\"EntryPoint\",\"urlTemplate\":\"https:\\\/\\\/batijournal.com\\\/?s={search_term_string}\"},\"query-input\":{\"@type\":\"PropertyValueSpecification\",\"valueRequired\":true,\"valueName\":\"search_term_string\"}}],\"inLanguage\":\"fr-FR\"},{\"@type\":\"Person\",\"@id\":\"https:\\\/\\\/batijournal.com\\\/#\\\/schema\\\/person\\\/1dc96ec6957aa1ccb25ebe78bb19f100\",\"name\":\"St\u00e9phane Miget\",\"image\":{\"@type\":\"ImageObject\",\"inLanguage\":\"fr-FR\",\"@id\":\"https:\\\/\\\/secure.gravatar.com\\\/avatar\\\/89915563d925342126b8ef0281b93d9d7fc337043e8df017f780908eb9644451?s=96&d=mm&r=g\",\"url\":\"https:\\\/\\\/secure.gravatar.com\\\/avatar\\\/89915563d925342126b8ef0281b93d9d7fc337043e8df017f780908eb9644451?s=96&d=mm&r=g\",\"contentUrl\":\"https:\\\/\\\/secure.gravatar.com\\\/avatar\\\/89915563d925342126b8ef0281b93d9d7fc337043e8df017f780908eb9644451?s=96&d=mm&r=g\",\"caption\":\"St\u00e9phane Miget\"},\"url\":\"https:\\\/\\\/batijournal.com\\\/index.php\\\/author\\\/stephane\\\/\"}]}<\/script>\n<!-- \/ Yoast SEO plugin. -->","yoast_head_json":{"title":"L'ADEME subventionne ISOVER dans le cadre de son engagement en faveur de la d\u00e9carbonation","robots":{"index":"index","follow":"follow","max-snippet":"max-snippet:-1","max-image-preview":"max-image-preview:large","max-video-preview":"max-video-preview:-1"},"canonical":"https:\/\/batijournal.com\/index.php\/lademe-subventionne-isover-dans-le-cadre-de-son-engagement-en-faveur-de-la-decarbonation\/105331\/","og_locale":"fr_FR","og_type":"article","og_title":"L'ADEME subventionne ISOVER dans le cadre de son engagement en faveur de la d\u00e9carbonation","og_description":"ISOVER investit dans un projet r\u00e9pondant aux enjeux de d\u00e9carbonisation industrielle en France pour un montant de 3,8 millions d\u2019euros dont 800 000 euros seront subventionn\u00e9s par l\u2019ADEME, partenaire du plan \u201cFrance Relance\u201d. Une subvention qui valorise les engagements et investissements de l&rsquo;industriel pour ses d\u00e9marches favorables au d\u00e9veloppement durable et \u00e0 la d\u00e9carbonation, notamment [&hellip;]","og_url":"https:\/\/batijournal.com\/index.php\/lademe-subventionne-isover-dans-le-cadre-de-son-engagement-en-faveur-de-la-decarbonation\/105331\/","og_site_name":"Batijournal","article_published_time":"2021-01-05T07:49:52+00:00","og_image":[{"width":853,"height":474,"url":"https:\/\/batijournal.com\/wp-content\/uploads\/2021\/01\/isover-decarbonatation-carbone.png","type":"image\/png"}],"author":"St\u00e9phane Miget","twitter_card":"summary_large_image","twitter_creator":"@bati_journal","twitter_site":"@bati_journal","twitter_misc":{"\u00c9crit par":"St\u00e9phane Miget","Dur\u00e9e de lecture estim\u00e9e":"1 minute"},"schema":{"@context":"https:\/\/schema.org","@graph":[{"@type":"Article","@id":"https:\/\/batijournal.com\/index.php\/lademe-subventionne-isover-dans-le-cadre-de-son-engagement-en-faveur-de-la-decarbonation\/105331\/#article","isPartOf":{"@id":"https:\/\/batijournal.com\/index.php\/lademe-subventionne-isover-dans-le-cadre-de-son-engagement-en-faveur-de-la-decarbonation\/105331\/"},"author":{"name":"St\u00e9phane Miget","@id":"https:\/\/batijournal.com\/#\/schema\/person\/1dc96ec6957aa1ccb25ebe78bb19f100"},"headline":"L&rsquo;ADEME subventionne ISOVER dans le cadre de son engagement en faveur de la d\u00e9carbonation","datePublished":"2021-01-05T07:49:52+00:00","mainEntityOfPage":{"@id":"https:\/\/batijournal.com\/index.php\/lademe-subventionne-isover-dans-le-cadre-de-son-engagement-en-faveur-de-la-decarbonation\/105331\/"},"wordCount":274,"image":{"@id":"https:\/\/batijournal.com\/index.php\/lademe-subventionne-isover-dans-le-cadre-de-son-engagement-en-faveur-de-la-decarbonation\/105331\/#primaryimage"},"thumbnailUrl":"https:\/\/batijournal.com\/wp-content\/uploads\/2021\/01\/isover-decarbonatation-carbone.png","keywords":["empreinte carbone"],"articleSection":["Actualit\u00e9s","\u00c9nergie &amp; Environnement","zz_Actualit\u00e9s - Plan\u00e8te","zz_Plan\u00e8te B\u00e2timent"],"inLanguage":"fr-FR"},{"@type":"WebPage","@id":"https:\/\/batijournal.com\/index.php\/lademe-subventionne-isover-dans-le-cadre-de-son-engagement-en-faveur-de-la-decarbonation\/105331\/","url":"https:\/\/batijournal.com\/index.php\/lademe-subventionne-isover-dans-le-cadre-de-son-engagement-en-faveur-de-la-decarbonation\/105331\/","name":"L'ADEME subventionne ISOVER dans le cadre de son engagement en faveur de la d\u00e9carbonation","isPartOf":{"@id":"https:\/\/batijournal.com\/#website"},"primaryImageOfPage":{"@id":"https:\/\/batijournal.com\/index.php\/lademe-subventionne-isover-dans-le-cadre-de-son-engagement-en-faveur-de-la-decarbonation\/105331\/#primaryimage"},"image":{"@id":"https:\/\/batijournal.com\/index.php\/lademe-subventionne-isover-dans-le-cadre-de-son-engagement-en-faveur-de-la-decarbonation\/105331\/#primaryimage"},"thumbnailUrl":"https:\/\/batijournal.com\/wp-content\/uploads\/2021\/01\/isover-decarbonatation-carbone.png","datePublished":"2021-01-05T07:49:52+00:00","author":{"@id":"https:\/\/batijournal.com\/#\/schema\/person\/1dc96ec6957aa1ccb25ebe78bb19f100"},"breadcrumb":{"@id":"https:\/\/batijournal.com\/index.php\/lademe-subventionne-isover-dans-le-cadre-de-son-engagement-en-faveur-de-la-decarbonation\/105331\/#breadcrumb"},"inLanguage":"fr-FR","potentialAction":[{"@type":"ReadAction","target":["https:\/\/batijournal.com\/index.php\/lademe-subventionne-isover-dans-le-cadre-de-son-engagement-en-faveur-de-la-decarbonation\/105331\/"]}]},{"@type":"ImageObject","inLanguage":"fr-FR","@id":"https:\/\/batijournal.com\/index.php\/lademe-subventionne-isover-dans-le-cadre-de-son-engagement-en-faveur-de-la-decarbonation\/105331\/#primaryimage","url":"https:\/\/batijournal.com\/wp-content\/uploads\/2021\/01\/isover-decarbonatation-carbone.png","contentUrl":"https:\/\/batijournal.com\/wp-content\/uploads\/2021\/01\/isover-decarbonatation-carbone.png","width":853,"height":474},{"@type":"BreadcrumbList","@id":"https:\/\/batijournal.com\/index.php\/lademe-subventionne-isover-dans-le-cadre-de-son-engagement-en-faveur-de-la-decarbonation\/105331\/#breadcrumb","itemListElement":[{"@type":"ListItem","position":1,"name":"Accueil","item":"https:\/\/batijournal.com\/"},{"@type":"ListItem","position":2,"name":"Actualit\u00e9s","item":"https:\/\/batijournal.com\/index.php\/category\/actualites\/"},{"@type":"ListItem","position":3,"name":"\u00c9nergie &amp; Environnement","item":"https:\/\/batijournal.com\/index.php\/category\/actualites\/energie-environnement\/"},{"@type":"ListItem","position":4,"name":"L&rsquo;ADEME subventionne ISOVER dans le cadre de son engagement en faveur de la d\u00e9carbonation"}]},{"@type":"WebSite","@id":"https:\/\/batijournal.com\/#website","url":"https:\/\/batijournal.com\/","name":"Batijournal","description":"L&#039;actualit\u00e9 du b\u00e2timent","potentialAction":[{"@type":"SearchAction","target":{"@type":"EntryPoint","urlTemplate":"https:\/\/batijournal.com\/?s={search_term_string}"},"query-input":{"@type":"PropertyValueSpecification","valueRequired":true,"valueName":"search_term_string"}}],"inLanguage":"fr-FR"},{"@type":"Person","@id":"https:\/\/batijournal.com\/#\/schema\/person\/1dc96ec6957aa1ccb25ebe78bb19f100","name":"St\u00e9phane Miget","image":{"@type":"ImageObject","inLanguage":"fr-FR","@id":"https:\/\/secure.gravatar.com\/avatar\/89915563d925342126b8ef0281b93d9d7fc337043e8df017f780908eb9644451?s=96&d=mm&r=g","url":"https:\/\/secure.gravatar.com\/avatar\/89915563d925342126b8ef0281b93d9d7fc337043e8df017f780908eb9644451?s=96&d=mm&r=g","contentUrl":"https:\/\/secure.gravatar.com\/avatar\/89915563d925342126b8ef0281b93d9d7fc337043e8df017f780908eb9644451?s=96&d=mm&r=g","caption":"St\u00e9phane Miget"},"url":"https:\/\/batijournal.com\/index.php\/author\/stephane\/"}]}},"_links":{"self":[{"href":"https:\/\/batijournal.com\/index.php\/wp-json\/wp\/v2\/posts\/105331","targetHints":{"allow":["GET"]}}],"collection":[{"href":"https:\/\/batijournal.com\/index.php\/wp-json\/wp\/v2\/posts"}],"about":[{"href":"https:\/\/batijournal.com\/index.php\/wp-json\/wp\/v2\/types\/post"}],"author":[{"embeddable":true,"href":"https:\/\/batijournal.com\/index.php\/wp-json\/wp\/v2\/users\/17"}],"replies":[{"embeddable":true,"href":"https:\/\/batijournal.com\/index.php\/wp-json\/wp\/v2\/comments?post=105331"}],"version-history":[{"count":0,"href":"https:\/\/batijournal.com\/index.php\/wp-json\/wp\/v2\/posts\/105331\/revisions"}],"wp:featuredmedia":[{"embeddable":true,"href":"https:\/\/batijournal.com\/index.php\/wp-json\/wp\/v2\/media\/105333"}],"wp:attachment":[{"href":"https:\/\/batijournal.com\/index.php\/wp-json\/wp\/v2\/media?parent=105331"}],"wp:term":[{"taxonomy":"category","embeddable":true,"href":"https:\/\/batijournal.com\/index.php\/wp-json\/wp\/v2\/categories?post=105331"},{"taxonomy":"post_tag","embeddable":true,"href":"https:\/\/batijournal.com\/index.php\/wp-json\/wp\/v2\/tags?post=105331"}],"curies":[{"name":"wp","href":"https:\/\/api.w.org\/{rel}","templated":true}]}}