{"id":105335,"date":"2021-01-05T08:50:57","date_gmt":"2021-01-05T07:50:57","guid":{"rendered":"https:\/\/batijournal.com\/?p=105335"},"modified":"2021-01-05T08:50:57","modified_gmt":"2021-01-05T07:50:57","slug":"premier-beton-pret-a-lemploi-a-base-de-bois-chez-vicat","status":"publish","type":"post","link":"https:\/\/batijournal.com\/index.php\/premier-beton-pret-a-lemploi-a-base-de-bois-chez-vicat\/105335\/","title":{"rendered":"Premier b\u00e9ton pr\u00eat \u00e0 l\u2019emploi \u00e0 base de bois chez Vicat"},"content":{"rendered":"<p>L\u2019offre bas carbone Vicat s\u2019enrichit du premier B\u00e9ton Pr\u00eat \u00e0 l\u2019Emploi (BPE) biosourc\u00e9 \u00e0 base de bois. Compos\u00e9 de ciment bas carbone \u00ab Naturat \u00bb, de granulats de bois et d\u2019une charge min\u00e9rale, il est livr\u00e9 en toupie pour une mise en \u0153uvre identique \u00e0 celle d\u2019un b\u00e9ton traditionnel. Compatible avec le savoir-faire que les ma\u00e7ons ont d\u00e9velopp\u00e9 depuis des d\u00e9cennies, il pr\u00e9sente une rh\u00e9ologie de 90 minutes et une consistance adapt\u00e9e au remplissage de coffrages. La diversit\u00e9 des formulations permet de r\u00e9pondre \u00e0 de nombreuses applications. Un premier chantier sera r\u00e9alis\u00e9 aux Puces du Canal \u00e0 Villeurbanne (69) pour un ouvrage li\u00e9 \u00e0 la mobilit\u00e9 douce.<br \/>\n<em>\u00ab L\u2019inclusion du bois dans une charge min\u00e9rale donne naissance \u00e0 un nouveau mat\u00e9riau qu\u2019il est possible de produire sur tout le territoire. Il compl\u00e8te notre offre de mat\u00e9riaux biosourc\u00e9s initialement destin\u00e9s \u00e0 la pr\u00e9fabrication. Ce d\u00e9veloppement est une r\u00e9ponse aux besoins de la future RE2020 et accompagne les fili\u00e8res de la construction vers la neutralit\u00e9 carbone. \u00bb<\/em>\u00a0\u00a0Guy Sidos, Pr\u00e9sident-directeur g\u00e9n\u00e9ral du groupe Vicat<\/p>\n<p>Photo : Vicat<\/p>\n","protected":false},"excerpt":{"rendered":"<p>L\u2019offre bas carbone Vicat s\u2019enrichit du premier B\u00e9ton Pr\u00eat \u00e0 l\u2019Emploi (BPE) biosourc\u00e9 \u00e0 base de bois. Compos\u00e9 de ciment bas carbone \u00ab Naturat \u00bb, de granulats de bois et d\u2019une charge min\u00e9rale, il est livr\u00e9 en toupie pour une mise en \u0153uvre identique \u00e0 celle d\u2019un b\u00e9ton traditionnel. Compatible avec le savoir-faire que les [&hellip;]<\/p>\n","protected":false},"author":17,"featured_media":105332,"comment_status":"closed","ping_status":"closed","sticky":false,"template":"","format":"standard","meta":{"_et_pb_use_builder":"","_et_pb_old_content":"","_et_gb_content_width":"","footnotes":""},"categories":[10530,6362,10781,10778],"tags":[12497],"class_list":["post-105335","post","type-post","status-publish","format-standard","has-post-thumbnail","hentry","category-actualites","category-services-equipements","category-publications-planete","category-planete","tag-materiaux-biosources"],"yoast_head":"<!-- This site is optimized with the Yoast SEO plugin v27.4 - https:\/\/yoast.com\/product\/yoast-seo-wordpress\/ -->\n<title>Premier b\u00e9ton pr\u00eat \u00e0 l\u2019emploi \u00e0 base de bois chez Vicat<\/title>\n<meta name=\"robots\" content=\"index, follow, max-snippet:-1, max-image-preview:large, max-video-preview:-1\" \/>\n<link rel=\"canonical\" href=\"https:\/\/batijournal.com\/index.php\/premier-beton-pret-a-lemploi-a-base-de-bois-chez-vicat\/105335\/\" \/>\n<meta property=\"og:locale\" content=\"fr_FR\" \/>\n<meta property=\"og:type\" content=\"article\" \/>\n<meta property=\"og:title\" content=\"Premier b\u00e9ton pr\u00eat \u00e0 l\u2019emploi \u00e0 base de bois chez Vicat\" \/>\n<meta property=\"og:description\" content=\"L\u2019offre bas carbone Vicat s\u2019enrichit du premier B\u00e9ton Pr\u00eat \u00e0 l\u2019Emploi (BPE) biosourc\u00e9 \u00e0 base de bois. Compos\u00e9 de ciment bas carbone \u00ab Naturat \u00bb, de granulats de bois et d\u2019une charge min\u00e9rale, il est livr\u00e9 en toupie pour une mise en \u0153uvre identique \u00e0 celle d\u2019un b\u00e9ton traditionnel. Compatible avec le savoir-faire que les [&hellip;]\" \/>\n<meta property=\"og:url\" content=\"https:\/\/batijournal.com\/index.php\/premier-beton-pret-a-lemploi-a-base-de-bois-chez-vicat\/105335\/\" \/>\n<meta property=\"og:site_name\" content=\"Batijournal\" \/>\n<meta property=\"article:published_time\" content=\"2021-01-05T07:50:57+00:00\" \/>\n<meta property=\"og:image\" content=\"https:\/\/batijournal.com\/wp-content\/uploads\/2021\/01\/Vicat-camion.jpg\" \/>\n\t<meta property=\"og:image:width\" content=\"715\" \/>\n\t<meta property=\"og:image:height\" content=\"415\" \/>\n\t<meta property=\"og:image:type\" content=\"image\/jpeg\" \/>\n<meta name=\"author\" content=\"St\u00e9phane Miget\" \/>\n<meta name=\"twitter:card\" content=\"summary_large_image\" \/>\n<meta name=\"twitter:creator\" content=\"@bati_journal\" \/>\n<meta name=\"twitter:site\" content=\"@bati_journal\" \/>\n<meta name=\"twitter:label1\" content=\"\u00c9crit par\" \/>\n\t<meta name=\"twitter:data1\" content=\"St\u00e9phane Miget\" \/>\n\t<meta name=\"twitter:label2\" content=\"Dur\u00e9e de lecture estim\u00e9e\" \/>\n\t<meta name=\"twitter:data2\" content=\"1 minute\" \/>\n<script type=\"application\/ld+json\" class=\"yoast-schema-graph\">{\"@context\":\"https:\\\/\\\/schema.org\",\"@graph\":[{\"@type\":\"Article\",\"@id\":\"https:\\\/\\\/batijournal.com\\\/index.php\\\/premier-beton-pret-a-lemploi-a-base-de-bois-chez-vicat\\\/105335\\\/#article\",\"isPartOf\":{\"@id\":\"https:\\\/\\\/batijournal.com\\\/index.php\\\/premier-beton-pret-a-lemploi-a-base-de-bois-chez-vicat\\\/105335\\\/\"},\"author\":{\"name\":\"St\u00e9phane Miget\",\"@id\":\"https:\\\/\\\/batijournal.com\\\/#\\\/schema\\\/person\\\/1dc96ec6957aa1ccb25ebe78bb19f100\"},\"headline\":\"Premier b\u00e9ton pr\u00eat \u00e0 l\u2019emploi \u00e0 base de bois chez Vicat\",\"datePublished\":\"2021-01-05T07:50:57+00:00\",\"mainEntityOfPage\":{\"@id\":\"https:\\\/\\\/batijournal.com\\\/index.php\\\/premier-beton-pret-a-lemploi-a-base-de-bois-chez-vicat\\\/105335\\\/\"},\"wordCount\":204,\"image\":{\"@id\":\"https:\\\/\\\/batijournal.com\\\/index.php\\\/premier-beton-pret-a-lemploi-a-base-de-bois-chez-vicat\\\/105335\\\/#primaryimage\"},\"thumbnailUrl\":\"https:\\\/\\\/batijournal.com\\\/wp-content\\\/uploads\\\/2021\\\/01\\\/Vicat-camion.jpg\",\"keywords\":[\"mat\u00e9riaux biosourc\u00e9s\"],\"articleSection\":[\"Actualit\u00e9s\",\"Divers\",\"zz_Actualit\u00e9s - Plan\u00e8te\",\"zz_Plan\u00e8te B\u00e2timent\"],\"inLanguage\":\"fr-FR\"},{\"@type\":\"WebPage\",\"@id\":\"https:\\\/\\\/batijournal.com\\\/index.php\\\/premier-beton-pret-a-lemploi-a-base-de-bois-chez-vicat\\\/105335\\\/\",\"url\":\"https:\\\/\\\/batijournal.com\\\/index.php\\\/premier-beton-pret-a-lemploi-a-base-de-bois-chez-vicat\\\/105335\\\/\",\"name\":\"Premier b\u00e9ton pr\u00eat \u00e0 l\u2019emploi \u00e0 base de bois chez Vicat\",\"isPartOf\":{\"@id\":\"https:\\\/\\\/batijournal.com\\\/#website\"},\"primaryImageOfPage\":{\"@id\":\"https:\\\/\\\/batijournal.com\\\/index.php\\\/premier-beton-pret-a-lemploi-a-base-de-bois-chez-vicat\\\/105335\\\/#primaryimage\"},\"image\":{\"@id\":\"https:\\\/\\\/batijournal.com\\\/index.php\\\/premier-beton-pret-a-lemploi-a-base-de-bois-chez-vicat\\\/105335\\\/#primaryimage\"},\"thumbnailUrl\":\"https:\\\/\\\/batijournal.com\\\/wp-content\\\/uploads\\\/2021\\\/01\\\/Vicat-camion.jpg\",\"datePublished\":\"2021-01-05T07:50:57+00:00\",\"author\":{\"@id\":\"https:\\\/\\\/batijournal.com\\\/#\\\/schema\\\/person\\\/1dc96ec6957aa1ccb25ebe78bb19f100\"},\"breadcrumb\":{\"@id\":\"https:\\\/\\\/batijournal.com\\\/index.php\\\/premier-beton-pret-a-lemploi-a-base-de-bois-chez-vicat\\\/105335\\\/#breadcrumb\"},\"inLanguage\":\"fr-FR\",\"potentialAction\":[{\"@type\":\"ReadAction\",\"target\":[\"https:\\\/\\\/batijournal.com\\\/index.php\\\/premier-beton-pret-a-lemploi-a-base-de-bois-chez-vicat\\\/105335\\\/\"]}]},{\"@type\":\"ImageObject\",\"inLanguage\":\"fr-FR\",\"@id\":\"https:\\\/\\\/batijournal.com\\\/index.php\\\/premier-beton-pret-a-lemploi-a-base-de-bois-chez-vicat\\\/105335\\\/#primaryimage\",\"url\":\"https:\\\/\\\/batijournal.com\\\/wp-content\\\/uploads\\\/2021\\\/01\\\/Vicat-camion.jpg\",\"contentUrl\":\"https:\\\/\\\/batijournal.com\\\/wp-content\\\/uploads\\\/2021\\\/01\\\/Vicat-camion.jpg\",\"width\":715,\"height\":415},{\"@type\":\"BreadcrumbList\",\"@id\":\"https:\\\/\\\/batijournal.com\\\/index.php\\\/premier-beton-pret-a-lemploi-a-base-de-bois-chez-vicat\\\/105335\\\/#breadcrumb\",\"itemListElement\":[{\"@type\":\"ListItem\",\"position\":1,\"name\":\"Accueil\",\"item\":\"https:\\\/\\\/batijournal.com\\\/\"},{\"@type\":\"ListItem\",\"position\":2,\"name\":\"Actualit\u00e9s\",\"item\":\"https:\\\/\\\/batijournal.com\\\/index.php\\\/category\\\/actualites\\\/\"},{\"@type\":\"ListItem\",\"position\":3,\"name\":\"Divers\",\"item\":\"https:\\\/\\\/batijournal.com\\\/index.php\\\/category\\\/actualites\\\/services-equipements\\\/\"},{\"@type\":\"ListItem\",\"position\":4,\"name\":\"Premier b\u00e9ton pr\u00eat \u00e0 l\u2019emploi \u00e0 base de bois chez Vicat\"}]},{\"@type\":\"WebSite\",\"@id\":\"https:\\\/\\\/batijournal.com\\\/#website\",\"url\":\"https:\\\/\\\/batijournal.com\\\/\",\"name\":\"Batijournal\",\"description\":\"L&#039;actualit\u00e9 du b\u00e2timent\",\"potentialAction\":[{\"@type\":\"SearchAction\",\"target\":{\"@type\":\"EntryPoint\",\"urlTemplate\":\"https:\\\/\\\/batijournal.com\\\/?s={search_term_string}\"},\"query-input\":{\"@type\":\"PropertyValueSpecification\",\"valueRequired\":true,\"valueName\":\"search_term_string\"}}],\"inLanguage\":\"fr-FR\"},{\"@type\":\"Person\",\"@id\":\"https:\\\/\\\/batijournal.com\\\/#\\\/schema\\\/person\\\/1dc96ec6957aa1ccb25ebe78bb19f100\",\"name\":\"St\u00e9phane Miget\",\"image\":{\"@type\":\"ImageObject\",\"inLanguage\":\"fr-FR\",\"@id\":\"https:\\\/\\\/secure.gravatar.com\\\/avatar\\\/89915563d925342126b8ef0281b93d9d7fc337043e8df017f780908eb9644451?s=96&d=mm&r=g\",\"url\":\"https:\\\/\\\/secure.gravatar.com\\\/avatar\\\/89915563d925342126b8ef0281b93d9d7fc337043e8df017f780908eb9644451?s=96&d=mm&r=g\",\"contentUrl\":\"https:\\\/\\\/secure.gravatar.com\\\/avatar\\\/89915563d925342126b8ef0281b93d9d7fc337043e8df017f780908eb9644451?s=96&d=mm&r=g\",\"caption\":\"St\u00e9phane Miget\"},\"url\":\"https:\\\/\\\/batijournal.com\\\/index.php\\\/author\\\/stephane\\\/\"}]}<\/script>\n<!-- \/ Yoast SEO plugin. -->","yoast_head_json":{"title":"Premier b\u00e9ton pr\u00eat \u00e0 l\u2019emploi \u00e0 base de bois chez Vicat","robots":{"index":"index","follow":"follow","max-snippet":"max-snippet:-1","max-image-preview":"max-image-preview:large","max-video-preview":"max-video-preview:-1"},"canonical":"https:\/\/batijournal.com\/index.php\/premier-beton-pret-a-lemploi-a-base-de-bois-chez-vicat\/105335\/","og_locale":"fr_FR","og_type":"article","og_title":"Premier b\u00e9ton pr\u00eat \u00e0 l\u2019emploi \u00e0 base de bois chez Vicat","og_description":"L\u2019offre bas carbone Vicat s\u2019enrichit du premier B\u00e9ton Pr\u00eat \u00e0 l\u2019Emploi (BPE) biosourc\u00e9 \u00e0 base de bois. Compos\u00e9 de ciment bas carbone \u00ab Naturat \u00bb, de granulats de bois et d\u2019une charge min\u00e9rale, il est livr\u00e9 en toupie pour une mise en \u0153uvre identique \u00e0 celle d\u2019un b\u00e9ton traditionnel. Compatible avec le savoir-faire que les [&hellip;]","og_url":"https:\/\/batijournal.com\/index.php\/premier-beton-pret-a-lemploi-a-base-de-bois-chez-vicat\/105335\/","og_site_name":"Batijournal","article_published_time":"2021-01-05T07:50:57+00:00","og_image":[{"width":715,"height":415,"url":"https:\/\/batijournal.com\/wp-content\/uploads\/2021\/01\/Vicat-camion.jpg","type":"image\/jpeg"}],"author":"St\u00e9phane Miget","twitter_card":"summary_large_image","twitter_creator":"@bati_journal","twitter_site":"@bati_journal","twitter_misc":{"\u00c9crit par":"St\u00e9phane Miget","Dur\u00e9e de lecture estim\u00e9e":"1 minute"},"schema":{"@context":"https:\/\/schema.org","@graph":[{"@type":"Article","@id":"https:\/\/batijournal.com\/index.php\/premier-beton-pret-a-lemploi-a-base-de-bois-chez-vicat\/105335\/#article","isPartOf":{"@id":"https:\/\/batijournal.com\/index.php\/premier-beton-pret-a-lemploi-a-base-de-bois-chez-vicat\/105335\/"},"author":{"name":"St\u00e9phane Miget","@id":"https:\/\/batijournal.com\/#\/schema\/person\/1dc96ec6957aa1ccb25ebe78bb19f100"},"headline":"Premier b\u00e9ton pr\u00eat \u00e0 l\u2019emploi \u00e0 base de bois chez Vicat","datePublished":"2021-01-05T07:50:57+00:00","mainEntityOfPage":{"@id":"https:\/\/batijournal.com\/index.php\/premier-beton-pret-a-lemploi-a-base-de-bois-chez-vicat\/105335\/"},"wordCount":204,"image":{"@id":"https:\/\/batijournal.com\/index.php\/premier-beton-pret-a-lemploi-a-base-de-bois-chez-vicat\/105335\/#primaryimage"},"thumbnailUrl":"https:\/\/batijournal.com\/wp-content\/uploads\/2021\/01\/Vicat-camion.jpg","keywords":["mat\u00e9riaux biosourc\u00e9s"],"articleSection":["Actualit\u00e9s","Divers","zz_Actualit\u00e9s - Plan\u00e8te","zz_Plan\u00e8te B\u00e2timent"],"inLanguage":"fr-FR"},{"@type":"WebPage","@id":"https:\/\/batijournal.com\/index.php\/premier-beton-pret-a-lemploi-a-base-de-bois-chez-vicat\/105335\/","url":"https:\/\/batijournal.com\/index.php\/premier-beton-pret-a-lemploi-a-base-de-bois-chez-vicat\/105335\/","name":"Premier b\u00e9ton pr\u00eat \u00e0 l\u2019emploi \u00e0 base de bois chez Vicat","isPartOf":{"@id":"https:\/\/batijournal.com\/#website"},"primaryImageOfPage":{"@id":"https:\/\/batijournal.com\/index.php\/premier-beton-pret-a-lemploi-a-base-de-bois-chez-vicat\/105335\/#primaryimage"},"image":{"@id":"https:\/\/batijournal.com\/index.php\/premier-beton-pret-a-lemploi-a-base-de-bois-chez-vicat\/105335\/#primaryimage"},"thumbnailUrl":"https:\/\/batijournal.com\/wp-content\/uploads\/2021\/01\/Vicat-camion.jpg","datePublished":"2021-01-05T07:50:57+00:00","author":{"@id":"https:\/\/batijournal.com\/#\/schema\/person\/1dc96ec6957aa1ccb25ebe78bb19f100"},"breadcrumb":{"@id":"https:\/\/batijournal.com\/index.php\/premier-beton-pret-a-lemploi-a-base-de-bois-chez-vicat\/105335\/#breadcrumb"},"inLanguage":"fr-FR","potentialAction":[{"@type":"ReadAction","target":["https:\/\/batijournal.com\/index.php\/premier-beton-pret-a-lemploi-a-base-de-bois-chez-vicat\/105335\/"]}]},{"@type":"ImageObject","inLanguage":"fr-FR","@id":"https:\/\/batijournal.com\/index.php\/premier-beton-pret-a-lemploi-a-base-de-bois-chez-vicat\/105335\/#primaryimage","url":"https:\/\/batijournal.com\/wp-content\/uploads\/2021\/01\/Vicat-camion.jpg","contentUrl":"https:\/\/batijournal.com\/wp-content\/uploads\/2021\/01\/Vicat-camion.jpg","width":715,"height":415},{"@type":"BreadcrumbList","@id":"https:\/\/batijournal.com\/index.php\/premier-beton-pret-a-lemploi-a-base-de-bois-chez-vicat\/105335\/#breadcrumb","itemListElement":[{"@type":"ListItem","position":1,"name":"Accueil","item":"https:\/\/batijournal.com\/"},{"@type":"ListItem","position":2,"name":"Actualit\u00e9s","item":"https:\/\/batijournal.com\/index.php\/category\/actualites\/"},{"@type":"ListItem","position":3,"name":"Divers","item":"https:\/\/batijournal.com\/index.php\/category\/actualites\/services-equipements\/"},{"@type":"ListItem","position":4,"name":"Premier b\u00e9ton pr\u00eat \u00e0 l\u2019emploi \u00e0 base de bois chez Vicat"}]},{"@type":"WebSite","@id":"https:\/\/batijournal.com\/#website","url":"https:\/\/batijournal.com\/","name":"Batijournal","description":"L&#039;actualit\u00e9 du b\u00e2timent","potentialAction":[{"@type":"SearchAction","target":{"@type":"EntryPoint","urlTemplate":"https:\/\/batijournal.com\/?s={search_term_string}"},"query-input":{"@type":"PropertyValueSpecification","valueRequired":true,"valueName":"search_term_string"}}],"inLanguage":"fr-FR"},{"@type":"Person","@id":"https:\/\/batijournal.com\/#\/schema\/person\/1dc96ec6957aa1ccb25ebe78bb19f100","name":"St\u00e9phane Miget","image":{"@type":"ImageObject","inLanguage":"fr-FR","@id":"https:\/\/secure.gravatar.com\/avatar\/89915563d925342126b8ef0281b93d9d7fc337043e8df017f780908eb9644451?s=96&d=mm&r=g","url":"https:\/\/secure.gravatar.com\/avatar\/89915563d925342126b8ef0281b93d9d7fc337043e8df017f780908eb9644451?s=96&d=mm&r=g","contentUrl":"https:\/\/secure.gravatar.com\/avatar\/89915563d925342126b8ef0281b93d9d7fc337043e8df017f780908eb9644451?s=96&d=mm&r=g","caption":"St\u00e9phane Miget"},"url":"https:\/\/batijournal.com\/index.php\/author\/stephane\/"}]}},"_links":{"self":[{"href":"https:\/\/batijournal.com\/index.php\/wp-json\/wp\/v2\/posts\/105335","targetHints":{"allow":["GET"]}}],"collection":[{"href":"https:\/\/batijournal.com\/index.php\/wp-json\/wp\/v2\/posts"}],"about":[{"href":"https:\/\/batijournal.com\/index.php\/wp-json\/wp\/v2\/types\/post"}],"author":[{"embeddable":true,"href":"https:\/\/batijournal.com\/index.php\/wp-json\/wp\/v2\/users\/17"}],"replies":[{"embeddable":true,"href":"https:\/\/batijournal.com\/index.php\/wp-json\/wp\/v2\/comments?post=105335"}],"version-history":[{"count":0,"href":"https:\/\/batijournal.com\/index.php\/wp-json\/wp\/v2\/posts\/105335\/revisions"}],"wp:featuredmedia":[{"embeddable":true,"href":"https:\/\/batijournal.com\/index.php\/wp-json\/wp\/v2\/media\/105332"}],"wp:attachment":[{"href":"https:\/\/batijournal.com\/index.php\/wp-json\/wp\/v2\/media?parent=105335"}],"wp:term":[{"taxonomy":"category","embeddable":true,"href":"https:\/\/batijournal.com\/index.php\/wp-json\/wp\/v2\/categories?post=105335"},{"taxonomy":"post_tag","embeddable":true,"href":"https:\/\/batijournal.com\/index.php\/wp-json\/wp\/v2\/tags?post=105335"}],"curies":[{"name":"wp","href":"https:\/\/api.w.org\/{rel}","templated":true}]}}