{"id":105343,"date":"2021-01-06T08:17:02","date_gmt":"2021-01-06T07:17:02","guid":{"rendered":"https:\/\/batijournal.com\/?p=105343"},"modified":"2021-01-06T08:17:02","modified_gmt":"2021-01-06T07:17:02","slug":"decouverte-du-corps-exceptionnellement-conserve-dun-abbe-du-xiiie-siecle","status":"publish","type":"post","link":"https:\/\/batijournal.com\/index.php\/decouverte-du-corps-exceptionnellement-conserve-dun-abbe-du-xiiie-siecle\/105343\/","title":{"rendered":"D\u00e9couverte du corps exceptionnellement conserv\u00e9 d\u2019un abb\u00e9 du XIIIe si\u00e8cle"},"content":{"rendered":"<p>Des fouilles arch\u00e9ologiques men\u00e9es sur autorisation de l\u2019\u00c9tat (pr\u00e9fet de r\u00e9gion) sur le site de l\u2019ancienne abbaye Saint-M\u00e9dard de Soissons dans l\u2019Aisne, dont la crypte est class\u00e9e au titre des Monuments historiques depuis 1875 ont permis la d\u00e9couverte du corps d\u2019un abb\u00e9. Sous la dalle fun\u00e9raire de l\u2019abb\u00e9 Alb\u00e9ric de Braine, d\u00e9c\u00e9d\u00e9 le 3 mai 1206, la tombe a \u00e9t\u00e9 d\u00e9couverte dans un exceptionnel \u00e9tat de conservation. En ouvrant ce caveau, le 28 octobre 2020, l\u2019\u00e9quipe de fouille a constat\u00e9 que la hampe de la crosse, le grand manteau brod\u00e9 qui enveloppait le corps de cet homme d\u2019\u00e9glise et ses chaussures \u00e9taient conserv\u00e9s. Un myst\u00e8re pour les arch\u00e9ologues : le visage \u00e9tait recouvert par une t\u00f4le de plomb et la t\u00eate reposait sur un oreiller \u00e9galement en plomb. ARC-Nucl\u00e9art, atelier de recherche et de conservation au Commissariat \u00e0 l\u2019\u00c9nergie Atomique et aux \u00c9nergies Alternatives de Grenoble, a r\u00e9alis\u00e9 un pr\u00e9l\u00e8vement de cette s\u00e9pulture, son traitement par irradiation gamma et son stockage. Le pr\u00e9l\u00e8vement a \u00e9t\u00e9 r\u00e9alis\u00e9 mardi 15 d\u00e9cembre 2020, le transport et le traitement ont \u00e9t\u00e9 engag\u00e9s d\u00e8s le lendemain. En 2021 la phase 2, sera consacr\u00e9e \u00e0 la fouille , \u00e0 l\u2019\u00e9tude et \u00e0 la restauration de cet ensemble afin d\u2019identifier pr\u00e9cis\u00e9ment cet individu et les rituels fun\u00e9raires, qui caract\u00e9risent cette inhumation. Une analyse ADN et une datation par mesure de radiocarbone seront r\u00e9alis\u00e9es. Une \u00e9tude de l\u2019histoire d\u2019Alb\u00e9ric de Braine et de sa famille, tr\u00e8s pr\u00e9sente dans le Soissonnais aux XIIe et XIIIe si\u00e8cles, sera \u00e9galement engag\u00e9e aux Archives nationales de France. Une grande exposition, du type \u00ab de la fouille au mus\u00e9e \u00bb, est d\u00e8s \u00e0 pr\u00e9sent envisag\u00e9e. Pour le financement de cette importante phase 2, il sera fait appel au m\u00e9c\u00e9nat. L\u2019association \u00ab Abbaye Royale Saint-M\u00e9dard de Soissons \u00bb, qui a en charge, aux c\u00f4t\u00e9s de la Ville de Soissons, la sauvegarde et la valorisation du site, sera \u00e9galement associ\u00e9e \u00e0 cette op\u00e9ration.<\/p>\n<p>Photo : Drac Hauts-de-France<\/p>\n<p>&nbsp;<\/p>\n","protected":false},"excerpt":{"rendered":"<p>Des fouilles arch\u00e9ologiques men\u00e9es sur autorisation de l\u2019\u00c9tat (pr\u00e9fet de r\u00e9gion) sur le site de l\u2019ancienne abbaye Saint-M\u00e9dard de Soissons dans l\u2019Aisne, dont la crypte est class\u00e9e au titre des Monuments historiques depuis 1875 ont permis la d\u00e9couverte du corps d\u2019un abb\u00e9. Sous la dalle fun\u00e9raire de l\u2019abb\u00e9 Alb\u00e9ric de Braine, d\u00e9c\u00e9d\u00e9 le 3 mai [&hellip;]<\/p>\n","protected":false},"author":17,"featured_media":105344,"comment_status":"closed","ping_status":"closed","sticky":false,"template":"","format":"standard","meta":{"_et_pb_use_builder":"","_et_pb_old_content":"","_et_gb_content_width":"","footnotes":""},"categories":[10530,6362,10789,10785],"tags":[12875],"class_list":["post-105343","post","type-post","status-publish","format-standard","has-post-thumbnail","hentry","category-actualites","category-services-equipements","category-publications-atrium","category-atrium","tag-archeologie"],"yoast_head":"<!-- This site is optimized with the Yoast SEO plugin v27.4 - https:\/\/yoast.com\/product\/yoast-seo-wordpress\/ -->\n<title>D\u00e9couverte du corps exceptionnellement conserv\u00e9 d\u2019un abb\u00e9 du XIIIe si\u00e8cle<\/title>\n<meta name=\"robots\" content=\"index, follow, max-snippet:-1, max-image-preview:large, max-video-preview:-1\" \/>\n<link rel=\"canonical\" href=\"https:\/\/batijournal.com\/index.php\/decouverte-du-corps-exceptionnellement-conserve-dun-abbe-du-xiiie-siecle\/105343\/\" \/>\n<meta property=\"og:locale\" content=\"fr_FR\" \/>\n<meta property=\"og:type\" content=\"article\" \/>\n<meta property=\"og:title\" content=\"D\u00e9couverte du corps exceptionnellement conserv\u00e9 d\u2019un abb\u00e9 du XIIIe si\u00e8cle\" \/>\n<meta property=\"og:description\" content=\"Des fouilles arch\u00e9ologiques men\u00e9es sur autorisation de l\u2019\u00c9tat (pr\u00e9fet de r\u00e9gion) sur le site de l\u2019ancienne abbaye Saint-M\u00e9dard de Soissons dans l\u2019Aisne, dont la crypte est class\u00e9e au titre des Monuments historiques depuis 1875 ont permis la d\u00e9couverte du corps d\u2019un abb\u00e9. Sous la dalle fun\u00e9raire de l\u2019abb\u00e9 Alb\u00e9ric de Braine, d\u00e9c\u00e9d\u00e9 le 3 mai [&hellip;]\" \/>\n<meta property=\"og:url\" content=\"https:\/\/batijournal.com\/index.php\/decouverte-du-corps-exceptionnellement-conserve-dun-abbe-du-xiiie-siecle\/105343\/\" \/>\n<meta property=\"og:site_name\" content=\"Batijournal\" \/>\n<meta property=\"article:published_time\" content=\"2021-01-06T07:17:02+00:00\" \/>\n<meta property=\"og:image\" content=\"https:\/\/batijournal.com\/wp-content\/uploads\/2021\/01\/abbaye-saint-medard-soisson-scaled.jpg\" \/>\n\t<meta property=\"og:image:width\" content=\"2560\" \/>\n\t<meta property=\"og:image:height\" content=\"1920\" \/>\n\t<meta property=\"og:image:type\" content=\"image\/jpeg\" \/>\n<meta name=\"author\" content=\"St\u00e9phane Miget\" \/>\n<meta name=\"twitter:card\" content=\"summary_large_image\" \/>\n<meta name=\"twitter:creator\" content=\"@bati_journal\" \/>\n<meta name=\"twitter:site\" content=\"@bati_journal\" \/>\n<meta name=\"twitter:label1\" content=\"\u00c9crit par\" \/>\n\t<meta name=\"twitter:data1\" content=\"St\u00e9phane Miget\" \/>\n\t<meta name=\"twitter:label2\" content=\"Dur\u00e9e de lecture estim\u00e9e\" \/>\n\t<meta name=\"twitter:data2\" content=\"2 minutes\" \/>\n<script type=\"application\/ld+json\" class=\"yoast-schema-graph\">{\"@context\":\"https:\\\/\\\/schema.org\",\"@graph\":[{\"@type\":\"Article\",\"@id\":\"https:\\\/\\\/batijournal.com\\\/index.php\\\/decouverte-du-corps-exceptionnellement-conserve-dun-abbe-du-xiiie-siecle\\\/105343\\\/#article\",\"isPartOf\":{\"@id\":\"https:\\\/\\\/batijournal.com\\\/index.php\\\/decouverte-du-corps-exceptionnellement-conserve-dun-abbe-du-xiiie-siecle\\\/105343\\\/\"},\"author\":{\"name\":\"St\u00e9phane Miget\",\"@id\":\"https:\\\/\\\/batijournal.com\\\/#\\\/schema\\\/person\\\/1dc96ec6957aa1ccb25ebe78bb19f100\"},\"headline\":\"D\u00e9couverte du corps exceptionnellement conserv\u00e9 d\u2019un abb\u00e9 du XIIIe si\u00e8cle\",\"datePublished\":\"2021-01-06T07:17:02+00:00\",\"mainEntityOfPage\":{\"@id\":\"https:\\\/\\\/batijournal.com\\\/index.php\\\/decouverte-du-corps-exceptionnellement-conserve-dun-abbe-du-xiiie-siecle\\\/105343\\\/\"},\"wordCount\":377,\"image\":{\"@id\":\"https:\\\/\\\/batijournal.com\\\/index.php\\\/decouverte-du-corps-exceptionnellement-conserve-dun-abbe-du-xiiie-siecle\\\/105343\\\/#primaryimage\"},\"thumbnailUrl\":\"https:\\\/\\\/batijournal.com\\\/wp-content\\\/uploads\\\/2021\\\/01\\\/abbaye-saint-medard-soisson-scaled.jpg\",\"keywords\":[\"arch\u00e9ologie\"],\"articleSection\":[\"Actualit\u00e9s\",\"Divers\",\"zz_Actualit\u00e9s - Atrium\",\"zz_Atrium Patrimoine\"],\"inLanguage\":\"fr-FR\"},{\"@type\":\"WebPage\",\"@id\":\"https:\\\/\\\/batijournal.com\\\/index.php\\\/decouverte-du-corps-exceptionnellement-conserve-dun-abbe-du-xiiie-siecle\\\/105343\\\/\",\"url\":\"https:\\\/\\\/batijournal.com\\\/index.php\\\/decouverte-du-corps-exceptionnellement-conserve-dun-abbe-du-xiiie-siecle\\\/105343\\\/\",\"name\":\"D\u00e9couverte du corps exceptionnellement conserv\u00e9 d\u2019un abb\u00e9 du XIIIe si\u00e8cle\",\"isPartOf\":{\"@id\":\"https:\\\/\\\/batijournal.com\\\/#website\"},\"primaryImageOfPage\":{\"@id\":\"https:\\\/\\\/batijournal.com\\\/index.php\\\/decouverte-du-corps-exceptionnellement-conserve-dun-abbe-du-xiiie-siecle\\\/105343\\\/#primaryimage\"},\"image\":{\"@id\":\"https:\\\/\\\/batijournal.com\\\/index.php\\\/decouverte-du-corps-exceptionnellement-conserve-dun-abbe-du-xiiie-siecle\\\/105343\\\/#primaryimage\"},\"thumbnailUrl\":\"https:\\\/\\\/batijournal.com\\\/wp-content\\\/uploads\\\/2021\\\/01\\\/abbaye-saint-medard-soisson-scaled.jpg\",\"datePublished\":\"2021-01-06T07:17:02+00:00\",\"author\":{\"@id\":\"https:\\\/\\\/batijournal.com\\\/#\\\/schema\\\/person\\\/1dc96ec6957aa1ccb25ebe78bb19f100\"},\"breadcrumb\":{\"@id\":\"https:\\\/\\\/batijournal.com\\\/index.php\\\/decouverte-du-corps-exceptionnellement-conserve-dun-abbe-du-xiiie-siecle\\\/105343\\\/#breadcrumb\"},\"inLanguage\":\"fr-FR\",\"potentialAction\":[{\"@type\":\"ReadAction\",\"target\":[\"https:\\\/\\\/batijournal.com\\\/index.php\\\/decouverte-du-corps-exceptionnellement-conserve-dun-abbe-du-xiiie-siecle\\\/105343\\\/\"]}]},{\"@type\":\"ImageObject\",\"inLanguage\":\"fr-FR\",\"@id\":\"https:\\\/\\\/batijournal.com\\\/index.php\\\/decouverte-du-corps-exceptionnellement-conserve-dun-abbe-du-xiiie-siecle\\\/105343\\\/#primaryimage\",\"url\":\"https:\\\/\\\/batijournal.com\\\/wp-content\\\/uploads\\\/2021\\\/01\\\/abbaye-saint-medard-soisson-scaled.jpg\",\"contentUrl\":\"https:\\\/\\\/batijournal.com\\\/wp-content\\\/uploads\\\/2021\\\/01\\\/abbaye-saint-medard-soisson-scaled.jpg\",\"width\":2560,\"height\":1920},{\"@type\":\"BreadcrumbList\",\"@id\":\"https:\\\/\\\/batijournal.com\\\/index.php\\\/decouverte-du-corps-exceptionnellement-conserve-dun-abbe-du-xiiie-siecle\\\/105343\\\/#breadcrumb\",\"itemListElement\":[{\"@type\":\"ListItem\",\"position\":1,\"name\":\"Accueil\",\"item\":\"https:\\\/\\\/batijournal.com\\\/\"},{\"@type\":\"ListItem\",\"position\":2,\"name\":\"Actualit\u00e9s\",\"item\":\"https:\\\/\\\/batijournal.com\\\/index.php\\\/category\\\/actualites\\\/\"},{\"@type\":\"ListItem\",\"position\":3,\"name\":\"Divers\",\"item\":\"https:\\\/\\\/batijournal.com\\\/index.php\\\/category\\\/actualites\\\/services-equipements\\\/\"},{\"@type\":\"ListItem\",\"position\":4,\"name\":\"D\u00e9couverte du corps exceptionnellement conserv\u00e9 d\u2019un abb\u00e9 du XIIIe si\u00e8cle\"}]},{\"@type\":\"WebSite\",\"@id\":\"https:\\\/\\\/batijournal.com\\\/#website\",\"url\":\"https:\\\/\\\/batijournal.com\\\/\",\"name\":\"Batijournal\",\"description\":\"L&#039;actualit\u00e9 du b\u00e2timent\",\"potentialAction\":[{\"@type\":\"SearchAction\",\"target\":{\"@type\":\"EntryPoint\",\"urlTemplate\":\"https:\\\/\\\/batijournal.com\\\/?s={search_term_string}\"},\"query-input\":{\"@type\":\"PropertyValueSpecification\",\"valueRequired\":true,\"valueName\":\"search_term_string\"}}],\"inLanguage\":\"fr-FR\"},{\"@type\":\"Person\",\"@id\":\"https:\\\/\\\/batijournal.com\\\/#\\\/schema\\\/person\\\/1dc96ec6957aa1ccb25ebe78bb19f100\",\"name\":\"St\u00e9phane Miget\",\"image\":{\"@type\":\"ImageObject\",\"inLanguage\":\"fr-FR\",\"@id\":\"https:\\\/\\\/secure.gravatar.com\\\/avatar\\\/89915563d925342126b8ef0281b93d9d7fc337043e8df017f780908eb9644451?s=96&d=mm&r=g\",\"url\":\"https:\\\/\\\/secure.gravatar.com\\\/avatar\\\/89915563d925342126b8ef0281b93d9d7fc337043e8df017f780908eb9644451?s=96&d=mm&r=g\",\"contentUrl\":\"https:\\\/\\\/secure.gravatar.com\\\/avatar\\\/89915563d925342126b8ef0281b93d9d7fc337043e8df017f780908eb9644451?s=96&d=mm&r=g\",\"caption\":\"St\u00e9phane Miget\"},\"url\":\"https:\\\/\\\/batijournal.com\\\/index.php\\\/author\\\/stephane\\\/\"}]}<\/script>\n<!-- \/ Yoast SEO plugin. -->","yoast_head_json":{"title":"D\u00e9couverte du corps exceptionnellement conserv\u00e9 d\u2019un abb\u00e9 du XIIIe si\u00e8cle","robots":{"index":"index","follow":"follow","max-snippet":"max-snippet:-1","max-image-preview":"max-image-preview:large","max-video-preview":"max-video-preview:-1"},"canonical":"https:\/\/batijournal.com\/index.php\/decouverte-du-corps-exceptionnellement-conserve-dun-abbe-du-xiiie-siecle\/105343\/","og_locale":"fr_FR","og_type":"article","og_title":"D\u00e9couverte du corps exceptionnellement conserv\u00e9 d\u2019un abb\u00e9 du XIIIe si\u00e8cle","og_description":"Des fouilles arch\u00e9ologiques men\u00e9es sur autorisation de l\u2019\u00c9tat (pr\u00e9fet de r\u00e9gion) sur le site de l\u2019ancienne abbaye Saint-M\u00e9dard de Soissons dans l\u2019Aisne, dont la crypte est class\u00e9e au titre des Monuments historiques depuis 1875 ont permis la d\u00e9couverte du corps d\u2019un abb\u00e9. Sous la dalle fun\u00e9raire de l\u2019abb\u00e9 Alb\u00e9ric de Braine, d\u00e9c\u00e9d\u00e9 le 3 mai [&hellip;]","og_url":"https:\/\/batijournal.com\/index.php\/decouverte-du-corps-exceptionnellement-conserve-dun-abbe-du-xiiie-siecle\/105343\/","og_site_name":"Batijournal","article_published_time":"2021-01-06T07:17:02+00:00","og_image":[{"width":2560,"height":1920,"url":"https:\/\/batijournal.com\/wp-content\/uploads\/2021\/01\/abbaye-saint-medard-soisson-scaled.jpg","type":"image\/jpeg"}],"author":"St\u00e9phane Miget","twitter_card":"summary_large_image","twitter_creator":"@bati_journal","twitter_site":"@bati_journal","twitter_misc":{"\u00c9crit par":"St\u00e9phane Miget","Dur\u00e9e de lecture estim\u00e9e":"2 minutes"},"schema":{"@context":"https:\/\/schema.org","@graph":[{"@type":"Article","@id":"https:\/\/batijournal.com\/index.php\/decouverte-du-corps-exceptionnellement-conserve-dun-abbe-du-xiiie-siecle\/105343\/#article","isPartOf":{"@id":"https:\/\/batijournal.com\/index.php\/decouverte-du-corps-exceptionnellement-conserve-dun-abbe-du-xiiie-siecle\/105343\/"},"author":{"name":"St\u00e9phane Miget","@id":"https:\/\/batijournal.com\/#\/schema\/person\/1dc96ec6957aa1ccb25ebe78bb19f100"},"headline":"D\u00e9couverte du corps exceptionnellement conserv\u00e9 d\u2019un abb\u00e9 du XIIIe si\u00e8cle","datePublished":"2021-01-06T07:17:02+00:00","mainEntityOfPage":{"@id":"https:\/\/batijournal.com\/index.php\/decouverte-du-corps-exceptionnellement-conserve-dun-abbe-du-xiiie-siecle\/105343\/"},"wordCount":377,"image":{"@id":"https:\/\/batijournal.com\/index.php\/decouverte-du-corps-exceptionnellement-conserve-dun-abbe-du-xiiie-siecle\/105343\/#primaryimage"},"thumbnailUrl":"https:\/\/batijournal.com\/wp-content\/uploads\/2021\/01\/abbaye-saint-medard-soisson-scaled.jpg","keywords":["arch\u00e9ologie"],"articleSection":["Actualit\u00e9s","Divers","zz_Actualit\u00e9s - Atrium","zz_Atrium Patrimoine"],"inLanguage":"fr-FR"},{"@type":"WebPage","@id":"https:\/\/batijournal.com\/index.php\/decouverte-du-corps-exceptionnellement-conserve-dun-abbe-du-xiiie-siecle\/105343\/","url":"https:\/\/batijournal.com\/index.php\/decouverte-du-corps-exceptionnellement-conserve-dun-abbe-du-xiiie-siecle\/105343\/","name":"D\u00e9couverte du corps exceptionnellement conserv\u00e9 d\u2019un abb\u00e9 du XIIIe si\u00e8cle","isPartOf":{"@id":"https:\/\/batijournal.com\/#website"},"primaryImageOfPage":{"@id":"https:\/\/batijournal.com\/index.php\/decouverte-du-corps-exceptionnellement-conserve-dun-abbe-du-xiiie-siecle\/105343\/#primaryimage"},"image":{"@id":"https:\/\/batijournal.com\/index.php\/decouverte-du-corps-exceptionnellement-conserve-dun-abbe-du-xiiie-siecle\/105343\/#primaryimage"},"thumbnailUrl":"https:\/\/batijournal.com\/wp-content\/uploads\/2021\/01\/abbaye-saint-medard-soisson-scaled.jpg","datePublished":"2021-01-06T07:17:02+00:00","author":{"@id":"https:\/\/batijournal.com\/#\/schema\/person\/1dc96ec6957aa1ccb25ebe78bb19f100"},"breadcrumb":{"@id":"https:\/\/batijournal.com\/index.php\/decouverte-du-corps-exceptionnellement-conserve-dun-abbe-du-xiiie-siecle\/105343\/#breadcrumb"},"inLanguage":"fr-FR","potentialAction":[{"@type":"ReadAction","target":["https:\/\/batijournal.com\/index.php\/decouverte-du-corps-exceptionnellement-conserve-dun-abbe-du-xiiie-siecle\/105343\/"]}]},{"@type":"ImageObject","inLanguage":"fr-FR","@id":"https:\/\/batijournal.com\/index.php\/decouverte-du-corps-exceptionnellement-conserve-dun-abbe-du-xiiie-siecle\/105343\/#primaryimage","url":"https:\/\/batijournal.com\/wp-content\/uploads\/2021\/01\/abbaye-saint-medard-soisson-scaled.jpg","contentUrl":"https:\/\/batijournal.com\/wp-content\/uploads\/2021\/01\/abbaye-saint-medard-soisson-scaled.jpg","width":2560,"height":1920},{"@type":"BreadcrumbList","@id":"https:\/\/batijournal.com\/index.php\/decouverte-du-corps-exceptionnellement-conserve-dun-abbe-du-xiiie-siecle\/105343\/#breadcrumb","itemListElement":[{"@type":"ListItem","position":1,"name":"Accueil","item":"https:\/\/batijournal.com\/"},{"@type":"ListItem","position":2,"name":"Actualit\u00e9s","item":"https:\/\/batijournal.com\/index.php\/category\/actualites\/"},{"@type":"ListItem","position":3,"name":"Divers","item":"https:\/\/batijournal.com\/index.php\/category\/actualites\/services-equipements\/"},{"@type":"ListItem","position":4,"name":"D\u00e9couverte du corps exceptionnellement conserv\u00e9 d\u2019un abb\u00e9 du XIIIe si\u00e8cle"}]},{"@type":"WebSite","@id":"https:\/\/batijournal.com\/#website","url":"https:\/\/batijournal.com\/","name":"Batijournal","description":"L&#039;actualit\u00e9 du b\u00e2timent","potentialAction":[{"@type":"SearchAction","target":{"@type":"EntryPoint","urlTemplate":"https:\/\/batijournal.com\/?s={search_term_string}"},"query-input":{"@type":"PropertyValueSpecification","valueRequired":true,"valueName":"search_term_string"}}],"inLanguage":"fr-FR"},{"@type":"Person","@id":"https:\/\/batijournal.com\/#\/schema\/person\/1dc96ec6957aa1ccb25ebe78bb19f100","name":"St\u00e9phane Miget","image":{"@type":"ImageObject","inLanguage":"fr-FR","@id":"https:\/\/secure.gravatar.com\/avatar\/89915563d925342126b8ef0281b93d9d7fc337043e8df017f780908eb9644451?s=96&d=mm&r=g","url":"https:\/\/secure.gravatar.com\/avatar\/89915563d925342126b8ef0281b93d9d7fc337043e8df017f780908eb9644451?s=96&d=mm&r=g","contentUrl":"https:\/\/secure.gravatar.com\/avatar\/89915563d925342126b8ef0281b93d9d7fc337043e8df017f780908eb9644451?s=96&d=mm&r=g","caption":"St\u00e9phane Miget"},"url":"https:\/\/batijournal.com\/index.php\/author\/stephane\/"}]}},"_links":{"self":[{"href":"https:\/\/batijournal.com\/index.php\/wp-json\/wp\/v2\/posts\/105343","targetHints":{"allow":["GET"]}}],"collection":[{"href":"https:\/\/batijournal.com\/index.php\/wp-json\/wp\/v2\/posts"}],"about":[{"href":"https:\/\/batijournal.com\/index.php\/wp-json\/wp\/v2\/types\/post"}],"author":[{"embeddable":true,"href":"https:\/\/batijournal.com\/index.php\/wp-json\/wp\/v2\/users\/17"}],"replies":[{"embeddable":true,"href":"https:\/\/batijournal.com\/index.php\/wp-json\/wp\/v2\/comments?post=105343"}],"version-history":[{"count":0,"href":"https:\/\/batijournal.com\/index.php\/wp-json\/wp\/v2\/posts\/105343\/revisions"}],"wp:featuredmedia":[{"embeddable":true,"href":"https:\/\/batijournal.com\/index.php\/wp-json\/wp\/v2\/media\/105344"}],"wp:attachment":[{"href":"https:\/\/batijournal.com\/index.php\/wp-json\/wp\/v2\/media?parent=105343"}],"wp:term":[{"taxonomy":"category","embeddable":true,"href":"https:\/\/batijournal.com\/index.php\/wp-json\/wp\/v2\/categories?post=105343"},{"taxonomy":"post_tag","embeddable":true,"href":"https:\/\/batijournal.com\/index.php\/wp-json\/wp\/v2\/tags?post=105343"}],"curies":[{"name":"wp","href":"https:\/\/api.w.org\/{rel}","templated":true}]}}