{"id":105352,"date":"2021-01-08T08:27:38","date_gmt":"2021-01-08T07:27:38","guid":{"rendered":"https:\/\/batijournal.com\/?p=105352"},"modified":"2021-01-08T08:27:38","modified_gmt":"2021-01-08T07:27:38","slug":"olivier-rousset-nouveau-directeur-general-adjoint-de-lonf","status":"publish","type":"post","link":"https:\/\/batijournal.com\/index.php\/olivier-rousset-nouveau-directeur-general-adjoint-de-lonf\/105352\/","title":{"rendered":"Olivier Rousset, nouveau directeur g\u00e9n\u00e9ral adjoint de l&rsquo;ONF"},"content":{"rendered":"<p>Bertrand Munch, directeur g\u00e9n\u00e9ral de l\u2019Office national des for\u00eats, a nomm\u00e9 Olivier Rousset au poste de directeur g\u00e9n\u00e9ral adjoint. Pr\u00e9c\u00e9demment directeur territorial en Midi-M\u00e9diterran\u00e9e, il remplace Fran\u00e7ois Bonnet qui a rejoint le minist\u00e8re de la Transition \u00e9cologique en tant que d\u00e9l\u00e9gu\u00e9 minist\u00e9riel pour la for\u00eat et le bois.<\/p>\n<p>En 2010, Olivier Rousset rejoint l\u2019ONF comme directeur de l\u2019agence territoriale Bourgogne-Est constitu\u00e9e de 13 unit\u00e9s territoriales r\u00e9parties dans les d\u00e9partements de C\u00f4te-d\u2019Or et de Sa\u00f4ne-et-Loire. Puis, en 2016, il se voit confier la direction territoriale M\u00e9diterran\u00e9e et le pilotage de la cr\u00e9ation d\u2019une nouvelle direction territoriale \u00e0 l\u2019\u00e9chelle des r\u00e9gions PACA et Occitanie. De 1999 \u00e0 2010, Il a exerc\u00e9, au sein des minist\u00e8res de l\u2019agriculture, de l\u2019int\u00e9rieur puis de l\u2019environnement. D\u2019abord, en administration centrale, comme chef de bureau en charge de mesures du deuxi\u00e8me pilier de la politique agricole commune. Puis, comme charg\u00e9 de mission, aupr\u00e8s du pr\u00e9fet de r\u00e9gion Provence-Alpes-C\u00f4te d\u2019Azur, pour les sujets forestiers, agricoles et environnementaux. Il a, \u00e0 ce titre, pilot\u00e9 le plan interminist\u00e9riel de restauration de la rivi\u00e8re Durance. Enfin, il a \u00e9t\u00e9 directeur d\u00e9l\u00e9gu\u00e9 de DIREN PACA puis directeur adjoint de la DREAL PACA. En 1996, il d\u00e9bute son parcours professionnel au Centre d\u2019Ecologie Fonctionnelle et Evolutive (CNRS). Ses travaux de recherche de doctorat ont port\u00e9 sur les dynamiques de r\u00e9g\u00e9n\u00e9ration du ch\u00eane pubescent sur les plateaux calcaires du sud du Massif Central et ont permis de caract\u00e9riser l\u2019importance des interactions positives entre esp\u00e8ces v\u00e9g\u00e9tales dans les milieux naturels difficiles.<\/p>\n","protected":false},"excerpt":{"rendered":"<p>Bertrand Munch, directeur g\u00e9n\u00e9ral de l\u2019Office national des for\u00eats, a nomm\u00e9 Olivier Rousset au poste de directeur g\u00e9n\u00e9ral adjoint. Pr\u00e9c\u00e9demment directeur territorial en Midi-M\u00e9diterran\u00e9e, il remplace Fran\u00e7ois Bonnet qui a rejoint le minist\u00e8re de la Transition \u00e9cologique en tant que d\u00e9l\u00e9gu\u00e9 minist\u00e9riel pour la for\u00eat et le bois. En 2010, Olivier Rousset rejoint l\u2019ONF comme [&hellip;]<\/p>\n","protected":false},"author":17,"featured_media":105353,"comment_status":"closed","ping_status":"closed","sticky":false,"template":"","format":"standard","meta":{"_et_pb_use_builder":"","_et_pb_old_content":"","_et_gb_content_width":"","footnotes":""},"categories":[10530,6362,10768,10764],"tags":[2122],"class_list":["post-105352","post","type-post","status-publish","format-standard","has-post-thumbnail","hentry","category-actualites","category-services-equipements","category-nouvelles-tetes","category-woodsurfer","tag-onf"],"yoast_head":"<!-- This site is optimized with the Yoast SEO plugin v27.4 - https:\/\/yoast.com\/product\/yoast-seo-wordpress\/ -->\n<title>Olivier Rousset, nouveau directeur g\u00e9n\u00e9ral adjoint de l&#039;ONF<\/title>\n<meta name=\"robots\" content=\"index, follow, max-snippet:-1, max-image-preview:large, max-video-preview:-1\" \/>\n<link rel=\"canonical\" href=\"https:\/\/batijournal.com\/index.php\/olivier-rousset-nouveau-directeur-general-adjoint-de-lonf\/105352\/\" \/>\n<meta property=\"og:locale\" content=\"fr_FR\" \/>\n<meta property=\"og:type\" content=\"article\" \/>\n<meta property=\"og:title\" content=\"Olivier Rousset, nouveau directeur g\u00e9n\u00e9ral adjoint de l&#039;ONF\" \/>\n<meta property=\"og:description\" content=\"Bertrand Munch, directeur g\u00e9n\u00e9ral de l\u2019Office national des for\u00eats, a nomm\u00e9 Olivier Rousset au poste de directeur g\u00e9n\u00e9ral adjoint. Pr\u00e9c\u00e9demment directeur territorial en Midi-M\u00e9diterran\u00e9e, il remplace Fran\u00e7ois Bonnet qui a rejoint le minist\u00e8re de la Transition \u00e9cologique en tant que d\u00e9l\u00e9gu\u00e9 minist\u00e9riel pour la for\u00eat et le bois. En 2010, Olivier Rousset rejoint l\u2019ONF comme [&hellip;]\" \/>\n<meta property=\"og:url\" content=\"https:\/\/batijournal.com\/index.php\/olivier-rousset-nouveau-directeur-general-adjoint-de-lonf\/105352\/\" \/>\n<meta property=\"og:site_name\" content=\"Batijournal\" \/>\n<meta property=\"article:published_time\" content=\"2021-01-08T07:27:38+00:00\" \/>\n<meta property=\"og:image\" content=\"https:\/\/batijournal.com\/wp-content\/uploads\/2021\/01\/Olivier-Rousset-onf.jpg\" \/>\n\t<meta property=\"og:image:width\" content=\"1000\" \/>\n\t<meta property=\"og:image:height\" content=\"643\" \/>\n\t<meta property=\"og:image:type\" content=\"image\/jpeg\" \/>\n<meta name=\"author\" content=\"St\u00e9phane Miget\" \/>\n<meta name=\"twitter:card\" content=\"summary_large_image\" \/>\n<meta name=\"twitter:creator\" content=\"@bati_journal\" \/>\n<meta name=\"twitter:site\" content=\"@bati_journal\" \/>\n<meta name=\"twitter:label1\" content=\"\u00c9crit par\" \/>\n\t<meta name=\"twitter:data1\" content=\"St\u00e9phane Miget\" \/>\n\t<meta name=\"twitter:label2\" content=\"Dur\u00e9e de lecture estim\u00e9e\" \/>\n\t<meta name=\"twitter:data2\" content=\"1 minute\" \/>\n<script type=\"application\/ld+json\" class=\"yoast-schema-graph\">{\"@context\":\"https:\\\/\\\/schema.org\",\"@graph\":[{\"@type\":\"Article\",\"@id\":\"https:\\\/\\\/batijournal.com\\\/index.php\\\/olivier-rousset-nouveau-directeur-general-adjoint-de-lonf\\\/105352\\\/#article\",\"isPartOf\":{\"@id\":\"https:\\\/\\\/batijournal.com\\\/index.php\\\/olivier-rousset-nouveau-directeur-general-adjoint-de-lonf\\\/105352\\\/\"},\"author\":{\"name\":\"St\u00e9phane Miget\",\"@id\":\"https:\\\/\\\/batijournal.com\\\/#\\\/schema\\\/person\\\/1dc96ec6957aa1ccb25ebe78bb19f100\"},\"headline\":\"Olivier Rousset, nouveau directeur g\u00e9n\u00e9ral adjoint de l&rsquo;ONF\",\"datePublished\":\"2021-01-08T07:27:38+00:00\",\"mainEntityOfPage\":{\"@id\":\"https:\\\/\\\/batijournal.com\\\/index.php\\\/olivier-rousset-nouveau-directeur-general-adjoint-de-lonf\\\/105352\\\/\"},\"wordCount\":306,\"image\":{\"@id\":\"https:\\\/\\\/batijournal.com\\\/index.php\\\/olivier-rousset-nouveau-directeur-general-adjoint-de-lonf\\\/105352\\\/#primaryimage\"},\"thumbnailUrl\":\"https:\\\/\\\/batijournal.com\\\/wp-content\\\/uploads\\\/2021\\\/01\\\/Olivier-Rousset-onf.jpg\",\"keywords\":[\"onf\"],\"articleSection\":[\"Actualit\u00e9s\",\"Divers\",\"zz_Nouvelles t\u00eates - Woodsurfer\",\"zz_Woodsurfer\"],\"inLanguage\":\"fr-FR\"},{\"@type\":\"WebPage\",\"@id\":\"https:\\\/\\\/batijournal.com\\\/index.php\\\/olivier-rousset-nouveau-directeur-general-adjoint-de-lonf\\\/105352\\\/\",\"url\":\"https:\\\/\\\/batijournal.com\\\/index.php\\\/olivier-rousset-nouveau-directeur-general-adjoint-de-lonf\\\/105352\\\/\",\"name\":\"Olivier Rousset, nouveau directeur g\u00e9n\u00e9ral adjoint de l'ONF\",\"isPartOf\":{\"@id\":\"https:\\\/\\\/batijournal.com\\\/#website\"},\"primaryImageOfPage\":{\"@id\":\"https:\\\/\\\/batijournal.com\\\/index.php\\\/olivier-rousset-nouveau-directeur-general-adjoint-de-lonf\\\/105352\\\/#primaryimage\"},\"image\":{\"@id\":\"https:\\\/\\\/batijournal.com\\\/index.php\\\/olivier-rousset-nouveau-directeur-general-adjoint-de-lonf\\\/105352\\\/#primaryimage\"},\"thumbnailUrl\":\"https:\\\/\\\/batijournal.com\\\/wp-content\\\/uploads\\\/2021\\\/01\\\/Olivier-Rousset-onf.jpg\",\"datePublished\":\"2021-01-08T07:27:38+00:00\",\"author\":{\"@id\":\"https:\\\/\\\/batijournal.com\\\/#\\\/schema\\\/person\\\/1dc96ec6957aa1ccb25ebe78bb19f100\"},\"breadcrumb\":{\"@id\":\"https:\\\/\\\/batijournal.com\\\/index.php\\\/olivier-rousset-nouveau-directeur-general-adjoint-de-lonf\\\/105352\\\/#breadcrumb\"},\"inLanguage\":\"fr-FR\",\"potentialAction\":[{\"@type\":\"ReadAction\",\"target\":[\"https:\\\/\\\/batijournal.com\\\/index.php\\\/olivier-rousset-nouveau-directeur-general-adjoint-de-lonf\\\/105352\\\/\"]}]},{\"@type\":\"ImageObject\",\"inLanguage\":\"fr-FR\",\"@id\":\"https:\\\/\\\/batijournal.com\\\/index.php\\\/olivier-rousset-nouveau-directeur-general-adjoint-de-lonf\\\/105352\\\/#primaryimage\",\"url\":\"https:\\\/\\\/batijournal.com\\\/wp-content\\\/uploads\\\/2021\\\/01\\\/Olivier-Rousset-onf.jpg\",\"contentUrl\":\"https:\\\/\\\/batijournal.com\\\/wp-content\\\/uploads\\\/2021\\\/01\\\/Olivier-Rousset-onf.jpg\",\"width\":1000,\"height\":643},{\"@type\":\"BreadcrumbList\",\"@id\":\"https:\\\/\\\/batijournal.com\\\/index.php\\\/olivier-rousset-nouveau-directeur-general-adjoint-de-lonf\\\/105352\\\/#breadcrumb\",\"itemListElement\":[{\"@type\":\"ListItem\",\"position\":1,\"name\":\"Accueil\",\"item\":\"https:\\\/\\\/batijournal.com\\\/\"},{\"@type\":\"ListItem\",\"position\":2,\"name\":\"Actualit\u00e9s\",\"item\":\"https:\\\/\\\/batijournal.com\\\/index.php\\\/category\\\/actualites\\\/\"},{\"@type\":\"ListItem\",\"position\":3,\"name\":\"Divers\",\"item\":\"https:\\\/\\\/batijournal.com\\\/index.php\\\/category\\\/actualites\\\/services-equipements\\\/\"},{\"@type\":\"ListItem\",\"position\":4,\"name\":\"Olivier Rousset, nouveau directeur g\u00e9n\u00e9ral adjoint de l&rsquo;ONF\"}]},{\"@type\":\"WebSite\",\"@id\":\"https:\\\/\\\/batijournal.com\\\/#website\",\"url\":\"https:\\\/\\\/batijournal.com\\\/\",\"name\":\"Batijournal\",\"description\":\"L&#039;actualit\u00e9 du b\u00e2timent\",\"potentialAction\":[{\"@type\":\"SearchAction\",\"target\":{\"@type\":\"EntryPoint\",\"urlTemplate\":\"https:\\\/\\\/batijournal.com\\\/?s={search_term_string}\"},\"query-input\":{\"@type\":\"PropertyValueSpecification\",\"valueRequired\":true,\"valueName\":\"search_term_string\"}}],\"inLanguage\":\"fr-FR\"},{\"@type\":\"Person\",\"@id\":\"https:\\\/\\\/batijournal.com\\\/#\\\/schema\\\/person\\\/1dc96ec6957aa1ccb25ebe78bb19f100\",\"name\":\"St\u00e9phane Miget\",\"image\":{\"@type\":\"ImageObject\",\"inLanguage\":\"fr-FR\",\"@id\":\"https:\\\/\\\/secure.gravatar.com\\\/avatar\\\/89915563d925342126b8ef0281b93d9d7fc337043e8df017f780908eb9644451?s=96&d=mm&r=g\",\"url\":\"https:\\\/\\\/secure.gravatar.com\\\/avatar\\\/89915563d925342126b8ef0281b93d9d7fc337043e8df017f780908eb9644451?s=96&d=mm&r=g\",\"contentUrl\":\"https:\\\/\\\/secure.gravatar.com\\\/avatar\\\/89915563d925342126b8ef0281b93d9d7fc337043e8df017f780908eb9644451?s=96&d=mm&r=g\",\"caption\":\"St\u00e9phane Miget\"},\"url\":\"https:\\\/\\\/batijournal.com\\\/index.php\\\/author\\\/stephane\\\/\"}]}<\/script>\n<!-- \/ Yoast SEO plugin. -->","yoast_head_json":{"title":"Olivier Rousset, nouveau directeur g\u00e9n\u00e9ral adjoint de l'ONF","robots":{"index":"index","follow":"follow","max-snippet":"max-snippet:-1","max-image-preview":"max-image-preview:large","max-video-preview":"max-video-preview:-1"},"canonical":"https:\/\/batijournal.com\/index.php\/olivier-rousset-nouveau-directeur-general-adjoint-de-lonf\/105352\/","og_locale":"fr_FR","og_type":"article","og_title":"Olivier Rousset, nouveau directeur g\u00e9n\u00e9ral adjoint de l'ONF","og_description":"Bertrand Munch, directeur g\u00e9n\u00e9ral de l\u2019Office national des for\u00eats, a nomm\u00e9 Olivier Rousset au poste de directeur g\u00e9n\u00e9ral adjoint. Pr\u00e9c\u00e9demment directeur territorial en Midi-M\u00e9diterran\u00e9e, il remplace Fran\u00e7ois Bonnet qui a rejoint le minist\u00e8re de la Transition \u00e9cologique en tant que d\u00e9l\u00e9gu\u00e9 minist\u00e9riel pour la for\u00eat et le bois. En 2010, Olivier Rousset rejoint l\u2019ONF comme [&hellip;]","og_url":"https:\/\/batijournal.com\/index.php\/olivier-rousset-nouveau-directeur-general-adjoint-de-lonf\/105352\/","og_site_name":"Batijournal","article_published_time":"2021-01-08T07:27:38+00:00","og_image":[{"width":1000,"height":643,"url":"https:\/\/batijournal.com\/wp-content\/uploads\/2021\/01\/Olivier-Rousset-onf.jpg","type":"image\/jpeg"}],"author":"St\u00e9phane Miget","twitter_card":"summary_large_image","twitter_creator":"@bati_journal","twitter_site":"@bati_journal","twitter_misc":{"\u00c9crit par":"St\u00e9phane Miget","Dur\u00e9e de lecture estim\u00e9e":"1 minute"},"schema":{"@context":"https:\/\/schema.org","@graph":[{"@type":"Article","@id":"https:\/\/batijournal.com\/index.php\/olivier-rousset-nouveau-directeur-general-adjoint-de-lonf\/105352\/#article","isPartOf":{"@id":"https:\/\/batijournal.com\/index.php\/olivier-rousset-nouveau-directeur-general-adjoint-de-lonf\/105352\/"},"author":{"name":"St\u00e9phane Miget","@id":"https:\/\/batijournal.com\/#\/schema\/person\/1dc96ec6957aa1ccb25ebe78bb19f100"},"headline":"Olivier Rousset, nouveau directeur g\u00e9n\u00e9ral adjoint de l&rsquo;ONF","datePublished":"2021-01-08T07:27:38+00:00","mainEntityOfPage":{"@id":"https:\/\/batijournal.com\/index.php\/olivier-rousset-nouveau-directeur-general-adjoint-de-lonf\/105352\/"},"wordCount":306,"image":{"@id":"https:\/\/batijournal.com\/index.php\/olivier-rousset-nouveau-directeur-general-adjoint-de-lonf\/105352\/#primaryimage"},"thumbnailUrl":"https:\/\/batijournal.com\/wp-content\/uploads\/2021\/01\/Olivier-Rousset-onf.jpg","keywords":["onf"],"articleSection":["Actualit\u00e9s","Divers","zz_Nouvelles t\u00eates - Woodsurfer","zz_Woodsurfer"],"inLanguage":"fr-FR"},{"@type":"WebPage","@id":"https:\/\/batijournal.com\/index.php\/olivier-rousset-nouveau-directeur-general-adjoint-de-lonf\/105352\/","url":"https:\/\/batijournal.com\/index.php\/olivier-rousset-nouveau-directeur-general-adjoint-de-lonf\/105352\/","name":"Olivier Rousset, nouveau directeur g\u00e9n\u00e9ral adjoint de l'ONF","isPartOf":{"@id":"https:\/\/batijournal.com\/#website"},"primaryImageOfPage":{"@id":"https:\/\/batijournal.com\/index.php\/olivier-rousset-nouveau-directeur-general-adjoint-de-lonf\/105352\/#primaryimage"},"image":{"@id":"https:\/\/batijournal.com\/index.php\/olivier-rousset-nouveau-directeur-general-adjoint-de-lonf\/105352\/#primaryimage"},"thumbnailUrl":"https:\/\/batijournal.com\/wp-content\/uploads\/2021\/01\/Olivier-Rousset-onf.jpg","datePublished":"2021-01-08T07:27:38+00:00","author":{"@id":"https:\/\/batijournal.com\/#\/schema\/person\/1dc96ec6957aa1ccb25ebe78bb19f100"},"breadcrumb":{"@id":"https:\/\/batijournal.com\/index.php\/olivier-rousset-nouveau-directeur-general-adjoint-de-lonf\/105352\/#breadcrumb"},"inLanguage":"fr-FR","potentialAction":[{"@type":"ReadAction","target":["https:\/\/batijournal.com\/index.php\/olivier-rousset-nouveau-directeur-general-adjoint-de-lonf\/105352\/"]}]},{"@type":"ImageObject","inLanguage":"fr-FR","@id":"https:\/\/batijournal.com\/index.php\/olivier-rousset-nouveau-directeur-general-adjoint-de-lonf\/105352\/#primaryimage","url":"https:\/\/batijournal.com\/wp-content\/uploads\/2021\/01\/Olivier-Rousset-onf.jpg","contentUrl":"https:\/\/batijournal.com\/wp-content\/uploads\/2021\/01\/Olivier-Rousset-onf.jpg","width":1000,"height":643},{"@type":"BreadcrumbList","@id":"https:\/\/batijournal.com\/index.php\/olivier-rousset-nouveau-directeur-general-adjoint-de-lonf\/105352\/#breadcrumb","itemListElement":[{"@type":"ListItem","position":1,"name":"Accueil","item":"https:\/\/batijournal.com\/"},{"@type":"ListItem","position":2,"name":"Actualit\u00e9s","item":"https:\/\/batijournal.com\/index.php\/category\/actualites\/"},{"@type":"ListItem","position":3,"name":"Divers","item":"https:\/\/batijournal.com\/index.php\/category\/actualites\/services-equipements\/"},{"@type":"ListItem","position":4,"name":"Olivier Rousset, nouveau directeur g\u00e9n\u00e9ral adjoint de l&rsquo;ONF"}]},{"@type":"WebSite","@id":"https:\/\/batijournal.com\/#website","url":"https:\/\/batijournal.com\/","name":"Batijournal","description":"L&#039;actualit\u00e9 du b\u00e2timent","potentialAction":[{"@type":"SearchAction","target":{"@type":"EntryPoint","urlTemplate":"https:\/\/batijournal.com\/?s={search_term_string}"},"query-input":{"@type":"PropertyValueSpecification","valueRequired":true,"valueName":"search_term_string"}}],"inLanguage":"fr-FR"},{"@type":"Person","@id":"https:\/\/batijournal.com\/#\/schema\/person\/1dc96ec6957aa1ccb25ebe78bb19f100","name":"St\u00e9phane Miget","image":{"@type":"ImageObject","inLanguage":"fr-FR","@id":"https:\/\/secure.gravatar.com\/avatar\/89915563d925342126b8ef0281b93d9d7fc337043e8df017f780908eb9644451?s=96&d=mm&r=g","url":"https:\/\/secure.gravatar.com\/avatar\/89915563d925342126b8ef0281b93d9d7fc337043e8df017f780908eb9644451?s=96&d=mm&r=g","contentUrl":"https:\/\/secure.gravatar.com\/avatar\/89915563d925342126b8ef0281b93d9d7fc337043e8df017f780908eb9644451?s=96&d=mm&r=g","caption":"St\u00e9phane Miget"},"url":"https:\/\/batijournal.com\/index.php\/author\/stephane\/"}]}},"_links":{"self":[{"href":"https:\/\/batijournal.com\/index.php\/wp-json\/wp\/v2\/posts\/105352","targetHints":{"allow":["GET"]}}],"collection":[{"href":"https:\/\/batijournal.com\/index.php\/wp-json\/wp\/v2\/posts"}],"about":[{"href":"https:\/\/batijournal.com\/index.php\/wp-json\/wp\/v2\/types\/post"}],"author":[{"embeddable":true,"href":"https:\/\/batijournal.com\/index.php\/wp-json\/wp\/v2\/users\/17"}],"replies":[{"embeddable":true,"href":"https:\/\/batijournal.com\/index.php\/wp-json\/wp\/v2\/comments?post=105352"}],"version-history":[{"count":0,"href":"https:\/\/batijournal.com\/index.php\/wp-json\/wp\/v2\/posts\/105352\/revisions"}],"wp:featuredmedia":[{"embeddable":true,"href":"https:\/\/batijournal.com\/index.php\/wp-json\/wp\/v2\/media\/105353"}],"wp:attachment":[{"href":"https:\/\/batijournal.com\/index.php\/wp-json\/wp\/v2\/media?parent=105352"}],"wp:term":[{"taxonomy":"category","embeddable":true,"href":"https:\/\/batijournal.com\/index.php\/wp-json\/wp\/v2\/categories?post=105352"},{"taxonomy":"post_tag","embeddable":true,"href":"https:\/\/batijournal.com\/index.php\/wp-json\/wp\/v2\/tags?post=105352"}],"curies":[{"name":"wp","href":"https:\/\/api.w.org\/{rel}","templated":true}]}}