{"id":105357,"date":"2021-01-08T08:29:15","date_gmt":"2021-01-08T07:29:15","guid":{"rendered":"https:\/\/batijournal.com\/?p=105357"},"modified":"2021-01-08T08:29:15","modified_gmt":"2021-01-08T07:29:15","slug":"le-groupe-ducerf-recrute","status":"publish","type":"post","link":"https:\/\/batijournal.com\/index.php\/le-groupe-ducerf-recrute\/105357\/","title":{"rendered":"Le Groupe DUCERF recrute"},"content":{"rendered":"<p>Le Groupe DUCERF pr\u00e9voyait pour 2020 entre 10 et 15% de d\u00e9veloppement de son activit\u00e9, dans le contexte difficile actuel, elle enregistre une l\u00e9g\u00e8re baisse par rapport \u00e0 l\u2019ann\u00e9e derni\u00e8re. Un r\u00e9sultat obtenu gr\u00e2ce aux efforts du groupe pour maintenir un niveau d\u2019activit\u00e9 satisfaisant. Le fabriquant industriel sp\u00e9cialis\u00e9 dans la transformation des bois feuillus a su \u00eatre r\u00e9actif d\u00e8s le d\u00e9but de la crise. L\u2019ensemble du personnel administratif a continu\u00e9 son activit\u00e9 en t\u00e9l\u00e9travail, et la production a pu reprendre dans des conditions sanitaires optimales apr\u00e8s seulement deux semaines d\u2019arr\u00eat. Cette continuit\u00e9 dans l\u2019offre et les services a \u00e9t\u00e9 b\u00e9n\u00e9fique, le Groupe a presque rattrap\u00e9 son retard au deuxi\u00e8me semestre. Par ailleurs, la strat\u00e9gie adopt\u00e9e depuis quelques ann\u00e9es sur la diversification des march\u00e9s notamment \u00e0 l\u2019export a port\u00e9 ses fruits. Si l\u2019an dernier, les plus belles progressions \u00e9taient sur la France, ces derniers mois les pays du grand export comme la Chine, l\u2019Inde, le Vietnam ou encore la Malaisie, ont \u00e9t\u00e9 de belles cartes \u00e0 jouer. Le Groupe acc\u00e9l\u00e8re le d\u00e9veloppement de ses ressources humaines et envisage de recruter 15 nouveaux collaborateurs (des op\u00e9rateurs polyvalents, d\u00e9ligneurs, rogneurs, ou scieurs de grumes). Pour soutenir ces ambitions, l\u2019industriel \u00e9toffe son \u00e9quipe administrative avec la cr\u00e9ation d\u2019un poste de Responsable des Ressources Humaines. Il aura pour missions d\u2019animer les campagnes de recrutement, d\u2019accompagner la mise en place de formations et d\u2019encourager l\u2019organisation de l\u2019entreprise autour d\u2019\u00e9quipes projet. L\u2019entreprise souhaite encourager des m\u00e9thodes de travail qui allient pluridisciplinarit\u00e9, coop\u00e9ration et diversification des t\u00e2ches. En coh\u00e9rence avec ses valeurs familiales, le Groupe DUCERF place le bien-\u00eatre et l\u2019\u00e9panouissement de ses salari\u00e9s au c\u0153ur de ses pr\u00e9occupations.<\/p>\n","protected":false},"excerpt":{"rendered":"<p>Le Groupe DUCERF pr\u00e9voyait pour 2020 entre 10 et 15% de d\u00e9veloppement de son activit\u00e9, dans le contexte difficile actuel, elle enregistre une l\u00e9g\u00e8re baisse par rapport \u00e0 l\u2019ann\u00e9e derni\u00e8re. Un r\u00e9sultat obtenu gr\u00e2ce aux efforts du groupe pour maintenir un niveau d\u2019activit\u00e9 satisfaisant. Le fabriquant industriel sp\u00e9cialis\u00e9 dans la transformation des bois feuillus a [&hellip;]<\/p>\n","protected":false},"author":17,"featured_media":105355,"comment_status":"closed","ping_status":"closed","sticky":false,"template":"","format":"standard","meta":{"_et_pb_use_builder":"","_et_pb_old_content":"","_et_gb_content_width":"","footnotes":""},"categories":[10530,6345,10769,10764],"tags":[3882],"class_list":["post-105357","post","type-post","status-publish","format-standard","has-post-thumbnail","hentry","category-actualites","category-economie-marches","category-publications","category-woodsurfer","tag-scierie"],"yoast_head":"<!-- This site is optimized with the Yoast SEO plugin v27.4 - https:\/\/yoast.com\/product\/yoast-seo-wordpress\/ -->\n<title>Le Groupe DUCERF recrute<\/title>\n<meta name=\"robots\" content=\"index, follow, max-snippet:-1, max-image-preview:large, max-video-preview:-1\" \/>\n<link rel=\"canonical\" href=\"https:\/\/batijournal.com\/index.php\/le-groupe-ducerf-recrute\/105357\/\" \/>\n<meta property=\"og:locale\" content=\"fr_FR\" \/>\n<meta property=\"og:type\" content=\"article\" \/>\n<meta property=\"og:title\" content=\"Le Groupe DUCERF recrute\" \/>\n<meta property=\"og:description\" content=\"Le Groupe DUCERF pr\u00e9voyait pour 2020 entre 10 et 15% de d\u00e9veloppement de son activit\u00e9, dans le contexte difficile actuel, elle enregistre une l\u00e9g\u00e8re baisse par rapport \u00e0 l\u2019ann\u00e9e derni\u00e8re. Un r\u00e9sultat obtenu gr\u00e2ce aux efforts du groupe pour maintenir un niveau d\u2019activit\u00e9 satisfaisant. Le fabriquant industriel sp\u00e9cialis\u00e9 dans la transformation des bois feuillus a [&hellip;]\" \/>\n<meta property=\"og:url\" content=\"https:\/\/batijournal.com\/index.php\/le-groupe-ducerf-recrute\/105357\/\" \/>\n<meta property=\"og:site_name\" content=\"Batijournal\" \/>\n<meta property=\"article:published_time\" content=\"2021-01-08T07:29:15+00:00\" \/>\n<meta property=\"og:image\" content=\"https:\/\/batijournal.com\/wp-content\/uploads\/2021\/01\/DUCERF-Recrutement.jpg\" \/>\n\t<meta property=\"og:image:width\" content=\"1200\" \/>\n\t<meta property=\"og:image:height\" content=\"690\" \/>\n\t<meta property=\"og:image:type\" content=\"image\/jpeg\" \/>\n<meta name=\"author\" content=\"St\u00e9phane Miget\" \/>\n<meta name=\"twitter:card\" content=\"summary_large_image\" \/>\n<meta name=\"twitter:creator\" content=\"@bati_journal\" \/>\n<meta name=\"twitter:site\" content=\"@bati_journal\" \/>\n<meta name=\"twitter:label1\" content=\"\u00c9crit par\" \/>\n\t<meta name=\"twitter:data1\" content=\"St\u00e9phane Miget\" \/>\n\t<meta name=\"twitter:label2\" content=\"Dur\u00e9e de lecture estim\u00e9e\" \/>\n\t<meta name=\"twitter:data2\" content=\"2 minutes\" \/>\n<script type=\"application\/ld+json\" class=\"yoast-schema-graph\">{\"@context\":\"https:\\\/\\\/schema.org\",\"@graph\":[{\"@type\":\"Article\",\"@id\":\"https:\\\/\\\/batijournal.com\\\/index.php\\\/le-groupe-ducerf-recrute\\\/105357\\\/#article\",\"isPartOf\":{\"@id\":\"https:\\\/\\\/batijournal.com\\\/index.php\\\/le-groupe-ducerf-recrute\\\/105357\\\/\"},\"author\":{\"name\":\"St\u00e9phane Miget\",\"@id\":\"https:\\\/\\\/batijournal.com\\\/#\\\/schema\\\/person\\\/1dc96ec6957aa1ccb25ebe78bb19f100\"},\"headline\":\"Le Groupe DUCERF recrute\",\"datePublished\":\"2021-01-08T07:29:15+00:00\",\"mainEntityOfPage\":{\"@id\":\"https:\\\/\\\/batijournal.com\\\/index.php\\\/le-groupe-ducerf-recrute\\\/105357\\\/\"},\"wordCount\":323,\"image\":{\"@id\":\"https:\\\/\\\/batijournal.com\\\/index.php\\\/le-groupe-ducerf-recrute\\\/105357\\\/#primaryimage\"},\"thumbnailUrl\":\"https:\\\/\\\/batijournal.com\\\/wp-content\\\/uploads\\\/2021\\\/01\\\/DUCERF-Recrutement.jpg\",\"keywords\":[\"scierie\"],\"articleSection\":[\"Actualit\u00e9s\",\"\u00c9conomie &amp; March\u00e9s\",\"zz_Actualit\u00e9s - Woodsurfer\",\"zz_Woodsurfer\"],\"inLanguage\":\"fr-FR\"},{\"@type\":\"WebPage\",\"@id\":\"https:\\\/\\\/batijournal.com\\\/index.php\\\/le-groupe-ducerf-recrute\\\/105357\\\/\",\"url\":\"https:\\\/\\\/batijournal.com\\\/index.php\\\/le-groupe-ducerf-recrute\\\/105357\\\/\",\"name\":\"Le Groupe DUCERF recrute\",\"isPartOf\":{\"@id\":\"https:\\\/\\\/batijournal.com\\\/#website\"},\"primaryImageOfPage\":{\"@id\":\"https:\\\/\\\/batijournal.com\\\/index.php\\\/le-groupe-ducerf-recrute\\\/105357\\\/#primaryimage\"},\"image\":{\"@id\":\"https:\\\/\\\/batijournal.com\\\/index.php\\\/le-groupe-ducerf-recrute\\\/105357\\\/#primaryimage\"},\"thumbnailUrl\":\"https:\\\/\\\/batijournal.com\\\/wp-content\\\/uploads\\\/2021\\\/01\\\/DUCERF-Recrutement.jpg\",\"datePublished\":\"2021-01-08T07:29:15+00:00\",\"author\":{\"@id\":\"https:\\\/\\\/batijournal.com\\\/#\\\/schema\\\/person\\\/1dc96ec6957aa1ccb25ebe78bb19f100\"},\"breadcrumb\":{\"@id\":\"https:\\\/\\\/batijournal.com\\\/index.php\\\/le-groupe-ducerf-recrute\\\/105357\\\/#breadcrumb\"},\"inLanguage\":\"fr-FR\",\"potentialAction\":[{\"@type\":\"ReadAction\",\"target\":[\"https:\\\/\\\/batijournal.com\\\/index.php\\\/le-groupe-ducerf-recrute\\\/105357\\\/\"]}]},{\"@type\":\"ImageObject\",\"inLanguage\":\"fr-FR\",\"@id\":\"https:\\\/\\\/batijournal.com\\\/index.php\\\/le-groupe-ducerf-recrute\\\/105357\\\/#primaryimage\",\"url\":\"https:\\\/\\\/batijournal.com\\\/wp-content\\\/uploads\\\/2021\\\/01\\\/DUCERF-Recrutement.jpg\",\"contentUrl\":\"https:\\\/\\\/batijournal.com\\\/wp-content\\\/uploads\\\/2021\\\/01\\\/DUCERF-Recrutement.jpg\",\"width\":1200,\"height\":690},{\"@type\":\"BreadcrumbList\",\"@id\":\"https:\\\/\\\/batijournal.com\\\/index.php\\\/le-groupe-ducerf-recrute\\\/105357\\\/#breadcrumb\",\"itemListElement\":[{\"@type\":\"ListItem\",\"position\":1,\"name\":\"Accueil\",\"item\":\"https:\\\/\\\/batijournal.com\\\/\"},{\"@type\":\"ListItem\",\"position\":2,\"name\":\"Actualit\u00e9s\",\"item\":\"https:\\\/\\\/batijournal.com\\\/index.php\\\/category\\\/actualites\\\/\"},{\"@type\":\"ListItem\",\"position\":3,\"name\":\"\u00c9conomie &amp; March\u00e9s\",\"item\":\"https:\\\/\\\/batijournal.com\\\/index.php\\\/category\\\/actualites\\\/economie-marches\\\/\"},{\"@type\":\"ListItem\",\"position\":4,\"name\":\"Le Groupe DUCERF recrute\"}]},{\"@type\":\"WebSite\",\"@id\":\"https:\\\/\\\/batijournal.com\\\/#website\",\"url\":\"https:\\\/\\\/batijournal.com\\\/\",\"name\":\"Batijournal\",\"description\":\"L&#039;actualit\u00e9 du b\u00e2timent\",\"potentialAction\":[{\"@type\":\"SearchAction\",\"target\":{\"@type\":\"EntryPoint\",\"urlTemplate\":\"https:\\\/\\\/batijournal.com\\\/?s={search_term_string}\"},\"query-input\":{\"@type\":\"PropertyValueSpecification\",\"valueRequired\":true,\"valueName\":\"search_term_string\"}}],\"inLanguage\":\"fr-FR\"},{\"@type\":\"Person\",\"@id\":\"https:\\\/\\\/batijournal.com\\\/#\\\/schema\\\/person\\\/1dc96ec6957aa1ccb25ebe78bb19f100\",\"name\":\"St\u00e9phane Miget\",\"image\":{\"@type\":\"ImageObject\",\"inLanguage\":\"fr-FR\",\"@id\":\"https:\\\/\\\/secure.gravatar.com\\\/avatar\\\/89915563d925342126b8ef0281b93d9d7fc337043e8df017f780908eb9644451?s=96&d=mm&r=g\",\"url\":\"https:\\\/\\\/secure.gravatar.com\\\/avatar\\\/89915563d925342126b8ef0281b93d9d7fc337043e8df017f780908eb9644451?s=96&d=mm&r=g\",\"contentUrl\":\"https:\\\/\\\/secure.gravatar.com\\\/avatar\\\/89915563d925342126b8ef0281b93d9d7fc337043e8df017f780908eb9644451?s=96&d=mm&r=g\",\"caption\":\"St\u00e9phane Miget\"},\"url\":\"https:\\\/\\\/batijournal.com\\\/index.php\\\/author\\\/stephane\\\/\"}]}<\/script>\n<!-- \/ Yoast SEO plugin. -->","yoast_head_json":{"title":"Le Groupe DUCERF recrute","robots":{"index":"index","follow":"follow","max-snippet":"max-snippet:-1","max-image-preview":"max-image-preview:large","max-video-preview":"max-video-preview:-1"},"canonical":"https:\/\/batijournal.com\/index.php\/le-groupe-ducerf-recrute\/105357\/","og_locale":"fr_FR","og_type":"article","og_title":"Le Groupe DUCERF recrute","og_description":"Le Groupe DUCERF pr\u00e9voyait pour 2020 entre 10 et 15% de d\u00e9veloppement de son activit\u00e9, dans le contexte difficile actuel, elle enregistre une l\u00e9g\u00e8re baisse par rapport \u00e0 l\u2019ann\u00e9e derni\u00e8re. Un r\u00e9sultat obtenu gr\u00e2ce aux efforts du groupe pour maintenir un niveau d\u2019activit\u00e9 satisfaisant. Le fabriquant industriel sp\u00e9cialis\u00e9 dans la transformation des bois feuillus a [&hellip;]","og_url":"https:\/\/batijournal.com\/index.php\/le-groupe-ducerf-recrute\/105357\/","og_site_name":"Batijournal","article_published_time":"2021-01-08T07:29:15+00:00","og_image":[{"width":1200,"height":690,"url":"https:\/\/batijournal.com\/wp-content\/uploads\/2021\/01\/DUCERF-Recrutement.jpg","type":"image\/jpeg"}],"author":"St\u00e9phane Miget","twitter_card":"summary_large_image","twitter_creator":"@bati_journal","twitter_site":"@bati_journal","twitter_misc":{"\u00c9crit par":"St\u00e9phane Miget","Dur\u00e9e de lecture estim\u00e9e":"2 minutes"},"schema":{"@context":"https:\/\/schema.org","@graph":[{"@type":"Article","@id":"https:\/\/batijournal.com\/index.php\/le-groupe-ducerf-recrute\/105357\/#article","isPartOf":{"@id":"https:\/\/batijournal.com\/index.php\/le-groupe-ducerf-recrute\/105357\/"},"author":{"name":"St\u00e9phane Miget","@id":"https:\/\/batijournal.com\/#\/schema\/person\/1dc96ec6957aa1ccb25ebe78bb19f100"},"headline":"Le Groupe DUCERF recrute","datePublished":"2021-01-08T07:29:15+00:00","mainEntityOfPage":{"@id":"https:\/\/batijournal.com\/index.php\/le-groupe-ducerf-recrute\/105357\/"},"wordCount":323,"image":{"@id":"https:\/\/batijournal.com\/index.php\/le-groupe-ducerf-recrute\/105357\/#primaryimage"},"thumbnailUrl":"https:\/\/batijournal.com\/wp-content\/uploads\/2021\/01\/DUCERF-Recrutement.jpg","keywords":["scierie"],"articleSection":["Actualit\u00e9s","\u00c9conomie &amp; March\u00e9s","zz_Actualit\u00e9s - Woodsurfer","zz_Woodsurfer"],"inLanguage":"fr-FR"},{"@type":"WebPage","@id":"https:\/\/batijournal.com\/index.php\/le-groupe-ducerf-recrute\/105357\/","url":"https:\/\/batijournal.com\/index.php\/le-groupe-ducerf-recrute\/105357\/","name":"Le Groupe DUCERF recrute","isPartOf":{"@id":"https:\/\/batijournal.com\/#website"},"primaryImageOfPage":{"@id":"https:\/\/batijournal.com\/index.php\/le-groupe-ducerf-recrute\/105357\/#primaryimage"},"image":{"@id":"https:\/\/batijournal.com\/index.php\/le-groupe-ducerf-recrute\/105357\/#primaryimage"},"thumbnailUrl":"https:\/\/batijournal.com\/wp-content\/uploads\/2021\/01\/DUCERF-Recrutement.jpg","datePublished":"2021-01-08T07:29:15+00:00","author":{"@id":"https:\/\/batijournal.com\/#\/schema\/person\/1dc96ec6957aa1ccb25ebe78bb19f100"},"breadcrumb":{"@id":"https:\/\/batijournal.com\/index.php\/le-groupe-ducerf-recrute\/105357\/#breadcrumb"},"inLanguage":"fr-FR","potentialAction":[{"@type":"ReadAction","target":["https:\/\/batijournal.com\/index.php\/le-groupe-ducerf-recrute\/105357\/"]}]},{"@type":"ImageObject","inLanguage":"fr-FR","@id":"https:\/\/batijournal.com\/index.php\/le-groupe-ducerf-recrute\/105357\/#primaryimage","url":"https:\/\/batijournal.com\/wp-content\/uploads\/2021\/01\/DUCERF-Recrutement.jpg","contentUrl":"https:\/\/batijournal.com\/wp-content\/uploads\/2021\/01\/DUCERF-Recrutement.jpg","width":1200,"height":690},{"@type":"BreadcrumbList","@id":"https:\/\/batijournal.com\/index.php\/le-groupe-ducerf-recrute\/105357\/#breadcrumb","itemListElement":[{"@type":"ListItem","position":1,"name":"Accueil","item":"https:\/\/batijournal.com\/"},{"@type":"ListItem","position":2,"name":"Actualit\u00e9s","item":"https:\/\/batijournal.com\/index.php\/category\/actualites\/"},{"@type":"ListItem","position":3,"name":"\u00c9conomie &amp; March\u00e9s","item":"https:\/\/batijournal.com\/index.php\/category\/actualites\/economie-marches\/"},{"@type":"ListItem","position":4,"name":"Le Groupe DUCERF recrute"}]},{"@type":"WebSite","@id":"https:\/\/batijournal.com\/#website","url":"https:\/\/batijournal.com\/","name":"Batijournal","description":"L&#039;actualit\u00e9 du b\u00e2timent","potentialAction":[{"@type":"SearchAction","target":{"@type":"EntryPoint","urlTemplate":"https:\/\/batijournal.com\/?s={search_term_string}"},"query-input":{"@type":"PropertyValueSpecification","valueRequired":true,"valueName":"search_term_string"}}],"inLanguage":"fr-FR"},{"@type":"Person","@id":"https:\/\/batijournal.com\/#\/schema\/person\/1dc96ec6957aa1ccb25ebe78bb19f100","name":"St\u00e9phane Miget","image":{"@type":"ImageObject","inLanguage":"fr-FR","@id":"https:\/\/secure.gravatar.com\/avatar\/89915563d925342126b8ef0281b93d9d7fc337043e8df017f780908eb9644451?s=96&d=mm&r=g","url":"https:\/\/secure.gravatar.com\/avatar\/89915563d925342126b8ef0281b93d9d7fc337043e8df017f780908eb9644451?s=96&d=mm&r=g","contentUrl":"https:\/\/secure.gravatar.com\/avatar\/89915563d925342126b8ef0281b93d9d7fc337043e8df017f780908eb9644451?s=96&d=mm&r=g","caption":"St\u00e9phane Miget"},"url":"https:\/\/batijournal.com\/index.php\/author\/stephane\/"}]}},"_links":{"self":[{"href":"https:\/\/batijournal.com\/index.php\/wp-json\/wp\/v2\/posts\/105357","targetHints":{"allow":["GET"]}}],"collection":[{"href":"https:\/\/batijournal.com\/index.php\/wp-json\/wp\/v2\/posts"}],"about":[{"href":"https:\/\/batijournal.com\/index.php\/wp-json\/wp\/v2\/types\/post"}],"author":[{"embeddable":true,"href":"https:\/\/batijournal.com\/index.php\/wp-json\/wp\/v2\/users\/17"}],"replies":[{"embeddable":true,"href":"https:\/\/batijournal.com\/index.php\/wp-json\/wp\/v2\/comments?post=105357"}],"version-history":[{"count":0,"href":"https:\/\/batijournal.com\/index.php\/wp-json\/wp\/v2\/posts\/105357\/revisions"}],"wp:featuredmedia":[{"embeddable":true,"href":"https:\/\/batijournal.com\/index.php\/wp-json\/wp\/v2\/media\/105355"}],"wp:attachment":[{"href":"https:\/\/batijournal.com\/index.php\/wp-json\/wp\/v2\/media?parent=105357"}],"wp:term":[{"taxonomy":"category","embeddable":true,"href":"https:\/\/batijournal.com\/index.php\/wp-json\/wp\/v2\/categories?post=105357"},{"taxonomy":"post_tag","embeddable":true,"href":"https:\/\/batijournal.com\/index.php\/wp-json\/wp\/v2\/tags?post=105357"}],"curies":[{"name":"wp","href":"https:\/\/api.w.org\/{rel}","templated":true}]}}