{"id":105360,"date":"2021-01-12T06:13:05","date_gmt":"2021-01-12T05:13:05","guid":{"rendered":"https:\/\/batijournal.com\/?p=105360"},"modified":"2021-01-12T06:13:05","modified_gmt":"2021-01-12T05:13:05","slug":"location-de-materiel-ecoresponsable","status":"publish","type":"post","link":"https:\/\/batijournal.com\/index.php\/location-de-materiel-ecoresponsable\/105360\/","title":{"rendered":"Location de mat\u00e9riel \u00e9coresponsable"},"content":{"rendered":"<p>Le Groupe LOXAM s\u2019engage dans une politique d\u2019investissements ambitieuse de renouvellement de son parc en faveur d\u2019une nouvelle g\u00e9n\u00e9ration de mat\u00e9riels plus respectueux de l\u2019environnement et de la sant\u00e9 des utilisateurs. Ces mat\u00e9riels int\u00e8grent les nouvelles exigences de sant\u00e9, s\u00e9curit\u00e9 et de protection de l\u2019environnement par rapport aux mod\u00e8les \u00ab conventionnels \u00bb. La filiale LOXAM TP a \u00e9t\u00e9 pr\u00e9curseur dans le Groupe et poss\u00e8de aujourd\u2019hui le premier parc en location de pelles hybrides en France (avec une quinzaine de pelles de 20 \u00e0 30 tonnes). \u00ab Cette offre concr\u00e9tise notre transition vers des mat\u00e9riels qui permettent de r\u00e9duire la consommation d\u2019\u00e9nergie et les pollutions en g\u00e9n\u00e9ral et ce, dans le cadre du renouvellement et de la croissance de notre parc. Elle s\u00e9duit nos clients par son approche responsable et pionni\u00e8re. Cela permet \u00e9galement \u00e0 nos clients de d\u00e9couvrir une nouvelle exp\u00e9rience utilisateur. \u00bb, d\u00e9clare Nicolas Ribi\u00e8re, Directeur de LOXAM TP. Un an apr\u00e8s l\u2019acquisition de la premi\u00e8re minipelle \u00e9lectrique 19C-1 ETEC (JCB) dans son parc de mat\u00e9riels, ce sont plus de deux cents mat\u00e9riels dits \u00ab Low Emission \u00bb : nacelles et plateformes \u00e9l\u00e9vatrices, minipelles, chargeuses articul\u00e9es, compresseurs, m\u00e2ts d\u2019\u00e9clairage, v\u00e9hicules et prochainement, chariots t\u00e9lescopiques, dumpers, compacteurs, groupes \u00e9lectrog\u00e8nes qui &#8211; d\u2019ici fin 2021 &#8211; auront int\u00e9gr\u00e9 la gamme LOXGREEN de LOXAM.<\/p>\n","protected":false},"excerpt":{"rendered":"<p>Le Groupe LOXAM s\u2019engage dans une politique d\u2019investissements ambitieuse de renouvellement de son parc en faveur d\u2019une nouvelle g\u00e9n\u00e9ration de mat\u00e9riels plus respectueux de l\u2019environnement et de la sant\u00e9 des utilisateurs. Ces mat\u00e9riels int\u00e8grent les nouvelles exigences de sant\u00e9, s\u00e9curit\u00e9 et de protection de l\u2019environnement par rapport aux mod\u00e8les \u00ab conventionnels \u00bb. La filiale LOXAM [&hellip;]<\/p>\n","protected":false},"author":17,"featured_media":105361,"comment_status":"closed","ping_status":"closed","sticky":false,"template":"","format":"standard","meta":{"_et_pb_use_builder":"","_et_pb_old_content":"","_et_gb_content_width":"","footnotes":""},"categories":[10530,6345,10781,10778],"tags":[3098],"class_list":["post-105360","post","type-post","status-publish","format-standard","has-post-thumbnail","hentry","category-actualites","category-economie-marches","category-publications-planete","category-planete","tag-location"],"yoast_head":"<!-- This site is optimized with the Yoast SEO plugin v27.4 - https:\/\/yoast.com\/product\/yoast-seo-wordpress\/ -->\n<title>Location de mat\u00e9riel \u00e9coresponsable<\/title>\n<meta name=\"robots\" content=\"index, follow, max-snippet:-1, max-image-preview:large, max-video-preview:-1\" \/>\n<link rel=\"canonical\" href=\"https:\/\/batijournal.com\/index.php\/location-de-materiel-ecoresponsable\/105360\/\" \/>\n<meta property=\"og:locale\" content=\"fr_FR\" \/>\n<meta property=\"og:type\" content=\"article\" \/>\n<meta property=\"og:title\" content=\"Location de mat\u00e9riel \u00e9coresponsable\" \/>\n<meta property=\"og:description\" content=\"Le Groupe LOXAM s\u2019engage dans une politique d\u2019investissements ambitieuse de renouvellement de son parc en faveur d\u2019une nouvelle g\u00e9n\u00e9ration de mat\u00e9riels plus respectueux de l\u2019environnement et de la sant\u00e9 des utilisateurs. Ces mat\u00e9riels int\u00e8grent les nouvelles exigences de sant\u00e9, s\u00e9curit\u00e9 et de protection de l\u2019environnement par rapport aux mod\u00e8les \u00ab conventionnels \u00bb. La filiale LOXAM [&hellip;]\" \/>\n<meta property=\"og:url\" content=\"https:\/\/batijournal.com\/index.php\/location-de-materiel-ecoresponsable\/105360\/\" \/>\n<meta property=\"og:site_name\" content=\"Batijournal\" \/>\n<meta property=\"article:published_time\" content=\"2021-01-12T05:13:05+00:00\" \/>\n<meta property=\"og:image\" content=\"https:\/\/batijournal.com\/wp-content\/uploads\/2021\/01\/loxam.jpg\" \/>\n\t<meta property=\"og:image:width\" content=\"1069\" \/>\n\t<meta property=\"og:image:height\" content=\"650\" \/>\n\t<meta property=\"og:image:type\" content=\"image\/jpeg\" \/>\n<meta name=\"author\" content=\"St\u00e9phane Miget\" \/>\n<meta name=\"twitter:card\" content=\"summary_large_image\" \/>\n<meta name=\"twitter:creator\" content=\"@bati_journal\" \/>\n<meta name=\"twitter:site\" content=\"@bati_journal\" \/>\n<meta name=\"twitter:label1\" content=\"\u00c9crit par\" \/>\n\t<meta name=\"twitter:data1\" content=\"St\u00e9phane Miget\" \/>\n\t<meta name=\"twitter:label2\" content=\"Dur\u00e9e de lecture estim\u00e9e\" \/>\n\t<meta name=\"twitter:data2\" content=\"1 minute\" \/>\n<script type=\"application\/ld+json\" class=\"yoast-schema-graph\">{\"@context\":\"https:\\\/\\\/schema.org\",\"@graph\":[{\"@type\":\"Article\",\"@id\":\"https:\\\/\\\/batijournal.com\\\/index.php\\\/location-de-materiel-ecoresponsable\\\/105360\\\/#article\",\"isPartOf\":{\"@id\":\"https:\\\/\\\/batijournal.com\\\/index.php\\\/location-de-materiel-ecoresponsable\\\/105360\\\/\"},\"author\":{\"name\":\"St\u00e9phane Miget\",\"@id\":\"https:\\\/\\\/batijournal.com\\\/#\\\/schema\\\/person\\\/1dc96ec6957aa1ccb25ebe78bb19f100\"},\"headline\":\"Location de mat\u00e9riel \u00e9coresponsable\",\"datePublished\":\"2021-01-12T05:13:05+00:00\",\"mainEntityOfPage\":{\"@id\":\"https:\\\/\\\/batijournal.com\\\/index.php\\\/location-de-materiel-ecoresponsable\\\/105360\\\/\"},\"wordCount\":246,\"image\":{\"@id\":\"https:\\\/\\\/batijournal.com\\\/index.php\\\/location-de-materiel-ecoresponsable\\\/105360\\\/#primaryimage\"},\"thumbnailUrl\":\"https:\\\/\\\/batijournal.com\\\/wp-content\\\/uploads\\\/2021\\\/01\\\/loxam.jpg\",\"keywords\":[\"location\"],\"articleSection\":[\"Actualit\u00e9s\",\"\u00c9conomie &amp; March\u00e9s\",\"zz_Actualit\u00e9s - Plan\u00e8te\",\"zz_Plan\u00e8te B\u00e2timent\"],\"inLanguage\":\"fr-FR\"},{\"@type\":\"WebPage\",\"@id\":\"https:\\\/\\\/batijournal.com\\\/index.php\\\/location-de-materiel-ecoresponsable\\\/105360\\\/\",\"url\":\"https:\\\/\\\/batijournal.com\\\/index.php\\\/location-de-materiel-ecoresponsable\\\/105360\\\/\",\"name\":\"Location de mat\u00e9riel \u00e9coresponsable\",\"isPartOf\":{\"@id\":\"https:\\\/\\\/batijournal.com\\\/#website\"},\"primaryImageOfPage\":{\"@id\":\"https:\\\/\\\/batijournal.com\\\/index.php\\\/location-de-materiel-ecoresponsable\\\/105360\\\/#primaryimage\"},\"image\":{\"@id\":\"https:\\\/\\\/batijournal.com\\\/index.php\\\/location-de-materiel-ecoresponsable\\\/105360\\\/#primaryimage\"},\"thumbnailUrl\":\"https:\\\/\\\/batijournal.com\\\/wp-content\\\/uploads\\\/2021\\\/01\\\/loxam.jpg\",\"datePublished\":\"2021-01-12T05:13:05+00:00\",\"author\":{\"@id\":\"https:\\\/\\\/batijournal.com\\\/#\\\/schema\\\/person\\\/1dc96ec6957aa1ccb25ebe78bb19f100\"},\"breadcrumb\":{\"@id\":\"https:\\\/\\\/batijournal.com\\\/index.php\\\/location-de-materiel-ecoresponsable\\\/105360\\\/#breadcrumb\"},\"inLanguage\":\"fr-FR\",\"potentialAction\":[{\"@type\":\"ReadAction\",\"target\":[\"https:\\\/\\\/batijournal.com\\\/index.php\\\/location-de-materiel-ecoresponsable\\\/105360\\\/\"]}]},{\"@type\":\"ImageObject\",\"inLanguage\":\"fr-FR\",\"@id\":\"https:\\\/\\\/batijournal.com\\\/index.php\\\/location-de-materiel-ecoresponsable\\\/105360\\\/#primaryimage\",\"url\":\"https:\\\/\\\/batijournal.com\\\/wp-content\\\/uploads\\\/2021\\\/01\\\/loxam.jpg\",\"contentUrl\":\"https:\\\/\\\/batijournal.com\\\/wp-content\\\/uploads\\\/2021\\\/01\\\/loxam.jpg\",\"width\":1069,\"height\":650},{\"@type\":\"BreadcrumbList\",\"@id\":\"https:\\\/\\\/batijournal.com\\\/index.php\\\/location-de-materiel-ecoresponsable\\\/105360\\\/#breadcrumb\",\"itemListElement\":[{\"@type\":\"ListItem\",\"position\":1,\"name\":\"Accueil\",\"item\":\"https:\\\/\\\/batijournal.com\\\/\"},{\"@type\":\"ListItem\",\"position\":2,\"name\":\"Actualit\u00e9s\",\"item\":\"https:\\\/\\\/batijournal.com\\\/index.php\\\/category\\\/actualites\\\/\"},{\"@type\":\"ListItem\",\"position\":3,\"name\":\"\u00c9conomie &amp; March\u00e9s\",\"item\":\"https:\\\/\\\/batijournal.com\\\/index.php\\\/category\\\/actualites\\\/economie-marches\\\/\"},{\"@type\":\"ListItem\",\"position\":4,\"name\":\"Location de mat\u00e9riel \u00e9coresponsable\"}]},{\"@type\":\"WebSite\",\"@id\":\"https:\\\/\\\/batijournal.com\\\/#website\",\"url\":\"https:\\\/\\\/batijournal.com\\\/\",\"name\":\"Batijournal\",\"description\":\"L&#039;actualit\u00e9 du b\u00e2timent\",\"potentialAction\":[{\"@type\":\"SearchAction\",\"target\":{\"@type\":\"EntryPoint\",\"urlTemplate\":\"https:\\\/\\\/batijournal.com\\\/?s={search_term_string}\"},\"query-input\":{\"@type\":\"PropertyValueSpecification\",\"valueRequired\":true,\"valueName\":\"search_term_string\"}}],\"inLanguage\":\"fr-FR\"},{\"@type\":\"Person\",\"@id\":\"https:\\\/\\\/batijournal.com\\\/#\\\/schema\\\/person\\\/1dc96ec6957aa1ccb25ebe78bb19f100\",\"name\":\"St\u00e9phane Miget\",\"image\":{\"@type\":\"ImageObject\",\"inLanguage\":\"fr-FR\",\"@id\":\"https:\\\/\\\/secure.gravatar.com\\\/avatar\\\/89915563d925342126b8ef0281b93d9d7fc337043e8df017f780908eb9644451?s=96&d=mm&r=g\",\"url\":\"https:\\\/\\\/secure.gravatar.com\\\/avatar\\\/89915563d925342126b8ef0281b93d9d7fc337043e8df017f780908eb9644451?s=96&d=mm&r=g\",\"contentUrl\":\"https:\\\/\\\/secure.gravatar.com\\\/avatar\\\/89915563d925342126b8ef0281b93d9d7fc337043e8df017f780908eb9644451?s=96&d=mm&r=g\",\"caption\":\"St\u00e9phane Miget\"},\"url\":\"https:\\\/\\\/batijournal.com\\\/index.php\\\/author\\\/stephane\\\/\"}]}<\/script>\n<!-- \/ Yoast SEO plugin. -->","yoast_head_json":{"title":"Location de mat\u00e9riel \u00e9coresponsable","robots":{"index":"index","follow":"follow","max-snippet":"max-snippet:-1","max-image-preview":"max-image-preview:large","max-video-preview":"max-video-preview:-1"},"canonical":"https:\/\/batijournal.com\/index.php\/location-de-materiel-ecoresponsable\/105360\/","og_locale":"fr_FR","og_type":"article","og_title":"Location de mat\u00e9riel \u00e9coresponsable","og_description":"Le Groupe LOXAM s\u2019engage dans une politique d\u2019investissements ambitieuse de renouvellement de son parc en faveur d\u2019une nouvelle g\u00e9n\u00e9ration de mat\u00e9riels plus respectueux de l\u2019environnement et de la sant\u00e9 des utilisateurs. Ces mat\u00e9riels int\u00e8grent les nouvelles exigences de sant\u00e9, s\u00e9curit\u00e9 et de protection de l\u2019environnement par rapport aux mod\u00e8les \u00ab conventionnels \u00bb. La filiale LOXAM [&hellip;]","og_url":"https:\/\/batijournal.com\/index.php\/location-de-materiel-ecoresponsable\/105360\/","og_site_name":"Batijournal","article_published_time":"2021-01-12T05:13:05+00:00","og_image":[{"width":1069,"height":650,"url":"https:\/\/batijournal.com\/wp-content\/uploads\/2021\/01\/loxam.jpg","type":"image\/jpeg"}],"author":"St\u00e9phane Miget","twitter_card":"summary_large_image","twitter_creator":"@bati_journal","twitter_site":"@bati_journal","twitter_misc":{"\u00c9crit par":"St\u00e9phane Miget","Dur\u00e9e de lecture estim\u00e9e":"1 minute"},"schema":{"@context":"https:\/\/schema.org","@graph":[{"@type":"Article","@id":"https:\/\/batijournal.com\/index.php\/location-de-materiel-ecoresponsable\/105360\/#article","isPartOf":{"@id":"https:\/\/batijournal.com\/index.php\/location-de-materiel-ecoresponsable\/105360\/"},"author":{"name":"St\u00e9phane Miget","@id":"https:\/\/batijournal.com\/#\/schema\/person\/1dc96ec6957aa1ccb25ebe78bb19f100"},"headline":"Location de mat\u00e9riel \u00e9coresponsable","datePublished":"2021-01-12T05:13:05+00:00","mainEntityOfPage":{"@id":"https:\/\/batijournal.com\/index.php\/location-de-materiel-ecoresponsable\/105360\/"},"wordCount":246,"image":{"@id":"https:\/\/batijournal.com\/index.php\/location-de-materiel-ecoresponsable\/105360\/#primaryimage"},"thumbnailUrl":"https:\/\/batijournal.com\/wp-content\/uploads\/2021\/01\/loxam.jpg","keywords":["location"],"articleSection":["Actualit\u00e9s","\u00c9conomie &amp; March\u00e9s","zz_Actualit\u00e9s - Plan\u00e8te","zz_Plan\u00e8te B\u00e2timent"],"inLanguage":"fr-FR"},{"@type":"WebPage","@id":"https:\/\/batijournal.com\/index.php\/location-de-materiel-ecoresponsable\/105360\/","url":"https:\/\/batijournal.com\/index.php\/location-de-materiel-ecoresponsable\/105360\/","name":"Location de mat\u00e9riel \u00e9coresponsable","isPartOf":{"@id":"https:\/\/batijournal.com\/#website"},"primaryImageOfPage":{"@id":"https:\/\/batijournal.com\/index.php\/location-de-materiel-ecoresponsable\/105360\/#primaryimage"},"image":{"@id":"https:\/\/batijournal.com\/index.php\/location-de-materiel-ecoresponsable\/105360\/#primaryimage"},"thumbnailUrl":"https:\/\/batijournal.com\/wp-content\/uploads\/2021\/01\/loxam.jpg","datePublished":"2021-01-12T05:13:05+00:00","author":{"@id":"https:\/\/batijournal.com\/#\/schema\/person\/1dc96ec6957aa1ccb25ebe78bb19f100"},"breadcrumb":{"@id":"https:\/\/batijournal.com\/index.php\/location-de-materiel-ecoresponsable\/105360\/#breadcrumb"},"inLanguage":"fr-FR","potentialAction":[{"@type":"ReadAction","target":["https:\/\/batijournal.com\/index.php\/location-de-materiel-ecoresponsable\/105360\/"]}]},{"@type":"ImageObject","inLanguage":"fr-FR","@id":"https:\/\/batijournal.com\/index.php\/location-de-materiel-ecoresponsable\/105360\/#primaryimage","url":"https:\/\/batijournal.com\/wp-content\/uploads\/2021\/01\/loxam.jpg","contentUrl":"https:\/\/batijournal.com\/wp-content\/uploads\/2021\/01\/loxam.jpg","width":1069,"height":650},{"@type":"BreadcrumbList","@id":"https:\/\/batijournal.com\/index.php\/location-de-materiel-ecoresponsable\/105360\/#breadcrumb","itemListElement":[{"@type":"ListItem","position":1,"name":"Accueil","item":"https:\/\/batijournal.com\/"},{"@type":"ListItem","position":2,"name":"Actualit\u00e9s","item":"https:\/\/batijournal.com\/index.php\/category\/actualites\/"},{"@type":"ListItem","position":3,"name":"\u00c9conomie &amp; March\u00e9s","item":"https:\/\/batijournal.com\/index.php\/category\/actualites\/economie-marches\/"},{"@type":"ListItem","position":4,"name":"Location de mat\u00e9riel \u00e9coresponsable"}]},{"@type":"WebSite","@id":"https:\/\/batijournal.com\/#website","url":"https:\/\/batijournal.com\/","name":"Batijournal","description":"L&#039;actualit\u00e9 du b\u00e2timent","potentialAction":[{"@type":"SearchAction","target":{"@type":"EntryPoint","urlTemplate":"https:\/\/batijournal.com\/?s={search_term_string}"},"query-input":{"@type":"PropertyValueSpecification","valueRequired":true,"valueName":"search_term_string"}}],"inLanguage":"fr-FR"},{"@type":"Person","@id":"https:\/\/batijournal.com\/#\/schema\/person\/1dc96ec6957aa1ccb25ebe78bb19f100","name":"St\u00e9phane Miget","image":{"@type":"ImageObject","inLanguage":"fr-FR","@id":"https:\/\/secure.gravatar.com\/avatar\/89915563d925342126b8ef0281b93d9d7fc337043e8df017f780908eb9644451?s=96&d=mm&r=g","url":"https:\/\/secure.gravatar.com\/avatar\/89915563d925342126b8ef0281b93d9d7fc337043e8df017f780908eb9644451?s=96&d=mm&r=g","contentUrl":"https:\/\/secure.gravatar.com\/avatar\/89915563d925342126b8ef0281b93d9d7fc337043e8df017f780908eb9644451?s=96&d=mm&r=g","caption":"St\u00e9phane Miget"},"url":"https:\/\/batijournal.com\/index.php\/author\/stephane\/"}]}},"_links":{"self":[{"href":"https:\/\/batijournal.com\/index.php\/wp-json\/wp\/v2\/posts\/105360","targetHints":{"allow":["GET"]}}],"collection":[{"href":"https:\/\/batijournal.com\/index.php\/wp-json\/wp\/v2\/posts"}],"about":[{"href":"https:\/\/batijournal.com\/index.php\/wp-json\/wp\/v2\/types\/post"}],"author":[{"embeddable":true,"href":"https:\/\/batijournal.com\/index.php\/wp-json\/wp\/v2\/users\/17"}],"replies":[{"embeddable":true,"href":"https:\/\/batijournal.com\/index.php\/wp-json\/wp\/v2\/comments?post=105360"}],"version-history":[{"count":0,"href":"https:\/\/batijournal.com\/index.php\/wp-json\/wp\/v2\/posts\/105360\/revisions"}],"wp:featuredmedia":[{"embeddable":true,"href":"https:\/\/batijournal.com\/index.php\/wp-json\/wp\/v2\/media\/105361"}],"wp:attachment":[{"href":"https:\/\/batijournal.com\/index.php\/wp-json\/wp\/v2\/media?parent=105360"}],"wp:term":[{"taxonomy":"category","embeddable":true,"href":"https:\/\/batijournal.com\/index.php\/wp-json\/wp\/v2\/categories?post=105360"},{"taxonomy":"post_tag","embeddable":true,"href":"https:\/\/batijournal.com\/index.php\/wp-json\/wp\/v2\/tags?post=105360"}],"curies":[{"name":"wp","href":"https:\/\/api.w.org\/{rel}","templated":true}]}}