{"id":105388,"date":"2021-01-19T08:04:11","date_gmt":"2021-01-19T07:04:11","guid":{"rendered":"https:\/\/batijournal.com\/?p=105388"},"modified":"2021-01-19T08:04:11","modified_gmt":"2021-01-19T07:04:11","slug":"le-risque-de-voir-la-precarite-energetique-saggraver","status":"publish","type":"post","link":"https:\/\/batijournal.com\/index.php\/le-risque-de-voir-la-precarite-energetique-saggraver\/105388\/","title":{"rendered":"Le risque de voir la pr\u00e9carit\u00e9 \u00e9nerg\u00e9tique s\u2019aggraver"},"content":{"rendered":"<p>L\u2019Observatoire National de la Pr\u00e9carit\u00e9 \u00c9nerg\u00e9tique (ONPE) a publi\u00e9 les r\u00e9sultats de son tableau de bord 2020. En 2019, 11,9 % des Fran\u00e7ais, soit 3,5 millions de m\u00e9nages sont en situation de pr\u00e9carit\u00e9 \u00e9nerg\u00e9tique et font partie des m\u00e9nages les plus modestes, d\u2019apr\u00e8s l\u2019indicateur bas\u00e9 sur le taux d\u2019effort \u00e9nerg\u00e9tique estim\u00e9 par le minist\u00e8re de la Transition \u00e9cologique. Cet indicateur baisse l\u00e9g\u00e8rement en 2019 apr\u00e8s une hausse en 2018 (12,1% en 2018), alors que les temp\u00e9ratures hivernales ont \u00e9t\u00e9, comme l\u2019ann\u00e9e pr\u00e9c\u00e9dente, relativement douces.La baisse de la consommation moyenne d\u2019\u00e9nergie par logement, en lien avec l\u2019am\u00e9lioration sensible des performances d\u2019une partie des logements et des \u00e9quipements de chauffage participe \u00e0 cette l\u00e9g\u00e8re inflexion. La hausse du prix hors taxes de l\u2019\u00e9nergie et la stagnation du pouvoir d\u2019achat freinent toutefois le recul de la pr\u00e9carit\u00e9 \u00e9nerg\u00e9tique.<\/p>\n<p>Les experts de l\u2019ONPE alertent sur le risque de voir la pr\u00e9carit\u00e9 \u00e9nerg\u00e9tique s\u2019aggraver dans les ann\u00e9es \u00e0 venir en raison de l\u2019augmentation du prix des \u00e9nergies et de la diminution des aides financi\u00e8res (ch\u00e8ques \u00e9nergie, aides FSL et aides directes) et s\u2019inqui\u00e8tent d\u2019une augmentation du nombre de m\u00e9nages ayant souffert du froid au cours de l\u2019hiver dernier, en particulier chez les plus jeunes (18-34 ans) : 66 % d\u2019entre eux ont restreint leur chauffage et 32 % d\u00e9clarent rencontrer des difficult\u00e9s de paiement.<\/p>\n<p>Les mesures de confinement d\u00e9ploy\u00e9es par le Gouvernement pour r\u00e9pondre \u00e0 la crise sanitaire ont eu plusieurs cons\u00e9quences sur les m\u00e9nages Fran\u00e7ais, encore plus importantes pour les m\u00e9nages en situation de pr\u00e9carit\u00e9 \u00e9nerg\u00e9tique. Les revenus d\u2019activit\u00e9 ont diminu\u00e9 du fait du ch\u00f4mage partiel, des arr\u00eats maladie pour garde d\u2019enfant ou du recul des \u201cpetits jobs\u201d. Le paiement des factures d\u2019\u00e9nergie a \u00e9t\u00e9 suspendu durant les p\u00e9riodes allong\u00e9es de la tr\u00eave hivernale, ce qui laisse craindre une explosion des impay\u00e9s d\u2019\u00e9nergie et des demandes d\u2019aides aux services sociaux apr\u00e8s les tr\u00eaves successives de 2020\/2021. Le confinement a favoris\u00e9 l\u2019isolement et la cohabitation contrainte dans des logements inconfortables. Les visites \u00e0 domicile et les travaux d\u2019am\u00e9lioration du logement ont \u00e9t\u00e9 frein\u00e9s.<\/p>\n","protected":false},"excerpt":{"rendered":"<p>L\u2019Observatoire National de la Pr\u00e9carit\u00e9 \u00c9nerg\u00e9tique (ONPE) a publi\u00e9 les r\u00e9sultats de son tableau de bord 2020. En 2019, 11,9 % des Fran\u00e7ais, soit 3,5 millions de m\u00e9nages sont en situation de pr\u00e9carit\u00e9 \u00e9nerg\u00e9tique et font partie des m\u00e9nages les plus modestes, d\u2019apr\u00e8s l\u2019indicateur bas\u00e9 sur le taux d\u2019effort \u00e9nerg\u00e9tique estim\u00e9 par le minist\u00e8re de [&hellip;]<\/p>\n","protected":false},"author":17,"featured_media":91622,"comment_status":"closed","ping_status":"closed","sticky":false,"template":"","format":"standard","meta":{"_et_pb_use_builder":"","_et_pb_old_content":"","_et_gb_content_width":"","footnotes":""},"categories":[10530],"tags":[1130],"class_list":["post-105388","post","type-post","status-publish","format-standard","has-post-thumbnail","hentry","category-actualites","tag-precarite-energetique"],"yoast_head":"<!-- This site is optimized with the Yoast SEO plugin v27.4 - https:\/\/yoast.com\/product\/yoast-seo-wordpress\/ -->\n<title>Le risque de voir la pr\u00e9carit\u00e9 \u00e9nerg\u00e9tique s\u2019aggraver<\/title>\n<meta name=\"robots\" content=\"index, follow, max-snippet:-1, max-image-preview:large, max-video-preview:-1\" \/>\n<link rel=\"canonical\" href=\"https:\/\/batijournal.com\/index.php\/le-risque-de-voir-la-precarite-energetique-saggraver\/105388\/\" \/>\n<meta property=\"og:locale\" content=\"fr_FR\" \/>\n<meta property=\"og:type\" content=\"article\" \/>\n<meta property=\"og:title\" content=\"Le risque de voir la pr\u00e9carit\u00e9 \u00e9nerg\u00e9tique s\u2019aggraver\" \/>\n<meta property=\"og:description\" content=\"L\u2019Observatoire National de la Pr\u00e9carit\u00e9 \u00c9nerg\u00e9tique (ONPE) a publi\u00e9 les r\u00e9sultats de son tableau de bord 2020. En 2019, 11,9 % des Fran\u00e7ais, soit 3,5 millions de m\u00e9nages sont en situation de pr\u00e9carit\u00e9 \u00e9nerg\u00e9tique et font partie des m\u00e9nages les plus modestes, d\u2019apr\u00e8s l\u2019indicateur bas\u00e9 sur le taux d\u2019effort \u00e9nerg\u00e9tique estim\u00e9 par le minist\u00e8re de [&hellip;]\" \/>\n<meta property=\"og:url\" content=\"https:\/\/batijournal.com\/index.php\/le-risque-de-voir-la-precarite-energetique-saggraver\/105388\/\" \/>\n<meta property=\"og:site_name\" content=\"Batijournal\" \/>\n<meta property=\"article:published_time\" content=\"2021-01-19T07:04:11+00:00\" \/>\n<meta property=\"og:image\" content=\"https:\/\/batijournal.com\/wp-content\/uploads\/2016\/02\/thermostat-chauffage-600x359.png\" \/>\n\t<meta property=\"og:image:width\" content=\"600\" \/>\n\t<meta property=\"og:image:height\" content=\"359\" \/>\n\t<meta property=\"og:image:type\" content=\"image\/png\" \/>\n<meta name=\"author\" content=\"St\u00e9phane Miget\" \/>\n<meta name=\"twitter:card\" content=\"summary_large_image\" \/>\n<meta name=\"twitter:creator\" content=\"@bati_journal\" \/>\n<meta name=\"twitter:site\" content=\"@bati_journal\" \/>\n<meta name=\"twitter:label1\" content=\"\u00c9crit par\" \/>\n\t<meta name=\"twitter:data1\" content=\"St\u00e9phane Miget\" \/>\n\t<meta name=\"twitter:label2\" content=\"Dur\u00e9e de lecture estim\u00e9e\" \/>\n\t<meta name=\"twitter:data2\" content=\"2 minutes\" \/>\n<script type=\"application\/ld+json\" class=\"yoast-schema-graph\">{\"@context\":\"https:\\\/\\\/schema.org\",\"@graph\":[{\"@type\":\"Article\",\"@id\":\"https:\\\/\\\/batijournal.com\\\/index.php\\\/le-risque-de-voir-la-precarite-energetique-saggraver\\\/105388\\\/#article\",\"isPartOf\":{\"@id\":\"https:\\\/\\\/batijournal.com\\\/index.php\\\/le-risque-de-voir-la-precarite-energetique-saggraver\\\/105388\\\/\"},\"author\":{\"name\":\"St\u00e9phane Miget\",\"@id\":\"https:\\\/\\\/batijournal.com\\\/#\\\/schema\\\/person\\\/1dc96ec6957aa1ccb25ebe78bb19f100\"},\"headline\":\"Le risque de voir la pr\u00e9carit\u00e9 \u00e9nerg\u00e9tique s\u2019aggraver\",\"datePublished\":\"2021-01-19T07:04:11+00:00\",\"mainEntityOfPage\":{\"@id\":\"https:\\\/\\\/batijournal.com\\\/index.php\\\/le-risque-de-voir-la-precarite-energetique-saggraver\\\/105388\\\/\"},\"wordCount\":406,\"image\":{\"@id\":\"https:\\\/\\\/batijournal.com\\\/index.php\\\/le-risque-de-voir-la-precarite-energetique-saggraver\\\/105388\\\/#primaryimage\"},\"thumbnailUrl\":\"https:\\\/\\\/batijournal.com\\\/wp-content\\\/uploads\\\/2016\\\/02\\\/thermostat-chauffage-600x359.png\",\"keywords\":[\"pr\u00e9carit\u00e9 \u00e9nerg\u00e9tique\"],\"articleSection\":[\"Actualit\u00e9s\"],\"inLanguage\":\"fr-FR\"},{\"@type\":\"WebPage\",\"@id\":\"https:\\\/\\\/batijournal.com\\\/index.php\\\/le-risque-de-voir-la-precarite-energetique-saggraver\\\/105388\\\/\",\"url\":\"https:\\\/\\\/batijournal.com\\\/index.php\\\/le-risque-de-voir-la-precarite-energetique-saggraver\\\/105388\\\/\",\"name\":\"Le risque de voir la pr\u00e9carit\u00e9 \u00e9nerg\u00e9tique s\u2019aggraver\",\"isPartOf\":{\"@id\":\"https:\\\/\\\/batijournal.com\\\/#website\"},\"primaryImageOfPage\":{\"@id\":\"https:\\\/\\\/batijournal.com\\\/index.php\\\/le-risque-de-voir-la-precarite-energetique-saggraver\\\/105388\\\/#primaryimage\"},\"image\":{\"@id\":\"https:\\\/\\\/batijournal.com\\\/index.php\\\/le-risque-de-voir-la-precarite-energetique-saggraver\\\/105388\\\/#primaryimage\"},\"thumbnailUrl\":\"https:\\\/\\\/batijournal.com\\\/wp-content\\\/uploads\\\/2016\\\/02\\\/thermostat-chauffage-600x359.png\",\"datePublished\":\"2021-01-19T07:04:11+00:00\",\"author\":{\"@id\":\"https:\\\/\\\/batijournal.com\\\/#\\\/schema\\\/person\\\/1dc96ec6957aa1ccb25ebe78bb19f100\"},\"breadcrumb\":{\"@id\":\"https:\\\/\\\/batijournal.com\\\/index.php\\\/le-risque-de-voir-la-precarite-energetique-saggraver\\\/105388\\\/#breadcrumb\"},\"inLanguage\":\"fr-FR\",\"potentialAction\":[{\"@type\":\"ReadAction\",\"target\":[\"https:\\\/\\\/batijournal.com\\\/index.php\\\/le-risque-de-voir-la-precarite-energetique-saggraver\\\/105388\\\/\"]}]},{\"@type\":\"ImageObject\",\"inLanguage\":\"fr-FR\",\"@id\":\"https:\\\/\\\/batijournal.com\\\/index.php\\\/le-risque-de-voir-la-precarite-energetique-saggraver\\\/105388\\\/#primaryimage\",\"url\":\"https:\\\/\\\/batijournal.com\\\/wp-content\\\/uploads\\\/2016\\\/02\\\/thermostat-chauffage-600x359.png\",\"contentUrl\":\"https:\\\/\\\/batijournal.com\\\/wp-content\\\/uploads\\\/2016\\\/02\\\/thermostat-chauffage-600x359.png\",\"width\":600,\"height\":359,\"caption\":\"thermostat\"},{\"@type\":\"BreadcrumbList\",\"@id\":\"https:\\\/\\\/batijournal.com\\\/index.php\\\/le-risque-de-voir-la-precarite-energetique-saggraver\\\/105388\\\/#breadcrumb\",\"itemListElement\":[{\"@type\":\"ListItem\",\"position\":1,\"name\":\"Accueil\",\"item\":\"https:\\\/\\\/batijournal.com\\\/\"},{\"@type\":\"ListItem\",\"position\":2,\"name\":\"Actualit\u00e9s\",\"item\":\"https:\\\/\\\/batijournal.com\\\/index.php\\\/category\\\/actualites\\\/\"},{\"@type\":\"ListItem\",\"position\":3,\"name\":\"Le risque de voir la pr\u00e9carit\u00e9 \u00e9nerg\u00e9tique s\u2019aggraver\"}]},{\"@type\":\"WebSite\",\"@id\":\"https:\\\/\\\/batijournal.com\\\/#website\",\"url\":\"https:\\\/\\\/batijournal.com\\\/\",\"name\":\"Batijournal\",\"description\":\"L&#039;actualit\u00e9 du b\u00e2timent\",\"potentialAction\":[{\"@type\":\"SearchAction\",\"target\":{\"@type\":\"EntryPoint\",\"urlTemplate\":\"https:\\\/\\\/batijournal.com\\\/?s={search_term_string}\"},\"query-input\":{\"@type\":\"PropertyValueSpecification\",\"valueRequired\":true,\"valueName\":\"search_term_string\"}}],\"inLanguage\":\"fr-FR\"},{\"@type\":\"Person\",\"@id\":\"https:\\\/\\\/batijournal.com\\\/#\\\/schema\\\/person\\\/1dc96ec6957aa1ccb25ebe78bb19f100\",\"name\":\"St\u00e9phane Miget\",\"image\":{\"@type\":\"ImageObject\",\"inLanguage\":\"fr-FR\",\"@id\":\"https:\\\/\\\/secure.gravatar.com\\\/avatar\\\/89915563d925342126b8ef0281b93d9d7fc337043e8df017f780908eb9644451?s=96&d=mm&r=g\",\"url\":\"https:\\\/\\\/secure.gravatar.com\\\/avatar\\\/89915563d925342126b8ef0281b93d9d7fc337043e8df017f780908eb9644451?s=96&d=mm&r=g\",\"contentUrl\":\"https:\\\/\\\/secure.gravatar.com\\\/avatar\\\/89915563d925342126b8ef0281b93d9d7fc337043e8df017f780908eb9644451?s=96&d=mm&r=g\",\"caption\":\"St\u00e9phane Miget\"},\"url\":\"https:\\\/\\\/batijournal.com\\\/index.php\\\/author\\\/stephane\\\/\"}]}<\/script>\n<!-- \/ Yoast SEO plugin. -->","yoast_head_json":{"title":"Le risque de voir la pr\u00e9carit\u00e9 \u00e9nerg\u00e9tique s\u2019aggraver","robots":{"index":"index","follow":"follow","max-snippet":"max-snippet:-1","max-image-preview":"max-image-preview:large","max-video-preview":"max-video-preview:-1"},"canonical":"https:\/\/batijournal.com\/index.php\/le-risque-de-voir-la-precarite-energetique-saggraver\/105388\/","og_locale":"fr_FR","og_type":"article","og_title":"Le risque de voir la pr\u00e9carit\u00e9 \u00e9nerg\u00e9tique s\u2019aggraver","og_description":"L\u2019Observatoire National de la Pr\u00e9carit\u00e9 \u00c9nerg\u00e9tique (ONPE) a publi\u00e9 les r\u00e9sultats de son tableau de bord 2020. En 2019, 11,9 % des Fran\u00e7ais, soit 3,5 millions de m\u00e9nages sont en situation de pr\u00e9carit\u00e9 \u00e9nerg\u00e9tique et font partie des m\u00e9nages les plus modestes, d\u2019apr\u00e8s l\u2019indicateur bas\u00e9 sur le taux d\u2019effort \u00e9nerg\u00e9tique estim\u00e9 par le minist\u00e8re de [&hellip;]","og_url":"https:\/\/batijournal.com\/index.php\/le-risque-de-voir-la-precarite-energetique-saggraver\/105388\/","og_site_name":"Batijournal","article_published_time":"2021-01-19T07:04:11+00:00","og_image":[{"width":600,"height":359,"url":"https:\/\/batijournal.com\/wp-content\/uploads\/2016\/02\/thermostat-chauffage-600x359.png","type":"image\/png"}],"author":"St\u00e9phane Miget","twitter_card":"summary_large_image","twitter_creator":"@bati_journal","twitter_site":"@bati_journal","twitter_misc":{"\u00c9crit par":"St\u00e9phane Miget","Dur\u00e9e de lecture estim\u00e9e":"2 minutes"},"schema":{"@context":"https:\/\/schema.org","@graph":[{"@type":"Article","@id":"https:\/\/batijournal.com\/index.php\/le-risque-de-voir-la-precarite-energetique-saggraver\/105388\/#article","isPartOf":{"@id":"https:\/\/batijournal.com\/index.php\/le-risque-de-voir-la-precarite-energetique-saggraver\/105388\/"},"author":{"name":"St\u00e9phane Miget","@id":"https:\/\/batijournal.com\/#\/schema\/person\/1dc96ec6957aa1ccb25ebe78bb19f100"},"headline":"Le risque de voir la pr\u00e9carit\u00e9 \u00e9nerg\u00e9tique s\u2019aggraver","datePublished":"2021-01-19T07:04:11+00:00","mainEntityOfPage":{"@id":"https:\/\/batijournal.com\/index.php\/le-risque-de-voir-la-precarite-energetique-saggraver\/105388\/"},"wordCount":406,"image":{"@id":"https:\/\/batijournal.com\/index.php\/le-risque-de-voir-la-precarite-energetique-saggraver\/105388\/#primaryimage"},"thumbnailUrl":"https:\/\/batijournal.com\/wp-content\/uploads\/2016\/02\/thermostat-chauffage-600x359.png","keywords":["pr\u00e9carit\u00e9 \u00e9nerg\u00e9tique"],"articleSection":["Actualit\u00e9s"],"inLanguage":"fr-FR"},{"@type":"WebPage","@id":"https:\/\/batijournal.com\/index.php\/le-risque-de-voir-la-precarite-energetique-saggraver\/105388\/","url":"https:\/\/batijournal.com\/index.php\/le-risque-de-voir-la-precarite-energetique-saggraver\/105388\/","name":"Le risque de voir la pr\u00e9carit\u00e9 \u00e9nerg\u00e9tique s\u2019aggraver","isPartOf":{"@id":"https:\/\/batijournal.com\/#website"},"primaryImageOfPage":{"@id":"https:\/\/batijournal.com\/index.php\/le-risque-de-voir-la-precarite-energetique-saggraver\/105388\/#primaryimage"},"image":{"@id":"https:\/\/batijournal.com\/index.php\/le-risque-de-voir-la-precarite-energetique-saggraver\/105388\/#primaryimage"},"thumbnailUrl":"https:\/\/batijournal.com\/wp-content\/uploads\/2016\/02\/thermostat-chauffage-600x359.png","datePublished":"2021-01-19T07:04:11+00:00","author":{"@id":"https:\/\/batijournal.com\/#\/schema\/person\/1dc96ec6957aa1ccb25ebe78bb19f100"},"breadcrumb":{"@id":"https:\/\/batijournal.com\/index.php\/le-risque-de-voir-la-precarite-energetique-saggraver\/105388\/#breadcrumb"},"inLanguage":"fr-FR","potentialAction":[{"@type":"ReadAction","target":["https:\/\/batijournal.com\/index.php\/le-risque-de-voir-la-precarite-energetique-saggraver\/105388\/"]}]},{"@type":"ImageObject","inLanguage":"fr-FR","@id":"https:\/\/batijournal.com\/index.php\/le-risque-de-voir-la-precarite-energetique-saggraver\/105388\/#primaryimage","url":"https:\/\/batijournal.com\/wp-content\/uploads\/2016\/02\/thermostat-chauffage-600x359.png","contentUrl":"https:\/\/batijournal.com\/wp-content\/uploads\/2016\/02\/thermostat-chauffage-600x359.png","width":600,"height":359,"caption":"thermostat"},{"@type":"BreadcrumbList","@id":"https:\/\/batijournal.com\/index.php\/le-risque-de-voir-la-precarite-energetique-saggraver\/105388\/#breadcrumb","itemListElement":[{"@type":"ListItem","position":1,"name":"Accueil","item":"https:\/\/batijournal.com\/"},{"@type":"ListItem","position":2,"name":"Actualit\u00e9s","item":"https:\/\/batijournal.com\/index.php\/category\/actualites\/"},{"@type":"ListItem","position":3,"name":"Le risque de voir la pr\u00e9carit\u00e9 \u00e9nerg\u00e9tique s\u2019aggraver"}]},{"@type":"WebSite","@id":"https:\/\/batijournal.com\/#website","url":"https:\/\/batijournal.com\/","name":"Batijournal","description":"L&#039;actualit\u00e9 du b\u00e2timent","potentialAction":[{"@type":"SearchAction","target":{"@type":"EntryPoint","urlTemplate":"https:\/\/batijournal.com\/?s={search_term_string}"},"query-input":{"@type":"PropertyValueSpecification","valueRequired":true,"valueName":"search_term_string"}}],"inLanguage":"fr-FR"},{"@type":"Person","@id":"https:\/\/batijournal.com\/#\/schema\/person\/1dc96ec6957aa1ccb25ebe78bb19f100","name":"St\u00e9phane Miget","image":{"@type":"ImageObject","inLanguage":"fr-FR","@id":"https:\/\/secure.gravatar.com\/avatar\/89915563d925342126b8ef0281b93d9d7fc337043e8df017f780908eb9644451?s=96&d=mm&r=g","url":"https:\/\/secure.gravatar.com\/avatar\/89915563d925342126b8ef0281b93d9d7fc337043e8df017f780908eb9644451?s=96&d=mm&r=g","contentUrl":"https:\/\/secure.gravatar.com\/avatar\/89915563d925342126b8ef0281b93d9d7fc337043e8df017f780908eb9644451?s=96&d=mm&r=g","caption":"St\u00e9phane Miget"},"url":"https:\/\/batijournal.com\/index.php\/author\/stephane\/"}]}},"_links":{"self":[{"href":"https:\/\/batijournal.com\/index.php\/wp-json\/wp\/v2\/posts\/105388","targetHints":{"allow":["GET"]}}],"collection":[{"href":"https:\/\/batijournal.com\/index.php\/wp-json\/wp\/v2\/posts"}],"about":[{"href":"https:\/\/batijournal.com\/index.php\/wp-json\/wp\/v2\/types\/post"}],"author":[{"embeddable":true,"href":"https:\/\/batijournal.com\/index.php\/wp-json\/wp\/v2\/users\/17"}],"replies":[{"embeddable":true,"href":"https:\/\/batijournal.com\/index.php\/wp-json\/wp\/v2\/comments?post=105388"}],"version-history":[{"count":0,"href":"https:\/\/batijournal.com\/index.php\/wp-json\/wp\/v2\/posts\/105388\/revisions"}],"wp:featuredmedia":[{"embeddable":true,"href":"https:\/\/batijournal.com\/index.php\/wp-json\/wp\/v2\/media\/91622"}],"wp:attachment":[{"href":"https:\/\/batijournal.com\/index.php\/wp-json\/wp\/v2\/media?parent=105388"}],"wp:term":[{"taxonomy":"category","embeddable":true,"href":"https:\/\/batijournal.com\/index.php\/wp-json\/wp\/v2\/categories?post=105388"},{"taxonomy":"post_tag","embeddable":true,"href":"https:\/\/batijournal.com\/index.php\/wp-json\/wp\/v2\/tags?post=105388"}],"curies":[{"name":"wp","href":"https:\/\/api.w.org\/{rel}","templated":true}]}}