{"id":105422,"date":"2021-01-28T07:32:31","date_gmt":"2021-01-28T06:32:31","guid":{"rendered":"https:\/\/batijournal.com\/?p=105422"},"modified":"2021-01-28T07:32:31","modified_gmt":"2021-01-28T06:32:31","slug":"la-citadelle-miollis-hebergera-des-animations-durant-sa-transformation","status":"publish","type":"post","link":"https:\/\/batijournal.com\/index.php\/la-citadelle-miollis-hebergera-des-animations-durant-sa-transformation\/105422\/","title":{"rendered":"La Citadelle Miollis h\u00e9bergera des animations durant sa transformation"},"content":{"rendered":"<p>Situ\u00e9e en plein c\u0153ur d\u2019Ajaccio, la Citadelle Miollis, dont la premi\u00e8re pierre a \u00e9t\u00e9 pos\u00e9e en 1492 et qui n\u2019a cess\u00e9 de se transformer jusqu\u2019\u00e0 nos jours, fait aujourd\u2019hui l\u2019objet d\u2019un projet in\u00e9dit d\u2019am\u00e9nagement et d\u2019ouverture. Une d\u00e9marche novatrice a \u00e9t\u00e9 mise en place, consistant \u00e0 \u00ab activer \u00bb le lieu d\u00e8s 2021 : l\u2019ouvrir avant et pendant sa transformation pour raconter le projet aux Ajacciens, tester des usages et lancer une dynamique artistique et cr\u00e9ative autour du projet. Cette m\u00e9thodologie, qui existe d\u00e9j\u00e0 sur la r\u00e9habilitation de friches \u00e0 Paris, Rennes ou Marseille, est totalement adapt\u00e9e au site de la Citadelle et au projet. Elle permet de restituer la Citadelle aux Ajacciens, de l\u2019ouvrir au public et de l\u2019animer tout au long de la dur\u00e9e du chantier et de sa transformation. D\u00e8s le premier \u00e9t\u00e9 de son ouverture, la Citadelle sera anim\u00e9e r\u00e9guli\u00e8rement, de juin \u00e0 septembre 2021. Dans ce cadre, la Citadelle accueillera des \u00e9v\u00e9nements, de nature vari\u00e9e : concerts, performances, installations&#8230; Les diff\u00e9rents \u00e9v\u00e9nements et les acteurs partie prenante (artistes laur\u00e9ats des appels \u00e0 cr\u00e9ation, porteurs de projets \u00e9v\u00e9nementiels, partenaires&#8230;) auront vocation \u00e0 cohabiter les uns avec les autres et \u00e0 fonctionner en synergie pendant toute la dur\u00e9e de l\u2019\u00e9t\u00e9. Une maison du projet, baptis\u00e9e \u00ab Maison de la Citadelle \u00bb et que la Ville d\u2019Ajaccio souhaite permanente, sera par ailleurs implant\u00e9e dans le site. Cette activation culturelle se poursuivra pendant toute la dur\u00e9e du chantier : chantiers de d\u00e9couvertes de la Citadelle au travers des fouilles arch\u00e9ologiques, de d\u00e9pollution et d\u2019accessibilit\u00e9.<\/p>\n<p>Pour mener \u00e0 bien ce projet, la Ville d\u2019Ajaccio s\u2019appuie sur son partenaire la SPL Ametarra, qui a en charge l\u2019am\u00e9nagement de ce site patrimonial. Elles sont \u00e9galement accompagn\u00e9es par Manifesto dans la conception et la mise en \u0153uvre de la strat\u00e9gie culturelle et artistique de la transformation de la Citadelle et le cabinet d\u2019architectes Mutatis qui accompagne le projet au niveau de la m\u00e9thodologie et de sa mise en oeuvre. Elles proposent trois appels \u00e0 cr\u00e9ation en janvier 2021 pour un lancement des premi\u00e8res actions d\u00e8s le printemps 2021.<\/p>\n<p><a href=\"http:\/\/www.ametarra.fr\">www.ametarra.fr<\/a><\/p>\n<p>&nbsp;<\/p>\n","protected":false},"excerpt":{"rendered":"<p>Situ\u00e9e en plein c\u0153ur d\u2019Ajaccio, la Citadelle Miollis, dont la premi\u00e8re pierre a \u00e9t\u00e9 pos\u00e9e en 1492 et qui n\u2019a cess\u00e9 de se transformer jusqu\u2019\u00e0 nos jours, fait aujourd\u2019hui l\u2019objet d\u2019un projet in\u00e9dit d\u2019am\u00e9nagement et d\u2019ouverture. Une d\u00e9marche novatrice a \u00e9t\u00e9 mise en place, consistant \u00e0 \u00ab activer \u00bb le lieu d\u00e8s 2021 : l\u2019ouvrir [&hellip;]<\/p>\n","protected":false},"author":17,"featured_media":105423,"comment_status":"closed","ping_status":"closed","sticky":false,"template":"","format":"standard","meta":{"_et_pb_use_builder":"","_et_pb_old_content":"","_et_gb_content_width":"","footnotes":""},"categories":[10530,6340,10789,10785],"tags":[11042],"class_list":["post-105422","post","type-post","status-publish","format-standard","has-post-thumbnail","hentry","category-actualites","category-architecture-conception","category-publications-atrium","category-atrium","tag-patrimoine"],"yoast_head":"<!-- This site is optimized with the Yoast SEO plugin v27.4 - https:\/\/yoast.com\/product\/yoast-seo-wordpress\/ -->\n<title>La Citadelle Miollis h\u00e9bergera des animations durant sa transformation<\/title>\n<meta name=\"robots\" content=\"index, follow, max-snippet:-1, max-image-preview:large, max-video-preview:-1\" \/>\n<link rel=\"canonical\" href=\"https:\/\/batijournal.com\/index.php\/la-citadelle-miollis-hebergera-des-animations-durant-sa-transformation\/105422\/\" \/>\n<meta property=\"og:locale\" content=\"fr_FR\" \/>\n<meta property=\"og:type\" content=\"article\" \/>\n<meta property=\"og:title\" content=\"La Citadelle Miollis h\u00e9bergera des animations durant sa transformation\" \/>\n<meta property=\"og:description\" content=\"Situ\u00e9e en plein c\u0153ur d\u2019Ajaccio, la Citadelle Miollis, dont la premi\u00e8re pierre a \u00e9t\u00e9 pos\u00e9e en 1492 et qui n\u2019a cess\u00e9 de se transformer jusqu\u2019\u00e0 nos jours, fait aujourd\u2019hui l\u2019objet d\u2019un projet in\u00e9dit d\u2019am\u00e9nagement et d\u2019ouverture. Une d\u00e9marche novatrice a \u00e9t\u00e9 mise en place, consistant \u00e0 \u00ab activer \u00bb le lieu d\u00e8s 2021 : l\u2019ouvrir [&hellip;]\" \/>\n<meta property=\"og:url\" content=\"https:\/\/batijournal.com\/index.php\/la-citadelle-miollis-hebergera-des-animations-durant-sa-transformation\/105422\/\" \/>\n<meta property=\"og:site_name\" content=\"Batijournal\" \/>\n<meta property=\"article:published_time\" content=\"2021-01-28T06:32:31+00:00\" \/>\n<meta property=\"og:image\" content=\"https:\/\/batijournal.com\/wp-content\/uploads\/2021\/01\/Citadelle-Miollis-Ajaccio.png\" \/>\n\t<meta property=\"og:image:width\" content=\"613\" \/>\n\t<meta property=\"og:image:height\" content=\"448\" \/>\n\t<meta property=\"og:image:type\" content=\"image\/png\" \/>\n<meta name=\"author\" content=\"St\u00e9phane Miget\" \/>\n<meta name=\"twitter:card\" content=\"summary_large_image\" \/>\n<meta name=\"twitter:creator\" content=\"@bati_journal\" \/>\n<meta name=\"twitter:site\" content=\"@bati_journal\" \/>\n<meta name=\"twitter:label1\" content=\"\u00c9crit par\" \/>\n\t<meta name=\"twitter:data1\" content=\"St\u00e9phane Miget\" \/>\n\t<meta name=\"twitter:label2\" content=\"Dur\u00e9e de lecture estim\u00e9e\" \/>\n\t<meta name=\"twitter:data2\" content=\"2 minutes\" \/>\n<script type=\"application\/ld+json\" class=\"yoast-schema-graph\">{\"@context\":\"https:\\\/\\\/schema.org\",\"@graph\":[{\"@type\":\"Article\",\"@id\":\"https:\\\/\\\/batijournal.com\\\/index.php\\\/la-citadelle-miollis-hebergera-des-animations-durant-sa-transformation\\\/105422\\\/#article\",\"isPartOf\":{\"@id\":\"https:\\\/\\\/batijournal.com\\\/index.php\\\/la-citadelle-miollis-hebergera-des-animations-durant-sa-transformation\\\/105422\\\/\"},\"author\":{\"name\":\"St\u00e9phane Miget\",\"@id\":\"https:\\\/\\\/batijournal.com\\\/#\\\/schema\\\/person\\\/1dc96ec6957aa1ccb25ebe78bb19f100\"},\"headline\":\"La Citadelle Miollis h\u00e9bergera des animations durant sa transformation\",\"datePublished\":\"2021-01-28T06:32:31+00:00\",\"mainEntityOfPage\":{\"@id\":\"https:\\\/\\\/batijournal.com\\\/index.php\\\/la-citadelle-miollis-hebergera-des-animations-durant-sa-transformation\\\/105422\\\/\"},\"wordCount\":395,\"image\":{\"@id\":\"https:\\\/\\\/batijournal.com\\\/index.php\\\/la-citadelle-miollis-hebergera-des-animations-durant-sa-transformation\\\/105422\\\/#primaryimage\"},\"thumbnailUrl\":\"https:\\\/\\\/batijournal.com\\\/wp-content\\\/uploads\\\/2021\\\/01\\\/Citadelle-Miollis-Ajaccio.png\",\"keywords\":[\"patrimoine\"],\"articleSection\":[\"Actualit\u00e9s\",\"Architecture &amp; Conception\",\"zz_Actualit\u00e9s - Atrium\",\"zz_Atrium Patrimoine\"],\"inLanguage\":\"fr-FR\"},{\"@type\":\"WebPage\",\"@id\":\"https:\\\/\\\/batijournal.com\\\/index.php\\\/la-citadelle-miollis-hebergera-des-animations-durant-sa-transformation\\\/105422\\\/\",\"url\":\"https:\\\/\\\/batijournal.com\\\/index.php\\\/la-citadelle-miollis-hebergera-des-animations-durant-sa-transformation\\\/105422\\\/\",\"name\":\"La Citadelle Miollis h\u00e9bergera des animations durant sa transformation\",\"isPartOf\":{\"@id\":\"https:\\\/\\\/batijournal.com\\\/#website\"},\"primaryImageOfPage\":{\"@id\":\"https:\\\/\\\/batijournal.com\\\/index.php\\\/la-citadelle-miollis-hebergera-des-animations-durant-sa-transformation\\\/105422\\\/#primaryimage\"},\"image\":{\"@id\":\"https:\\\/\\\/batijournal.com\\\/index.php\\\/la-citadelle-miollis-hebergera-des-animations-durant-sa-transformation\\\/105422\\\/#primaryimage\"},\"thumbnailUrl\":\"https:\\\/\\\/batijournal.com\\\/wp-content\\\/uploads\\\/2021\\\/01\\\/Citadelle-Miollis-Ajaccio.png\",\"datePublished\":\"2021-01-28T06:32:31+00:00\",\"author\":{\"@id\":\"https:\\\/\\\/batijournal.com\\\/#\\\/schema\\\/person\\\/1dc96ec6957aa1ccb25ebe78bb19f100\"},\"breadcrumb\":{\"@id\":\"https:\\\/\\\/batijournal.com\\\/index.php\\\/la-citadelle-miollis-hebergera-des-animations-durant-sa-transformation\\\/105422\\\/#breadcrumb\"},\"inLanguage\":\"fr-FR\",\"potentialAction\":[{\"@type\":\"ReadAction\",\"target\":[\"https:\\\/\\\/batijournal.com\\\/index.php\\\/la-citadelle-miollis-hebergera-des-animations-durant-sa-transformation\\\/105422\\\/\"]}]},{\"@type\":\"ImageObject\",\"inLanguage\":\"fr-FR\",\"@id\":\"https:\\\/\\\/batijournal.com\\\/index.php\\\/la-citadelle-miollis-hebergera-des-animations-durant-sa-transformation\\\/105422\\\/#primaryimage\",\"url\":\"https:\\\/\\\/batijournal.com\\\/wp-content\\\/uploads\\\/2021\\\/01\\\/Citadelle-Miollis-Ajaccio.png\",\"contentUrl\":\"https:\\\/\\\/batijournal.com\\\/wp-content\\\/uploads\\\/2021\\\/01\\\/Citadelle-Miollis-Ajaccio.png\",\"width\":613,\"height\":448},{\"@type\":\"BreadcrumbList\",\"@id\":\"https:\\\/\\\/batijournal.com\\\/index.php\\\/la-citadelle-miollis-hebergera-des-animations-durant-sa-transformation\\\/105422\\\/#breadcrumb\",\"itemListElement\":[{\"@type\":\"ListItem\",\"position\":1,\"name\":\"Accueil\",\"item\":\"https:\\\/\\\/batijournal.com\\\/\"},{\"@type\":\"ListItem\",\"position\":2,\"name\":\"Actualit\u00e9s\",\"item\":\"https:\\\/\\\/batijournal.com\\\/index.php\\\/category\\\/actualites\\\/\"},{\"@type\":\"ListItem\",\"position\":3,\"name\":\"Architecture &amp; Conception\",\"item\":\"https:\\\/\\\/batijournal.com\\\/index.php\\\/category\\\/actualites\\\/architecture-conception\\\/\"},{\"@type\":\"ListItem\",\"position\":4,\"name\":\"La Citadelle Miollis h\u00e9bergera des animations durant sa transformation\"}]},{\"@type\":\"WebSite\",\"@id\":\"https:\\\/\\\/batijournal.com\\\/#website\",\"url\":\"https:\\\/\\\/batijournal.com\\\/\",\"name\":\"Batijournal\",\"description\":\"L&#039;actualit\u00e9 du b\u00e2timent\",\"potentialAction\":[{\"@type\":\"SearchAction\",\"target\":{\"@type\":\"EntryPoint\",\"urlTemplate\":\"https:\\\/\\\/batijournal.com\\\/?s={search_term_string}\"},\"query-input\":{\"@type\":\"PropertyValueSpecification\",\"valueRequired\":true,\"valueName\":\"search_term_string\"}}],\"inLanguage\":\"fr-FR\"},{\"@type\":\"Person\",\"@id\":\"https:\\\/\\\/batijournal.com\\\/#\\\/schema\\\/person\\\/1dc96ec6957aa1ccb25ebe78bb19f100\",\"name\":\"St\u00e9phane Miget\",\"image\":{\"@type\":\"ImageObject\",\"inLanguage\":\"fr-FR\",\"@id\":\"https:\\\/\\\/secure.gravatar.com\\\/avatar\\\/89915563d925342126b8ef0281b93d9d7fc337043e8df017f780908eb9644451?s=96&d=mm&r=g\",\"url\":\"https:\\\/\\\/secure.gravatar.com\\\/avatar\\\/89915563d925342126b8ef0281b93d9d7fc337043e8df017f780908eb9644451?s=96&d=mm&r=g\",\"contentUrl\":\"https:\\\/\\\/secure.gravatar.com\\\/avatar\\\/89915563d925342126b8ef0281b93d9d7fc337043e8df017f780908eb9644451?s=96&d=mm&r=g\",\"caption\":\"St\u00e9phane Miget\"},\"url\":\"https:\\\/\\\/batijournal.com\\\/index.php\\\/author\\\/stephane\\\/\"}]}<\/script>\n<!-- \/ Yoast SEO plugin. -->","yoast_head_json":{"title":"La Citadelle Miollis h\u00e9bergera des animations durant sa transformation","robots":{"index":"index","follow":"follow","max-snippet":"max-snippet:-1","max-image-preview":"max-image-preview:large","max-video-preview":"max-video-preview:-1"},"canonical":"https:\/\/batijournal.com\/index.php\/la-citadelle-miollis-hebergera-des-animations-durant-sa-transformation\/105422\/","og_locale":"fr_FR","og_type":"article","og_title":"La Citadelle Miollis h\u00e9bergera des animations durant sa transformation","og_description":"Situ\u00e9e en plein c\u0153ur d\u2019Ajaccio, la Citadelle Miollis, dont la premi\u00e8re pierre a \u00e9t\u00e9 pos\u00e9e en 1492 et qui n\u2019a cess\u00e9 de se transformer jusqu\u2019\u00e0 nos jours, fait aujourd\u2019hui l\u2019objet d\u2019un projet in\u00e9dit d\u2019am\u00e9nagement et d\u2019ouverture. Une d\u00e9marche novatrice a \u00e9t\u00e9 mise en place, consistant \u00e0 \u00ab activer \u00bb le lieu d\u00e8s 2021 : l\u2019ouvrir [&hellip;]","og_url":"https:\/\/batijournal.com\/index.php\/la-citadelle-miollis-hebergera-des-animations-durant-sa-transformation\/105422\/","og_site_name":"Batijournal","article_published_time":"2021-01-28T06:32:31+00:00","og_image":[{"width":613,"height":448,"url":"https:\/\/batijournal.com\/wp-content\/uploads\/2021\/01\/Citadelle-Miollis-Ajaccio.png","type":"image\/png"}],"author":"St\u00e9phane Miget","twitter_card":"summary_large_image","twitter_creator":"@bati_journal","twitter_site":"@bati_journal","twitter_misc":{"\u00c9crit par":"St\u00e9phane Miget","Dur\u00e9e de lecture estim\u00e9e":"2 minutes"},"schema":{"@context":"https:\/\/schema.org","@graph":[{"@type":"Article","@id":"https:\/\/batijournal.com\/index.php\/la-citadelle-miollis-hebergera-des-animations-durant-sa-transformation\/105422\/#article","isPartOf":{"@id":"https:\/\/batijournal.com\/index.php\/la-citadelle-miollis-hebergera-des-animations-durant-sa-transformation\/105422\/"},"author":{"name":"St\u00e9phane Miget","@id":"https:\/\/batijournal.com\/#\/schema\/person\/1dc96ec6957aa1ccb25ebe78bb19f100"},"headline":"La Citadelle Miollis h\u00e9bergera des animations durant sa transformation","datePublished":"2021-01-28T06:32:31+00:00","mainEntityOfPage":{"@id":"https:\/\/batijournal.com\/index.php\/la-citadelle-miollis-hebergera-des-animations-durant-sa-transformation\/105422\/"},"wordCount":395,"image":{"@id":"https:\/\/batijournal.com\/index.php\/la-citadelle-miollis-hebergera-des-animations-durant-sa-transformation\/105422\/#primaryimage"},"thumbnailUrl":"https:\/\/batijournal.com\/wp-content\/uploads\/2021\/01\/Citadelle-Miollis-Ajaccio.png","keywords":["patrimoine"],"articleSection":["Actualit\u00e9s","Architecture &amp; Conception","zz_Actualit\u00e9s - Atrium","zz_Atrium Patrimoine"],"inLanguage":"fr-FR"},{"@type":"WebPage","@id":"https:\/\/batijournal.com\/index.php\/la-citadelle-miollis-hebergera-des-animations-durant-sa-transformation\/105422\/","url":"https:\/\/batijournal.com\/index.php\/la-citadelle-miollis-hebergera-des-animations-durant-sa-transformation\/105422\/","name":"La Citadelle Miollis h\u00e9bergera des animations durant sa transformation","isPartOf":{"@id":"https:\/\/batijournal.com\/#website"},"primaryImageOfPage":{"@id":"https:\/\/batijournal.com\/index.php\/la-citadelle-miollis-hebergera-des-animations-durant-sa-transformation\/105422\/#primaryimage"},"image":{"@id":"https:\/\/batijournal.com\/index.php\/la-citadelle-miollis-hebergera-des-animations-durant-sa-transformation\/105422\/#primaryimage"},"thumbnailUrl":"https:\/\/batijournal.com\/wp-content\/uploads\/2021\/01\/Citadelle-Miollis-Ajaccio.png","datePublished":"2021-01-28T06:32:31+00:00","author":{"@id":"https:\/\/batijournal.com\/#\/schema\/person\/1dc96ec6957aa1ccb25ebe78bb19f100"},"breadcrumb":{"@id":"https:\/\/batijournal.com\/index.php\/la-citadelle-miollis-hebergera-des-animations-durant-sa-transformation\/105422\/#breadcrumb"},"inLanguage":"fr-FR","potentialAction":[{"@type":"ReadAction","target":["https:\/\/batijournal.com\/index.php\/la-citadelle-miollis-hebergera-des-animations-durant-sa-transformation\/105422\/"]}]},{"@type":"ImageObject","inLanguage":"fr-FR","@id":"https:\/\/batijournal.com\/index.php\/la-citadelle-miollis-hebergera-des-animations-durant-sa-transformation\/105422\/#primaryimage","url":"https:\/\/batijournal.com\/wp-content\/uploads\/2021\/01\/Citadelle-Miollis-Ajaccio.png","contentUrl":"https:\/\/batijournal.com\/wp-content\/uploads\/2021\/01\/Citadelle-Miollis-Ajaccio.png","width":613,"height":448},{"@type":"BreadcrumbList","@id":"https:\/\/batijournal.com\/index.php\/la-citadelle-miollis-hebergera-des-animations-durant-sa-transformation\/105422\/#breadcrumb","itemListElement":[{"@type":"ListItem","position":1,"name":"Accueil","item":"https:\/\/batijournal.com\/"},{"@type":"ListItem","position":2,"name":"Actualit\u00e9s","item":"https:\/\/batijournal.com\/index.php\/category\/actualites\/"},{"@type":"ListItem","position":3,"name":"Architecture &amp; Conception","item":"https:\/\/batijournal.com\/index.php\/category\/actualites\/architecture-conception\/"},{"@type":"ListItem","position":4,"name":"La Citadelle Miollis h\u00e9bergera des animations durant sa transformation"}]},{"@type":"WebSite","@id":"https:\/\/batijournal.com\/#website","url":"https:\/\/batijournal.com\/","name":"Batijournal","description":"L&#039;actualit\u00e9 du b\u00e2timent","potentialAction":[{"@type":"SearchAction","target":{"@type":"EntryPoint","urlTemplate":"https:\/\/batijournal.com\/?s={search_term_string}"},"query-input":{"@type":"PropertyValueSpecification","valueRequired":true,"valueName":"search_term_string"}}],"inLanguage":"fr-FR"},{"@type":"Person","@id":"https:\/\/batijournal.com\/#\/schema\/person\/1dc96ec6957aa1ccb25ebe78bb19f100","name":"St\u00e9phane Miget","image":{"@type":"ImageObject","inLanguage":"fr-FR","@id":"https:\/\/secure.gravatar.com\/avatar\/89915563d925342126b8ef0281b93d9d7fc337043e8df017f780908eb9644451?s=96&d=mm&r=g","url":"https:\/\/secure.gravatar.com\/avatar\/89915563d925342126b8ef0281b93d9d7fc337043e8df017f780908eb9644451?s=96&d=mm&r=g","contentUrl":"https:\/\/secure.gravatar.com\/avatar\/89915563d925342126b8ef0281b93d9d7fc337043e8df017f780908eb9644451?s=96&d=mm&r=g","caption":"St\u00e9phane Miget"},"url":"https:\/\/batijournal.com\/index.php\/author\/stephane\/"}]}},"_links":{"self":[{"href":"https:\/\/batijournal.com\/index.php\/wp-json\/wp\/v2\/posts\/105422","targetHints":{"allow":["GET"]}}],"collection":[{"href":"https:\/\/batijournal.com\/index.php\/wp-json\/wp\/v2\/posts"}],"about":[{"href":"https:\/\/batijournal.com\/index.php\/wp-json\/wp\/v2\/types\/post"}],"author":[{"embeddable":true,"href":"https:\/\/batijournal.com\/index.php\/wp-json\/wp\/v2\/users\/17"}],"replies":[{"embeddable":true,"href":"https:\/\/batijournal.com\/index.php\/wp-json\/wp\/v2\/comments?post=105422"}],"version-history":[{"count":0,"href":"https:\/\/batijournal.com\/index.php\/wp-json\/wp\/v2\/posts\/105422\/revisions"}],"wp:featuredmedia":[{"embeddable":true,"href":"https:\/\/batijournal.com\/index.php\/wp-json\/wp\/v2\/media\/105423"}],"wp:attachment":[{"href":"https:\/\/batijournal.com\/index.php\/wp-json\/wp\/v2\/media?parent=105422"}],"wp:term":[{"taxonomy":"category","embeddable":true,"href":"https:\/\/batijournal.com\/index.php\/wp-json\/wp\/v2\/categories?post=105422"},{"taxonomy":"post_tag","embeddable":true,"href":"https:\/\/batijournal.com\/index.php\/wp-json\/wp\/v2\/tags?post=105422"}],"curies":[{"name":"wp","href":"https:\/\/api.w.org\/{rel}","templated":true}]}}