{"id":105430,"date":"2021-02-01T08:02:47","date_gmt":"2021-02-01T07:02:47","guid":{"rendered":"https:\/\/batijournal.com\/?p=105430"},"modified":"2021-02-01T08:02:47","modified_gmt":"2021-02-01T07:02:47","slug":"la-metamorphose-du-mondial-du-batiment","status":"publish","type":"post","link":"https:\/\/batijournal.com\/index.php\/la-metamorphose-du-mondial-du-batiment\/105430\/","title":{"rendered":"La m\u00e9tamorphose du Mondial du B\u00e2timent"},"content":{"rendered":"<p>Depuis 2013, toutes les demandes allaient dans ce sens, faire revenir le Mondial du B\u00e2timent au c\u0153ur de Paris. C\u2019est chose faite pour l\u2019\u00e9dition 2022 qui r\u00e9int\u00e8gre le parc d\u2019exposition r\u00e9nov\u00e9 de la Porte de Versailles. Ce retour est largement pl\u00e9biscit\u00e9 puisque 93,6 % des exposants et 97,9 % des visiteurs ont exprim\u00e9 leur intention de venir \u00e0 la prochaine \u00e9dition des salons. Programm\u00e9s du 3 au 6 octobre 2022, les salons BATIMAT, ID\u00c9OBAIN et INTERCLIMA occuperont 6 pavillons, soit plus de 140 000 m2 d\u2019exposition.<\/p>\n<p>le nouveau format d\u2019exposition limite la taille des stands \u00e0 99 m2 par soci\u00e9t\u00e9, avec la possibilit\u00e9 d\u2019inclure un \u00e9tage. Il simplifie \u00e9galement l\u2019implantation des pavillons avec des modules de stand multiples de 9. Les surfaces pr\u00e9vues pour chaque stand s\u2019\u00e9chelonnent ainsi de 9 \u00e0 99 m2 soit 9 m2, 18 m2, 36 m2, 54 m2 et 99 m2. Cette refonte de l\u2019implantation apporte de multiples avantages aux exposants : choix de l\u2019emplacement d\u00e8s l\u2019inscription, augmentation significative du retour sur investissement (ROI) par une r\u00e9duction des co\u00fbts d\u2019exposition et du passage \u00e0 4 jours pour tous les salons.<\/p>\n<p>Les salons se digitalisent pour devenir des salons AUGMENT\u00c9S<br \/>\nDepuis plusieurs ann\u00e9es, le Mondial du B\u00e2timent et les salons BATIMAT, ID\u00c9OBAIN et INTERCLIMA sont engag\u00e9s dans une d\u00e9marche qui vise \u00e0 animer la communaut\u00e9 des professionnels entre deux \u00e9ditions et pas uniquement sur 4 jours de pr\u00e9sence physique. Cette anticipation a notamment permis d\u2019acqu\u00e9rir une forte expertise en mati\u00e8re de r\u00e9f\u00e9rencement sur les moteurs de recherche comme Google que les professionnels du secteur utilisent de plus en plus.<br \/>\nFort de cet acquis, Reed Expositions France, l\u2019Afisb et Uniclima proposeront \u00e0 partir de mai 2021, des salons \u00ab AUGMENT\u00c9S \u00bb gr\u00e2ce \u00e0 un blog unique. Celui-ci compl\u00e8tera l\u2019usage des sites internet d\u00e9di\u00e9s aux salons physiques en regroupant les univers m\u00e9tiers des 3 salons du Mondial du B\u00e2timent. Les professionnels pourront y entrer en contact avec les marques, donner leur avis ou leurs appr\u00e9ciations et ils disposeront d\u2019outils adapt\u00e9s \u00e0 leurs besoins :<br \/>\n&#8211; Des fiches produits con\u00e7ues avec les codes du e-commerce ;<br \/>\n&#8211; Un annuaire de fournisseurs, avec les produits\/services propos\u00e9s ;<br \/>\n&#8211; Des show-rooms virtuels ;<br \/>\n&#8211; Des vid\u00e9os d\u00e9mos ;<br \/>\n&#8211; Des contenus sur les m\u00e9tiers qu\u2019ils retrouveront sur les salons physiques.<\/p>\n","protected":false},"excerpt":{"rendered":"<p>Depuis 2013, toutes les demandes allaient dans ce sens, faire revenir le Mondial du B\u00e2timent au c\u0153ur de Paris. C\u2019est chose faite pour l\u2019\u00e9dition 2022 qui r\u00e9int\u00e8gre le parc d\u2019exposition r\u00e9nov\u00e9 de la Porte de Versailles. Ce retour est largement pl\u00e9biscit\u00e9 puisque 93,6 % des exposants et 97,9 % des visiteurs ont exprim\u00e9 leur intention [&hellip;]<\/p>\n","protected":false},"author":17,"featured_media":97603,"comment_status":"closed","ping_status":"closed","sticky":false,"template":"","format":"standard","meta":{"_et_pb_use_builder":"","_et_pb_old_content":"","_et_gb_content_width":"","footnotes":""},"categories":[10530,6345],"tags":[11001,12703],"class_list":["post-105430","post","type-post","status-publish","format-standard","has-post-thumbnail","hentry","category-actualites","category-economie-marches","tag-batimat","tag-le-mondial-du-batiment"],"yoast_head":"<!-- This site is optimized with the Yoast SEO plugin v27.4 - https:\/\/yoast.com\/product\/yoast-seo-wordpress\/ -->\n<title>La m\u00e9tamorphose du Mondial du B\u00e2timent<\/title>\n<meta name=\"robots\" content=\"index, follow, max-snippet:-1, max-image-preview:large, max-video-preview:-1\" \/>\n<link rel=\"canonical\" href=\"https:\/\/batijournal.com\/index.php\/la-metamorphose-du-mondial-du-batiment\/105430\/\" \/>\n<meta property=\"og:locale\" content=\"fr_FR\" \/>\n<meta property=\"og:type\" content=\"article\" \/>\n<meta property=\"og:title\" content=\"La m\u00e9tamorphose du Mondial du B\u00e2timent\" \/>\n<meta property=\"og:description\" content=\"Depuis 2013, toutes les demandes allaient dans ce sens, faire revenir le Mondial du B\u00e2timent au c\u0153ur de Paris. C\u2019est chose faite pour l\u2019\u00e9dition 2022 qui r\u00e9int\u00e8gre le parc d\u2019exposition r\u00e9nov\u00e9 de la Porte de Versailles. Ce retour est largement pl\u00e9biscit\u00e9 puisque 93,6 % des exposants et 97,9 % des visiteurs ont exprim\u00e9 leur intention [&hellip;]\" \/>\n<meta property=\"og:url\" content=\"https:\/\/batijournal.com\/index.php\/la-metamorphose-du-mondial-du-batiment\/105430\/\" \/>\n<meta property=\"og:site_name\" content=\"Batijournal\" \/>\n<meta property=\"article:published_time\" content=\"2021-02-01T07:02:47+00:00\" \/>\n<meta property=\"og:image\" content=\"https:\/\/batijournal.com\/wp-content\/uploads\/2017\/11\/Mondial_du_Batiment-2017.jpg\" \/>\n\t<meta property=\"og:image:width\" content=\"1200\" \/>\n\t<meta property=\"og:image:height\" content=\"800\" \/>\n\t<meta property=\"og:image:type\" content=\"image\/jpeg\" \/>\n<meta name=\"author\" content=\"St\u00e9phane Miget\" \/>\n<meta name=\"twitter:card\" content=\"summary_large_image\" \/>\n<meta name=\"twitter:creator\" content=\"@bati_journal\" \/>\n<meta name=\"twitter:site\" content=\"@bati_journal\" \/>\n<meta name=\"twitter:label1\" content=\"\u00c9crit par\" \/>\n\t<meta name=\"twitter:data1\" content=\"St\u00e9phane Miget\" \/>\n\t<meta name=\"twitter:label2\" content=\"Dur\u00e9e de lecture estim\u00e9e\" \/>\n\t<meta name=\"twitter:data2\" content=\"2 minutes\" \/>\n<script type=\"application\/ld+json\" class=\"yoast-schema-graph\">{\"@context\":\"https:\\\/\\\/schema.org\",\"@graph\":[{\"@type\":\"Article\",\"@id\":\"https:\\\/\\\/batijournal.com\\\/index.php\\\/la-metamorphose-du-mondial-du-batiment\\\/105430\\\/#article\",\"isPartOf\":{\"@id\":\"https:\\\/\\\/batijournal.com\\\/index.php\\\/la-metamorphose-du-mondial-du-batiment\\\/105430\\\/\"},\"author\":{\"name\":\"St\u00e9phane Miget\",\"@id\":\"https:\\\/\\\/batijournal.com\\\/#\\\/schema\\\/person\\\/1dc96ec6957aa1ccb25ebe78bb19f100\"},\"headline\":\"La m\u00e9tamorphose du Mondial du B\u00e2timent\",\"datePublished\":\"2021-02-01T07:02:47+00:00\",\"mainEntityOfPage\":{\"@id\":\"https:\\\/\\\/batijournal.com\\\/index.php\\\/la-metamorphose-du-mondial-du-batiment\\\/105430\\\/\"},\"wordCount\":401,\"image\":{\"@id\":\"https:\\\/\\\/batijournal.com\\\/index.php\\\/la-metamorphose-du-mondial-du-batiment\\\/105430\\\/#primaryimage\"},\"thumbnailUrl\":\"https:\\\/\\\/batijournal.com\\\/wp-content\\\/uploads\\\/2017\\\/11\\\/Mondial_du_Batiment-2017.jpg\",\"keywords\":[\"batimat\",\"Le Mondial du B\u00e2timent\"],\"articleSection\":[\"Actualit\u00e9s\",\"\u00c9conomie &amp; March\u00e9s\"],\"inLanguage\":\"fr-FR\"},{\"@type\":\"WebPage\",\"@id\":\"https:\\\/\\\/batijournal.com\\\/index.php\\\/la-metamorphose-du-mondial-du-batiment\\\/105430\\\/\",\"url\":\"https:\\\/\\\/batijournal.com\\\/index.php\\\/la-metamorphose-du-mondial-du-batiment\\\/105430\\\/\",\"name\":\"La m\u00e9tamorphose du Mondial du B\u00e2timent\",\"isPartOf\":{\"@id\":\"https:\\\/\\\/batijournal.com\\\/#website\"},\"primaryImageOfPage\":{\"@id\":\"https:\\\/\\\/batijournal.com\\\/index.php\\\/la-metamorphose-du-mondial-du-batiment\\\/105430\\\/#primaryimage\"},\"image\":{\"@id\":\"https:\\\/\\\/batijournal.com\\\/index.php\\\/la-metamorphose-du-mondial-du-batiment\\\/105430\\\/#primaryimage\"},\"thumbnailUrl\":\"https:\\\/\\\/batijournal.com\\\/wp-content\\\/uploads\\\/2017\\\/11\\\/Mondial_du_Batiment-2017.jpg\",\"datePublished\":\"2021-02-01T07:02:47+00:00\",\"author\":{\"@id\":\"https:\\\/\\\/batijournal.com\\\/#\\\/schema\\\/person\\\/1dc96ec6957aa1ccb25ebe78bb19f100\"},\"breadcrumb\":{\"@id\":\"https:\\\/\\\/batijournal.com\\\/index.php\\\/la-metamorphose-du-mondial-du-batiment\\\/105430\\\/#breadcrumb\"},\"inLanguage\":\"fr-FR\",\"potentialAction\":[{\"@type\":\"ReadAction\",\"target\":[\"https:\\\/\\\/batijournal.com\\\/index.php\\\/la-metamorphose-du-mondial-du-batiment\\\/105430\\\/\"]}]},{\"@type\":\"ImageObject\",\"inLanguage\":\"fr-FR\",\"@id\":\"https:\\\/\\\/batijournal.com\\\/index.php\\\/la-metamorphose-du-mondial-du-batiment\\\/105430\\\/#primaryimage\",\"url\":\"https:\\\/\\\/batijournal.com\\\/wp-content\\\/uploads\\\/2017\\\/11\\\/Mondial_du_Batiment-2017.jpg\",\"contentUrl\":\"https:\\\/\\\/batijournal.com\\\/wp-content\\\/uploads\\\/2017\\\/11\\\/Mondial_du_Batiment-2017.jpg\",\"width\":1200,\"height\":800},{\"@type\":\"BreadcrumbList\",\"@id\":\"https:\\\/\\\/batijournal.com\\\/index.php\\\/la-metamorphose-du-mondial-du-batiment\\\/105430\\\/#breadcrumb\",\"itemListElement\":[{\"@type\":\"ListItem\",\"position\":1,\"name\":\"Accueil\",\"item\":\"https:\\\/\\\/batijournal.com\\\/\"},{\"@type\":\"ListItem\",\"position\":2,\"name\":\"Actualit\u00e9s\",\"item\":\"https:\\\/\\\/batijournal.com\\\/index.php\\\/category\\\/actualites\\\/\"},{\"@type\":\"ListItem\",\"position\":3,\"name\":\"\u00c9conomie &amp; March\u00e9s\",\"item\":\"https:\\\/\\\/batijournal.com\\\/index.php\\\/category\\\/actualites\\\/economie-marches\\\/\"},{\"@type\":\"ListItem\",\"position\":4,\"name\":\"La m\u00e9tamorphose du Mondial du B\u00e2timent\"}]},{\"@type\":\"WebSite\",\"@id\":\"https:\\\/\\\/batijournal.com\\\/#website\",\"url\":\"https:\\\/\\\/batijournal.com\\\/\",\"name\":\"Batijournal\",\"description\":\"L&#039;actualit\u00e9 du b\u00e2timent\",\"potentialAction\":[{\"@type\":\"SearchAction\",\"target\":{\"@type\":\"EntryPoint\",\"urlTemplate\":\"https:\\\/\\\/batijournal.com\\\/?s={search_term_string}\"},\"query-input\":{\"@type\":\"PropertyValueSpecification\",\"valueRequired\":true,\"valueName\":\"search_term_string\"}}],\"inLanguage\":\"fr-FR\"},{\"@type\":\"Person\",\"@id\":\"https:\\\/\\\/batijournal.com\\\/#\\\/schema\\\/person\\\/1dc96ec6957aa1ccb25ebe78bb19f100\",\"name\":\"St\u00e9phane Miget\",\"image\":{\"@type\":\"ImageObject\",\"inLanguage\":\"fr-FR\",\"@id\":\"https:\\\/\\\/secure.gravatar.com\\\/avatar\\\/89915563d925342126b8ef0281b93d9d7fc337043e8df017f780908eb9644451?s=96&d=mm&r=g\",\"url\":\"https:\\\/\\\/secure.gravatar.com\\\/avatar\\\/89915563d925342126b8ef0281b93d9d7fc337043e8df017f780908eb9644451?s=96&d=mm&r=g\",\"contentUrl\":\"https:\\\/\\\/secure.gravatar.com\\\/avatar\\\/89915563d925342126b8ef0281b93d9d7fc337043e8df017f780908eb9644451?s=96&d=mm&r=g\",\"caption\":\"St\u00e9phane Miget\"},\"url\":\"https:\\\/\\\/batijournal.com\\\/index.php\\\/author\\\/stephane\\\/\"}]}<\/script>\n<!-- \/ Yoast SEO plugin. -->","yoast_head_json":{"title":"La m\u00e9tamorphose du Mondial du B\u00e2timent","robots":{"index":"index","follow":"follow","max-snippet":"max-snippet:-1","max-image-preview":"max-image-preview:large","max-video-preview":"max-video-preview:-1"},"canonical":"https:\/\/batijournal.com\/index.php\/la-metamorphose-du-mondial-du-batiment\/105430\/","og_locale":"fr_FR","og_type":"article","og_title":"La m\u00e9tamorphose du Mondial du B\u00e2timent","og_description":"Depuis 2013, toutes les demandes allaient dans ce sens, faire revenir le Mondial du B\u00e2timent au c\u0153ur de Paris. C\u2019est chose faite pour l\u2019\u00e9dition 2022 qui r\u00e9int\u00e8gre le parc d\u2019exposition r\u00e9nov\u00e9 de la Porte de Versailles. Ce retour est largement pl\u00e9biscit\u00e9 puisque 93,6 % des exposants et 97,9 % des visiteurs ont exprim\u00e9 leur intention [&hellip;]","og_url":"https:\/\/batijournal.com\/index.php\/la-metamorphose-du-mondial-du-batiment\/105430\/","og_site_name":"Batijournal","article_published_time":"2021-02-01T07:02:47+00:00","og_image":[{"width":1200,"height":800,"url":"https:\/\/batijournal.com\/wp-content\/uploads\/2017\/11\/Mondial_du_Batiment-2017.jpg","type":"image\/jpeg"}],"author":"St\u00e9phane Miget","twitter_card":"summary_large_image","twitter_creator":"@bati_journal","twitter_site":"@bati_journal","twitter_misc":{"\u00c9crit par":"St\u00e9phane Miget","Dur\u00e9e de lecture estim\u00e9e":"2 minutes"},"schema":{"@context":"https:\/\/schema.org","@graph":[{"@type":"Article","@id":"https:\/\/batijournal.com\/index.php\/la-metamorphose-du-mondial-du-batiment\/105430\/#article","isPartOf":{"@id":"https:\/\/batijournal.com\/index.php\/la-metamorphose-du-mondial-du-batiment\/105430\/"},"author":{"name":"St\u00e9phane Miget","@id":"https:\/\/batijournal.com\/#\/schema\/person\/1dc96ec6957aa1ccb25ebe78bb19f100"},"headline":"La m\u00e9tamorphose du Mondial du B\u00e2timent","datePublished":"2021-02-01T07:02:47+00:00","mainEntityOfPage":{"@id":"https:\/\/batijournal.com\/index.php\/la-metamorphose-du-mondial-du-batiment\/105430\/"},"wordCount":401,"image":{"@id":"https:\/\/batijournal.com\/index.php\/la-metamorphose-du-mondial-du-batiment\/105430\/#primaryimage"},"thumbnailUrl":"https:\/\/batijournal.com\/wp-content\/uploads\/2017\/11\/Mondial_du_Batiment-2017.jpg","keywords":["batimat","Le Mondial du B\u00e2timent"],"articleSection":["Actualit\u00e9s","\u00c9conomie &amp; March\u00e9s"],"inLanguage":"fr-FR"},{"@type":"WebPage","@id":"https:\/\/batijournal.com\/index.php\/la-metamorphose-du-mondial-du-batiment\/105430\/","url":"https:\/\/batijournal.com\/index.php\/la-metamorphose-du-mondial-du-batiment\/105430\/","name":"La m\u00e9tamorphose du Mondial du B\u00e2timent","isPartOf":{"@id":"https:\/\/batijournal.com\/#website"},"primaryImageOfPage":{"@id":"https:\/\/batijournal.com\/index.php\/la-metamorphose-du-mondial-du-batiment\/105430\/#primaryimage"},"image":{"@id":"https:\/\/batijournal.com\/index.php\/la-metamorphose-du-mondial-du-batiment\/105430\/#primaryimage"},"thumbnailUrl":"https:\/\/batijournal.com\/wp-content\/uploads\/2017\/11\/Mondial_du_Batiment-2017.jpg","datePublished":"2021-02-01T07:02:47+00:00","author":{"@id":"https:\/\/batijournal.com\/#\/schema\/person\/1dc96ec6957aa1ccb25ebe78bb19f100"},"breadcrumb":{"@id":"https:\/\/batijournal.com\/index.php\/la-metamorphose-du-mondial-du-batiment\/105430\/#breadcrumb"},"inLanguage":"fr-FR","potentialAction":[{"@type":"ReadAction","target":["https:\/\/batijournal.com\/index.php\/la-metamorphose-du-mondial-du-batiment\/105430\/"]}]},{"@type":"ImageObject","inLanguage":"fr-FR","@id":"https:\/\/batijournal.com\/index.php\/la-metamorphose-du-mondial-du-batiment\/105430\/#primaryimage","url":"https:\/\/batijournal.com\/wp-content\/uploads\/2017\/11\/Mondial_du_Batiment-2017.jpg","contentUrl":"https:\/\/batijournal.com\/wp-content\/uploads\/2017\/11\/Mondial_du_Batiment-2017.jpg","width":1200,"height":800},{"@type":"BreadcrumbList","@id":"https:\/\/batijournal.com\/index.php\/la-metamorphose-du-mondial-du-batiment\/105430\/#breadcrumb","itemListElement":[{"@type":"ListItem","position":1,"name":"Accueil","item":"https:\/\/batijournal.com\/"},{"@type":"ListItem","position":2,"name":"Actualit\u00e9s","item":"https:\/\/batijournal.com\/index.php\/category\/actualites\/"},{"@type":"ListItem","position":3,"name":"\u00c9conomie &amp; March\u00e9s","item":"https:\/\/batijournal.com\/index.php\/category\/actualites\/economie-marches\/"},{"@type":"ListItem","position":4,"name":"La m\u00e9tamorphose du Mondial du B\u00e2timent"}]},{"@type":"WebSite","@id":"https:\/\/batijournal.com\/#website","url":"https:\/\/batijournal.com\/","name":"Batijournal","description":"L&#039;actualit\u00e9 du b\u00e2timent","potentialAction":[{"@type":"SearchAction","target":{"@type":"EntryPoint","urlTemplate":"https:\/\/batijournal.com\/?s={search_term_string}"},"query-input":{"@type":"PropertyValueSpecification","valueRequired":true,"valueName":"search_term_string"}}],"inLanguage":"fr-FR"},{"@type":"Person","@id":"https:\/\/batijournal.com\/#\/schema\/person\/1dc96ec6957aa1ccb25ebe78bb19f100","name":"St\u00e9phane Miget","image":{"@type":"ImageObject","inLanguage":"fr-FR","@id":"https:\/\/secure.gravatar.com\/avatar\/89915563d925342126b8ef0281b93d9d7fc337043e8df017f780908eb9644451?s=96&d=mm&r=g","url":"https:\/\/secure.gravatar.com\/avatar\/89915563d925342126b8ef0281b93d9d7fc337043e8df017f780908eb9644451?s=96&d=mm&r=g","contentUrl":"https:\/\/secure.gravatar.com\/avatar\/89915563d925342126b8ef0281b93d9d7fc337043e8df017f780908eb9644451?s=96&d=mm&r=g","caption":"St\u00e9phane Miget"},"url":"https:\/\/batijournal.com\/index.php\/author\/stephane\/"}]}},"_links":{"self":[{"href":"https:\/\/batijournal.com\/index.php\/wp-json\/wp\/v2\/posts\/105430","targetHints":{"allow":["GET"]}}],"collection":[{"href":"https:\/\/batijournal.com\/index.php\/wp-json\/wp\/v2\/posts"}],"about":[{"href":"https:\/\/batijournal.com\/index.php\/wp-json\/wp\/v2\/types\/post"}],"author":[{"embeddable":true,"href":"https:\/\/batijournal.com\/index.php\/wp-json\/wp\/v2\/users\/17"}],"replies":[{"embeddable":true,"href":"https:\/\/batijournal.com\/index.php\/wp-json\/wp\/v2\/comments?post=105430"}],"version-history":[{"count":0,"href":"https:\/\/batijournal.com\/index.php\/wp-json\/wp\/v2\/posts\/105430\/revisions"}],"wp:featuredmedia":[{"embeddable":true,"href":"https:\/\/batijournal.com\/index.php\/wp-json\/wp\/v2\/media\/97603"}],"wp:attachment":[{"href":"https:\/\/batijournal.com\/index.php\/wp-json\/wp\/v2\/media?parent=105430"}],"wp:term":[{"taxonomy":"category","embeddable":true,"href":"https:\/\/batijournal.com\/index.php\/wp-json\/wp\/v2\/categories?post=105430"},{"taxonomy":"post_tag","embeddable":true,"href":"https:\/\/batijournal.com\/index.php\/wp-json\/wp\/v2\/tags?post=105430"}],"curies":[{"name":"wp","href":"https:\/\/api.w.org\/{rel}","templated":true}]}}