{"id":105432,"date":"2021-02-02T07:26:33","date_gmt":"2021-02-02T06:26:33","guid":{"rendered":"https:\/\/batijournal.com\/?p=105432"},"modified":"2021-02-02T07:26:33","modified_gmt":"2021-02-02T06:26:33","slug":"vicat-cree-sa-filiale-dediee-a-leconomie-circulaire","status":"publish","type":"post","link":"https:\/\/batijournal.com\/index.php\/vicat-cree-sa-filiale-dediee-a-leconomie-circulaire\/105432\/","title":{"rendered":"Vicat cr\u00e9\u00e9 sa filiale d\u00e9di\u00e9e \u00e0 l\u2019\u00e9conomie circulaire"},"content":{"rendered":"<p>Vicat a cr\u00e9\u00e9 sa filiale d\u00e9di\u00e9e \u00e0 l\u2019\u00e9conomie circulaire : CIRCUL\u00e8re. Elle permet d\u2019apporter des solutions concr\u00e8tes aux entreprises des territoires pour la valorisation de leurs d\u00e9chets. Cette entit\u00e9 emploie une douzaine de collaborateurs (ing\u00e9nieurs et scientifiques), elle compte deux plateformes de traitement des d\u00e9chets en collaboration avec le groupe Serfim : Terenvie, d\u00e9pollution des friches industrielles (69) et Bioval, production de combustibles solides de r\u00e9cup\u00e9ration (73). Cette fili\u00e8re est n\u00e9e d\u2019une double ambition : accompagner l\u2019\u00e9limination des \u00e9nergies fossiles carbon\u00e9es et import\u00e9es dans les cimenteries du groupe Vicat et contribuer au d\u00e9veloppement \u00e9conomique des territoires, principalement dans les r\u00e9gions o\u00f9 l\u2019entreprise est implant\u00e9e (Auvergne-Rh\u00f4ne-Alpes, Provence-Alpes-C\u00f4te d\u2019Azur, Grand Est et Grand Paris). Elle s\u2019articule autour de 3 axes : la valorisation des terres excav\u00e9es (d\u00e9pollution des sols), le recyclage des mat\u00e9riaux issus de la d\u00e9construction et la substitution des combustibles fossiles par des combustibles secondaires (pneux broy\u00e9s, CSR&#8230;), avec pour ambition d\u2019atteindre 0% d\u2019\u00e9nergie fossile dans le processus cimentier en France d\u2019ici \u00e0 2025. En 2019, l\u2019utilisation de combustibles et mati\u00e8res de substitution a permis de valoriser pr\u00e8s de 450 kt de d\u00e9chets dans les 5 cimenteries fran\u00e7aises du Groupe et d\u2019\u00e9viter la consommation de plus de 625 kt de charbon. Cette d\u00e9marche contribue \u00e9galement aux objectifs de r\u00e9duction des \u00e9missions de CO2 du groupe Vicat.<\/p>\n","protected":false},"excerpt":{"rendered":"<p>Vicat a cr\u00e9\u00e9 sa filiale d\u00e9di\u00e9e \u00e0 l\u2019\u00e9conomie circulaire : CIRCUL\u00e8re. Elle permet d\u2019apporter des solutions concr\u00e8tes aux entreprises des territoires pour la valorisation de leurs d\u00e9chets. Cette entit\u00e9 emploie une douzaine de collaborateurs (ing\u00e9nieurs et scientifiques), elle compte deux plateformes de traitement des d\u00e9chets en collaboration avec le groupe Serfim : Terenvie, d\u00e9pollution des [&hellip;]<\/p>\n","protected":false},"author":17,"featured_media":105433,"comment_status":"closed","ping_status":"closed","sticky":false,"template":"","format":"standard","meta":{"_et_pb_use_builder":"","_et_pb_old_content":"","_et_gb_content_width":"","footnotes":""},"categories":[10530,6345,10781,10778],"tags":[11430],"class_list":["post-105432","post","type-post","status-publish","format-standard","has-post-thumbnail","hentry","category-actualites","category-economie-marches","category-publications-planete","category-planete","tag-economie-circulaire"],"yoast_head":"<!-- This site is optimized with the Yoast SEO plugin v27.4 - https:\/\/yoast.com\/product\/yoast-seo-wordpress\/ -->\n<title>Vicat cr\u00e9\u00e9 sa filiale d\u00e9di\u00e9e \u00e0 l\u2019\u00e9conomie circulaire<\/title>\n<meta name=\"robots\" content=\"index, follow, max-snippet:-1, max-image-preview:large, max-video-preview:-1\" \/>\n<link rel=\"canonical\" href=\"https:\/\/batijournal.com\/index.php\/vicat-cree-sa-filiale-dediee-a-leconomie-circulaire\/105432\/\" \/>\n<meta property=\"og:locale\" content=\"fr_FR\" \/>\n<meta property=\"og:type\" content=\"article\" \/>\n<meta property=\"og:title\" content=\"Vicat cr\u00e9\u00e9 sa filiale d\u00e9di\u00e9e \u00e0 l\u2019\u00e9conomie circulaire\" \/>\n<meta property=\"og:description\" content=\"Vicat a cr\u00e9\u00e9 sa filiale d\u00e9di\u00e9e \u00e0 l\u2019\u00e9conomie circulaire : CIRCUL\u00e8re. Elle permet d\u2019apporter des solutions concr\u00e8tes aux entreprises des territoires pour la valorisation de leurs d\u00e9chets. Cette entit\u00e9 emploie une douzaine de collaborateurs (ing\u00e9nieurs et scientifiques), elle compte deux plateformes de traitement des d\u00e9chets en collaboration avec le groupe Serfim : Terenvie, d\u00e9pollution des [&hellip;]\" \/>\n<meta property=\"og:url\" content=\"https:\/\/batijournal.com\/index.php\/vicat-cree-sa-filiale-dediee-a-leconomie-circulaire\/105432\/\" \/>\n<meta property=\"og:site_name\" content=\"Batijournal\" \/>\n<meta property=\"article:published_time\" content=\"2021-02-02T06:26:33+00:00\" \/>\n<meta property=\"og:image\" content=\"https:\/\/batijournal.com\/wp-content\/uploads\/2021\/02\/vicat-pneu.jpeg\" \/>\n\t<meta property=\"og:image:width\" content=\"1440\" \/>\n\t<meta property=\"og:image:height\" content=\"1080\" \/>\n\t<meta property=\"og:image:type\" content=\"image\/jpeg\" \/>\n<meta name=\"author\" content=\"St\u00e9phane Miget\" \/>\n<meta name=\"twitter:card\" content=\"summary_large_image\" \/>\n<meta name=\"twitter:creator\" content=\"@bati_journal\" \/>\n<meta name=\"twitter:site\" content=\"@bati_journal\" \/>\n<meta name=\"twitter:label1\" content=\"\u00c9crit par\" \/>\n\t<meta name=\"twitter:data1\" content=\"St\u00e9phane Miget\" \/>\n\t<meta name=\"twitter:label2\" content=\"Dur\u00e9e de lecture estim\u00e9e\" \/>\n\t<meta name=\"twitter:data2\" content=\"1 minute\" \/>\n<script type=\"application\/ld+json\" class=\"yoast-schema-graph\">{\"@context\":\"https:\\\/\\\/schema.org\",\"@graph\":[{\"@type\":\"Article\",\"@id\":\"https:\\\/\\\/batijournal.com\\\/index.php\\\/vicat-cree-sa-filiale-dediee-a-leconomie-circulaire\\\/105432\\\/#article\",\"isPartOf\":{\"@id\":\"https:\\\/\\\/batijournal.com\\\/index.php\\\/vicat-cree-sa-filiale-dediee-a-leconomie-circulaire\\\/105432\\\/\"},\"author\":{\"name\":\"St\u00e9phane Miget\",\"@id\":\"https:\\\/\\\/batijournal.com\\\/#\\\/schema\\\/person\\\/1dc96ec6957aa1ccb25ebe78bb19f100\"},\"headline\":\"Vicat cr\u00e9\u00e9 sa filiale d\u00e9di\u00e9e \u00e0 l\u2019\u00e9conomie circulaire\",\"datePublished\":\"2021-02-02T06:26:33+00:00\",\"mainEntityOfPage\":{\"@id\":\"https:\\\/\\\/batijournal.com\\\/index.php\\\/vicat-cree-sa-filiale-dediee-a-leconomie-circulaire\\\/105432\\\/\"},\"wordCount\":253,\"image\":{\"@id\":\"https:\\\/\\\/batijournal.com\\\/index.php\\\/vicat-cree-sa-filiale-dediee-a-leconomie-circulaire\\\/105432\\\/#primaryimage\"},\"thumbnailUrl\":\"https:\\\/\\\/batijournal.com\\\/wp-content\\\/uploads\\\/2021\\\/02\\\/vicat-pneu.jpeg\",\"keywords\":[\"\u00e9conomie circulaire\"],\"articleSection\":[\"Actualit\u00e9s\",\"\u00c9conomie &amp; March\u00e9s\",\"zz_Actualit\u00e9s - Plan\u00e8te\",\"zz_Plan\u00e8te B\u00e2timent\"],\"inLanguage\":\"fr-FR\"},{\"@type\":\"WebPage\",\"@id\":\"https:\\\/\\\/batijournal.com\\\/index.php\\\/vicat-cree-sa-filiale-dediee-a-leconomie-circulaire\\\/105432\\\/\",\"url\":\"https:\\\/\\\/batijournal.com\\\/index.php\\\/vicat-cree-sa-filiale-dediee-a-leconomie-circulaire\\\/105432\\\/\",\"name\":\"Vicat cr\u00e9\u00e9 sa filiale d\u00e9di\u00e9e \u00e0 l\u2019\u00e9conomie circulaire\",\"isPartOf\":{\"@id\":\"https:\\\/\\\/batijournal.com\\\/#website\"},\"primaryImageOfPage\":{\"@id\":\"https:\\\/\\\/batijournal.com\\\/index.php\\\/vicat-cree-sa-filiale-dediee-a-leconomie-circulaire\\\/105432\\\/#primaryimage\"},\"image\":{\"@id\":\"https:\\\/\\\/batijournal.com\\\/index.php\\\/vicat-cree-sa-filiale-dediee-a-leconomie-circulaire\\\/105432\\\/#primaryimage\"},\"thumbnailUrl\":\"https:\\\/\\\/batijournal.com\\\/wp-content\\\/uploads\\\/2021\\\/02\\\/vicat-pneu.jpeg\",\"datePublished\":\"2021-02-02T06:26:33+00:00\",\"author\":{\"@id\":\"https:\\\/\\\/batijournal.com\\\/#\\\/schema\\\/person\\\/1dc96ec6957aa1ccb25ebe78bb19f100\"},\"breadcrumb\":{\"@id\":\"https:\\\/\\\/batijournal.com\\\/index.php\\\/vicat-cree-sa-filiale-dediee-a-leconomie-circulaire\\\/105432\\\/#breadcrumb\"},\"inLanguage\":\"fr-FR\",\"potentialAction\":[{\"@type\":\"ReadAction\",\"target\":[\"https:\\\/\\\/batijournal.com\\\/index.php\\\/vicat-cree-sa-filiale-dediee-a-leconomie-circulaire\\\/105432\\\/\"]}]},{\"@type\":\"ImageObject\",\"inLanguage\":\"fr-FR\",\"@id\":\"https:\\\/\\\/batijournal.com\\\/index.php\\\/vicat-cree-sa-filiale-dediee-a-leconomie-circulaire\\\/105432\\\/#primaryimage\",\"url\":\"https:\\\/\\\/batijournal.com\\\/wp-content\\\/uploads\\\/2021\\\/02\\\/vicat-pneu.jpeg\",\"contentUrl\":\"https:\\\/\\\/batijournal.com\\\/wp-content\\\/uploads\\\/2021\\\/02\\\/vicat-pneu.jpeg\",\"width\":1440,\"height\":1080},{\"@type\":\"BreadcrumbList\",\"@id\":\"https:\\\/\\\/batijournal.com\\\/index.php\\\/vicat-cree-sa-filiale-dediee-a-leconomie-circulaire\\\/105432\\\/#breadcrumb\",\"itemListElement\":[{\"@type\":\"ListItem\",\"position\":1,\"name\":\"Accueil\",\"item\":\"https:\\\/\\\/batijournal.com\\\/\"},{\"@type\":\"ListItem\",\"position\":2,\"name\":\"Actualit\u00e9s\",\"item\":\"https:\\\/\\\/batijournal.com\\\/index.php\\\/category\\\/actualites\\\/\"},{\"@type\":\"ListItem\",\"position\":3,\"name\":\"\u00c9conomie &amp; March\u00e9s\",\"item\":\"https:\\\/\\\/batijournal.com\\\/index.php\\\/category\\\/actualites\\\/economie-marches\\\/\"},{\"@type\":\"ListItem\",\"position\":4,\"name\":\"Vicat cr\u00e9\u00e9 sa filiale d\u00e9di\u00e9e \u00e0 l\u2019\u00e9conomie circulaire\"}]},{\"@type\":\"WebSite\",\"@id\":\"https:\\\/\\\/batijournal.com\\\/#website\",\"url\":\"https:\\\/\\\/batijournal.com\\\/\",\"name\":\"Batijournal\",\"description\":\"L&#039;actualit\u00e9 du b\u00e2timent\",\"potentialAction\":[{\"@type\":\"SearchAction\",\"target\":{\"@type\":\"EntryPoint\",\"urlTemplate\":\"https:\\\/\\\/batijournal.com\\\/?s={search_term_string}\"},\"query-input\":{\"@type\":\"PropertyValueSpecification\",\"valueRequired\":true,\"valueName\":\"search_term_string\"}}],\"inLanguage\":\"fr-FR\"},{\"@type\":\"Person\",\"@id\":\"https:\\\/\\\/batijournal.com\\\/#\\\/schema\\\/person\\\/1dc96ec6957aa1ccb25ebe78bb19f100\",\"name\":\"St\u00e9phane Miget\",\"image\":{\"@type\":\"ImageObject\",\"inLanguage\":\"fr-FR\",\"@id\":\"https:\\\/\\\/secure.gravatar.com\\\/avatar\\\/89915563d925342126b8ef0281b93d9d7fc337043e8df017f780908eb9644451?s=96&d=mm&r=g\",\"url\":\"https:\\\/\\\/secure.gravatar.com\\\/avatar\\\/89915563d925342126b8ef0281b93d9d7fc337043e8df017f780908eb9644451?s=96&d=mm&r=g\",\"contentUrl\":\"https:\\\/\\\/secure.gravatar.com\\\/avatar\\\/89915563d925342126b8ef0281b93d9d7fc337043e8df017f780908eb9644451?s=96&d=mm&r=g\",\"caption\":\"St\u00e9phane Miget\"},\"url\":\"https:\\\/\\\/batijournal.com\\\/index.php\\\/author\\\/stephane\\\/\"}]}<\/script>\n<!-- \/ Yoast SEO plugin. -->","yoast_head_json":{"title":"Vicat cr\u00e9\u00e9 sa filiale d\u00e9di\u00e9e \u00e0 l\u2019\u00e9conomie circulaire","robots":{"index":"index","follow":"follow","max-snippet":"max-snippet:-1","max-image-preview":"max-image-preview:large","max-video-preview":"max-video-preview:-1"},"canonical":"https:\/\/batijournal.com\/index.php\/vicat-cree-sa-filiale-dediee-a-leconomie-circulaire\/105432\/","og_locale":"fr_FR","og_type":"article","og_title":"Vicat cr\u00e9\u00e9 sa filiale d\u00e9di\u00e9e \u00e0 l\u2019\u00e9conomie circulaire","og_description":"Vicat a cr\u00e9\u00e9 sa filiale d\u00e9di\u00e9e \u00e0 l\u2019\u00e9conomie circulaire : CIRCUL\u00e8re. Elle permet d\u2019apporter des solutions concr\u00e8tes aux entreprises des territoires pour la valorisation de leurs d\u00e9chets. Cette entit\u00e9 emploie une douzaine de collaborateurs (ing\u00e9nieurs et scientifiques), elle compte deux plateformes de traitement des d\u00e9chets en collaboration avec le groupe Serfim : Terenvie, d\u00e9pollution des [&hellip;]","og_url":"https:\/\/batijournal.com\/index.php\/vicat-cree-sa-filiale-dediee-a-leconomie-circulaire\/105432\/","og_site_name":"Batijournal","article_published_time":"2021-02-02T06:26:33+00:00","og_image":[{"width":1440,"height":1080,"url":"https:\/\/batijournal.com\/wp-content\/uploads\/2021\/02\/vicat-pneu.jpeg","type":"image\/jpeg"}],"author":"St\u00e9phane Miget","twitter_card":"summary_large_image","twitter_creator":"@bati_journal","twitter_site":"@bati_journal","twitter_misc":{"\u00c9crit par":"St\u00e9phane Miget","Dur\u00e9e de lecture estim\u00e9e":"1 minute"},"schema":{"@context":"https:\/\/schema.org","@graph":[{"@type":"Article","@id":"https:\/\/batijournal.com\/index.php\/vicat-cree-sa-filiale-dediee-a-leconomie-circulaire\/105432\/#article","isPartOf":{"@id":"https:\/\/batijournal.com\/index.php\/vicat-cree-sa-filiale-dediee-a-leconomie-circulaire\/105432\/"},"author":{"name":"St\u00e9phane Miget","@id":"https:\/\/batijournal.com\/#\/schema\/person\/1dc96ec6957aa1ccb25ebe78bb19f100"},"headline":"Vicat cr\u00e9\u00e9 sa filiale d\u00e9di\u00e9e \u00e0 l\u2019\u00e9conomie circulaire","datePublished":"2021-02-02T06:26:33+00:00","mainEntityOfPage":{"@id":"https:\/\/batijournal.com\/index.php\/vicat-cree-sa-filiale-dediee-a-leconomie-circulaire\/105432\/"},"wordCount":253,"image":{"@id":"https:\/\/batijournal.com\/index.php\/vicat-cree-sa-filiale-dediee-a-leconomie-circulaire\/105432\/#primaryimage"},"thumbnailUrl":"https:\/\/batijournal.com\/wp-content\/uploads\/2021\/02\/vicat-pneu.jpeg","keywords":["\u00e9conomie circulaire"],"articleSection":["Actualit\u00e9s","\u00c9conomie &amp; March\u00e9s","zz_Actualit\u00e9s - Plan\u00e8te","zz_Plan\u00e8te B\u00e2timent"],"inLanguage":"fr-FR"},{"@type":"WebPage","@id":"https:\/\/batijournal.com\/index.php\/vicat-cree-sa-filiale-dediee-a-leconomie-circulaire\/105432\/","url":"https:\/\/batijournal.com\/index.php\/vicat-cree-sa-filiale-dediee-a-leconomie-circulaire\/105432\/","name":"Vicat cr\u00e9\u00e9 sa filiale d\u00e9di\u00e9e \u00e0 l\u2019\u00e9conomie circulaire","isPartOf":{"@id":"https:\/\/batijournal.com\/#website"},"primaryImageOfPage":{"@id":"https:\/\/batijournal.com\/index.php\/vicat-cree-sa-filiale-dediee-a-leconomie-circulaire\/105432\/#primaryimage"},"image":{"@id":"https:\/\/batijournal.com\/index.php\/vicat-cree-sa-filiale-dediee-a-leconomie-circulaire\/105432\/#primaryimage"},"thumbnailUrl":"https:\/\/batijournal.com\/wp-content\/uploads\/2021\/02\/vicat-pneu.jpeg","datePublished":"2021-02-02T06:26:33+00:00","author":{"@id":"https:\/\/batijournal.com\/#\/schema\/person\/1dc96ec6957aa1ccb25ebe78bb19f100"},"breadcrumb":{"@id":"https:\/\/batijournal.com\/index.php\/vicat-cree-sa-filiale-dediee-a-leconomie-circulaire\/105432\/#breadcrumb"},"inLanguage":"fr-FR","potentialAction":[{"@type":"ReadAction","target":["https:\/\/batijournal.com\/index.php\/vicat-cree-sa-filiale-dediee-a-leconomie-circulaire\/105432\/"]}]},{"@type":"ImageObject","inLanguage":"fr-FR","@id":"https:\/\/batijournal.com\/index.php\/vicat-cree-sa-filiale-dediee-a-leconomie-circulaire\/105432\/#primaryimage","url":"https:\/\/batijournal.com\/wp-content\/uploads\/2021\/02\/vicat-pneu.jpeg","contentUrl":"https:\/\/batijournal.com\/wp-content\/uploads\/2021\/02\/vicat-pneu.jpeg","width":1440,"height":1080},{"@type":"BreadcrumbList","@id":"https:\/\/batijournal.com\/index.php\/vicat-cree-sa-filiale-dediee-a-leconomie-circulaire\/105432\/#breadcrumb","itemListElement":[{"@type":"ListItem","position":1,"name":"Accueil","item":"https:\/\/batijournal.com\/"},{"@type":"ListItem","position":2,"name":"Actualit\u00e9s","item":"https:\/\/batijournal.com\/index.php\/category\/actualites\/"},{"@type":"ListItem","position":3,"name":"\u00c9conomie &amp; March\u00e9s","item":"https:\/\/batijournal.com\/index.php\/category\/actualites\/economie-marches\/"},{"@type":"ListItem","position":4,"name":"Vicat cr\u00e9\u00e9 sa filiale d\u00e9di\u00e9e \u00e0 l\u2019\u00e9conomie circulaire"}]},{"@type":"WebSite","@id":"https:\/\/batijournal.com\/#website","url":"https:\/\/batijournal.com\/","name":"Batijournal","description":"L&#039;actualit\u00e9 du b\u00e2timent","potentialAction":[{"@type":"SearchAction","target":{"@type":"EntryPoint","urlTemplate":"https:\/\/batijournal.com\/?s={search_term_string}"},"query-input":{"@type":"PropertyValueSpecification","valueRequired":true,"valueName":"search_term_string"}}],"inLanguage":"fr-FR"},{"@type":"Person","@id":"https:\/\/batijournal.com\/#\/schema\/person\/1dc96ec6957aa1ccb25ebe78bb19f100","name":"St\u00e9phane Miget","image":{"@type":"ImageObject","inLanguage":"fr-FR","@id":"https:\/\/secure.gravatar.com\/avatar\/89915563d925342126b8ef0281b93d9d7fc337043e8df017f780908eb9644451?s=96&d=mm&r=g","url":"https:\/\/secure.gravatar.com\/avatar\/89915563d925342126b8ef0281b93d9d7fc337043e8df017f780908eb9644451?s=96&d=mm&r=g","contentUrl":"https:\/\/secure.gravatar.com\/avatar\/89915563d925342126b8ef0281b93d9d7fc337043e8df017f780908eb9644451?s=96&d=mm&r=g","caption":"St\u00e9phane Miget"},"url":"https:\/\/batijournal.com\/index.php\/author\/stephane\/"}]}},"_links":{"self":[{"href":"https:\/\/batijournal.com\/index.php\/wp-json\/wp\/v2\/posts\/105432","targetHints":{"allow":["GET"]}}],"collection":[{"href":"https:\/\/batijournal.com\/index.php\/wp-json\/wp\/v2\/posts"}],"about":[{"href":"https:\/\/batijournal.com\/index.php\/wp-json\/wp\/v2\/types\/post"}],"author":[{"embeddable":true,"href":"https:\/\/batijournal.com\/index.php\/wp-json\/wp\/v2\/users\/17"}],"replies":[{"embeddable":true,"href":"https:\/\/batijournal.com\/index.php\/wp-json\/wp\/v2\/comments?post=105432"}],"version-history":[{"count":0,"href":"https:\/\/batijournal.com\/index.php\/wp-json\/wp\/v2\/posts\/105432\/revisions"}],"wp:featuredmedia":[{"embeddable":true,"href":"https:\/\/batijournal.com\/index.php\/wp-json\/wp\/v2\/media\/105433"}],"wp:attachment":[{"href":"https:\/\/batijournal.com\/index.php\/wp-json\/wp\/v2\/media?parent=105432"}],"wp:term":[{"taxonomy":"category","embeddable":true,"href":"https:\/\/batijournal.com\/index.php\/wp-json\/wp\/v2\/categories?post=105432"},{"taxonomy":"post_tag","embeddable":true,"href":"https:\/\/batijournal.com\/index.php\/wp-json\/wp\/v2\/tags?post=105432"}],"curies":[{"name":"wp","href":"https:\/\/api.w.org\/{rel}","templated":true}]}}