{"id":105434,"date":"2021-02-02T07:35:35","date_gmt":"2021-02-02T06:35:35","guid":{"rendered":"https:\/\/batijournal.com\/?p=105434"},"modified":"2021-02-02T07:35:35","modified_gmt":"2021-02-02T06:35:35","slug":"saint-gobain-diminue-ses-emissions-de-co2","status":"publish","type":"post","link":"https:\/\/batijournal.com\/index.php\/saint-gobain-diminue-ses-emissions-de-co2\/105434\/","title":{"rendered":"Saint-Gobain diminue ses \u00e9missions de CO2"},"content":{"rendered":"<p>En 2020, Saint-Gobain a diminu\u00e9 de plus de 20 % \u00e0 30 % ses \u00e9missions de CO2 pour la fabrication en France du verre plat pour le b\u00e2timent. Ces r\u00e9sultats sont le fruit de multiples actions mises en place pour r\u00e9duire les \u00e9missions de CO2 sur toute la dur\u00e9e de vie du verre : l\u2019am\u00e9lioration des outils de fabrication pour r\u00e9duire leur consommation \u00e9nerg\u00e9tique, la r\u00e9introduction dans les fours des chutes de coupe de production ou des vitrages collect\u00e9s sur les chantiers de r\u00e9novation ou de d\u00e9construction, ou encore une implantation r\u00e9gionale tr\u00e8s forte en France pour limiter le nombre de kilom\u00e8tres parcourus par les mat\u00e9riaux. Autant d\u2019actions concr\u00e8tes qui permettent aujourd\u2019hui \u00e0 Saint-Gobain de proposer du verre de 4 mm d\u2019\u00e9paisseur \u00e0 moins de 10 kg de CO2 \u00e9q. \/m2, une valeur qui pourrait devenir la nouvelle r\u00e9f\u00e9rence pour les b\u00e2timents. Par ailleurs, le groupe vient de publier 44 nouvelles FDES sur la base INIES qui viennent d\u00e9montrer l\u2019impact positif de ses actions sur l\u2019empreinte carbone de ses produits.<\/p>\n<p>Photo : Saint-Gobain &#8211; Iris LEBRUN<\/p>\n","protected":false},"excerpt":{"rendered":"<p>En 2020, Saint-Gobain a diminu\u00e9 de plus de 20 % \u00e0 30 % ses \u00e9missions de CO2 pour la fabrication en France du verre plat pour le b\u00e2timent. Ces r\u00e9sultats sont le fruit de multiples actions mises en place pour r\u00e9duire les \u00e9missions de CO2 sur toute la dur\u00e9e de vie du verre : l\u2019am\u00e9lioration [&hellip;]<\/p>\n","protected":false},"author":17,"featured_media":105435,"comment_status":"closed","ping_status":"closed","sticky":false,"template":"","format":"standard","meta":{"_et_pb_use_builder":"","_et_pb_old_content":"","_et_gb_content_width":"","footnotes":""},"categories":[10530,6345,10771,10775,10781,10778],"tags":[767],"class_list":["post-105434","post","type-post","status-publish","format-standard","has-post-thumbnail","hentry","category-actualites","category-economie-marches","category-5facades","category-actualites-5facades","category-publications-planete","category-planete","tag-bilan-carbone"],"yoast_head":"<!-- This site is optimized with the Yoast SEO plugin v27.4 - https:\/\/yoast.com\/product\/yoast-seo-wordpress\/ -->\n<title>Saint-Gobain diminue ses \u00e9missions de CO2<\/title>\n<meta name=\"robots\" content=\"index, follow, max-snippet:-1, max-image-preview:large, max-video-preview:-1\" \/>\n<link rel=\"canonical\" href=\"https:\/\/batijournal.com\/index.php\/saint-gobain-diminue-ses-emissions-de-co2\/105434\/\" \/>\n<meta property=\"og:locale\" content=\"fr_FR\" \/>\n<meta property=\"og:type\" content=\"article\" \/>\n<meta property=\"og:title\" content=\"Saint-Gobain diminue ses \u00e9missions de CO2\" \/>\n<meta property=\"og:description\" content=\"En 2020, Saint-Gobain a diminu\u00e9 de plus de 20 % \u00e0 30 % ses \u00e9missions de CO2 pour la fabrication en France du verre plat pour le b\u00e2timent. Ces r\u00e9sultats sont le fruit de multiples actions mises en place pour r\u00e9duire les \u00e9missions de CO2 sur toute la dur\u00e9e de vie du verre : l\u2019am\u00e9lioration [&hellip;]\" \/>\n<meta property=\"og:url\" content=\"https:\/\/batijournal.com\/index.php\/saint-gobain-diminue-ses-emissions-de-co2\/105434\/\" \/>\n<meta property=\"og:site_name\" content=\"Batijournal\" \/>\n<meta property=\"article:published_time\" content=\"2021-02-02T06:35:35+00:00\" \/>\n<meta property=\"og:image\" content=\"https:\/\/batijournal.com\/wp-content\/uploads\/2021\/02\/bilan-carbone-saint-gobain-verre.jpg\" \/>\n\t<meta property=\"og:image:width\" content=\"1200\" \/>\n\t<meta property=\"og:image:height\" content=\"675\" \/>\n\t<meta property=\"og:image:type\" content=\"image\/jpeg\" \/>\n<meta name=\"author\" content=\"St\u00e9phane Miget\" \/>\n<meta name=\"twitter:card\" content=\"summary_large_image\" \/>\n<meta name=\"twitter:creator\" content=\"@bati_journal\" \/>\n<meta name=\"twitter:site\" content=\"@bati_journal\" \/>\n<meta name=\"twitter:label1\" content=\"\u00c9crit par\" \/>\n\t<meta name=\"twitter:data1\" content=\"St\u00e9phane Miget\" \/>\n\t<meta name=\"twitter:label2\" content=\"Dur\u00e9e de lecture estim\u00e9e\" \/>\n\t<meta name=\"twitter:data2\" content=\"1 minute\" \/>\n<script type=\"application\/ld+json\" class=\"yoast-schema-graph\">{\"@context\":\"https:\\\/\\\/schema.org\",\"@graph\":[{\"@type\":\"Article\",\"@id\":\"https:\\\/\\\/batijournal.com\\\/index.php\\\/saint-gobain-diminue-ses-emissions-de-co2\\\/105434\\\/#article\",\"isPartOf\":{\"@id\":\"https:\\\/\\\/batijournal.com\\\/index.php\\\/saint-gobain-diminue-ses-emissions-de-co2\\\/105434\\\/\"},\"author\":{\"name\":\"St\u00e9phane Miget\",\"@id\":\"https:\\\/\\\/batijournal.com\\\/#\\\/schema\\\/person\\\/1dc96ec6957aa1ccb25ebe78bb19f100\"},\"headline\":\"Saint-Gobain diminue ses \u00e9missions de CO2\",\"datePublished\":\"2021-02-02T06:35:35+00:00\",\"mainEntityOfPage\":{\"@id\":\"https:\\\/\\\/batijournal.com\\\/index.php\\\/saint-gobain-diminue-ses-emissions-de-co2\\\/105434\\\/\"},\"wordCount\":195,\"image\":{\"@id\":\"https:\\\/\\\/batijournal.com\\\/index.php\\\/saint-gobain-diminue-ses-emissions-de-co2\\\/105434\\\/#primaryimage\"},\"thumbnailUrl\":\"https:\\\/\\\/batijournal.com\\\/wp-content\\\/uploads\\\/2021\\\/02\\\/bilan-carbone-saint-gobain-verre.jpg\",\"keywords\":[\"Bilan carbone\"],\"articleSection\":[\"Actualit\u00e9s\",\"\u00c9conomie &amp; March\u00e9s\",\"zz_5fa\u00e7ades\",\"zz_Actualit\u00e9s - 5fa\u00e7ades\",\"zz_Actualit\u00e9s - Plan\u00e8te\",\"zz_Plan\u00e8te B\u00e2timent\"],\"inLanguage\":\"fr-FR\"},{\"@type\":\"WebPage\",\"@id\":\"https:\\\/\\\/batijournal.com\\\/index.php\\\/saint-gobain-diminue-ses-emissions-de-co2\\\/105434\\\/\",\"url\":\"https:\\\/\\\/batijournal.com\\\/index.php\\\/saint-gobain-diminue-ses-emissions-de-co2\\\/105434\\\/\",\"name\":\"Saint-Gobain diminue ses \u00e9missions de CO2\",\"isPartOf\":{\"@id\":\"https:\\\/\\\/batijournal.com\\\/#website\"},\"primaryImageOfPage\":{\"@id\":\"https:\\\/\\\/batijournal.com\\\/index.php\\\/saint-gobain-diminue-ses-emissions-de-co2\\\/105434\\\/#primaryimage\"},\"image\":{\"@id\":\"https:\\\/\\\/batijournal.com\\\/index.php\\\/saint-gobain-diminue-ses-emissions-de-co2\\\/105434\\\/#primaryimage\"},\"thumbnailUrl\":\"https:\\\/\\\/batijournal.com\\\/wp-content\\\/uploads\\\/2021\\\/02\\\/bilan-carbone-saint-gobain-verre.jpg\",\"datePublished\":\"2021-02-02T06:35:35+00:00\",\"author\":{\"@id\":\"https:\\\/\\\/batijournal.com\\\/#\\\/schema\\\/person\\\/1dc96ec6957aa1ccb25ebe78bb19f100\"},\"breadcrumb\":{\"@id\":\"https:\\\/\\\/batijournal.com\\\/index.php\\\/saint-gobain-diminue-ses-emissions-de-co2\\\/105434\\\/#breadcrumb\"},\"inLanguage\":\"fr-FR\",\"potentialAction\":[{\"@type\":\"ReadAction\",\"target\":[\"https:\\\/\\\/batijournal.com\\\/index.php\\\/saint-gobain-diminue-ses-emissions-de-co2\\\/105434\\\/\"]}]},{\"@type\":\"ImageObject\",\"inLanguage\":\"fr-FR\",\"@id\":\"https:\\\/\\\/batijournal.com\\\/index.php\\\/saint-gobain-diminue-ses-emissions-de-co2\\\/105434\\\/#primaryimage\",\"url\":\"https:\\\/\\\/batijournal.com\\\/wp-content\\\/uploads\\\/2021\\\/02\\\/bilan-carbone-saint-gobain-verre.jpg\",\"contentUrl\":\"https:\\\/\\\/batijournal.com\\\/wp-content\\\/uploads\\\/2021\\\/02\\\/bilan-carbone-saint-gobain-verre.jpg\",\"width\":1200,\"height\":675},{\"@type\":\"BreadcrumbList\",\"@id\":\"https:\\\/\\\/batijournal.com\\\/index.php\\\/saint-gobain-diminue-ses-emissions-de-co2\\\/105434\\\/#breadcrumb\",\"itemListElement\":[{\"@type\":\"ListItem\",\"position\":1,\"name\":\"Accueil\",\"item\":\"https:\\\/\\\/batijournal.com\\\/\"},{\"@type\":\"ListItem\",\"position\":2,\"name\":\"Actualit\u00e9s\",\"item\":\"https:\\\/\\\/batijournal.com\\\/index.php\\\/category\\\/actualites\\\/\"},{\"@type\":\"ListItem\",\"position\":3,\"name\":\"\u00c9conomie &amp; March\u00e9s\",\"item\":\"https:\\\/\\\/batijournal.com\\\/index.php\\\/category\\\/actualites\\\/economie-marches\\\/\"},{\"@type\":\"ListItem\",\"position\":4,\"name\":\"Saint-Gobain diminue ses \u00e9missions de CO2\"}]},{\"@type\":\"WebSite\",\"@id\":\"https:\\\/\\\/batijournal.com\\\/#website\",\"url\":\"https:\\\/\\\/batijournal.com\\\/\",\"name\":\"Batijournal\",\"description\":\"L&#039;actualit\u00e9 du b\u00e2timent\",\"potentialAction\":[{\"@type\":\"SearchAction\",\"target\":{\"@type\":\"EntryPoint\",\"urlTemplate\":\"https:\\\/\\\/batijournal.com\\\/?s={search_term_string}\"},\"query-input\":{\"@type\":\"PropertyValueSpecification\",\"valueRequired\":true,\"valueName\":\"search_term_string\"}}],\"inLanguage\":\"fr-FR\"},{\"@type\":\"Person\",\"@id\":\"https:\\\/\\\/batijournal.com\\\/#\\\/schema\\\/person\\\/1dc96ec6957aa1ccb25ebe78bb19f100\",\"name\":\"St\u00e9phane Miget\",\"image\":{\"@type\":\"ImageObject\",\"inLanguage\":\"fr-FR\",\"@id\":\"https:\\\/\\\/secure.gravatar.com\\\/avatar\\\/89915563d925342126b8ef0281b93d9d7fc337043e8df017f780908eb9644451?s=96&d=mm&r=g\",\"url\":\"https:\\\/\\\/secure.gravatar.com\\\/avatar\\\/89915563d925342126b8ef0281b93d9d7fc337043e8df017f780908eb9644451?s=96&d=mm&r=g\",\"contentUrl\":\"https:\\\/\\\/secure.gravatar.com\\\/avatar\\\/89915563d925342126b8ef0281b93d9d7fc337043e8df017f780908eb9644451?s=96&d=mm&r=g\",\"caption\":\"St\u00e9phane Miget\"},\"url\":\"https:\\\/\\\/batijournal.com\\\/index.php\\\/author\\\/stephane\\\/\"}]}<\/script>\n<!-- \/ Yoast SEO plugin. -->","yoast_head_json":{"title":"Saint-Gobain diminue ses \u00e9missions de CO2","robots":{"index":"index","follow":"follow","max-snippet":"max-snippet:-1","max-image-preview":"max-image-preview:large","max-video-preview":"max-video-preview:-1"},"canonical":"https:\/\/batijournal.com\/index.php\/saint-gobain-diminue-ses-emissions-de-co2\/105434\/","og_locale":"fr_FR","og_type":"article","og_title":"Saint-Gobain diminue ses \u00e9missions de CO2","og_description":"En 2020, Saint-Gobain a diminu\u00e9 de plus de 20 % \u00e0 30 % ses \u00e9missions de CO2 pour la fabrication en France du verre plat pour le b\u00e2timent. Ces r\u00e9sultats sont le fruit de multiples actions mises en place pour r\u00e9duire les \u00e9missions de CO2 sur toute la dur\u00e9e de vie du verre : l\u2019am\u00e9lioration [&hellip;]","og_url":"https:\/\/batijournal.com\/index.php\/saint-gobain-diminue-ses-emissions-de-co2\/105434\/","og_site_name":"Batijournal","article_published_time":"2021-02-02T06:35:35+00:00","og_image":[{"width":1200,"height":675,"url":"https:\/\/batijournal.com\/wp-content\/uploads\/2021\/02\/bilan-carbone-saint-gobain-verre.jpg","type":"image\/jpeg"}],"author":"St\u00e9phane Miget","twitter_card":"summary_large_image","twitter_creator":"@bati_journal","twitter_site":"@bati_journal","twitter_misc":{"\u00c9crit par":"St\u00e9phane Miget","Dur\u00e9e de lecture estim\u00e9e":"1 minute"},"schema":{"@context":"https:\/\/schema.org","@graph":[{"@type":"Article","@id":"https:\/\/batijournal.com\/index.php\/saint-gobain-diminue-ses-emissions-de-co2\/105434\/#article","isPartOf":{"@id":"https:\/\/batijournal.com\/index.php\/saint-gobain-diminue-ses-emissions-de-co2\/105434\/"},"author":{"name":"St\u00e9phane Miget","@id":"https:\/\/batijournal.com\/#\/schema\/person\/1dc96ec6957aa1ccb25ebe78bb19f100"},"headline":"Saint-Gobain diminue ses \u00e9missions de CO2","datePublished":"2021-02-02T06:35:35+00:00","mainEntityOfPage":{"@id":"https:\/\/batijournal.com\/index.php\/saint-gobain-diminue-ses-emissions-de-co2\/105434\/"},"wordCount":195,"image":{"@id":"https:\/\/batijournal.com\/index.php\/saint-gobain-diminue-ses-emissions-de-co2\/105434\/#primaryimage"},"thumbnailUrl":"https:\/\/batijournal.com\/wp-content\/uploads\/2021\/02\/bilan-carbone-saint-gobain-verre.jpg","keywords":["Bilan carbone"],"articleSection":["Actualit\u00e9s","\u00c9conomie &amp; March\u00e9s","zz_5fa\u00e7ades","zz_Actualit\u00e9s - 5fa\u00e7ades","zz_Actualit\u00e9s - Plan\u00e8te","zz_Plan\u00e8te B\u00e2timent"],"inLanguage":"fr-FR"},{"@type":"WebPage","@id":"https:\/\/batijournal.com\/index.php\/saint-gobain-diminue-ses-emissions-de-co2\/105434\/","url":"https:\/\/batijournal.com\/index.php\/saint-gobain-diminue-ses-emissions-de-co2\/105434\/","name":"Saint-Gobain diminue ses \u00e9missions de CO2","isPartOf":{"@id":"https:\/\/batijournal.com\/#website"},"primaryImageOfPage":{"@id":"https:\/\/batijournal.com\/index.php\/saint-gobain-diminue-ses-emissions-de-co2\/105434\/#primaryimage"},"image":{"@id":"https:\/\/batijournal.com\/index.php\/saint-gobain-diminue-ses-emissions-de-co2\/105434\/#primaryimage"},"thumbnailUrl":"https:\/\/batijournal.com\/wp-content\/uploads\/2021\/02\/bilan-carbone-saint-gobain-verre.jpg","datePublished":"2021-02-02T06:35:35+00:00","author":{"@id":"https:\/\/batijournal.com\/#\/schema\/person\/1dc96ec6957aa1ccb25ebe78bb19f100"},"breadcrumb":{"@id":"https:\/\/batijournal.com\/index.php\/saint-gobain-diminue-ses-emissions-de-co2\/105434\/#breadcrumb"},"inLanguage":"fr-FR","potentialAction":[{"@type":"ReadAction","target":["https:\/\/batijournal.com\/index.php\/saint-gobain-diminue-ses-emissions-de-co2\/105434\/"]}]},{"@type":"ImageObject","inLanguage":"fr-FR","@id":"https:\/\/batijournal.com\/index.php\/saint-gobain-diminue-ses-emissions-de-co2\/105434\/#primaryimage","url":"https:\/\/batijournal.com\/wp-content\/uploads\/2021\/02\/bilan-carbone-saint-gobain-verre.jpg","contentUrl":"https:\/\/batijournal.com\/wp-content\/uploads\/2021\/02\/bilan-carbone-saint-gobain-verre.jpg","width":1200,"height":675},{"@type":"BreadcrumbList","@id":"https:\/\/batijournal.com\/index.php\/saint-gobain-diminue-ses-emissions-de-co2\/105434\/#breadcrumb","itemListElement":[{"@type":"ListItem","position":1,"name":"Accueil","item":"https:\/\/batijournal.com\/"},{"@type":"ListItem","position":2,"name":"Actualit\u00e9s","item":"https:\/\/batijournal.com\/index.php\/category\/actualites\/"},{"@type":"ListItem","position":3,"name":"\u00c9conomie &amp; March\u00e9s","item":"https:\/\/batijournal.com\/index.php\/category\/actualites\/economie-marches\/"},{"@type":"ListItem","position":4,"name":"Saint-Gobain diminue ses \u00e9missions de CO2"}]},{"@type":"WebSite","@id":"https:\/\/batijournal.com\/#website","url":"https:\/\/batijournal.com\/","name":"Batijournal","description":"L&#039;actualit\u00e9 du b\u00e2timent","potentialAction":[{"@type":"SearchAction","target":{"@type":"EntryPoint","urlTemplate":"https:\/\/batijournal.com\/?s={search_term_string}"},"query-input":{"@type":"PropertyValueSpecification","valueRequired":true,"valueName":"search_term_string"}}],"inLanguage":"fr-FR"},{"@type":"Person","@id":"https:\/\/batijournal.com\/#\/schema\/person\/1dc96ec6957aa1ccb25ebe78bb19f100","name":"St\u00e9phane Miget","image":{"@type":"ImageObject","inLanguage":"fr-FR","@id":"https:\/\/secure.gravatar.com\/avatar\/89915563d925342126b8ef0281b93d9d7fc337043e8df017f780908eb9644451?s=96&d=mm&r=g","url":"https:\/\/secure.gravatar.com\/avatar\/89915563d925342126b8ef0281b93d9d7fc337043e8df017f780908eb9644451?s=96&d=mm&r=g","contentUrl":"https:\/\/secure.gravatar.com\/avatar\/89915563d925342126b8ef0281b93d9d7fc337043e8df017f780908eb9644451?s=96&d=mm&r=g","caption":"St\u00e9phane Miget"},"url":"https:\/\/batijournal.com\/index.php\/author\/stephane\/"}]}},"_links":{"self":[{"href":"https:\/\/batijournal.com\/index.php\/wp-json\/wp\/v2\/posts\/105434","targetHints":{"allow":["GET"]}}],"collection":[{"href":"https:\/\/batijournal.com\/index.php\/wp-json\/wp\/v2\/posts"}],"about":[{"href":"https:\/\/batijournal.com\/index.php\/wp-json\/wp\/v2\/types\/post"}],"author":[{"embeddable":true,"href":"https:\/\/batijournal.com\/index.php\/wp-json\/wp\/v2\/users\/17"}],"replies":[{"embeddable":true,"href":"https:\/\/batijournal.com\/index.php\/wp-json\/wp\/v2\/comments?post=105434"}],"version-history":[{"count":0,"href":"https:\/\/batijournal.com\/index.php\/wp-json\/wp\/v2\/posts\/105434\/revisions"}],"wp:featuredmedia":[{"embeddable":true,"href":"https:\/\/batijournal.com\/index.php\/wp-json\/wp\/v2\/media\/105435"}],"wp:attachment":[{"href":"https:\/\/batijournal.com\/index.php\/wp-json\/wp\/v2\/media?parent=105434"}],"wp:term":[{"taxonomy":"category","embeddable":true,"href":"https:\/\/batijournal.com\/index.php\/wp-json\/wp\/v2\/categories?post=105434"},{"taxonomy":"post_tag","embeddable":true,"href":"https:\/\/batijournal.com\/index.php\/wp-json\/wp\/v2\/tags?post=105434"}],"curies":[{"name":"wp","href":"https:\/\/api.w.org\/{rel}","templated":true}]}}